{"id":1179,"date":"2019-10-17T23:00:24","date_gmt":"2019-10-17T23:00:24","guid":{"rendered":"https:\/\/honda-automoveis.pt\/blog\/?p=1179"},"modified":"2020-07-06T15:50:55","modified_gmt":"2020-07-06T15:50:55","slug":"etapa-1-o-primeiro-dia-de-lisboa-a-vilamoura","status":"publish","type":"post","link":"https:\/\/honda-automoveis.pt\/blog\/etapa-1-o-primeiro-dia-de-lisboa-a-vilamoura\/","title":{"rendered":"Etapa 1 &#8211; O primeiro dia: De Lisboa a Vilamoura"},"content":{"rendered":"<p>Cheg\u00e1mos a Lisboa debaixo de chuva intensa, como se o c\u00e9u n\u00e3o quisesse que part\u00edssemos. No meio da movimentada oficina da Honda sobressa\u00edam os carros que nos acompanhariam na viagem, um Honda HR-V e Honda CR-V, vestidos a rigor para que todos soubessem qual era a nossa miss\u00e3o: a Honda N2 Roadtrip. O Jorge, o Maique, a Anita e a In\u00eas eram os nossos convidados para esta primeira parte da nossa aventura e o peso das suas mochilas refletia a sua vontade de fotografar.<\/p>\n<h2>O in\u00edcio da viagem at\u00e9 Faro<\/h2>\n<p>Projet\u00e1mos um dia inteiro para chegarmos com calma \u00e0 cidade de Faro, que nos levaria at\u00e9 \u00e0 t\u00e3o aguardada Estrada Nacional 2. <strong>Dividimos os nossos convidados por equipas, dois em cada carro<\/strong>, e deix\u00e1mos a capital rumo ao nosso primeiro destino: Alc\u00e1cer do Sal. A chuva parecia querer acompanhar-nos, por mais que a meteorologia n\u00e3o a tivesse previsto. Decidimos mudar de margem para podermos contemplar esta bonita cidade, em todo o seu esplendor, onde as casas se refletem no rio, na perfei\u00e7\u00e3o, e o seu castelo, l\u00e1 do alto, parece escapar-se \u00e0s nuvens e conseguir para si um pouco de sol. Este momento teria tudo de perfeito n\u00e3o fosse a chuva n\u00e3o desistir de n\u00f3s. Esta persist\u00eancia levou-nos a <strong>procurar abrigo numa modesta oficina nas margens do Rio Sado<\/strong>, que nos permitiu brincar um pouco com os locais que por l\u00e1 pareciam passar o seu tempo.<\/p>\n<p><img loading=\"lazy\" class=\"alignnone wp-image-4155 size-full\" src=\"https:\/\/honda-automoveis.pt\/blog\/wp-content\/uploads\/2020\/06\/Mina-de-Lousal-Honda-CR-V-e-HR-V.jpg\" alt=\"Mina de Lousal\" width=\"1024\" height=\"683\" srcset=\"https:\/\/honda-automoveis.pt\/blog\/wp-content\/uploads\/2020\/06\/Mina-de-Lousal-Honda-CR-V-e-HR-V.jpg 1024w, https:\/\/honda-automoveis.pt\/blog\/wp-content\/uploads\/2020\/06\/Mina-de-Lousal-Honda-CR-V-e-HR-V-300x200.jpg 300w, https:\/\/honda-automoveis.pt\/blog\/wp-content\/uploads\/2020\/06\/Mina-de-Lousal-Honda-CR-V-e-HR-V-768x512.jpg 768w\" sizes=\"(max-width: 1024px) 100vw, 1024px\" \/><\/p>\n<h3>\u00c0 procura da Mina do Lousal<\/h3>\n<p>Enchemo-nos de coragem e corremos para os carros, na \u00e2nsia de seguirmos para o pr\u00f3ximo destino. Deix\u00e1mos que o mesmo fosse escolhido pelos nossos convidados, a partir do momento que estes nos revelaram que esta era uma das suas viagens prediletas. Foi por isso que recebemos com imensa curiosidade a sugest\u00e3o de <strong>pr\u00f3ximo local a ser visitado: a Mina de Lousal<\/strong>.<\/p>\n<p>Em dire\u00e7\u00e3o a Ermidas do Sado existe esta antiga <strong>mina de explora\u00e7\u00e3o de enxofre, encerrada em 1988<\/strong>. Desde essa data, faz parte do Centro de Ci\u00eancia Viva do Lousal, que nos d\u00e1 uma perspetiva da vida da mina durante os anos em que esteve aberta. Acompanhados da Dra. Mafalda, fizemo-nos exploradores, descobrindo o motivo pelo qual um dos seus lagos tem cor vermelha e o outro n\u00e3o. Um local que merece, sem d\u00favida, ser visitado, onde encontrar\u00e3o v\u00e1rias exposi\u00e7\u00f5es e atividades no interior e exterior da mina.<\/p>\n<p><img loading=\"lazy\" class=\"alignnone wp-image-4156 size-full\" src=\"https:\/\/honda-automoveis.pt\/blog\/wp-content\/uploads\/2020\/06\/Mina-de-Lousal-Honda-HR-V.jpg\" alt=\"Mina de Lousal e Honda HR-V\" width=\"1024\" height=\"683\" srcset=\"https:\/\/honda-automoveis.pt\/blog\/wp-content\/uploads\/2020\/06\/Mina-de-Lousal-Honda-HR-V.jpg 1024w, https:\/\/honda-automoveis.pt\/blog\/wp-content\/uploads\/2020\/06\/Mina-de-Lousal-Honda-HR-V-300x200.jpg 300w, https:\/\/honda-automoveis.pt\/blog\/wp-content\/uploads\/2020\/06\/Mina-de-Lousal-Honda-HR-V-768x512.jpg 768w\" sizes=\"(max-width: 1024px) 100vw, 1024px\" \/><\/p>\n<h3>De Mimosa a Vila Nova de Milfontes<\/h3>\n<p>O dia passou a correr e, quando nos apercebemos,<strong> h\u00e1 muito que j\u00e1 havia passado da hora de almo\u00e7o<\/strong>, mas o entusiasmo era tanto&#8230; Com a fome a apertar corremos em dire\u00e7\u00e3o a Ermidas do Sado na esperan\u00e7a de que algum restaurante ou caf\u00e9 ainda nos servisse uma refei\u00e7\u00e3o. Pelo caminho, encontr\u00e1mos duas senhoras que prontamente nos indicaram o caf\u00e9 central e que com um orgulho desmedido nos olhos, vendo-nos armados de c\u00e2maras, nos questionaram: \u201cVieram para filmar a nossa terra, foi?\u201d N\u00e3o foi o nosso objetivo, mas a verdade \u00e9 que lev\u00e1mos a pequena aldeia registada, pela beleza das pequenas casas e pelo sil\u00eancio que se fazia notar nas ruas.<\/p>\n<p>Fomos em busca do caf\u00e9, mas a nossa demanda por comida revelou-se sem sucesso. Aquele que pareceu ser o \u00fanico caf\u00e9 da aldeia, deu-nos a sensa\u00e7\u00e3o de que por l\u00e1 o tempo passava devagar, onde \u00e0 porta se juntava um grupo de homens da terra, que prontamente nos alertaram: <strong>\u201cAqui j\u00e1 n\u00e3o h\u00e1 nada para comerem, mas sigam para Mimosa. \u00c9 perto!\u201d<\/strong><\/p>\n<p>O rel\u00f3gio n\u00e3o parava de andar, por isso n\u00f3s tamb\u00e9m n\u00e3o. Seguimos para Mimosa e a\u00ed percebemos o porqu\u00ea de todos os dedos terem apontado para l\u00e1: a pequena localidade, em Santiago do Cac\u00e9m, era s\u00edtio de passagem e paragem, bem notado pelos in\u00fameros cami\u00f5es parados na berma da estrada, para uma refei\u00e7\u00e3o r\u00e1pida. E assim, seguimos-lhe o exemplo para uma refei\u00e7\u00e3o simples e r\u00e1pida, com o que ainda havia no <strong>\u201cRestaurante S. Sebasti\u00e3o da Mimosa\u201d<\/strong>.<\/p>\n<h4>Um barco naufragado em Vila Nova de Milfontes?<\/h4>\n<p>De Mimosa, j\u00e1 com o est\u00f4mago mais consolado, partimos em dire\u00e7\u00e3o a um novo destino, em busca de um barco naufragado: Vila Nova de Milfontes.<\/p>\n<p><img loading=\"lazy\" class=\"alignnone wp-image-4158 size-full\" src=\"https:\/\/honda-automoveis.pt\/blog\/wp-content\/uploads\/2020\/06\/Honda-CR-V-Hybrid-em-Roadtrip-N2.jpeg\" alt=\"Honda CR-V Hybrid Roadtrip N2\" width=\"1024\" height=\"701\" srcset=\"https:\/\/honda-automoveis.pt\/blog\/wp-content\/uploads\/2020\/06\/Honda-CR-V-Hybrid-em-Roadtrip-N2.jpeg 1024w, https:\/\/honda-automoveis.pt\/blog\/wp-content\/uploads\/2020\/06\/Honda-CR-V-Hybrid-em-Roadtrip-N2-300x205.jpeg 300w, https:\/\/honda-automoveis.pt\/blog\/wp-content\/uploads\/2020\/06\/Honda-CR-V-Hybrid-em-Roadtrip-N2-768x526.jpeg 768w\" sizes=\"(max-width: 1024px) 100vw, 1024px\" \/><\/p>\n<p>Na Praia do Patacho, <strong>h\u00e1 20 anos, um barco rebocador de seu nome Klemens partiu do porto holand\u00eas de Leewarden<\/strong>, em dezembro de 1996, com destino a Portim\u00e3o. No entanto, n\u00e3o sabendo os motivos reais, <strong>por Vila Nova de Milfontes ficou, com os seus imponentes 17 metros<\/strong> agora reduzidos, drasticamente, a mais de metade gra\u00e7as \u00e0 f\u00faria das ondas do mar. A curiosidade dos nossos convidados pelo local, levou-nos a uma breve paragem por l\u00e1 e o seu regresso trouxe-nos umas quantas imagens nas nossas c\u00e2maras. O que seria de uma viagem de aventura sem o toque personalizado de um barco naufragado?<\/p>\n<h3>O melhor p\u00f4r do sol: Pontal da Carrapateira<\/h3>\n<p>Deix\u00e1mos Vila Nova de Milfontes para tr\u00e1s com <strong>ideia de seguirmos at\u00e9 Sagres<\/strong>, antes do nosso destino final do dia. No entanto, todas as paragens foram intensamente saboreadas, e levaram mais tempo do que o inicialmente previsto, pelo que acab\u00e1mos por <strong>decidir aproveitar o p\u00f4r do sol na Praia da Carrapateira<\/strong>, mais exatamente no Pontal da Carrapateira. Cheg\u00e1mos na altura perfeita. Por entre um c\u00e9u de mil cores, que pintava tamb\u00e9m a \u00e1gua do mar, os nossos carros sobressa\u00edam no meio do Pontal, onde pareciam s\u00f3 existir turistas. Aproveit\u00e1mos o momento para conseguir umas fotos em contraluz e vimos o p\u00f4r do sol, juntamente com os outros turistas, num momento \u00fanico. O amor de um jovem casal acabaria por ser a nossa v\u00edtima do momento, tornando-se nossos modelos por breves minutos.<\/p>\n<p><img loading=\"lazy\" class=\"alignnone wp-image-4161 size-full\" src=\"https:\/\/honda-automoveis.pt\/blog\/wp-content\/uploads\/2020\/06\/Praia-da-Carrapateira-Honda-CR-V-Hybrid-e-Honda-HR-V.jpg\" alt=\"Praia da Carrapateira Honda CR-V Hybrid e Honda HR-V\" width=\"1024\" height=\"683\" srcset=\"https:\/\/honda-automoveis.pt\/blog\/wp-content\/uploads\/2020\/06\/Praia-da-Carrapateira-Honda-CR-V-Hybrid-e-Honda-HR-V.jpg 1024w, https:\/\/honda-automoveis.pt\/blog\/wp-content\/uploads\/2020\/06\/Praia-da-Carrapateira-Honda-CR-V-Hybrid-e-Honda-HR-V-300x200.jpg 300w, https:\/\/honda-automoveis.pt\/blog\/wp-content\/uploads\/2020\/06\/Praia-da-Carrapateira-Honda-CR-V-Hybrid-e-Honda-HR-V-768x512.jpg 768w\" sizes=\"(max-width: 1024px) 100vw, 1024px\" \/><\/p>\n<p>Depois de o sol se p\u00f4r, <strong>seguimos em dire\u00e7\u00e3o a Vilamoura, onde ficar\u00edamos a dormir<\/strong>. Deix\u00e1mos que o bom peixe algarvio nos consolasse nessa noite, num restaurante t\u00edpico junto \u00e0 marina, chamado de \u201cO Tasquinho do Manel\u201d. A noite j\u00e1 se fazia longa quando decidimos voltar para o hotel, ansiosos por ver o que o dia nos tinha reservado nas nossas c\u00e2maras.<\/p>\n<p>Continua a acompanhar a nossa primeira etapa, atrav\u00e9s dos di\u00e1rios de bordo do <a href=\"https:\/\/honda-automoveis.pt\/blog\/etapa-1-o-segundo-dia-de-faro-a-ferreira-do-alentejo\/\" target=\"_blank\" rel=\"noopener noreferrer\">segundo<\/a> e <a href=\"https:\/\/honda-automoveis.pt\/blog\/etapa-1-o-ultimo-dia-de-ferreira-do-alentejo-a-brotas\/\" target=\"_blank\" rel=\"noopener noreferrer\">terceiro<\/a> dia.<\/p>\n","protected":false},"excerpt":{"rendered":"<p>Saiba mais acerca desta primeira parte da nossa aventura pela EN2 com o Jorge, o Maique, a Anita e a In\u00eas a bordo do Honda HR-V e Honda CR-V, desde Lisboa at\u00e9 Vilamoura.<\/p>\n","protected":false},"author":4,"featured_media":4164,"comment_status":"open","ping_status":"open","sticky":false,"template":"","format":"standard","meta":[],"categories":[86],"tags":[155,87,154],"yoast_head":"<!-- This site is optimized with the Yoast SEO plugin v18.5 - https:\/\/yoast.com\/wordpress\/plugins\/seo\/ -->\n<title>Etapa 1 - O primeiro dia: De Lisboa a Vilamoura | Honda Portugal<\/title>\n<meta name=\"description\" content=\"Descubra aqui as aventuras vividas na primeira etapa da Roadtrip da Honda pela Estrada Nacional 2 em busca de monumentos e paisagens diferentes.\" \/>\n<meta name=\"robots\" content=\"index, follow, max-snippet:-1, max-image-preview:large, max-video-preview:-1\" \/>\n<link rel=\"canonical\" href=\"https:\/\/honda-automoveis.pt\/blog\/etapa-1-o-primeiro-dia-de-lisboa-a-vilamoura\/\" \/>\n<meta property=\"og:locale\" content=\"pt_PT\" \/>\n<meta property=\"og:type\" content=\"article\" \/>\n<meta property=\"og:title\" content=\"Etapa 1 - O primeiro dia: De Lisboa a Vilamoura | Honda Portugal\" \/>\n<meta property=\"og:description\" content=\"Descubra aqui as aventuras vividas na primeira etapa da Roadtrip da Honda pela Estrada Nacional 2 em busca de monumentos e paisagens diferentes.\" \/>\n<meta property=\"og:url\" content=\"https:\/\/honda-automoveis.pt\/blog\/etapa-1-o-primeiro-dia-de-lisboa-a-vilamoura\/\" \/>\n<meta property=\"og:site_name\" content=\"Honda Portugal\" \/>\n<meta property=\"article:published_time\" content=\"2019-10-17T23:00:24+00:00\" \/>\n<meta property=\"article:modified_time\" content=\"2020-07-06T15:50:55+00:00\" \/>\n<meta property=\"og:image\" content=\"https:\/\/honda-automoveis.pt\/blog\/wp-content\/uploads\/2020\/06\/Honda-CR-V-Hybrid-Estrada-Nacional-2.jpeg\" \/>\n\t<meta property=\"og:image:width\" content=\"1024\" \/>\n\t<meta property=\"og:image:height\" content=\"683\" \/>\n\t<meta property=\"og:image:type\" content=\"image\/jpeg\" \/>\n<meta name=\"twitter:card\" content=\"summary_large_image\" \/>\n<meta name=\"twitter:label1\" content=\"Escrito por\" \/>\n\t<meta name=\"twitter:data1\" content=\"Honda Portugal Autom\u00f3veis\" \/>\n\t<meta name=\"twitter:label2\" content=\"Tempo estimado de leitura\" \/>\n\t<meta name=\"twitter:data2\" content=\"5 minutos\" \/>\n<script type=\"application\/ld+json\" class=\"yoast-schema-graph\">{\"@context\":\"https:\/\/schema.org\",\"@graph\":[{\"@type\":\"WebSite\",\"@id\":\"https:\/\/honda-automoveis.pt\/blog\/#website\",\"url\":\"https:\/\/honda-automoveis.pt\/blog\/\",\"name\":\"Honda Portugal\",\"description\":\"Dreamers&#039; Blog\",\"potentialAction\":[{\"@type\":\"SearchAction\",\"target\":{\"@type\":\"EntryPoint\",\"urlTemplate\":\"https:\/\/honda-automoveis.pt\/blog\/?s={search_term_string}\"},\"query-input\":\"required name=search_term_string\"}],\"inLanguage\":\"pt-PT\"},{\"@type\":\"ImageObject\",\"@id\":\"https:\/\/honda-automoveis.pt\/blog\/etapa-1-o-primeiro-dia-de-lisboa-a-vilamoura\/#primaryimage\",\"inLanguage\":\"pt-PT\",\"url\":\"https:\/\/honda-automoveis.pt\/blog\/wp-content\/uploads\/2020\/06\/Honda-CR-V-Hybrid-Estrada-Nacional-2.jpeg\",\"contentUrl\":\"https:\/\/honda-automoveis.pt\/blog\/wp-content\/uploads\/2020\/06\/Honda-CR-V-Hybrid-Estrada-Nacional-2.jpeg\",\"width\":1024,\"height\":683,\"caption\":\"Honda CR-V Hybrid Estrada Nacional 2\"},{\"@type\":\"WebPage\",\"@id\":\"https:\/\/honda-automoveis.pt\/blog\/etapa-1-o-primeiro-dia-de-lisboa-a-vilamoura\/#webpage\",\"url\":\"https:\/\/honda-automoveis.pt\/blog\/etapa-1-o-primeiro-dia-de-lisboa-a-vilamoura\/\",\"name\":\"Etapa 1 - O primeiro dia: De Lisboa a Vilamoura | Honda Portugal\",\"isPartOf\":{\"@id\":\"https:\/\/honda-automoveis.pt\/blog\/#website\"},\"primaryImageOfPage\":{\"@id\":\"https:\/\/honda-automoveis.pt\/blog\/etapa-1-o-primeiro-dia-de-lisboa-a-vilamoura\/#primaryimage\"},\"datePublished\":\"2019-10-17T23:00:24+00:00\",\"dateModified\":\"2020-07-06T15:50:55+00:00\",\"author\":{\"@id\":\"https:\/\/honda-automoveis.pt\/blog\/#\/schema\/person\/7f8ab873bdf8dbd771f0d57531954f87\"},\"description\":\"Descubra aqui as aventuras vividas na primeira etapa da Roadtrip da Honda pela Estrada Nacional 2 em busca de monumentos e paisagens diferentes.\",\"breadcrumb\":{\"@id\":\"https:\/\/honda-automoveis.pt\/blog\/etapa-1-o-primeiro-dia-de-lisboa-a-vilamoura\/#breadcrumb\"},\"inLanguage\":\"pt-PT\",\"potentialAction\":[{\"@type\":\"ReadAction\",\"target\":[\"https:\/\/honda-automoveis.pt\/blog\/etapa-1-o-primeiro-dia-de-lisboa-a-vilamoura\/\"]}]},{\"@type\":\"BreadcrumbList\",\"@id\":\"https:\/\/honda-automoveis.pt\/blog\/etapa-1-o-primeiro-dia-de-lisboa-a-vilamoura\/#breadcrumb\",\"itemListElement\":[{\"@type\":\"ListItem\",\"position\":1,\"name\":\"In\u00edcio\",\"item\":\"https:\/\/honda-automoveis.pt\/blog\/\"},{\"@type\":\"ListItem\",\"position\":2,\"name\":\"Etapa 1 &#8211; O primeiro dia: De Lisboa a Vilamoura\"}]},{\"@type\":\"Person\",\"@id\":\"https:\/\/honda-automoveis.pt\/blog\/#\/schema\/person\/7f8ab873bdf8dbd771f0d57531954f87\",\"name\":\"Honda Portugal Autom\u00f3veis\",\"image\":{\"@type\":\"ImageObject\",\"@id\":\"https:\/\/honda-automoveis.pt\/blog\/#personlogo\",\"inLanguage\":\"pt-PT\",\"url\":\"https:\/\/honda-automoveis.pt\/blog\/wp-content\/uploads\/2023\/06\/logo_perfil-150x150.png\",\"contentUrl\":\"https:\/\/honda-automoveis.pt\/blog\/wp-content\/uploads\/2023\/06\/logo_perfil-150x150.png\",\"caption\":\"Honda Portugal Autom\u00f3veis\"},\"description\":\"A Honda chegou a Portugal em 1968, preparada para conquistar os portugueses com a sua inovadora tecnologia e os melhores e mais fi\u00e1veis autom\u00f3veis. Com uma longa hist\u00f3ria de sucesso no nosso pa\u00eds, a Honda conquistou uma verdadeira comunidade de f\u00e3s, que reconhecem na marca a fiabilidade, seguran\u00e7a e tecnologia que nos caracterizam. A competi\u00e7\u00e3o e a performance est\u00e3o no nosso ADN e \u00e9 por isso que, diariamente, continuamos a trabalhar para que todas as viagens sejam verdadeiramente emocionantes.\",\"url\":\"https:\/\/honda-automoveis.pt\/blog\/author\/honda-portugal\/\"}]}<\/script>\n<!-- \/ Yoast SEO plugin. -->","yoast_head_json":{"title":"Etapa 1 - O primeiro dia: De Lisboa a Vilamoura | Honda Portugal","description":"Descubra aqui as aventuras vividas na primeira etapa da Roadtrip da Honda pela Estrada Nacional 2 em busca de monumentos e paisagens diferentes.","robots":{"index":"index","follow":"follow","max-snippet":"max-snippet:-1","max-image-preview":"max-image-preview:large","max-video-preview":"max-video-preview:-1"},"canonical":"https:\/\/honda-automoveis.pt\/blog\/etapa-1-o-primeiro-dia-de-lisboa-a-vilamoura\/","og_locale":"pt_PT","og_type":"article","og_title":"Etapa 1 - O primeiro dia: De Lisboa a Vilamoura | Honda Portugal","og_description":"Descubra aqui as aventuras vividas na primeira etapa da Roadtrip da Honda pela Estrada Nacional 2 em busca de monumentos e paisagens diferentes.","og_url":"https:\/\/honda-automoveis.pt\/blog\/etapa-1-o-primeiro-dia-de-lisboa-a-vilamoura\/","og_site_name":"Honda Portugal","article_published_time":"2019-10-17T23:00:24+00:00","article_modified_time":"2020-07-06T15:50:55+00:00","og_image":[{"width":1024,"height":683,"url":"https:\/\/honda-automoveis.pt\/blog\/wp-content\/uploads\/2020\/06\/Honda-CR-V-Hybrid-Estrada-Nacional-2.jpeg","type":"image\/jpeg"}],"twitter_card":"summary_large_image","twitter_misc":{"Escrito por":"Honda Portugal Autom\u00f3veis","Tempo estimado de leitura":"5 minutos"},"schema":{"@context":"https:\/\/schema.org","@graph":[{"@type":"WebSite","@id":"https:\/\/honda-automoveis.pt\/blog\/#website","url":"https:\/\/honda-automoveis.pt\/blog\/","name":"Honda Portugal","description":"Dreamers&#039; Blog","potentialAction":[{"@type":"SearchAction","target":{"@type":"EntryPoint","urlTemplate":"https:\/\/honda-automoveis.pt\/blog\/?s={search_term_string}"},"query-input":"required name=search_term_string"}],"inLanguage":"pt-PT"},{"@type":"ImageObject","@id":"https:\/\/honda-automoveis.pt\/blog\/etapa-1-o-primeiro-dia-de-lisboa-a-vilamoura\/#primaryimage","inLanguage":"pt-PT","url":"https:\/\/honda-automoveis.pt\/blog\/wp-content\/uploads\/2020\/06\/Honda-CR-V-Hybrid-Estrada-Nacional-2.jpeg","contentUrl":"https:\/\/honda-automoveis.pt\/blog\/wp-content\/uploads\/2020\/06\/Honda-CR-V-Hybrid-Estrada-Nacional-2.jpeg","width":1024,"height":683,"caption":"Honda CR-V Hybrid Estrada Nacional 2"},{"@type":"WebPage","@id":"https:\/\/honda-automoveis.pt\/blog\/etapa-1-o-primeiro-dia-de-lisboa-a-vilamoura\/#webpage","url":"https:\/\/honda-automoveis.pt\/blog\/etapa-1-o-primeiro-dia-de-lisboa-a-vilamoura\/","name":"Etapa 1 - O primeiro dia: De Lisboa a Vilamoura | Honda Portugal","isPartOf":{"@id":"https:\/\/honda-automoveis.pt\/blog\/#website"},"primaryImageOfPage":{"@id":"https:\/\/honda-automoveis.pt\/blog\/etapa-1-o-primeiro-dia-de-lisboa-a-vilamoura\/#primaryimage"},"datePublished":"2019-10-17T23:00:24+00:00","dateModified":"2020-07-06T15:50:55+00:00","author":{"@id":"https:\/\/honda-automoveis.pt\/blog\/#\/schema\/person\/7f8ab873bdf8dbd771f0d57531954f87"},"description":"Descubra aqui as aventuras vividas na primeira etapa da Roadtrip da Honda pela Estrada Nacional 2 em busca de monumentos e paisagens diferentes.","breadcrumb":{"@id":"https:\/\/honda-automoveis.pt\/blog\/etapa-1-o-primeiro-dia-de-lisboa-a-vilamoura\/#breadcrumb"},"inLanguage":"pt-PT","potentialAction":[{"@type":"ReadAction","target":["https:\/\/honda-automoveis.pt\/blog\/etapa-1-o-primeiro-dia-de-lisboa-a-vilamoura\/"]}]},{"@type":"BreadcrumbList","@id":"https:\/\/honda-automoveis.pt\/blog\/etapa-1-o-primeiro-dia-de-lisboa-a-vilamoura\/#breadcrumb","itemListElement":[{"@type":"ListItem","position":1,"name":"In\u00edcio","item":"https:\/\/honda-automoveis.pt\/blog\/"},{"@type":"ListItem","position":2,"name":"Etapa 1 &#8211; O primeiro dia: De Lisboa a Vilamoura"}]},{"@type":"Person","@id":"https:\/\/honda-automoveis.pt\/blog\/#\/schema\/person\/7f8ab873bdf8dbd771f0d57531954f87","name":"Honda Portugal Autom\u00f3veis","image":{"@type":"ImageObject","@id":"https:\/\/honda-automoveis.pt\/blog\/#personlogo","inLanguage":"pt-PT","url":"https:\/\/honda-automoveis.pt\/blog\/wp-content\/uploads\/2023\/06\/logo_perfil-150x150.png","contentUrl":"https:\/\/honda-automoveis.pt\/blog\/wp-content\/uploads\/2023\/06\/logo_perfil-150x150.png","caption":"Honda Portugal Autom\u00f3veis"},"description":"A Honda chegou a Portugal em 1968, preparada para conquistar os portugueses com a sua inovadora tecnologia e os melhores e mais fi\u00e1veis autom\u00f3veis. Com uma longa hist\u00f3ria de sucesso no nosso pa\u00eds, a Honda conquistou uma verdadeira comunidade de f\u00e3s, que reconhecem na marca a fiabilidade, seguran\u00e7a e tecnologia que nos caracterizam. A competi\u00e7\u00e3o e a performance est\u00e3o no nosso ADN e \u00e9 por isso que, diariamente, continuamos a trabalhar para que todas as viagens sejam verdadeiramente emocionantes.","url":"https:\/\/honda-automoveis.pt\/blog\/author\/honda-portugal\/"}]}},"_links":{"self":[{"href":"https:\/\/honda-automoveis.pt\/blog\/wp-json\/wp\/v2\/posts\/1179"}],"collection":[{"href":"https:\/\/honda-automoveis.pt\/blog\/wp-json\/wp\/v2\/posts"}],"about":[{"href":"https:\/\/honda-automoveis.pt\/blog\/wp-json\/wp\/v2\/types\/post"}],"author":[{"embeddable":true,"href":"https:\/\/honda-automoveis.pt\/blog\/wp-json\/wp\/v2\/users\/4"}],"replies":[{"embeddable":true,"href":"https:\/\/honda-automoveis.pt\/blog\/wp-json\/wp\/v2\/comments?post=1179"}],"version-history":[{"count":19,"href":"https:\/\/honda-automoveis.pt\/blog\/wp-json\/wp\/v2\/posts\/1179\/revisions"}],"predecessor-version":[{"id":4163,"href":"https:\/\/honda-automoveis.pt\/blog\/wp-json\/wp\/v2\/posts\/1179\/revisions\/4163"}],"wp:featuredmedia":[{"embeddable":true,"href":"https:\/\/honda-automoveis.pt\/blog\/wp-json\/wp\/v2\/media\/4164"}],"wp:attachment":[{"href":"https:\/\/honda-automoveis.pt\/blog\/wp-json\/wp\/v2\/media?parent=1179"}],"wp:term":[{"taxonomy":"category","embeddable":true,"href":"https:\/\/honda-automoveis.pt\/blog\/wp-json\/wp\/v2\/categories?post=1179"},{"taxonomy":"post_tag","embeddable":true,"href":"https:\/\/honda-automoveis.pt\/blog\/wp-json\/wp\/v2\/tags?post=1179"}],"curies":[{"name":"wp","href":"https:\/\/api.w.org\/{rel}","templated":true}]}}