{"id":1280,"date":"2019-10-30T16:28:56","date_gmt":"2019-10-30T16:28:56","guid":{"rendered":"https:\/\/honda-automoveis.pt\/blog\/?p=1280"},"modified":"2022-12-14T15:34:25","modified_gmt":"2022-12-14T15:34:25","slug":"as-vezes-a-vida-e-uma-questao-de-impulso","status":"publish","type":"post","link":"https:\/\/honda-automoveis.pt\/blog\/as-vezes-a-vida-e-uma-questao-de-impulso\/","title":{"rendered":"\u00c0s vezes a vida \u00e9 uma quest\u00e3o de impulso"},"content":{"rendered":"<p>Domingo \u00e9 dia de fam\u00edlia. Pelo menos para a minha. Desde pequeno que me lembro de quase todos os domingos nos juntarmos em grandes almo\u00e7os e mais tarde darmos um passeio. N\u00e3o importava o caminho, mas sim o momento que pass\u00e1vamos juntos e esse compromisso era honrado praticamente todas as semanas.<\/p>\n<p>Tinha 15 anos quando um desses passeios me marcou mais do que todos os outros. Vi o meu pai como nunca tinha visto e pelo caminho, vir\u00edamos a ganhar um novo elemento para a fam\u00edlia: um Honda Del Sol VTI.<\/p>\n<h2>Decis\u00f5es que mudam uma vida<\/h2>\n<p>Hoje em dia penso que foi o destino quem colocou o &#8216;Verdinho&#8217; na minha vida, j\u00e1 que nos desvi\u00e1mos do caminho habitual e por isso \u00e9 que nos cruz\u00e1mos com um concession\u00e1rio.<\/p>\n<p>Na altura <strong>and\u00e1vamos \u00e0 procura de um carro comercial, para a minha m\u00e3e<\/strong>, logo, ao ver o meu pai entrar no stand, n\u00e3o o estranhei. No entanto, havia algo de novo nele, um brilhozinho nos olhos que antes n\u00e3o existia e foi a\u00ed que reparei no porqu\u00ea: eu, habituado a videojogos como o &#8220;Need For Speed&#8221;, identifiquei logo o causador, <strong>um Honda Del Sol VTI, verde alface<\/strong>.<\/p>\n<p>O momento seguinte foi o que nos causou mais espanto. Ouvimos o meu pai a dizer: <strong>&#8220;Pode reservar. Venho busc\u00e1-lo amanh\u00e3.&#8221;<\/strong><\/p>\n<p>Nunca tinha visto o meu pai fazer nada por impulso.<\/p>\n<h2>Paix\u00f5es que v\u00eam de heran\u00e7a<\/h2>\n<p>Se alguma vez imaginei que ter\u00edamos um carro verde alface na fam\u00edlia? Nunca. No entanto, \u00e9 de uma cor t\u00e3o incomum que at\u00e9 aqui na cidade toda a gente sabe a quem pertence o carro.<\/p>\n<p><strong>Existem paix\u00f5es que s\u00e3o herdadas<\/strong> e foi exatamente assim que nasceu a minha paix\u00e3o pela <a href=\"https:\/\/honda-automoveis.pt\/\" target=\"_blank\" rel=\"noopener noreferrer\">Honda<\/a>. No dia em que ganh\u00e1mos o &#8220;Verdinho&#8221;, ganh\u00e1mos tamb\u00e9m os dois uma paix\u00e3o quase inexplic\u00e1vel por todo este mundo. A pessoa que possivelmente n\u00e3o ficou t\u00e3o feliz ter\u00e1 sido a minha m\u00e3e, que acabou por n\u00e3o ganhar o seu prometido carro novo. E para quem j\u00e1 tem um bichinho por carros, ganhar um desportivo de um dia para o outro \u00e9 uma sensa\u00e7\u00e3o incr\u00edvel. Mas com 15 anos temos que nos sujeitar \u00e0s vontades dos nossos pais e isso fez-me aguardar impacientemente pelo dia em que tirasse a carta de condu\u00e7\u00e3o e nesse dia, a primeira coisa que fiz foi conduzi-lo. Uma sensa\u00e7\u00e3o \u00fanica, pelo gosto que tinha ao carro e pela pr\u00f3pria marca.<\/p>\n<p>No entanto, como a maioria das paix\u00f5es, do nada aparece outra da qual passamos a gostar mais. <strong>A minha paix\u00e3o era da Honda tamb\u00e9m: o S2000<\/strong>.<\/p>\n<p><img loading=\"lazy\" class=\"alignnone wp-image-3629 size-full\" src=\"https:\/\/honda-automoveis.pt\/blog\/wp-content\/uploads\/2020\/06\/Honda-S2000-Preto.jpg\" alt=\"Honda S2000 preto na rua \" width=\"1024\" height=\"575\" srcset=\"https:\/\/honda-automoveis.pt\/blog\/wp-content\/uploads\/2020\/06\/Honda-S2000-Preto.jpg 1024w, https:\/\/honda-automoveis.pt\/blog\/wp-content\/uploads\/2020\/06\/Honda-S2000-Preto-300x168.jpg 300w, https:\/\/honda-automoveis.pt\/blog\/wp-content\/uploads\/2020\/06\/Honda-S2000-Preto-768x431.jpg 768w, https:\/\/honda-automoveis.pt\/blog\/wp-content\/uploads\/2020\/06\/Honda-S2000-Preto-575x324.jpg 575w, https:\/\/honda-automoveis.pt\/blog\/wp-content\/uploads\/2020\/06\/Honda-S2000-Preto-376x211.jpg 376w\" sizes=\"(max-width: 1024px) 100vw, 1024px\" \/><\/p>\n<p>Quando tive o meu primeiro contacto com ele, descobri uma coincid\u00eancia engra\u00e7ada: o antigo dono do &#8220;Verdinho&#8221; tinha um tamb\u00e9m. Anos mais tarde viria eu a apaixonar-me por ele e quem me conhece sabia que era o meu carro de sonho. Tive a sorte de conviver com v\u00e1rias pessoas que tinham este modelo e foi a\u00ed que eu disse: mais cedo ou mais tarde vou ter um.<\/p>\n<h2>De um Del Sol para um S2000<\/h2>\n<p>Quem tem um S2000 tem-no pela qualidade do carro e pelo que este representa. At\u00e9 o conseguir, fui alimentando esta paix\u00e3o da melhor forma que podia. Creio que terei enganado muitas pessoas, donas de um S2000, devido ao meu n\u00edvel de conhecimento sobre este modelo, digno de quem j\u00e1 possu\u00eda um.<\/p>\n<p><strong>Tudo o que era grupo de f\u00e3s na Internet sobre o Honda S2000, eu estava presente<\/strong>. O Clube Honda S2000 Portugal, o S2K &amp; Friends, o S2Ki e at\u00e9 s\u00f3cio fui do S2KUK. Era completamente inexplic\u00e1vel o sentimento. Tentava explicar aos meus amigos e ningu\u00e9m via o que eu via. Chegou a um certo momento em que, pontualmente, j\u00e1 chegavam l\u00e1 a casa brindes de encontros que eram organizados, porque as pessoas se lembravam de mim e da minha paix\u00e3o.<\/p>\n<p><img loading=\"lazy\" class=\"alignnone wp-image-3634 size-full\" src=\"https:\/\/honda-automoveis.pt\/blog\/wp-content\/uploads\/2020\/06\/Carros-Honda.jpg\" alt=\"Carros Honda\" width=\"1024\" height=\"647\" srcset=\"https:\/\/honda-automoveis.pt\/blog\/wp-content\/uploads\/2020\/06\/Carros-Honda.jpg 1024w, https:\/\/honda-automoveis.pt\/blog\/wp-content\/uploads\/2020\/06\/Carros-Honda-300x190.jpg 300w, https:\/\/honda-automoveis.pt\/blog\/wp-content\/uploads\/2020\/06\/Carros-Honda-768x485.jpg 768w\" sizes=\"(max-width: 1024px) 100vw, 1024px\" \/><\/p>\n<p>Perdi a conta ao n\u00famero de eventos em que participei e aos quil\u00f3metros percorridos s\u00f3 para poder ver este modelo ao vivo. Recordo com saudades os do Caramulo Motorfestival, que eram, sem d\u00favida, os melhores e sempre representados com mais de quinze exemplares. E depois via a rea\u00e7\u00e3o das pessoas. Os <a href=\"https:\/\/honda-automoveis.pt\/blog\/formulario-comunidade\/\" target=\"_blank\" rel=\"noopener noreferrer\">f\u00e3s da Hond<\/a>a t\u00eam um esp\u00edrito \u00fanico. Nota-se que \u00e9 paix\u00e3o pela marca, mais do que pelo carro, ao contr\u00e1rio de tantas outras marcas.<\/p>\n<p>Passados quase 14 anos, chegou finalmente a minha vez. <strong>Tenho o meu Honda S2000. Hoje &#8220;dorme&#8221; ao lado do Verdinho<\/strong>.<\/p>\n<p>&nbsp;<\/p>\n<p>Andr\u00e9 Cordeiro<\/p>\n","protected":false},"excerpt":{"rendered":"<p>Andr\u00e9 Cordeiro nunca tinha visto o pai fazer nada por impulso, at\u00e9 ao dia em que um Honda Del Sol VTI se cruzou no seu caminho. Saiba mais acerca do &#8220;Verdinho&#8221; e como este marcou a vida e moldou a paix\u00e3o de Andr\u00e9 Cordeiro pela Honda.<\/p>\n","protected":false},"author":4,"featured_media":3633,"comment_status":"open","ping_status":"open","sticky":false,"template":"","format":"standard","meta":[],"categories":[3],"tags":[133,104],"yoast_head":"<!-- This site is optimized with the Yoast SEO plugin v18.5 - https:\/\/yoast.com\/wordpress\/plugins\/seo\/ -->\n<title>Paix\u00e3o pela Honda | Honda Portugal<\/title>\n<meta name=\"description\" content=\"O carro de sonho de um dos f\u00e3s da marca era um Honda S2000. Descubra aqui como Andr\u00e9 Cordeiro descobriu a sua paix\u00e3o pela Honda.\" \/>\n<meta name=\"robots\" content=\"index, follow, max-snippet:-1, max-image-preview:large, max-video-preview:-1\" \/>\n<link rel=\"canonical\" href=\"https:\/\/honda-automoveis.pt\/blog\/as-vezes-a-vida-e-uma-questao-de-impulso\/\" \/>\n<meta property=\"og:locale\" content=\"pt_PT\" \/>\n<meta property=\"og:type\" content=\"article\" \/>\n<meta property=\"og:title\" content=\"Paix\u00e3o pela Honda | Honda Portugal\" \/>\n<meta property=\"og:description\" content=\"O carro de sonho de um dos f\u00e3s da marca era um Honda S2000. Descubra aqui como Andr\u00e9 Cordeiro descobriu a sua paix\u00e3o pela Honda.\" \/>\n<meta property=\"og:url\" content=\"https:\/\/honda-automoveis.pt\/blog\/as-vezes-a-vida-e-uma-questao-de-impulso\/\" \/>\n<meta property=\"og:site_name\" content=\"Honda Portugal\" \/>\n<meta property=\"article:published_time\" content=\"2019-10-30T16:28:56+00:00\" \/>\n<meta property=\"article:modified_time\" content=\"2022-12-14T15:34:25+00:00\" \/>\n<meta property=\"og:image\" content=\"https:\/\/honda-automoveis.pt\/blog\/wp-content\/uploads\/2020\/06\/Honda-CRX-Verde.jpg\" \/>\n\t<meta property=\"og:image:width\" content=\"1024\" \/>\n\t<meta property=\"og:image:height\" content=\"647\" \/>\n\t<meta property=\"og:image:type\" content=\"image\/jpeg\" \/>\n<meta name=\"twitter:card\" content=\"summary_large_image\" \/>\n<meta name=\"twitter:label1\" content=\"Escrito por\" \/>\n\t<meta name=\"twitter:data1\" content=\"Honda Portugal Autom\u00f3veis\" \/>\n\t<meta name=\"twitter:label2\" content=\"Tempo estimado de leitura\" \/>\n\t<meta name=\"twitter:data2\" content=\"4 minutos\" \/>\n<script type=\"application\/ld+json\" class=\"yoast-schema-graph\">{\"@context\":\"https:\/\/schema.org\",\"@graph\":[{\"@type\":\"WebSite\",\"@id\":\"https:\/\/honda-automoveis.pt\/blog\/#website\",\"url\":\"https:\/\/honda-automoveis.pt\/blog\/\",\"name\":\"Honda Portugal\",\"description\":\"Dreamers&#039; Blog\",\"potentialAction\":[{\"@type\":\"SearchAction\",\"target\":{\"@type\":\"EntryPoint\",\"urlTemplate\":\"https:\/\/honda-automoveis.pt\/blog\/?s={search_term_string}\"},\"query-input\":\"required name=search_term_string\"}],\"inLanguage\":\"pt-PT\"},{\"@type\":\"ImageObject\",\"@id\":\"https:\/\/honda-automoveis.pt\/blog\/as-vezes-a-vida-e-uma-questao-de-impulso\/#primaryimage\",\"inLanguage\":\"pt-PT\",\"url\":\"https:\/\/honda-automoveis.pt\/blog\/wp-content\/uploads\/2020\/06\/Honda-CRX-Verde.jpg\",\"contentUrl\":\"https:\/\/honda-automoveis.pt\/blog\/wp-content\/uploads\/2020\/06\/Honda-CRX-Verde.jpg\",\"width\":1024,\"height\":647,\"caption\":\"Honda CRX Verde\"},{\"@type\":\"WebPage\",\"@id\":\"https:\/\/honda-automoveis.pt\/blog\/as-vezes-a-vida-e-uma-questao-de-impulso\/#webpage\",\"url\":\"https:\/\/honda-automoveis.pt\/blog\/as-vezes-a-vida-e-uma-questao-de-impulso\/\",\"name\":\"Paix\u00e3o pela Honda | Honda Portugal\",\"isPartOf\":{\"@id\":\"https:\/\/honda-automoveis.pt\/blog\/#website\"},\"primaryImageOfPage\":{\"@id\":\"https:\/\/honda-automoveis.pt\/blog\/as-vezes-a-vida-e-uma-questao-de-impulso\/#primaryimage\"},\"datePublished\":\"2019-10-30T16:28:56+00:00\",\"dateModified\":\"2022-12-14T15:34:25+00:00\",\"author\":{\"@id\":\"https:\/\/honda-automoveis.pt\/blog\/#\/schema\/person\/7f8ab873bdf8dbd771f0d57531954f87\"},\"description\":\"O carro de sonho de um dos f\u00e3s da marca era um Honda S2000. Descubra aqui como Andr\u00e9 Cordeiro descobriu a sua paix\u00e3o pela Honda.\",\"breadcrumb\":{\"@id\":\"https:\/\/honda-automoveis.pt\/blog\/as-vezes-a-vida-e-uma-questao-de-impulso\/#breadcrumb\"},\"inLanguage\":\"pt-PT\",\"potentialAction\":[{\"@type\":\"ReadAction\",\"target\":[\"https:\/\/honda-automoveis.pt\/blog\/as-vezes-a-vida-e-uma-questao-de-impulso\/\"]}]},{\"@type\":\"BreadcrumbList\",\"@id\":\"https:\/\/honda-automoveis.pt\/blog\/as-vezes-a-vida-e-uma-questao-de-impulso\/#breadcrumb\",\"itemListElement\":[{\"@type\":\"ListItem\",\"position\":1,\"name\":\"In\u00edcio\",\"item\":\"https:\/\/honda-automoveis.pt\/blog\/\"},{\"@type\":\"ListItem\",\"position\":2,\"name\":\"\u00c0s vezes a vida \u00e9 uma quest\u00e3o de impulso\"}]},{\"@type\":\"Person\",\"@id\":\"https:\/\/honda-automoveis.pt\/blog\/#\/schema\/person\/7f8ab873bdf8dbd771f0d57531954f87\",\"name\":\"Honda Portugal Autom\u00f3veis\",\"image\":{\"@type\":\"ImageObject\",\"@id\":\"https:\/\/honda-automoveis.pt\/blog\/#personlogo\",\"inLanguage\":\"pt-PT\",\"url\":\"https:\/\/honda-automoveis.pt\/blog\/wp-content\/uploads\/2023\/06\/logo_perfil-150x150.png\",\"contentUrl\":\"https:\/\/honda-automoveis.pt\/blog\/wp-content\/uploads\/2023\/06\/logo_perfil-150x150.png\",\"caption\":\"Honda Portugal Autom\u00f3veis\"},\"description\":\"A Honda chegou a Portugal em 1968, preparada para conquistar os portugueses com a sua inovadora tecnologia e os melhores e mais fi\u00e1veis autom\u00f3veis. Com uma longa hist\u00f3ria de sucesso no nosso pa\u00eds, a Honda conquistou uma verdadeira comunidade de f\u00e3s, que reconhecem na marca a fiabilidade, seguran\u00e7a e tecnologia que nos caracterizam. A competi\u00e7\u00e3o e a performance est\u00e3o no nosso ADN e \u00e9 por isso que, diariamente, continuamos a trabalhar para que todas as viagens sejam verdadeiramente emocionantes.\",\"url\":\"https:\/\/honda-automoveis.pt\/blog\/author\/honda-portugal\/\"}]}<\/script>\n<!-- \/ Yoast SEO plugin. -->","yoast_head_json":{"title":"Paix\u00e3o pela Honda | Honda Portugal","description":"O carro de sonho de um dos f\u00e3s da marca era um Honda S2000. Descubra aqui como Andr\u00e9 Cordeiro descobriu a sua paix\u00e3o pela Honda.","robots":{"index":"index","follow":"follow","max-snippet":"max-snippet:-1","max-image-preview":"max-image-preview:large","max-video-preview":"max-video-preview:-1"},"canonical":"https:\/\/honda-automoveis.pt\/blog\/as-vezes-a-vida-e-uma-questao-de-impulso\/","og_locale":"pt_PT","og_type":"article","og_title":"Paix\u00e3o pela Honda | Honda Portugal","og_description":"O carro de sonho de um dos f\u00e3s da marca era um Honda S2000. Descubra aqui como Andr\u00e9 Cordeiro descobriu a sua paix\u00e3o pela Honda.","og_url":"https:\/\/honda-automoveis.pt\/blog\/as-vezes-a-vida-e-uma-questao-de-impulso\/","og_site_name":"Honda Portugal","article_published_time":"2019-10-30T16:28:56+00:00","article_modified_time":"2022-12-14T15:34:25+00:00","og_image":[{"width":1024,"height":647,"url":"https:\/\/honda-automoveis.pt\/blog\/wp-content\/uploads\/2020\/06\/Honda-CRX-Verde.jpg","type":"image\/jpeg"}],"twitter_card":"summary_large_image","twitter_misc":{"Escrito por":"Honda Portugal Autom\u00f3veis","Tempo estimado de leitura":"4 minutos"},"schema":{"@context":"https:\/\/schema.org","@graph":[{"@type":"WebSite","@id":"https:\/\/honda-automoveis.pt\/blog\/#website","url":"https:\/\/honda-automoveis.pt\/blog\/","name":"Honda Portugal","description":"Dreamers&#039; Blog","potentialAction":[{"@type":"SearchAction","target":{"@type":"EntryPoint","urlTemplate":"https:\/\/honda-automoveis.pt\/blog\/?s={search_term_string}"},"query-input":"required name=search_term_string"}],"inLanguage":"pt-PT"},{"@type":"ImageObject","@id":"https:\/\/honda-automoveis.pt\/blog\/as-vezes-a-vida-e-uma-questao-de-impulso\/#primaryimage","inLanguage":"pt-PT","url":"https:\/\/honda-automoveis.pt\/blog\/wp-content\/uploads\/2020\/06\/Honda-CRX-Verde.jpg","contentUrl":"https:\/\/honda-automoveis.pt\/blog\/wp-content\/uploads\/2020\/06\/Honda-CRX-Verde.jpg","width":1024,"height":647,"caption":"Honda CRX Verde"},{"@type":"WebPage","@id":"https:\/\/honda-automoveis.pt\/blog\/as-vezes-a-vida-e-uma-questao-de-impulso\/#webpage","url":"https:\/\/honda-automoveis.pt\/blog\/as-vezes-a-vida-e-uma-questao-de-impulso\/","name":"Paix\u00e3o pela Honda | Honda Portugal","isPartOf":{"@id":"https:\/\/honda-automoveis.pt\/blog\/#website"},"primaryImageOfPage":{"@id":"https:\/\/honda-automoveis.pt\/blog\/as-vezes-a-vida-e-uma-questao-de-impulso\/#primaryimage"},"datePublished":"2019-10-30T16:28:56+00:00","dateModified":"2022-12-14T15:34:25+00:00","author":{"@id":"https:\/\/honda-automoveis.pt\/blog\/#\/schema\/person\/7f8ab873bdf8dbd771f0d57531954f87"},"description":"O carro de sonho de um dos f\u00e3s da marca era um Honda S2000. Descubra aqui como Andr\u00e9 Cordeiro descobriu a sua paix\u00e3o pela Honda.","breadcrumb":{"@id":"https:\/\/honda-automoveis.pt\/blog\/as-vezes-a-vida-e-uma-questao-de-impulso\/#breadcrumb"},"inLanguage":"pt-PT","potentialAction":[{"@type":"ReadAction","target":["https:\/\/honda-automoveis.pt\/blog\/as-vezes-a-vida-e-uma-questao-de-impulso\/"]}]},{"@type":"BreadcrumbList","@id":"https:\/\/honda-automoveis.pt\/blog\/as-vezes-a-vida-e-uma-questao-de-impulso\/#breadcrumb","itemListElement":[{"@type":"ListItem","position":1,"name":"In\u00edcio","item":"https:\/\/honda-automoveis.pt\/blog\/"},{"@type":"ListItem","position":2,"name":"\u00c0s vezes a vida \u00e9 uma quest\u00e3o de impulso"}]},{"@type":"Person","@id":"https:\/\/honda-automoveis.pt\/blog\/#\/schema\/person\/7f8ab873bdf8dbd771f0d57531954f87","name":"Honda Portugal Autom\u00f3veis","image":{"@type":"ImageObject","@id":"https:\/\/honda-automoveis.pt\/blog\/#personlogo","inLanguage":"pt-PT","url":"https:\/\/honda-automoveis.pt\/blog\/wp-content\/uploads\/2023\/06\/logo_perfil-150x150.png","contentUrl":"https:\/\/honda-automoveis.pt\/blog\/wp-content\/uploads\/2023\/06\/logo_perfil-150x150.png","caption":"Honda Portugal Autom\u00f3veis"},"description":"A Honda chegou a Portugal em 1968, preparada para conquistar os portugueses com a sua inovadora tecnologia e os melhores e mais fi\u00e1veis autom\u00f3veis. Com uma longa hist\u00f3ria de sucesso no nosso pa\u00eds, a Honda conquistou uma verdadeira comunidade de f\u00e3s, que reconhecem na marca a fiabilidade, seguran\u00e7a e tecnologia que nos caracterizam. A competi\u00e7\u00e3o e a performance est\u00e3o no nosso ADN e \u00e9 por isso que, diariamente, continuamos a trabalhar para que todas as viagens sejam verdadeiramente emocionantes.","url":"https:\/\/honda-automoveis.pt\/blog\/author\/honda-portugal\/"}]}},"_links":{"self":[{"href":"https:\/\/honda-automoveis.pt\/blog\/wp-json\/wp\/v2\/posts\/1280"}],"collection":[{"href":"https:\/\/honda-automoveis.pt\/blog\/wp-json\/wp\/v2\/posts"}],"about":[{"href":"https:\/\/honda-automoveis.pt\/blog\/wp-json\/wp\/v2\/types\/post"}],"author":[{"embeddable":true,"href":"https:\/\/honda-automoveis.pt\/blog\/wp-json\/wp\/v2\/users\/4"}],"replies":[{"embeddable":true,"href":"https:\/\/honda-automoveis.pt\/blog\/wp-json\/wp\/v2\/comments?post=1280"}],"version-history":[{"count":16,"href":"https:\/\/honda-automoveis.pt\/blog\/wp-json\/wp\/v2\/posts\/1280\/revisions"}],"predecessor-version":[{"id":4311,"href":"https:\/\/honda-automoveis.pt\/blog\/wp-json\/wp\/v2\/posts\/1280\/revisions\/4311"}],"wp:featuredmedia":[{"embeddable":true,"href":"https:\/\/honda-automoveis.pt\/blog\/wp-json\/wp\/v2\/media\/3633"}],"wp:attachment":[{"href":"https:\/\/honda-automoveis.pt\/blog\/wp-json\/wp\/v2\/media?parent=1280"}],"wp:term":[{"taxonomy":"category","embeddable":true,"href":"https:\/\/honda-automoveis.pt\/blog\/wp-json\/wp\/v2\/categories?post=1280"},{"taxonomy":"post_tag","embeddable":true,"href":"https:\/\/honda-automoveis.pt\/blog\/wp-json\/wp\/v2\/tags?post=1280"}],"curies":[{"name":"wp","href":"https:\/\/api.w.org\/{rel}","templated":true}]}}