{"id":1425,"date":"2019-11-12T14:41:16","date_gmt":"2019-11-12T14:41:16","guid":{"rendered":"https:\/\/honda-automoveis.pt\/blog\/?p=1425"},"modified":"2022-12-14T16:06:28","modified_gmt":"2022-12-14T16:06:28","slug":"etapa-2-o-primeiro-dia-de-montargil-a-abrantes","status":"publish","type":"post","link":"https:\/\/honda-automoveis.pt\/blog\/etapa-2-o-primeiro-dia-de-montargil-a-abrantes\/","title":{"rendered":"Etapa 2 \u2013 O Primeiro Dia: de Montargil a Abrantes"},"content":{"rendered":"<p>O dia amanheceu com o despertar de uma realidade que nos roubava, desde logo, um sorriso: a Honda N2 Roadtrip estava de volta! Mais uma etapa, mais localidades para conhecer e quatro convidados ansiosos por continuar a dar a conhecer o melhor do interior de Portugal. Se n\u00e3o conseguiu acompanhar connosco a viagem, descubra o que perdeu.<\/p>\n<h2>Montargil: onde o Alentejo se come\u00e7a a despedir<\/h2>\n<p>Quando deline\u00e1mos a <a href=\"https:\/\/honda-automoveis.pt\/blog\/etapa-1-o-segundo-dia-de-faro-a-ferreira-do-alentejo\/\">Etapa 1<\/a> desta aventura, julg\u00e1mos que a ir\u00edamos terminar em Montargil. No entanto, todas as paragens para novas descobertas pelo caminho e a chuva inesperada alteraram os nossos planos, por isso, encerr\u00e1mos o <a href=\"https:\/\/honda-automoveis.pt\/blog\/etapa-1-o-ultimo-dia-de-ferreira-do-alentejo-a-brotas\/\" target=\"_blank\" rel=\"noopener noreferrer\">primeiro cap\u00edtulo<\/a> desta viagem em Brotas. No entanto, <strong>sab\u00edamos que a barragem de Montargil era um local imperd\u00edvel<\/strong>, pelo que foi simples decidir que a segunda parte da nossa aventura deveria come\u00e7ar por l\u00e1!<\/p>\n<p><img loading=\"lazy\" class=\"alignnone wp-image-3477 size-full\" src=\"https:\/\/honda-automoveis.pt\/blog\/wp-content\/uploads\/2020\/05\/Honda-HR-V-cinzento-claro-praia.jpg\" alt=\"Honda HR-V com tr\u00eas pessoas em Montargil\" width=\"1024\" height=\"732\" srcset=\"https:\/\/honda-automoveis.pt\/blog\/wp-content\/uploads\/2020\/05\/Honda-HR-V-cinzento-claro-praia.jpg 1024w, https:\/\/honda-automoveis.pt\/blog\/wp-content\/uploads\/2020\/05\/Honda-HR-V-cinzento-claro-praia-300x214.jpg 300w, https:\/\/honda-automoveis.pt\/blog\/wp-content\/uploads\/2020\/05\/Honda-HR-V-cinzento-claro-praia-768x549.jpg 768w\" sizes=\"(max-width: 1024px) 100vw, 1024px\" \/><\/p>\n<p>Apanh\u00e1mos em Lisboa o Jo\u00e3o, o Hugo e o Leo. Depois, resgat\u00e1mos a mais experiente dos nossos convidados: a Anita, que j\u00e1 nos havia acompanhado na <a href=\"https:\/\/honda-automoveis.pt\/blog\/etapa-1-o-primeiro-dia-de-lisboa-a-vilamoura\/\" target=\"_blank\" rel=\"noopener noreferrer\">primeira etapa<\/a>.\u00a0Com os nossos quatro fot\u00f3grafos de servi\u00e7o, <strong>partimos em dire\u00e7\u00e3o a Coruche, a primeira paragem<\/strong> do nosso roteiro. As culpadas desta paragem n\u00e3o planeada, foram as pequenas casas t\u00edpicas que, em pleno campo de flores amarelas, sa\u00fadam quem por l\u00e1 passa. N\u00e3o conseguimos resistir \u00e0 combina\u00e7\u00e3o de cores.<\/p>\n<p>Se houve algo que aprendemos na primeira etapa da Honda N2, foi que <strong>somos muito bons a distrairmo-nos com as paisagens<\/strong> e n\u00e3o perdemos a oportunidade de registar todos os momentos. Talvez seja esse o maior encanto da Estrada Nacional 2: transporta-nos para um mundo que julg\u00e1mos h\u00e1 muito j\u00e1 n\u00e3o existir, um <a href=\"https:\/\/honda-automoveis.pt\/blog\/uma-estrada-em-busca-do-portugal-esquecido\/\" target=\"_blank\" rel=\"noopener noreferrer\">Portugal j\u00e1 esquecido<\/a>\u00a0para quem teve o seu destino tra\u00e7ado pelo litoral. Por isso, n\u00e3o foi surpresa quando cheg\u00e1mos \u00e0 barragem de Montargil e perdemos, mais uma vez, que havia outros locais a descobrir. Deix\u00e1mo-nos conquistar por uma ponte que, geralmente, deveria estar submersa e por um extenso areal, que deveria estar coberto de \u00e1gua.<\/p>\n<p><img loading=\"lazy\" class=\"alignnone wp-image-3479 size-full\" src=\"https:\/\/honda-automoveis.pt\/blog\/wp-content\/uploads\/2020\/05\/Honda-Civic-Vermelho-N2.jpg\" alt=\"Honda Civic\" width=\"1024\" height=\"683\" srcset=\"https:\/\/honda-automoveis.pt\/blog\/wp-content\/uploads\/2020\/05\/Honda-Civic-Vermelho-N2.jpg 1024w, https:\/\/honda-automoveis.pt\/blog\/wp-content\/uploads\/2020\/05\/Honda-Civic-Vermelho-N2-300x200.jpg 300w, https:\/\/honda-automoveis.pt\/blog\/wp-content\/uploads\/2020\/05\/Honda-Civic-Vermelho-N2-768x512.jpg 768w\" sizes=\"(max-width: 1024px) 100vw, 1024px\" \/><\/p>\n<h2>Hora de almo\u00e7o em Ponte de Sor<\/h2>\n<p>O almo\u00e7o chamava por n\u00f3s j\u00e1 em Ponte de Sor. Os poucos mais de 30 km que separam Montargil desta pequena cidade alentejana, s\u00e3o rapidamente encobertos por <strong>um restaurante fabuloso, que nos acolhe como se \u00e0 sua fam\u00edlia pertenc\u00eassemos<\/strong>. Descubram \u201cO Padeiro\u201d, onde um duriense perdido de amores por uma alentejana instalou o seu pequeno restaurante, numa verdadeira fus\u00e3o de sabores da encosta do Douro, com as plan\u00edcies alentejanas. <strong>O Sr. V\u00edtor comanda o neg\u00f3cio h\u00e1 j\u00e1 17 anos<\/strong> e apesar de n\u00e3o esconder a saudade da sua terra, Favaios, leva j\u00e1 o amor pelo Alentejo bem representado em todos os seus pratos e doces. Partilha a az\u00e1fama do restaurante com a Ana e a Dona Palmira, esta \u00faltima que nos divertiu ao longo de todo o almo\u00e7o. Vale muito a pena a paragem!<\/p>\n<p>Como o almo\u00e7o j\u00e1 se fez quase lanche, partimos de Ponte de Sor em dire\u00e7\u00e3o a um pequeno desvio da Estrada Nacional 2 que todos ach\u00e1mos necess\u00e1rio: o Castelo de Almourol.<\/p>\n<h2>Uma pequena Ilha que se fez Castelo<\/h2>\n<p>Quem por Abrantes passa tem uma paragem obrigat\u00f3ria: o Castelo de Almourol. A pequena viagem vale a pena para ver um dos castelos mais conhecidos de Portugal. Este castelo, numa pequena ilha situado a meio do rio Tejo, foi um castelo militar medieval. N\u00e3o se sabe ao certo quando o mesmo foi constru\u00eddo, mas em 1129 as tropas portuguesas conquistavam-no. Passou pela Ordem dos Templ\u00e1rios a quem se deveu, ali bem perto, a constru\u00e7\u00e3o do castelo de Tomar. <strong>Para se aceder ao castelo de Almourol, dever\u00e3o faz\u00ea-lo via barco<\/strong>. Ao comprar a passagem, j\u00e1 estar\u00e1 a adquirir o bilhete de entrada no mesmo.<\/p>\n<p><img loading=\"lazy\" class=\"alignnone wp-image-3481 size-full\" src=\"https:\/\/honda-automoveis.pt\/blog\/wp-content\/uploads\/2020\/05\/Honda-Civic-N2-Roadtrip.jpg\" alt=\"Castelo de Almourol e o Honda Civic\" width=\"945\" height=\"1024\" srcset=\"https:\/\/honda-automoveis.pt\/blog\/wp-content\/uploads\/2020\/05\/Honda-Civic-N2-Roadtrip.jpg 945w, https:\/\/honda-automoveis.pt\/blog\/wp-content\/uploads\/2020\/05\/Honda-Civic-N2-Roadtrip-277x300.jpg 277w, https:\/\/honda-automoveis.pt\/blog\/wp-content\/uploads\/2020\/05\/Honda-Civic-N2-Roadtrip-768x832.jpg 768w\" sizes=\"(max-width: 945px) 100vw, 945px\" \/><\/p>\n<p>Foi nas margens deste castelo que vimos o p\u00f4r do sol. Quem viaja por esta altura sabe que os dias s\u00e3o curtos e a luz tamb\u00e9m. Pelo que demos o nosso melhor para usufruir do que ainda restava do sol e seguimos em dire\u00e7\u00e3o a Const\u00e2ncia, para mais uma dose de fotos.<\/p>\n<p><strong>A noite j\u00e1 chamava por n\u00f3s quando regress\u00e1mos a Abrantes<\/strong> e onde \u00e0 nossa espera se encontrava o Sr. Alberto, do restaurante Santa Isabel. Aqui deslumbr\u00e1mo-nos com as fotografias que preenchem as paredes deste pequeno restaurante. O grande Manoel de Oliveira, dava vida \u00e0 maioria delas e imortalizados pelas fotografias pod\u00edamos encontrar grandes nomes da m\u00fasica, do teatro e do cinema, que por l\u00e1 passaram e que sorriam ao lado de um Sr. Alberto orgulhoso.<\/p>\n<div>Continua a acompanhar a <a href=\"https:\/\/honda-automoveis.pt\/blog\/etapa-2-o-segundo-dia-de-abrantes-a-serta\/\" target=\"_blank\" rel=\"noopener noreferrer\">segunda etapa<\/a> da nos\u00a0 sa viagem, atrav\u00e9s do di\u00e1rio de bordo do segundo dia.<\/div>\n","protected":false},"excerpt":{"rendered":"<p>O dia amanheceu com o despertar de uma realidade que nos roubava, desde logo, um sorriso: a Honda N2 Roadtrip estava de volta! Mais uma etapa, mais localidades para conhecer e quatro convidados ansiosos por continuar a dar a conhecer o melhor do interior de Portugal.<\/p>\n","protected":false},"author":4,"featured_media":3483,"comment_status":"open","ping_status":"open","sticky":false,"template":"","format":"standard","meta":[],"categories":[86],"tags":[155,87,154],"yoast_head":"<!-- This site is optimized with the Yoast SEO plugin v18.5 - https:\/\/yoast.com\/wordpress\/plugins\/seo\/ -->\n<title>Etapa 2 \u2013 O Primeiro Dia: de Montargil a Abrantes | Honda Portugal<\/title>\n<meta name=\"description\" content=\"A segunda etapa da viagem com a Honda pela Estrada Nacional 2 foi de Montargil a Abrantes. Descubra aqui o decorrer desta aventura.\" \/>\n<meta name=\"robots\" content=\"index, follow, max-snippet:-1, max-image-preview:large, max-video-preview:-1\" \/>\n<link rel=\"canonical\" href=\"https:\/\/honda-automoveis.pt\/blog\/etapa-2-o-primeiro-dia-de-montargil-a-abrantes\/\" \/>\n<meta property=\"og:locale\" content=\"pt_PT\" \/>\n<meta property=\"og:type\" content=\"article\" \/>\n<meta property=\"og:title\" content=\"Etapa 2 \u2013 O Primeiro Dia: de Montargil a Abrantes | Honda Portugal\" \/>\n<meta property=\"og:description\" content=\"A segunda etapa da viagem com a Honda pela Estrada Nacional 2 foi de Montargil a Abrantes. Descubra aqui o decorrer desta aventura.\" \/>\n<meta property=\"og:url\" content=\"https:\/\/honda-automoveis.pt\/blog\/etapa-2-o-primeiro-dia-de-montargil-a-abrantes\/\" \/>\n<meta property=\"og:site_name\" content=\"Honda Portugal\" \/>\n<meta property=\"article:published_time\" content=\"2019-11-12T14:41:16+00:00\" \/>\n<meta property=\"article:modified_time\" content=\"2022-12-14T16:06:28+00:00\" \/>\n<meta property=\"og:image\" content=\"https:\/\/honda-automoveis.pt\/blog\/wp-content\/uploads\/2020\/05\/Honda-Civic-Honda-HR-V-Roadtrip-N2.jpg\" \/>\n\t<meta property=\"og:image:width\" content=\"1024\" \/>\n\t<meta property=\"og:image:height\" content=\"683\" \/>\n\t<meta property=\"og:image:type\" content=\"image\/jpeg\" \/>\n<meta name=\"twitter:card\" content=\"summary_large_image\" \/>\n<meta name=\"twitter:label1\" content=\"Escrito por\" \/>\n\t<meta name=\"twitter:data1\" content=\"Honda Portugal Autom\u00f3veis\" \/>\n\t<meta name=\"twitter:label2\" content=\"Tempo estimado de leitura\" \/>\n\t<meta name=\"twitter:data2\" content=\"4 minutos\" \/>\n<script type=\"application\/ld+json\" class=\"yoast-schema-graph\">{\"@context\":\"https:\/\/schema.org\",\"@graph\":[{\"@type\":\"WebSite\",\"@id\":\"https:\/\/honda-automoveis.pt\/blog\/#website\",\"url\":\"https:\/\/honda-automoveis.pt\/blog\/\",\"name\":\"Honda Portugal\",\"description\":\"Dreamers&#039; Blog\",\"potentialAction\":[{\"@type\":\"SearchAction\",\"target\":{\"@type\":\"EntryPoint\",\"urlTemplate\":\"https:\/\/honda-automoveis.pt\/blog\/?s={search_term_string}\"},\"query-input\":\"required name=search_term_string\"}],\"inLanguage\":\"pt-PT\"},{\"@type\":\"ImageObject\",\"@id\":\"https:\/\/honda-automoveis.pt\/blog\/etapa-2-o-primeiro-dia-de-montargil-a-abrantes\/#primaryimage\",\"inLanguage\":\"pt-PT\",\"url\":\"https:\/\/honda-automoveis.pt\/blog\/wp-content\/uploads\/2020\/05\/Honda-Civic-Honda-HR-V-Roadtrip-N2.jpg\",\"contentUrl\":\"https:\/\/honda-automoveis.pt\/blog\/wp-content\/uploads\/2020\/05\/Honda-Civic-Honda-HR-V-Roadtrip-N2.jpg\",\"width\":1024,\"height\":683,\"caption\":\"Quatro pessoas com o Honda Civic e o Honda HR-V\"},{\"@type\":\"WebPage\",\"@id\":\"https:\/\/honda-automoveis.pt\/blog\/etapa-2-o-primeiro-dia-de-montargil-a-abrantes\/#webpage\",\"url\":\"https:\/\/honda-automoveis.pt\/blog\/etapa-2-o-primeiro-dia-de-montargil-a-abrantes\/\",\"name\":\"Etapa 2 \u2013 O Primeiro Dia: de Montargil a Abrantes | Honda Portugal\",\"isPartOf\":{\"@id\":\"https:\/\/honda-automoveis.pt\/blog\/#website\"},\"primaryImageOfPage\":{\"@id\":\"https:\/\/honda-automoveis.pt\/blog\/etapa-2-o-primeiro-dia-de-montargil-a-abrantes\/#primaryimage\"},\"datePublished\":\"2019-11-12T14:41:16+00:00\",\"dateModified\":\"2022-12-14T16:06:28+00:00\",\"author\":{\"@id\":\"https:\/\/honda-automoveis.pt\/blog\/#\/schema\/person\/7f8ab873bdf8dbd771f0d57531954f87\"},\"description\":\"A segunda etapa da viagem com a Honda pela Estrada Nacional 2 foi de Montargil a Abrantes. Descubra aqui o decorrer desta aventura.\",\"breadcrumb\":{\"@id\":\"https:\/\/honda-automoveis.pt\/blog\/etapa-2-o-primeiro-dia-de-montargil-a-abrantes\/#breadcrumb\"},\"inLanguage\":\"pt-PT\",\"potentialAction\":[{\"@type\":\"ReadAction\",\"target\":[\"https:\/\/honda-automoveis.pt\/blog\/etapa-2-o-primeiro-dia-de-montargil-a-abrantes\/\"]}]},{\"@type\":\"BreadcrumbList\",\"@id\":\"https:\/\/honda-automoveis.pt\/blog\/etapa-2-o-primeiro-dia-de-montargil-a-abrantes\/#breadcrumb\",\"itemListElement\":[{\"@type\":\"ListItem\",\"position\":1,\"name\":\"In\u00edcio\",\"item\":\"https:\/\/honda-automoveis.pt\/blog\/\"},{\"@type\":\"ListItem\",\"position\":2,\"name\":\"Etapa 2 \u2013 O Primeiro Dia: de Montargil a Abrantes\"}]},{\"@type\":\"Person\",\"@id\":\"https:\/\/honda-automoveis.pt\/blog\/#\/schema\/person\/7f8ab873bdf8dbd771f0d57531954f87\",\"name\":\"Honda Portugal Autom\u00f3veis\",\"image\":{\"@type\":\"ImageObject\",\"@id\":\"https:\/\/honda-automoveis.pt\/blog\/#personlogo\",\"inLanguage\":\"pt-PT\",\"url\":\"https:\/\/honda-automoveis.pt\/blog\/wp-content\/uploads\/2023\/06\/logo_perfil-150x150.png\",\"contentUrl\":\"https:\/\/honda-automoveis.pt\/blog\/wp-content\/uploads\/2023\/06\/logo_perfil-150x150.png\",\"caption\":\"Honda Portugal Autom\u00f3veis\"},\"description\":\"A Honda chegou a Portugal em 1968, preparada para conquistar os portugueses com a sua inovadora tecnologia e os melhores e mais fi\u00e1veis autom\u00f3veis. Com uma longa hist\u00f3ria de sucesso no nosso pa\u00eds, a Honda conquistou uma verdadeira comunidade de f\u00e3s, que reconhecem na marca a fiabilidade, seguran\u00e7a e tecnologia que nos caracterizam. A competi\u00e7\u00e3o e a performance est\u00e3o no nosso ADN e \u00e9 por isso que, diariamente, continuamos a trabalhar para que todas as viagens sejam verdadeiramente emocionantes.\",\"url\":\"https:\/\/honda-automoveis.pt\/blog\/author\/honda-portugal\/\"}]}<\/script>\n<!-- \/ Yoast SEO plugin. -->","yoast_head_json":{"title":"Etapa 2 \u2013 O Primeiro Dia: de Montargil a Abrantes | Honda Portugal","description":"A segunda etapa da viagem com a Honda pela Estrada Nacional 2 foi de Montargil a Abrantes. Descubra aqui o decorrer desta aventura.","robots":{"index":"index","follow":"follow","max-snippet":"max-snippet:-1","max-image-preview":"max-image-preview:large","max-video-preview":"max-video-preview:-1"},"canonical":"https:\/\/honda-automoveis.pt\/blog\/etapa-2-o-primeiro-dia-de-montargil-a-abrantes\/","og_locale":"pt_PT","og_type":"article","og_title":"Etapa 2 \u2013 O Primeiro Dia: de Montargil a Abrantes | Honda Portugal","og_description":"A segunda etapa da viagem com a Honda pela Estrada Nacional 2 foi de Montargil a Abrantes. Descubra aqui o decorrer desta aventura.","og_url":"https:\/\/honda-automoveis.pt\/blog\/etapa-2-o-primeiro-dia-de-montargil-a-abrantes\/","og_site_name":"Honda Portugal","article_published_time":"2019-11-12T14:41:16+00:00","article_modified_time":"2022-12-14T16:06:28+00:00","og_image":[{"width":1024,"height":683,"url":"https:\/\/honda-automoveis.pt\/blog\/wp-content\/uploads\/2020\/05\/Honda-Civic-Honda-HR-V-Roadtrip-N2.jpg","type":"image\/jpeg"}],"twitter_card":"summary_large_image","twitter_misc":{"Escrito por":"Honda Portugal Autom\u00f3veis","Tempo estimado de leitura":"4 minutos"},"schema":{"@context":"https:\/\/schema.org","@graph":[{"@type":"WebSite","@id":"https:\/\/honda-automoveis.pt\/blog\/#website","url":"https:\/\/honda-automoveis.pt\/blog\/","name":"Honda Portugal","description":"Dreamers&#039; Blog","potentialAction":[{"@type":"SearchAction","target":{"@type":"EntryPoint","urlTemplate":"https:\/\/honda-automoveis.pt\/blog\/?s={search_term_string}"},"query-input":"required name=search_term_string"}],"inLanguage":"pt-PT"},{"@type":"ImageObject","@id":"https:\/\/honda-automoveis.pt\/blog\/etapa-2-o-primeiro-dia-de-montargil-a-abrantes\/#primaryimage","inLanguage":"pt-PT","url":"https:\/\/honda-automoveis.pt\/blog\/wp-content\/uploads\/2020\/05\/Honda-Civic-Honda-HR-V-Roadtrip-N2.jpg","contentUrl":"https:\/\/honda-automoveis.pt\/blog\/wp-content\/uploads\/2020\/05\/Honda-Civic-Honda-HR-V-Roadtrip-N2.jpg","width":1024,"height":683,"caption":"Quatro pessoas com o Honda Civic e o Honda HR-V"},{"@type":"WebPage","@id":"https:\/\/honda-automoveis.pt\/blog\/etapa-2-o-primeiro-dia-de-montargil-a-abrantes\/#webpage","url":"https:\/\/honda-automoveis.pt\/blog\/etapa-2-o-primeiro-dia-de-montargil-a-abrantes\/","name":"Etapa 2 \u2013 O Primeiro Dia: de Montargil a Abrantes | Honda Portugal","isPartOf":{"@id":"https:\/\/honda-automoveis.pt\/blog\/#website"},"primaryImageOfPage":{"@id":"https:\/\/honda-automoveis.pt\/blog\/etapa-2-o-primeiro-dia-de-montargil-a-abrantes\/#primaryimage"},"datePublished":"2019-11-12T14:41:16+00:00","dateModified":"2022-12-14T16:06:28+00:00","author":{"@id":"https:\/\/honda-automoveis.pt\/blog\/#\/schema\/person\/7f8ab873bdf8dbd771f0d57531954f87"},"description":"A segunda etapa da viagem com a Honda pela Estrada Nacional 2 foi de Montargil a Abrantes. Descubra aqui o decorrer desta aventura.","breadcrumb":{"@id":"https:\/\/honda-automoveis.pt\/blog\/etapa-2-o-primeiro-dia-de-montargil-a-abrantes\/#breadcrumb"},"inLanguage":"pt-PT","potentialAction":[{"@type":"ReadAction","target":["https:\/\/honda-automoveis.pt\/blog\/etapa-2-o-primeiro-dia-de-montargil-a-abrantes\/"]}]},{"@type":"BreadcrumbList","@id":"https:\/\/honda-automoveis.pt\/blog\/etapa-2-o-primeiro-dia-de-montargil-a-abrantes\/#breadcrumb","itemListElement":[{"@type":"ListItem","position":1,"name":"In\u00edcio","item":"https:\/\/honda-automoveis.pt\/blog\/"},{"@type":"ListItem","position":2,"name":"Etapa 2 \u2013 O Primeiro Dia: de Montargil a Abrantes"}]},{"@type":"Person","@id":"https:\/\/honda-automoveis.pt\/blog\/#\/schema\/person\/7f8ab873bdf8dbd771f0d57531954f87","name":"Honda Portugal Autom\u00f3veis","image":{"@type":"ImageObject","@id":"https:\/\/honda-automoveis.pt\/blog\/#personlogo","inLanguage":"pt-PT","url":"https:\/\/honda-automoveis.pt\/blog\/wp-content\/uploads\/2023\/06\/logo_perfil-150x150.png","contentUrl":"https:\/\/honda-automoveis.pt\/blog\/wp-content\/uploads\/2023\/06\/logo_perfil-150x150.png","caption":"Honda Portugal Autom\u00f3veis"},"description":"A Honda chegou a Portugal em 1968, preparada para conquistar os portugueses com a sua inovadora tecnologia e os melhores e mais fi\u00e1veis autom\u00f3veis. Com uma longa hist\u00f3ria de sucesso no nosso pa\u00eds, a Honda conquistou uma verdadeira comunidade de f\u00e3s, que reconhecem na marca a fiabilidade, seguran\u00e7a e tecnologia que nos caracterizam. A competi\u00e7\u00e3o e a performance est\u00e3o no nosso ADN e \u00e9 por isso que, diariamente, continuamos a trabalhar para que todas as viagens sejam verdadeiramente emocionantes.","url":"https:\/\/honda-automoveis.pt\/blog\/author\/honda-portugal\/"}]}},"_links":{"self":[{"href":"https:\/\/honda-automoveis.pt\/blog\/wp-json\/wp\/v2\/posts\/1425"}],"collection":[{"href":"https:\/\/honda-automoveis.pt\/blog\/wp-json\/wp\/v2\/posts"}],"about":[{"href":"https:\/\/honda-automoveis.pt\/blog\/wp-json\/wp\/v2\/types\/post"}],"author":[{"embeddable":true,"href":"https:\/\/honda-automoveis.pt\/blog\/wp-json\/wp\/v2\/users\/4"}],"replies":[{"embeddable":true,"href":"https:\/\/honda-automoveis.pt\/blog\/wp-json\/wp\/v2\/comments?post=1425"}],"version-history":[{"count":17,"href":"https:\/\/honda-automoveis.pt\/blog\/wp-json\/wp\/v2\/posts\/1425\/revisions"}],"predecessor-version":[{"id":4259,"href":"https:\/\/honda-automoveis.pt\/blog\/wp-json\/wp\/v2\/posts\/1425\/revisions\/4259"}],"wp:featuredmedia":[{"embeddable":true,"href":"https:\/\/honda-automoveis.pt\/blog\/wp-json\/wp\/v2\/media\/3483"}],"wp:attachment":[{"href":"https:\/\/honda-automoveis.pt\/blog\/wp-json\/wp\/v2\/media?parent=1425"}],"wp:term":[{"taxonomy":"category","embeddable":true,"href":"https:\/\/honda-automoveis.pt\/blog\/wp-json\/wp\/v2\/categories?post=1425"},{"taxonomy":"post_tag","embeddable":true,"href":"https:\/\/honda-automoveis.pt\/blog\/wp-json\/wp\/v2\/tags?post=1425"}],"curies":[{"name":"wp","href":"https:\/\/api.w.org\/{rel}","templated":true}]}}