{"id":1522,"date":"2019-11-26T09:08:03","date_gmt":"2019-11-26T09:08:03","guid":{"rendered":"https:\/\/honda-automoveis.pt\/blog\/?p=1522"},"modified":"2022-12-14T16:10:06","modified_gmt":"2022-12-14T16:10:06","slug":"o-nascimento-de-uma-marca-que-passou-despercebido","status":"publish","type":"post","link":"https:\/\/honda-automoveis.pt\/blog\/o-nascimento-de-uma-marca-que-passou-despercebido\/","title":{"rendered":"O nascimento de uma marca que passou despercebido"},"content":{"rendered":"<p>Tr\u00eas anos ap\u00f3s o fim da Segunda Guerra Mundial, a 24 de setembro de 1948, na cidade japonesa Hamamatsu, prov\u00edncia de Shizuoka, Soichiro Honda fundava a Honda Motor Company, conhecida durante os dois anos antecedentes como Honda Technical Research Institute.<\/p>\n<h2>Os in\u00edcios da Honda<\/h2>\n<p><strong>Numa altura de p\u00f3s-guerra<\/strong>, com um Jap\u00e3o a bra\u00e7os com a reconstru\u00e7\u00e3o, aquela que viria a ser a maior construtora de motociclos do mundo e <strong>um dos principais fabricantes autom\u00f3veis nascia<\/strong> sem qualquer pompa e circunst\u00e2ncia, sem festejos ou discursos, nem mesmo a placa \u00e0 entrada da f\u00e1brica foi alterada. De facto, para os 34 empregados, de entre os quais estava o engenheiro Kiyoshi Kawashima, foi um dia como outro qualquer. <strong>A prioridade era trabalhar e conseguir comida e conforto para as fam\u00edlias<\/strong>.<\/p>\n<p>Kiyoshi Kawashima, que mais tarde se tornou conselheiro principal na empresa, recorda o dia: &#8220;<strong>N\u00e3o me lembro de nada, foi um dia como outro qualquer.<\/strong>&#8220;; &#8220;O meu trabalho n\u00e3o se alterou.&#8221;. Um ano mais tarde, ap\u00f3s o lan\u00e7amento da motocicleta Dream D-Type, a\u00a0<a href=\"https:\/\/honda-automoveis.pt\/\" target=\"_blank\" rel=\"noopener noreferrer\">Honda<\/a> junta-se a Takeo Fujisawa. Meses depois, contra o cen\u00e1rio economicamente desfavor\u00e1vel que se vivia no Jap\u00e3o, a empresa come\u00e7a a crescer.<\/p>\n<p><img loading=\"lazy\" class=\"alignnone wp-image-3261 size-full\" src=\"https:\/\/honda-automoveis.pt\/blog\/wp-content\/uploads\/2020\/05\/Mota-Honda-Vermelha.jpg\" alt=\"Mota Honda\" width=\"951\" height=\"768\" srcset=\"https:\/\/honda-automoveis.pt\/blog\/wp-content\/uploads\/2020\/05\/Mota-Honda-Vermelha.jpg 951w, https:\/\/honda-automoveis.pt\/blog\/wp-content\/uploads\/2020\/05\/Mota-Honda-Vermelha-300x242.jpg 300w, https:\/\/honda-automoveis.pt\/blog\/wp-content\/uploads\/2020\/05\/Mota-Honda-Vermelha-768x620.jpg 768w\" sizes=\"(max-width: 951px) 100vw, 951px\" \/><\/p>\n<p>Dez anos ap\u00f3s a sua funda\u00e7\u00e3o, o objetivo de se tornarem no maior fabricante de motocicletas do mundo come\u00e7ava a tornar-se realidade.<\/p>\n<p>Em 1958, os esfor\u00e7os empregues foram recompensados com o lan\u00e7amento da Super Cub C100. A ic\u00f3nica motocicleta de 1 cilindro, com produ\u00e7\u00e3o ininterrupta at\u00e9 aos dias de hoje, \u00e9 o ve\u00edculo motorizado mais produzido de que h\u00e1 registo, com 84 milh\u00f5es de unidades fabricadas at\u00e9 2014.<\/p>\n<p><img loading=\"lazy\" class=\"alignnone wp-image-3262 size-full\" src=\"https:\/\/honda-automoveis.pt\/blog\/wp-content\/uploads\/2020\/05\/Mota-Honda-Super-Club.jpg\" alt=\"Mota Honda\" width=\"1024\" height=\"768\" srcset=\"https:\/\/honda-automoveis.pt\/blog\/wp-content\/uploads\/2020\/05\/Mota-Honda-Super-Club.jpg 1024w, https:\/\/honda-automoveis.pt\/blog\/wp-content\/uploads\/2020\/05\/Mota-Honda-Super-Club-300x225.jpg 300w, https:\/\/honda-automoveis.pt\/blog\/wp-content\/uploads\/2020\/05\/Mota-Honda-Super-Club-768x576.jpg 768w\" sizes=\"(max-width: 1024px) 100vw, 1024px\" \/><\/p>\n<p><strong>71 anos depois, a Honda Motor Co., Ltd. conta com 435 afiliadas pelo mundo inteiro<\/strong>, emprega diretamente 219.722 funcion\u00e1rios e vendeu quase 32 milh\u00f5es de unidades autom\u00f3veis, motociclos e produtos de for\u00e7a globalmente.<\/p>\n","protected":false},"excerpt":{"rendered":"<p>Tr\u00eas anos ap\u00f3s o fim da Segunda Guerra Mundial, a 24 de setembro de 1948, na cidade japonesa Hamamatsu, prov\u00edncia de Shizuoka, Soichiro Honda fundava a Honda Motor Company, conhecida durante os dois anos antecedentes como Honda Technical Research Institute. Os in\u00edcios da Honda Numa altura de p\u00f3s-guerra, com um Jap\u00e3o a bra\u00e7os com a <a href=\"https:\/\/honda-automoveis.pt\/blog\/o-nascimento-de-uma-marca-que-passou-despercebido\/\">(&hellip;)<\/a><\/p>\n","protected":false},"author":16,"featured_media":3262,"comment_status":"open","ping_status":"open","sticky":false,"template":"","format":"standard","meta":[],"categories":[1],"tags":[101],"yoast_head":"<!-- This site is optimized with the Yoast SEO plugin v18.5 - https:\/\/yoast.com\/wordpress\/plugins\/seo\/ -->\n<title>O nascimento de uma marca que passou despercebido | Honda Portugal<\/title>\n<meta name=\"description\" content=\"A Honda nasceu pouco depois do final da Segunda Guerra Mundial. Descubra mais curiosidades sobre os in\u00edcios da hist\u00f3ria da marca.\" \/>\n<meta name=\"robots\" content=\"index, follow, max-snippet:-1, max-image-preview:large, max-video-preview:-1\" \/>\n<link rel=\"canonical\" href=\"https:\/\/honda-automoveis.pt\/blog\/o-nascimento-de-uma-marca-que-passou-despercebido\/\" \/>\n<meta property=\"og:locale\" content=\"pt_PT\" \/>\n<meta property=\"og:type\" content=\"article\" \/>\n<meta property=\"og:title\" content=\"O nascimento de uma marca que passou despercebido | Honda Portugal\" \/>\n<meta property=\"og:description\" content=\"A Honda nasceu pouco depois do final da Segunda Guerra Mundial. Descubra mais curiosidades sobre os in\u00edcios da hist\u00f3ria da marca.\" \/>\n<meta property=\"og:url\" content=\"https:\/\/honda-automoveis.pt\/blog\/o-nascimento-de-uma-marca-que-passou-despercebido\/\" \/>\n<meta property=\"og:site_name\" content=\"Honda Portugal\" \/>\n<meta property=\"article:published_time\" content=\"2019-11-26T09:08:03+00:00\" \/>\n<meta property=\"article:modified_time\" content=\"2022-12-14T16:10:06+00:00\" \/>\n<meta property=\"og:image\" content=\"https:\/\/honda-automoveis.pt\/blog\/wp-content\/uploads\/2020\/05\/Mota-Honda-Super-Club.jpg\" \/>\n\t<meta property=\"og:image:width\" content=\"1024\" \/>\n\t<meta property=\"og:image:height\" content=\"768\" \/>\n\t<meta property=\"og:image:type\" content=\"image\/jpeg\" \/>\n<meta name=\"twitter:card\" content=\"summary_large_image\" \/>\n<meta name=\"twitter:label1\" content=\"Escrito por\" \/>\n\t<meta name=\"twitter:data1\" content=\"Honda News Spot\" \/>\n\t<meta name=\"twitter:label2\" content=\"Tempo estimado de leitura\" \/>\n\t<meta name=\"twitter:data2\" content=\"2 minutos\" \/>\n<script type=\"application\/ld+json\" class=\"yoast-schema-graph\">{\"@context\":\"https:\/\/schema.org\",\"@graph\":[{\"@type\":\"WebSite\",\"@id\":\"https:\/\/honda-automoveis.pt\/blog\/#website\",\"url\":\"https:\/\/honda-automoveis.pt\/blog\/\",\"name\":\"Honda Portugal\",\"description\":\"Dreamers&#039; Blog\",\"potentialAction\":[{\"@type\":\"SearchAction\",\"target\":{\"@type\":\"EntryPoint\",\"urlTemplate\":\"https:\/\/honda-automoveis.pt\/blog\/?s={search_term_string}\"},\"query-input\":\"required name=search_term_string\"}],\"inLanguage\":\"pt-PT\"},{\"@type\":\"ImageObject\",\"@id\":\"https:\/\/honda-automoveis.pt\/blog\/o-nascimento-de-uma-marca-que-passou-despercebido\/#primaryimage\",\"inLanguage\":\"pt-PT\",\"url\":\"https:\/\/honda-automoveis.pt\/blog\/wp-content\/uploads\/2020\/05\/Mota-Honda-Super-Club.jpg\",\"contentUrl\":\"https:\/\/honda-automoveis.pt\/blog\/wp-content\/uploads\/2020\/05\/Mota-Honda-Super-Club.jpg\",\"width\":1024,\"height\":768,\"caption\":\"Mota Honda\"},{\"@type\":\"WebPage\",\"@id\":\"https:\/\/honda-automoveis.pt\/blog\/o-nascimento-de-uma-marca-que-passou-despercebido\/#webpage\",\"url\":\"https:\/\/honda-automoveis.pt\/blog\/o-nascimento-de-uma-marca-que-passou-despercebido\/\",\"name\":\"O nascimento de uma marca que passou despercebido | Honda Portugal\",\"isPartOf\":{\"@id\":\"https:\/\/honda-automoveis.pt\/blog\/#website\"},\"primaryImageOfPage\":{\"@id\":\"https:\/\/honda-automoveis.pt\/blog\/o-nascimento-de-uma-marca-que-passou-despercebido\/#primaryimage\"},\"datePublished\":\"2019-11-26T09:08:03+00:00\",\"dateModified\":\"2022-12-14T16:10:06+00:00\",\"author\":{\"@id\":\"https:\/\/honda-automoveis.pt\/blog\/#\/schema\/person\/c70c4eb024d2c3c1ee18d065ce21b29d\"},\"description\":\"A Honda nasceu pouco depois do final da Segunda Guerra Mundial. Descubra mais curiosidades sobre os in\u00edcios da hist\u00f3ria da marca.\",\"breadcrumb\":{\"@id\":\"https:\/\/honda-automoveis.pt\/blog\/o-nascimento-de-uma-marca-que-passou-despercebido\/#breadcrumb\"},\"inLanguage\":\"pt-PT\",\"potentialAction\":[{\"@type\":\"ReadAction\",\"target\":[\"https:\/\/honda-automoveis.pt\/blog\/o-nascimento-de-uma-marca-que-passou-despercebido\/\"]}]},{\"@type\":\"BreadcrumbList\",\"@id\":\"https:\/\/honda-automoveis.pt\/blog\/o-nascimento-de-uma-marca-que-passou-despercebido\/#breadcrumb\",\"itemListElement\":[{\"@type\":\"ListItem\",\"position\":1,\"name\":\"In\u00edcio\",\"item\":\"https:\/\/honda-automoveis.pt\/blog\/\"},{\"@type\":\"ListItem\",\"position\":2,\"name\":\"O nascimento de uma marca que passou despercebido\"}]},{\"@type\":\"Person\",\"@id\":\"https:\/\/honda-automoveis.pt\/blog\/#\/schema\/person\/c70c4eb024d2c3c1ee18d065ce21b29d\",\"name\":\"Honda News Spot\",\"image\":{\"@type\":\"ImageObject\",\"@id\":\"https:\/\/honda-automoveis.pt\/blog\/#personlogo\",\"inLanguage\":\"pt-PT\",\"url\":\"https:\/\/honda-automoveis.pt\/blog\/wp-content\/uploads\/2019\/11\/logo-150x150.jpg\",\"contentUrl\":\"https:\/\/honda-automoveis.pt\/blog\/wp-content\/uploads\/2019\/11\/logo-150x150.jpg\",\"caption\":\"Honda News Spot\"},\"description\":\"O Honda News Spot nasce, em 2013, da paix\u00e3o da sua fundadora pela marca de Soichiro Honda e admira\u00e7\u00e3o pela filosofia e valores desta. Com uma presen\u00e7a exclusivamente online, atrav\u00e9s do portal e de v\u00e1rias redes sociais, e com o intuito de agregar e disponibilizar informa\u00e7\u00e3o em portugu\u00eas relacionada com a marca japonesa, o HNS abrange atualmente v\u00e1rios temas, desde autom\u00f3vel, motos, tecnologia, curiosidades, hist\u00f3ria, assim como ensaios \u00e0s viaturas.\",\"sameAs\":[\"http:\/\/hondanewspot.com\"],\"url\":\"https:\/\/honda-automoveis.pt\/blog\/author\/honda-news-spot\/\"}]}<\/script>\n<!-- \/ Yoast SEO plugin. -->","yoast_head_json":{"title":"O nascimento de uma marca que passou despercebido | Honda Portugal","description":"A Honda nasceu pouco depois do final da Segunda Guerra Mundial. Descubra mais curiosidades sobre os in\u00edcios da hist\u00f3ria da marca.","robots":{"index":"index","follow":"follow","max-snippet":"max-snippet:-1","max-image-preview":"max-image-preview:large","max-video-preview":"max-video-preview:-1"},"canonical":"https:\/\/honda-automoveis.pt\/blog\/o-nascimento-de-uma-marca-que-passou-despercebido\/","og_locale":"pt_PT","og_type":"article","og_title":"O nascimento de uma marca que passou despercebido | Honda Portugal","og_description":"A Honda nasceu pouco depois do final da Segunda Guerra Mundial. Descubra mais curiosidades sobre os in\u00edcios da hist\u00f3ria da marca.","og_url":"https:\/\/honda-automoveis.pt\/blog\/o-nascimento-de-uma-marca-que-passou-despercebido\/","og_site_name":"Honda Portugal","article_published_time":"2019-11-26T09:08:03+00:00","article_modified_time":"2022-12-14T16:10:06+00:00","og_image":[{"width":1024,"height":768,"url":"https:\/\/honda-automoveis.pt\/blog\/wp-content\/uploads\/2020\/05\/Mota-Honda-Super-Club.jpg","type":"image\/jpeg"}],"twitter_card":"summary_large_image","twitter_misc":{"Escrito por":"Honda News Spot","Tempo estimado de leitura":"2 minutos"},"schema":{"@context":"https:\/\/schema.org","@graph":[{"@type":"WebSite","@id":"https:\/\/honda-automoveis.pt\/blog\/#website","url":"https:\/\/honda-automoveis.pt\/blog\/","name":"Honda Portugal","description":"Dreamers&#039; Blog","potentialAction":[{"@type":"SearchAction","target":{"@type":"EntryPoint","urlTemplate":"https:\/\/honda-automoveis.pt\/blog\/?s={search_term_string}"},"query-input":"required name=search_term_string"}],"inLanguage":"pt-PT"},{"@type":"ImageObject","@id":"https:\/\/honda-automoveis.pt\/blog\/o-nascimento-de-uma-marca-que-passou-despercebido\/#primaryimage","inLanguage":"pt-PT","url":"https:\/\/honda-automoveis.pt\/blog\/wp-content\/uploads\/2020\/05\/Mota-Honda-Super-Club.jpg","contentUrl":"https:\/\/honda-automoveis.pt\/blog\/wp-content\/uploads\/2020\/05\/Mota-Honda-Super-Club.jpg","width":1024,"height":768,"caption":"Mota Honda"},{"@type":"WebPage","@id":"https:\/\/honda-automoveis.pt\/blog\/o-nascimento-de-uma-marca-que-passou-despercebido\/#webpage","url":"https:\/\/honda-automoveis.pt\/blog\/o-nascimento-de-uma-marca-que-passou-despercebido\/","name":"O nascimento de uma marca que passou despercebido | Honda Portugal","isPartOf":{"@id":"https:\/\/honda-automoveis.pt\/blog\/#website"},"primaryImageOfPage":{"@id":"https:\/\/honda-automoveis.pt\/blog\/o-nascimento-de-uma-marca-que-passou-despercebido\/#primaryimage"},"datePublished":"2019-11-26T09:08:03+00:00","dateModified":"2022-12-14T16:10:06+00:00","author":{"@id":"https:\/\/honda-automoveis.pt\/blog\/#\/schema\/person\/c70c4eb024d2c3c1ee18d065ce21b29d"},"description":"A Honda nasceu pouco depois do final da Segunda Guerra Mundial. Descubra mais curiosidades sobre os in\u00edcios da hist\u00f3ria da marca.","breadcrumb":{"@id":"https:\/\/honda-automoveis.pt\/blog\/o-nascimento-de-uma-marca-que-passou-despercebido\/#breadcrumb"},"inLanguage":"pt-PT","potentialAction":[{"@type":"ReadAction","target":["https:\/\/honda-automoveis.pt\/blog\/o-nascimento-de-uma-marca-que-passou-despercebido\/"]}]},{"@type":"BreadcrumbList","@id":"https:\/\/honda-automoveis.pt\/blog\/o-nascimento-de-uma-marca-que-passou-despercebido\/#breadcrumb","itemListElement":[{"@type":"ListItem","position":1,"name":"In\u00edcio","item":"https:\/\/honda-automoveis.pt\/blog\/"},{"@type":"ListItem","position":2,"name":"O nascimento de uma marca que passou despercebido"}]},{"@type":"Person","@id":"https:\/\/honda-automoveis.pt\/blog\/#\/schema\/person\/c70c4eb024d2c3c1ee18d065ce21b29d","name":"Honda News Spot","image":{"@type":"ImageObject","@id":"https:\/\/honda-automoveis.pt\/blog\/#personlogo","inLanguage":"pt-PT","url":"https:\/\/honda-automoveis.pt\/blog\/wp-content\/uploads\/2019\/11\/logo-150x150.jpg","contentUrl":"https:\/\/honda-automoveis.pt\/blog\/wp-content\/uploads\/2019\/11\/logo-150x150.jpg","caption":"Honda News Spot"},"description":"O Honda News Spot nasce, em 2013, da paix\u00e3o da sua fundadora pela marca de Soichiro Honda e admira\u00e7\u00e3o pela filosofia e valores desta. Com uma presen\u00e7a exclusivamente online, atrav\u00e9s do portal e de v\u00e1rias redes sociais, e com o intuito de agregar e disponibilizar informa\u00e7\u00e3o em portugu\u00eas relacionada com a marca japonesa, o HNS abrange atualmente v\u00e1rios temas, desde autom\u00f3vel, motos, tecnologia, curiosidades, hist\u00f3ria, assim como ensaios \u00e0s viaturas.","sameAs":["http:\/\/hondanewspot.com"],"url":"https:\/\/honda-automoveis.pt\/blog\/author\/honda-news-spot\/"}]}},"_links":{"self":[{"href":"https:\/\/honda-automoveis.pt\/blog\/wp-json\/wp\/v2\/posts\/1522"}],"collection":[{"href":"https:\/\/honda-automoveis.pt\/blog\/wp-json\/wp\/v2\/posts"}],"about":[{"href":"https:\/\/honda-automoveis.pt\/blog\/wp-json\/wp\/v2\/types\/post"}],"author":[{"embeddable":true,"href":"https:\/\/honda-automoveis.pt\/blog\/wp-json\/wp\/v2\/users\/16"}],"replies":[{"embeddable":true,"href":"https:\/\/honda-automoveis.pt\/blog\/wp-json\/wp\/v2\/comments?post=1522"}],"version-history":[{"count":8,"href":"https:\/\/honda-automoveis.pt\/blog\/wp-json\/wp\/v2\/posts\/1522\/revisions"}],"predecessor-version":[{"id":4241,"href":"https:\/\/honda-automoveis.pt\/blog\/wp-json\/wp\/v2\/posts\/1522\/revisions\/4241"}],"wp:featuredmedia":[{"embeddable":true,"href":"https:\/\/honda-automoveis.pt\/blog\/wp-json\/wp\/v2\/media\/3262"}],"wp:attachment":[{"href":"https:\/\/honda-automoveis.pt\/blog\/wp-json\/wp\/v2\/media?parent=1522"}],"wp:term":[{"taxonomy":"category","embeddable":true,"href":"https:\/\/honda-automoveis.pt\/blog\/wp-json\/wp\/v2\/categories?post=1522"},{"taxonomy":"post_tag","embeddable":true,"href":"https:\/\/honda-automoveis.pt\/blog\/wp-json\/wp\/v2\/tags?post=1522"}],"curies":[{"name":"wp","href":"https:\/\/api.w.org\/{rel}","templated":true}]}}