{"id":1610,"date":"2019-11-30T15:33:50","date_gmt":"2019-11-30T15:33:50","guid":{"rendered":"https:\/\/honda-automoveis.pt\/blog\/?p=1610"},"modified":"2020-06-26T16:38:11","modified_gmt":"2020-06-26T16:38:11","slug":"da-lousa-a-penacova-o-segundo-dia","status":"publish","type":"post","link":"https:\/\/honda-automoveis.pt\/blog\/da-lousa-a-penacova-o-segundo-dia\/","title":{"rendered":"Etapa 3 &#8211; O Segundo Dia: da Lous\u00e3 a Penacova"},"content":{"rendered":"<p>Acord\u00e1mos cedo para n\u00e3o perdermos nada do nosso dia, que seria bem mais curto do que o <a href=\"https:\/\/honda-automoveis.pt\/blog\/de-pedrogao-grande-a-lousa-o-primeiro-dia\/\" target=\"_blank\" rel=\"noopener noreferrer\">primeiro<\/a> e que nos levou de Pedr\u00f3g\u00e3o Grande at\u00e9 G\u00f3is e at\u00e9 \u00e0 Lous\u00e3. A chuva parecia ter-se levantado connosco j\u00e1 que o dia piorara em rela\u00e7\u00e3o ao anterior.<\/p>\n<p>Come\u00e7\u00e1mos a fazer contas a tudo o que hav\u00edamos planeado para esse dia e se ter\u00edamos que reformular de alguma forma, mas quem viaja arrisca e decidimos deixar tudo como inicialmente plane\u00e1ramos.<\/p>\n<p><img loading=\"lazy\" class=\"alignnone wp-image-3552 size-full\" src=\"https:\/\/honda-automoveis.pt\/blog\/wp-content\/uploads\/2020\/06\/Honda-HR-V-Roadtrip-Honda-N2.jpg\" alt=\"Honda HR-V na estrada\" width=\"1024\" height=\"668\" srcset=\"https:\/\/honda-automoveis.pt\/blog\/wp-content\/uploads\/2020\/06\/Honda-HR-V-Roadtrip-Honda-N2.jpg 1024w, https:\/\/honda-automoveis.pt\/blog\/wp-content\/uploads\/2020\/06\/Honda-HR-V-Roadtrip-Honda-N2-300x196.jpg 300w, https:\/\/honda-automoveis.pt\/blog\/wp-content\/uploads\/2020\/06\/Honda-HR-V-Roadtrip-Honda-N2-768x501.jpg 768w\" sizes=\"(max-width: 1024px) 100vw, 1024px\" \/><\/p>\n<p><strong>Da Lous\u00e3 seguimos em dire\u00e7\u00e3o a Vila Nova de Poiares<\/strong>, orgulhosamente a capital universal da Chanfana. Dizem que esta vila teve a sua origem numa albergaria, mandada construir pela esposa do rei D. Sancho I, de seu nome Albergaria de Poiares. Foi, em 1905, elevada a vila.<\/p>\n<h2>Os Moinhos de Gavinhos<\/h2>\n<p>Com a chuva a intensificar-se, continu\u00e1mos o nosso caminho at\u00e9 Penacova, por onde tamb\u00e9m o rei D. Sancho I passou. A Estrada Nacional 2 levou-nos at\u00e9 aos Moinhos de Gavinhos, um conjunto de 14 moinhos que, no topo da serra, aguardam o vento.<\/p>\n<p><strong>A vista aqui \u00e9 fabulosa<\/strong> e talvez por isso \u00e9 que nos apontaram logo para este local. Por entre os moinhos, destaca-se uma gigante imagem do Imaculado Cora\u00e7\u00e3o de Maria que serve de miradouro. Fa\u00e7a um desvio at\u00e9 c\u00e1, valer\u00e1 sempre a pena.<\/p>\n<p><img loading=\"lazy\" class=\"alignnone wp-image-3553 size-full\" src=\"https:\/\/honda-automoveis.pt\/blog\/wp-content\/uploads\/2020\/06\/Log\u00f3tipo-Honda-Folhas.jpg\" alt=\"Log\u00f3tipo Honda\" width=\"1024\" height=\"683\" srcset=\"https:\/\/honda-automoveis.pt\/blog\/wp-content\/uploads\/2020\/06\/Log\u00f3tipo-Honda-Folhas.jpg 1024w, https:\/\/honda-automoveis.pt\/blog\/wp-content\/uploads\/2020\/06\/Log\u00f3tipo-Honda-Folhas-300x200.jpg 300w, https:\/\/honda-automoveis.pt\/blog\/wp-content\/uploads\/2020\/06\/Log\u00f3tipo-Honda-Folhas-768x512.jpg 768w\" sizes=\"(max-width: 1024px) 100vw, 1024px\" \/><\/p>\n<p>Em dias de chuva n\u00e3o conv\u00e9m estarmos em campo aberto a n\u00e3o ser que queiramos levar de recorda\u00e7\u00e3o uma bonita constipa\u00e7\u00e3o. Por isso, <strong>fomos at\u00e9 ao centro da Vila de Penacova para nos refugiarmos da chuva num caf\u00e9<\/strong>, aguardando que o tempo nos permitisse continuar viagem. Distra\u00edmo-nos com os doces regionais de Penacova at\u00e9 que chegou a hora de nos deliciarmos com outro tipo de iguarias.<\/p>\n<p>Com o tempo a n\u00e3o dar descanso, decidimos que o melhor era mesmo seguir o conselho do cantor Jos\u00e9 Afonso e embalar as trouxas e zarpar de regresso ao Porto. Na bagagem j\u00e1 levamos uma <a href=\"https:\/\/honda-automoveis.pt\/blog\/etapa-4-o-primeiro-dia-santa-comba-dao-a-viseu\/\" target=\"_blank\" rel=\"noopener noreferrer\">quarta etapa<\/a> pronta a arrancar.<\/p>\n","protected":false},"excerpt":{"rendered":"<p>Acord\u00e1mos cedo para n\u00e3o perdermos nada do nosso dia, que seria bem mais curto do que o primeiro e que nos levou de Pedr\u00f3g\u00e3o Grande at\u00e9 G\u00f3is e at\u00e9 \u00e0 Lous\u00e3. A chuva parecia ter-se levantado connosco j\u00e1 que o dia piorara em rela\u00e7\u00e3o ao anterior.<\/p>\n","protected":false},"author":4,"featured_media":3555,"comment_status":"open","ping_status":"open","sticky":false,"template":"","format":"standard","meta":[],"categories":[86],"tags":[155,87,154],"yoast_head":"<!-- This site is optimized with the Yoast SEO plugin v18.5 - https:\/\/yoast.com\/wordpress\/plugins\/seo\/ -->\n<title>Etapa 3 - O Segundo Dia: da Lous\u00e3 a Penacova | Honda Portugal<\/title>\n<meta name=\"description\" content=\"O segundo dia da terceira etapa da roadtrip com a Honda pela Estrada Nacional 2 foi de Lous\u00e3 a Penacova. Descubra mais aqui.\" \/>\n<meta name=\"robots\" content=\"index, follow, max-snippet:-1, max-image-preview:large, max-video-preview:-1\" \/>\n<link rel=\"canonical\" href=\"https:\/\/honda-automoveis.pt\/blog\/da-lousa-a-penacova-o-segundo-dia\/\" \/>\n<meta property=\"og:locale\" content=\"pt_PT\" \/>\n<meta property=\"og:type\" content=\"article\" \/>\n<meta property=\"og:title\" content=\"Etapa 3 - O Segundo Dia: da Lous\u00e3 a Penacova | Honda Portugal\" \/>\n<meta property=\"og:description\" content=\"O segundo dia da terceira etapa da roadtrip com a Honda pela Estrada Nacional 2 foi de Lous\u00e3 a Penacova. Descubra mais aqui.\" \/>\n<meta property=\"og:url\" content=\"https:\/\/honda-automoveis.pt\/blog\/da-lousa-a-penacova-o-segundo-dia\/\" \/>\n<meta property=\"og:site_name\" content=\"Honda Portugal\" \/>\n<meta property=\"article:published_time\" content=\"2019-11-30T15:33:50+00:00\" \/>\n<meta property=\"article:modified_time\" content=\"2020-06-26T16:38:11+00:00\" \/>\n<meta property=\"og:image\" content=\"https:\/\/honda-automoveis.pt\/blog\/wp-content\/uploads\/2020\/06\/Honda-Civic-Honda-HR-V-Roadtrip-N2.jpg\" \/>\n\t<meta property=\"og:image:width\" content=\"1024\" \/>\n\t<meta property=\"og:image:height\" content=\"683\" \/>\n\t<meta property=\"og:image:type\" content=\"image\/jpeg\" \/>\n<meta name=\"twitter:card\" content=\"summary_large_image\" \/>\n<meta name=\"twitter:label1\" content=\"Escrito por\" \/>\n\t<meta name=\"twitter:data1\" content=\"Honda Portugal Autom\u00f3veis\" \/>\n\t<meta name=\"twitter:label2\" content=\"Tempo estimado de leitura\" \/>\n\t<meta name=\"twitter:data2\" content=\"2 minutos\" \/>\n<script type=\"application\/ld+json\" class=\"yoast-schema-graph\">{\"@context\":\"https:\/\/schema.org\",\"@graph\":[{\"@type\":\"WebSite\",\"@id\":\"https:\/\/honda-automoveis.pt\/blog\/#website\",\"url\":\"https:\/\/honda-automoveis.pt\/blog\/\",\"name\":\"Honda Portugal\",\"description\":\"Dreamers&#039; Blog\",\"potentialAction\":[{\"@type\":\"SearchAction\",\"target\":{\"@type\":\"EntryPoint\",\"urlTemplate\":\"https:\/\/honda-automoveis.pt\/blog\/?s={search_term_string}\"},\"query-input\":\"required name=search_term_string\"}],\"inLanguage\":\"pt-PT\"},{\"@type\":\"ImageObject\",\"@id\":\"https:\/\/honda-automoveis.pt\/blog\/da-lousa-a-penacova-o-segundo-dia\/#primaryimage\",\"inLanguage\":\"pt-PT\",\"url\":\"https:\/\/honda-automoveis.pt\/blog\/wp-content\/uploads\/2020\/06\/Honda-Civic-Honda-HR-V-Roadtrip-N2.jpg\",\"contentUrl\":\"https:\/\/honda-automoveis.pt\/blog\/wp-content\/uploads\/2020\/06\/Honda-Civic-Honda-HR-V-Roadtrip-N2.jpg\",\"width\":1024,\"height\":683,\"caption\":\"Moinhos de Gavinhos com o Honda Civic e o Honda HR-V\"},{\"@type\":\"WebPage\",\"@id\":\"https:\/\/honda-automoveis.pt\/blog\/da-lousa-a-penacova-o-segundo-dia\/#webpage\",\"url\":\"https:\/\/honda-automoveis.pt\/blog\/da-lousa-a-penacova-o-segundo-dia\/\",\"name\":\"Etapa 3 - O Segundo Dia: da Lous\u00e3 a Penacova | Honda Portugal\",\"isPartOf\":{\"@id\":\"https:\/\/honda-automoveis.pt\/blog\/#website\"},\"primaryImageOfPage\":{\"@id\":\"https:\/\/honda-automoveis.pt\/blog\/da-lousa-a-penacova-o-segundo-dia\/#primaryimage\"},\"datePublished\":\"2019-11-30T15:33:50+00:00\",\"dateModified\":\"2020-06-26T16:38:11+00:00\",\"author\":{\"@id\":\"https:\/\/honda-automoveis.pt\/blog\/#\/schema\/person\/7f8ab873bdf8dbd771f0d57531954f87\"},\"description\":\"O segundo dia da terceira etapa da roadtrip com a Honda pela Estrada Nacional 2 foi de Lous\u00e3 a Penacova. Descubra mais aqui.\",\"breadcrumb\":{\"@id\":\"https:\/\/honda-automoveis.pt\/blog\/da-lousa-a-penacova-o-segundo-dia\/#breadcrumb\"},\"inLanguage\":\"pt-PT\",\"potentialAction\":[{\"@type\":\"ReadAction\",\"target\":[\"https:\/\/honda-automoveis.pt\/blog\/da-lousa-a-penacova-o-segundo-dia\/\"]}]},{\"@type\":\"BreadcrumbList\",\"@id\":\"https:\/\/honda-automoveis.pt\/blog\/da-lousa-a-penacova-o-segundo-dia\/#breadcrumb\",\"itemListElement\":[{\"@type\":\"ListItem\",\"position\":1,\"name\":\"In\u00edcio\",\"item\":\"https:\/\/honda-automoveis.pt\/blog\/\"},{\"@type\":\"ListItem\",\"position\":2,\"name\":\"Etapa 3 &#8211; O Segundo Dia: da Lous\u00e3 a Penacova\"}]},{\"@type\":\"Person\",\"@id\":\"https:\/\/honda-automoveis.pt\/blog\/#\/schema\/person\/7f8ab873bdf8dbd771f0d57531954f87\",\"name\":\"Honda Portugal Autom\u00f3veis\",\"image\":{\"@type\":\"ImageObject\",\"@id\":\"https:\/\/honda-automoveis.pt\/blog\/#personlogo\",\"inLanguage\":\"pt-PT\",\"url\":\"https:\/\/honda-automoveis.pt\/blog\/wp-content\/uploads\/2023\/06\/logo_perfil-150x150.png\",\"contentUrl\":\"https:\/\/honda-automoveis.pt\/blog\/wp-content\/uploads\/2023\/06\/logo_perfil-150x150.png\",\"caption\":\"Honda Portugal Autom\u00f3veis\"},\"description\":\"A Honda chegou a Portugal em 1968, preparada para conquistar os portugueses com a sua inovadora tecnologia e os melhores e mais fi\u00e1veis autom\u00f3veis. Com uma longa hist\u00f3ria de sucesso no nosso pa\u00eds, a Honda conquistou uma verdadeira comunidade de f\u00e3s, que reconhecem na marca a fiabilidade, seguran\u00e7a e tecnologia que nos caracterizam. A competi\u00e7\u00e3o e a performance est\u00e3o no nosso ADN e \u00e9 por isso que, diariamente, continuamos a trabalhar para que todas as viagens sejam verdadeiramente emocionantes.\",\"url\":\"https:\/\/honda-automoveis.pt\/blog\/author\/honda-portugal\/\"}]}<\/script>\n<!-- \/ Yoast SEO plugin. -->","yoast_head_json":{"title":"Etapa 3 - O Segundo Dia: da Lous\u00e3 a Penacova | Honda Portugal","description":"O segundo dia da terceira etapa da roadtrip com a Honda pela Estrada Nacional 2 foi de Lous\u00e3 a Penacova. Descubra mais aqui.","robots":{"index":"index","follow":"follow","max-snippet":"max-snippet:-1","max-image-preview":"max-image-preview:large","max-video-preview":"max-video-preview:-1"},"canonical":"https:\/\/honda-automoveis.pt\/blog\/da-lousa-a-penacova-o-segundo-dia\/","og_locale":"pt_PT","og_type":"article","og_title":"Etapa 3 - O Segundo Dia: da Lous\u00e3 a Penacova | Honda Portugal","og_description":"O segundo dia da terceira etapa da roadtrip com a Honda pela Estrada Nacional 2 foi de Lous\u00e3 a Penacova. Descubra mais aqui.","og_url":"https:\/\/honda-automoveis.pt\/blog\/da-lousa-a-penacova-o-segundo-dia\/","og_site_name":"Honda Portugal","article_published_time":"2019-11-30T15:33:50+00:00","article_modified_time":"2020-06-26T16:38:11+00:00","og_image":[{"width":1024,"height":683,"url":"https:\/\/honda-automoveis.pt\/blog\/wp-content\/uploads\/2020\/06\/Honda-Civic-Honda-HR-V-Roadtrip-N2.jpg","type":"image\/jpeg"}],"twitter_card":"summary_large_image","twitter_misc":{"Escrito por":"Honda Portugal Autom\u00f3veis","Tempo estimado de leitura":"2 minutos"},"schema":{"@context":"https:\/\/schema.org","@graph":[{"@type":"WebSite","@id":"https:\/\/honda-automoveis.pt\/blog\/#website","url":"https:\/\/honda-automoveis.pt\/blog\/","name":"Honda Portugal","description":"Dreamers&#039; Blog","potentialAction":[{"@type":"SearchAction","target":{"@type":"EntryPoint","urlTemplate":"https:\/\/honda-automoveis.pt\/blog\/?s={search_term_string}"},"query-input":"required name=search_term_string"}],"inLanguage":"pt-PT"},{"@type":"ImageObject","@id":"https:\/\/honda-automoveis.pt\/blog\/da-lousa-a-penacova-o-segundo-dia\/#primaryimage","inLanguage":"pt-PT","url":"https:\/\/honda-automoveis.pt\/blog\/wp-content\/uploads\/2020\/06\/Honda-Civic-Honda-HR-V-Roadtrip-N2.jpg","contentUrl":"https:\/\/honda-automoveis.pt\/blog\/wp-content\/uploads\/2020\/06\/Honda-Civic-Honda-HR-V-Roadtrip-N2.jpg","width":1024,"height":683,"caption":"Moinhos de Gavinhos com o Honda Civic e o Honda HR-V"},{"@type":"WebPage","@id":"https:\/\/honda-automoveis.pt\/blog\/da-lousa-a-penacova-o-segundo-dia\/#webpage","url":"https:\/\/honda-automoveis.pt\/blog\/da-lousa-a-penacova-o-segundo-dia\/","name":"Etapa 3 - O Segundo Dia: da Lous\u00e3 a Penacova | Honda Portugal","isPartOf":{"@id":"https:\/\/honda-automoveis.pt\/blog\/#website"},"primaryImageOfPage":{"@id":"https:\/\/honda-automoveis.pt\/blog\/da-lousa-a-penacova-o-segundo-dia\/#primaryimage"},"datePublished":"2019-11-30T15:33:50+00:00","dateModified":"2020-06-26T16:38:11+00:00","author":{"@id":"https:\/\/honda-automoveis.pt\/blog\/#\/schema\/person\/7f8ab873bdf8dbd771f0d57531954f87"},"description":"O segundo dia da terceira etapa da roadtrip com a Honda pela Estrada Nacional 2 foi de Lous\u00e3 a Penacova. Descubra mais aqui.","breadcrumb":{"@id":"https:\/\/honda-automoveis.pt\/blog\/da-lousa-a-penacova-o-segundo-dia\/#breadcrumb"},"inLanguage":"pt-PT","potentialAction":[{"@type":"ReadAction","target":["https:\/\/honda-automoveis.pt\/blog\/da-lousa-a-penacova-o-segundo-dia\/"]}]},{"@type":"BreadcrumbList","@id":"https:\/\/honda-automoveis.pt\/blog\/da-lousa-a-penacova-o-segundo-dia\/#breadcrumb","itemListElement":[{"@type":"ListItem","position":1,"name":"In\u00edcio","item":"https:\/\/honda-automoveis.pt\/blog\/"},{"@type":"ListItem","position":2,"name":"Etapa 3 &#8211; O Segundo Dia: da Lous\u00e3 a Penacova"}]},{"@type":"Person","@id":"https:\/\/honda-automoveis.pt\/blog\/#\/schema\/person\/7f8ab873bdf8dbd771f0d57531954f87","name":"Honda Portugal Autom\u00f3veis","image":{"@type":"ImageObject","@id":"https:\/\/honda-automoveis.pt\/blog\/#personlogo","inLanguage":"pt-PT","url":"https:\/\/honda-automoveis.pt\/blog\/wp-content\/uploads\/2023\/06\/logo_perfil-150x150.png","contentUrl":"https:\/\/honda-automoveis.pt\/blog\/wp-content\/uploads\/2023\/06\/logo_perfil-150x150.png","caption":"Honda Portugal Autom\u00f3veis"},"description":"A Honda chegou a Portugal em 1968, preparada para conquistar os portugueses com a sua inovadora tecnologia e os melhores e mais fi\u00e1veis autom\u00f3veis. Com uma longa hist\u00f3ria de sucesso no nosso pa\u00eds, a Honda conquistou uma verdadeira comunidade de f\u00e3s, que reconhecem na marca a fiabilidade, seguran\u00e7a e tecnologia que nos caracterizam. A competi\u00e7\u00e3o e a performance est\u00e3o no nosso ADN e \u00e9 por isso que, diariamente, continuamos a trabalhar para que todas as viagens sejam verdadeiramente emocionantes.","url":"https:\/\/honda-automoveis.pt\/blog\/author\/honda-portugal\/"}]}},"_links":{"self":[{"href":"https:\/\/honda-automoveis.pt\/blog\/wp-json\/wp\/v2\/posts\/1610"}],"collection":[{"href":"https:\/\/honda-automoveis.pt\/blog\/wp-json\/wp\/v2\/posts"}],"about":[{"href":"https:\/\/honda-automoveis.pt\/blog\/wp-json\/wp\/v2\/types\/post"}],"author":[{"embeddable":true,"href":"https:\/\/honda-automoveis.pt\/blog\/wp-json\/wp\/v2\/users\/4"}],"replies":[{"embeddable":true,"href":"https:\/\/honda-automoveis.pt\/blog\/wp-json\/wp\/v2\/comments?post=1610"}],"version-history":[{"count":10,"href":"https:\/\/honda-automoveis.pt\/blog\/wp-json\/wp\/v2\/posts\/1610\/revisions"}],"predecessor-version":[{"id":4267,"href":"https:\/\/honda-automoveis.pt\/blog\/wp-json\/wp\/v2\/posts\/1610\/revisions\/4267"}],"wp:featuredmedia":[{"embeddable":true,"href":"https:\/\/honda-automoveis.pt\/blog\/wp-json\/wp\/v2\/media\/3555"}],"wp:attachment":[{"href":"https:\/\/honda-automoveis.pt\/blog\/wp-json\/wp\/v2\/media?parent=1610"}],"wp:term":[{"taxonomy":"category","embeddable":true,"href":"https:\/\/honda-automoveis.pt\/blog\/wp-json\/wp\/v2\/categories?post=1610"},{"taxonomy":"post_tag","embeddable":true,"href":"https:\/\/honda-automoveis.pt\/blog\/wp-json\/wp\/v2\/tags?post=1610"}],"curies":[{"name":"wp","href":"https:\/\/api.w.org\/{rel}","templated":true}]}}