{"id":1703,"date":"2020-01-15T11:07:39","date_gmt":"2020-01-15T11:07:39","guid":{"rendered":"https:\/\/honda-automoveis.pt\/blog\/?p=1703"},"modified":"2020-06-26T15:59:59","modified_gmt":"2020-06-26T15:59:59","slug":"a-honda-que-nao-conheces-dos-robots-aos-avioes","status":"publish","type":"post","link":"https:\/\/honda-automoveis.pt\/blog\/a-honda-que-nao-conheces-dos-robots-aos-avioes\/","title":{"rendered":"A Honda que n\u00e3o conhece (dos rob\u00f4s aos avi\u00f5es)"},"content":{"rendered":"<p>A \u00e1rea de atua\u00e7\u00e3o da <strong>Honda<\/strong> \u00e9 mais abrangente do que a ind\u00fastria autom\u00f3vel. Desde rob\u00f4s a avi\u00f5es, a Honda parece fazer de tudo um pouco. Conhecida pela maioria das pessoas pela sua divis\u00e3o autom\u00f3vel, n\u00e3o deixa de ser curioso que esta n\u00e3o tenha sido uma das primeiras a nascer no universo Honda. Se a Honda Motor Co. Lda. nasceu em 1948 e a produ\u00e7\u00e3o autom\u00f3vel s\u00f3 come\u00e7ou em 1963, o que \u00e9 que andou a Honda a fazer at\u00e9 l\u00e1?<\/p>\n<p>A verdade \u00e9 que desde motores auxiliares para bicicletas at\u00e9 motocultivadores, passando por motas, antes de o primeiro autom\u00f3vel <a href=\"https:\/\/honda-automoveis.pt\/\" target=\"_blank\" rel=\"noopener noreferrer\">Honda<\/a> sair da linha de produ\u00e7\u00e3o, j\u00e1 o nome Honda surgia em v\u00e1rios ve\u00edculos e m\u00e1quinas um pouco por todo o lado.<\/p>\n<h2>Motas: os prim\u00f3rdios da Honda<\/h2>\n<p>O in\u00edcio da Honda deu-se com apenas duas rodas, com Soichiro Honda a comprar uma s\u00e9rie de pequenos motores usados pelo ex\u00e9rcito para alimentar r\u00e1dios e vendendo-os como motores auxiliares para bicicletas. Quando o\u00a0<em>stock<\/em>\u00a0destes acabou, <strong>a Honda lan\u00e7ou-se na produ\u00e7\u00e3o dos seus pr\u00f3prios motores nascendo por essa altura a primeira mota Honda<\/strong>, a modelo A.<\/p>\n<p><img loading=\"lazy\" class=\"aligncenter wp-image-3417 size-full\" src=\"https:\/\/honda-automoveis.pt\/blog\/wp-content\/uploads\/2020\/05\/Mota-Honda.jpg\" alt=\"Bicicleta com motor Honda\" width=\"580\" height=\"430\" srcset=\"https:\/\/honda-automoveis.pt\/blog\/wp-content\/uploads\/2020\/05\/Mota-Honda.jpg 580w, https:\/\/honda-automoveis.pt\/blog\/wp-content\/uploads\/2020\/05\/Mota-Honda-300x222.jpg 300w\" sizes=\"(max-width: 580px) 100vw, 580px\" \/><\/p>\n<p>O sucesso n\u00e3o foi imediato e apesar de os modelos A, B e C venderem razoavelmente, foi preciso esperar a chegada da letra D para a Honda come\u00e7ar a obter resultados realmente satisfat\u00f3rios. Mais conhecida como Honda Dream D, apesar de um come\u00e7o tremido devido ao motor a 2 tempos, a chegada de um motor a 4 tempos tornou-a num sucesso de vendas.<\/p>\n<p>No entanto,\u00a0<strong>o maior sucesso da Honda viria a dar pelo nome de Super Cub ainda hoje em produ\u00e7\u00e3o<\/strong>. Lan\u00e7ada em 1958, dela j\u00e1 foram produzidas mais de 100 milh\u00f5es de unidades. Originalmente com apenas 50 cc, o facto de ter um motor a 4 tempos, oferecer baixos consumos, ser fi\u00e1vel e ter uma embraiagem centrifuga fizeram dela um <em>best seller.<\/em><\/p>\n<figure id=\"attachment_3419\" aria-describedby=\"caption-attachment-3419\" style=\"width: 1024px\" class=\"wp-caption alignnone\"><img loading=\"lazy\" class=\"wp-image-3419 size-full\" src=\"https:\/\/honda-automoveis.pt\/blog\/wp-content\/uploads\/2020\/05\/Honda-Mota-Super-Cub.jpg\" alt=\"Mota Honda Super Cub\" width=\"1024\" height=\"704\" srcset=\"https:\/\/honda-automoveis.pt\/blog\/wp-content\/uploads\/2020\/05\/Honda-Mota-Super-Cub.jpg 1024w, https:\/\/honda-automoveis.pt\/blog\/wp-content\/uploads\/2020\/05\/Honda-Mota-Super-Cub-300x206.jpg 300w, https:\/\/honda-automoveis.pt\/blog\/wp-content\/uploads\/2020\/05\/Honda-Mota-Super-Cub-768x528.jpg 768w\" sizes=\"(max-width: 1024px) 100vw, 1024px\" \/><figcaption id=\"caption-attachment-3419\" class=\"wp-caption-text\"><span style=\"font-size: 18px;\">Ao mesmo tempo que ia crescendo no mercado, a Honda foi apostando no desporto. A entrada deu-se em 1954 com participa\u00e7\u00f5es em provas como o famoso TT da Ilha de Man, onde s\u00f3 em 1959 a Honda conseguiu conhecer o sabor do sucesso. Escusado ser\u00e1 dizer que depois de o fazer, a marca atingiu uma dimens\u00e3o global at\u00e9 ent\u00e3o desconhecida.<\/span><\/figcaption><\/figure>\n<p>A liga\u00e7\u00e3o entre a Honda n\u00e3o ficou por a\u00ed e entre modelos citadinos como a PCX, at\u00e9 outros prontos para ir at\u00e9 ao &#8220;fim do mundo&#8221; como a\u00a0CRF1000L Africa Twin, passando por aut\u00eanticos &#8220;sof\u00e1s&#8221; como a\u00a0GL1800 Gold Wing, a <strong>Honda foi cimentando o seu papel na ind\u00fastria at\u00e9 se tornar num dos maiores construtores mundiais\u00a0de motas<\/strong>.<\/p>\n<h2>Motores Honda, na terra e na \u00e1gua<\/h2>\n<p>Desde barcos at\u00e9 motoenxadas, passando por corta-relvas ou geradores, h\u00e1 muitos anos que o nome Honda surge nos mais diversos aparelhos.<\/p>\n<p>O primeiro motor multiusos da Honda remonta a 1952, designado Type H, viria a lan\u00e7ar as bases da Power Products Division da Honda cujos produtos ainda hoje encontramos \u00e0 venda e como l\u00edderes de mercado.<\/p>\n<p>Ao Type H seguir-se-ia a primeira incurs\u00e3o da Honda pelo mundo agr\u00edcola, a motoenxada F150 em 1959. Desde ent\u00e3o, a marca nip\u00f3nica viria lan\u00e7ar muitos mais produtos dedicados a este setor, como a pequena motoenxada\u00a0F200 Komame que veio revolucionar o mercado na d\u00e9cada de 70.<\/p>\n<p><img loading=\"lazy\" class=\"alignnone wp-image-3423 size-full\" src=\"https:\/\/honda-automoveis.pt\/blog\/wp-content\/uploads\/2020\/05\/Motor-Honda-Type-H.jpg\" alt=\"Motor Honda\" width=\"850\" height=\"530\" srcset=\"https:\/\/honda-automoveis.pt\/blog\/wp-content\/uploads\/2020\/05\/Motor-Honda-Type-H.jpg 850w, https:\/\/honda-automoveis.pt\/blog\/wp-content\/uploads\/2020\/05\/Motor-Honda-Type-H-300x187.jpg 300w, https:\/\/honda-automoveis.pt\/blog\/wp-content\/uploads\/2020\/05\/Motor-Honda-Type-H-768x479.jpg 768w, https:\/\/honda-automoveis.pt\/blog\/wp-content\/uploads\/2020\/05\/Motor-Honda-Type-H-622x388.jpg 622w, https:\/\/honda-automoveis.pt\/blog\/wp-content\/uploads\/2020\/05\/Motor-Honda-Type-H-492x307.jpg 492w, https:\/\/honda-automoveis.pt\/blog\/wp-content\/uploads\/2020\/05\/Motor-Honda-Type-H-360x225.jpg 360w, https:\/\/honda-automoveis.pt\/blog\/wp-content\/uploads\/2020\/05\/Motor-Honda-Type-H-752x470.jpg 752w\" sizes=\"(max-width: 850px) 100vw, 850px\" \/><\/p>\n<p>Ainda fruto do trabalho da\u00a0Honda Power Products Division encontramos geradores, cujas origens remontam a 1963 e ao pequeno E300, motores fora de bordo destinados a barcos e que descendem do\u00a0GB30 nascido em 1964 e ainda corta-relvas como o HR21 de 1978 e cujos &#8220;descendentes&#8221; ainda hoje encontramos nos jardins de todo o mundo.<\/p>\n<h2>A Honda parte para o ar<\/h2>\n<p>Tendo em conta a paix\u00e3o de Soichiro Honda por avi\u00f5es (aos 25 anos aproveitou a distra\u00e7\u00e3o de um piloto franc\u00eas que fazia a escala em T\u00f3quio para voar pela primeira vez), n\u00e3o \u00e9 de admirar que a marca por si fundada se viesse a envolver no ramo aeron\u00e1utico.<\/p>\n<p>Assim, depois de em 1986 ter come\u00e7ado a investigar e a desenvolver\u00a0avi\u00f5es compactos e motores a jato (investiga\u00e7\u00e3o e desenvolvimentos esses que se prolongaram pela d\u00e9cada de 90), em <strong>2006 viria a ser fundada a Honda Aircraft Company<\/strong>.<\/p>\n<p><img loading=\"lazy\" class=\"alignnone wp-image-3424 size-full\" src=\"https:\/\/honda-automoveis.pt\/blog\/wp-content\/uploads\/2020\/05\/Honda-Jet-Pista.jpg\" alt=\"Honda Jet\" width=\"980\" height=\"653\" srcset=\"https:\/\/honda-automoveis.pt\/blog\/wp-content\/uploads\/2020\/05\/Honda-Jet-Pista.jpg 980w, https:\/\/honda-automoveis.pt\/blog\/wp-content\/uploads\/2020\/05\/Honda-Jet-Pista-300x200.jpg 300w, https:\/\/honda-automoveis.pt\/blog\/wp-content\/uploads\/2020\/05\/Honda-Jet-Pista-768x512.jpg 768w\" sizes=\"(max-width: 980px) 100vw, 980px\" \/><\/p>\n<p>J\u00e1 em 2015, a Honda Aircraft Company veria a entidade respons\u00e1vel pela certifica\u00e7\u00e3o de avi\u00f5es nos Estados Unidos da Am\u00e9rica, a FAA (Federal Aviation Administration), aprovar a certifica\u00e7\u00e3o do HondaJet o que permitiu \u00e0 marca come\u00e7ar a vender o seu pequeno jato.<\/p>\n<h2>Rob\u00f4s, a Honda do futuro<\/h2>\n<p>Por fim, para al\u00e9m de produzir autom\u00f3veis, motas, avi\u00f5es, motores est\u00e1ticos, motores fora de bordo e v\u00e1rias m\u00e1quinas agr\u00edcolas e dedicadas \u00e0 jardinagem, <strong>a Honda est\u00e1 tamb\u00e9m envolvida na \u00e1rea da rob\u00f3tica<\/strong>.<\/p>\n<p><img loading=\"lazy\" class=\"alignnone wp-image-3426 size-full\" src=\"https:\/\/honda-automoveis.pt\/blog\/wp-content\/uploads\/2020\/05\/Asimo-Frontal.jpg\" alt=\"Rob\u00f4 Asimo\" width=\"580\" height=\"880\" srcset=\"https:\/\/honda-automoveis.pt\/blog\/wp-content\/uploads\/2020\/05\/Asimo-Frontal.jpg 580w, https:\/\/honda-automoveis.pt\/blog\/wp-content\/uploads\/2020\/05\/Asimo-Frontal-198x300.jpg 198w\" sizes=\"(max-width: 580px) 100vw, 580px\" \/><\/p>\n<p>Atrav\u00e9s da divis\u00e3o Honda Robotics, a marca nip\u00f3nica tem vindo a desenvolver rob\u00f4s h\u00e1 j\u00e1 algumas d\u00e9cadas, sendo o melhor (e mais conhecido) exemplo do seu trabalho o <a href=\"https:\/\/honda-automoveis.pt\/blog\/asimo-um-marco-da-inteligencia-artificial\/\" target=\"_blank\" rel=\"noopener noreferrer\">ASIMO<\/a>, um rob\u00f4 human\u00f3ide de que a marca lan\u00e7ou no ano 2000 (e desde ent\u00e3o tem vindo a atualizar) e que resultou de um trabalho iniciado em 1986 para criar um rob\u00f4 que andasse como o ser humano.<\/p>\n<p>Para al\u00e9m do ASIMO, a Honda Robotics tem-se tamb\u00e9m dedicado \u00e0 <strong>cria\u00e7\u00e3o de v\u00e1rias tecnologias e rob\u00f4s destinados a ajudar o ser humano<\/strong>, principalmente indiv\u00edduos com mobilidade reduzida. Prova disso \u00e9 o\u00a03E Robotics Concept que a marca revelou no CES 2018 e que demonstra uma s\u00e9rie de tecnologias experimentais desenvolvidas para compreender as necessidades das pessoas e como as ajudar.<\/p>\n","protected":false},"excerpt":{"rendered":"<p>A \u00e1rea de atua\u00e7\u00e3o da Honda \u00e9 (bem) mais abrangente do que a ind\u00fastria autom\u00f3vel. Desde rob\u00f4s a avi\u00f5es, a Honda parece fazer de tudo um pouco.<\/p>\n","protected":false},"author":5,"featured_media":3431,"comment_status":"open","ping_status":"open","sticky":false,"template":"","format":"standard","meta":[],"categories":[1],"tags":[101,142],"yoast_head":"<!-- This site is optimized with the Yoast SEO plugin v18.5 - https:\/\/yoast.com\/wordpress\/plugins\/seo\/ -->\n<title>A Honda que n\u00e3o conhece (dos rob\u00f4s aos avi\u00f5es) | Honda Portugal<\/title>\n<meta name=\"description\" content=\"Sabia que a atividade exercida pela Honda vai para al\u00e9m da produ\u00e7\u00e3o de autom\u00f3veis? Descubra mais aqui sobre a sua presen\u00e7a na \u00e1rea da rob\u00f3tica e dos avi\u00f5es.\" \/>\n<meta name=\"robots\" content=\"index, follow, max-snippet:-1, max-image-preview:large, max-video-preview:-1\" \/>\n<link rel=\"canonical\" href=\"https:\/\/honda-automoveis.pt\/blog\/a-honda-que-nao-conheces-dos-robots-aos-avioes\/\" \/>\n<meta property=\"og:locale\" content=\"pt_PT\" \/>\n<meta property=\"og:type\" content=\"article\" \/>\n<meta property=\"og:title\" content=\"A Honda que n\u00e3o conhece (dos rob\u00f4s aos avi\u00f5es) | Honda Portugal\" \/>\n<meta property=\"og:description\" content=\"Sabia que a atividade exercida pela Honda vai para al\u00e9m da produ\u00e7\u00e3o de autom\u00f3veis? Descubra mais aqui sobre a sua presen\u00e7a na \u00e1rea da rob\u00f3tica e dos avi\u00f5es.\" \/>\n<meta property=\"og:url\" content=\"https:\/\/honda-automoveis.pt\/blog\/a-honda-que-nao-conheces-dos-robots-aos-avioes\/\" \/>\n<meta property=\"og:site_name\" content=\"Honda Portugal\" \/>\n<meta property=\"article:published_time\" content=\"2020-01-15T11:07:39+00:00\" \/>\n<meta property=\"article:modified_time\" content=\"2020-06-26T15:59:59+00:00\" \/>\n<meta property=\"og:image\" content=\"https:\/\/honda-automoveis.pt\/blog\/wp-content\/uploads\/2020\/05\/Honda-Jet-voo.jpg\" \/>\n\t<meta property=\"og:image:width\" content=\"980\" \/>\n\t<meta property=\"og:image:height\" content=\"651\" \/>\n\t<meta property=\"og:image:type\" content=\"image\/jpeg\" \/>\n<meta name=\"twitter:card\" content=\"summary_large_image\" \/>\n<meta name=\"twitter:label1\" content=\"Escrito por\" \/>\n\t<meta name=\"twitter:data1\" content=\"Raz\u00e3o Autom\u00f3vel\" \/>\n\t<meta name=\"twitter:label2\" content=\"Tempo estimado de leitura\" \/>\n\t<meta name=\"twitter:data2\" content=\"5 minutos\" \/>\n<script type=\"application\/ld+json\" class=\"yoast-schema-graph\">{\"@context\":\"https:\/\/schema.org\",\"@graph\":[{\"@type\":\"WebSite\",\"@id\":\"https:\/\/honda-automoveis.pt\/blog\/#website\",\"url\":\"https:\/\/honda-automoveis.pt\/blog\/\",\"name\":\"Honda Portugal\",\"description\":\"Dreamers&#039; Blog\",\"potentialAction\":[{\"@type\":\"SearchAction\",\"target\":{\"@type\":\"EntryPoint\",\"urlTemplate\":\"https:\/\/honda-automoveis.pt\/blog\/?s={search_term_string}\"},\"query-input\":\"required name=search_term_string\"}],\"inLanguage\":\"pt-PT\"},{\"@type\":\"ImageObject\",\"@id\":\"https:\/\/honda-automoveis.pt\/blog\/a-honda-que-nao-conheces-dos-robots-aos-avioes\/#primaryimage\",\"inLanguage\":\"pt-PT\",\"url\":\"https:\/\/honda-automoveis.pt\/blog\/wp-content\/uploads\/2020\/05\/Honda-Jet-voo.jpg\",\"contentUrl\":\"https:\/\/honda-automoveis.pt\/blog\/wp-content\/uploads\/2020\/05\/Honda-Jet-voo.jpg\",\"width\":980,\"height\":651,\"caption\":\"Avi\u00e3o Honda Jet\"},{\"@type\":\"WebPage\",\"@id\":\"https:\/\/honda-automoveis.pt\/blog\/a-honda-que-nao-conheces-dos-robots-aos-avioes\/#webpage\",\"url\":\"https:\/\/honda-automoveis.pt\/blog\/a-honda-que-nao-conheces-dos-robots-aos-avioes\/\",\"name\":\"A Honda que n\u00e3o conhece (dos rob\u00f4s aos avi\u00f5es) | Honda Portugal\",\"isPartOf\":{\"@id\":\"https:\/\/honda-automoveis.pt\/blog\/#website\"},\"primaryImageOfPage\":{\"@id\":\"https:\/\/honda-automoveis.pt\/blog\/a-honda-que-nao-conheces-dos-robots-aos-avioes\/#primaryimage\"},\"datePublished\":\"2020-01-15T11:07:39+00:00\",\"dateModified\":\"2020-06-26T15:59:59+00:00\",\"author\":{\"@id\":\"https:\/\/honda-automoveis.pt\/blog\/#\/schema\/person\/11aaad497c519fc735a0a04989593b09\"},\"description\":\"Sabia que a atividade exercida pela Honda vai para al\u00e9m da produ\u00e7\u00e3o de autom\u00f3veis? Descubra mais aqui sobre a sua presen\u00e7a na \u00e1rea da rob\u00f3tica e dos avi\u00f5es.\",\"breadcrumb\":{\"@id\":\"https:\/\/honda-automoveis.pt\/blog\/a-honda-que-nao-conheces-dos-robots-aos-avioes\/#breadcrumb\"},\"inLanguage\":\"pt-PT\",\"potentialAction\":[{\"@type\":\"ReadAction\",\"target\":[\"https:\/\/honda-automoveis.pt\/blog\/a-honda-que-nao-conheces-dos-robots-aos-avioes\/\"]}]},{\"@type\":\"BreadcrumbList\",\"@id\":\"https:\/\/honda-automoveis.pt\/blog\/a-honda-que-nao-conheces-dos-robots-aos-avioes\/#breadcrumb\",\"itemListElement\":[{\"@type\":\"ListItem\",\"position\":1,\"name\":\"In\u00edcio\",\"item\":\"https:\/\/honda-automoveis.pt\/blog\/\"},{\"@type\":\"ListItem\",\"position\":2,\"name\":\"A Honda que n\u00e3o conhece (dos rob\u00f4s aos avi\u00f5es)\"}]},{\"@type\":\"Person\",\"@id\":\"https:\/\/honda-automoveis.pt\/blog\/#\/schema\/person\/11aaad497c519fc735a0a04989593b09\",\"name\":\"Raz\u00e3o Autom\u00f3vel\",\"image\":{\"@type\":\"ImageObject\",\"@id\":\"https:\/\/honda-automoveis.pt\/blog\/#personlogo\",\"inLanguage\":\"pt-PT\",\"url\":\"https:\/\/honda-automoveis.pt\/blog\/wp-content\/uploads\/2019\/08\/dc2ecac936786bbd19fd9921fd2cb5b9-150x150.jpg\",\"contentUrl\":\"https:\/\/honda-automoveis.pt\/blog\/wp-content\/uploads\/2019\/08\/dc2ecac936786bbd19fd9921fd2cb5b9-150x150.jpg\",\"caption\":\"Raz\u00e3o Autom\u00f3vel\"},\"description\":\"A Raz\u00e3o Autom\u00f3vel \u00e9 uma publica\u00e7\u00e3o online di\u00e1ria, de \u00e2mbito nacional, que assenta a sua distribui\u00e7\u00e3o em diversas plataformas inform\u00e1ticas, com especializa\u00e7\u00e3o noticiosa no ramo autom\u00f3vel. Atendemos ao fen\u00f3meno autom\u00f3vel de forma hol\u00edstica, compreendendo n\u00e3o s\u00f3 o autom\u00f3vel em si, mas tudo o que lhe diz respeito: mobilidade, ambiente, tecnologia, desporto, com\u00e9rcio e ind\u00fastria. Para a Raz\u00e3o Autom\u00f3vel o autom\u00f3vel \u00e9 tamb\u00e9m uma manifesta\u00e7\u00e3o social, cultural e pessoal. Acreditamos, portanto, que \u00e9 poss\u00edvel descrever o autom\u00f3vel da mesma forma que se vive o fen\u00f3meno: com emo\u00e7\u00e3o. \u00c9 essa a nossa raz\u00e3o, a Raz\u00e3o Autom\u00f3vel. A Raz\u00e3o Autom\u00f3vel \u00e9 J\u00fari Permanente do pr\u00e9mio nacional Carro do Ano Volante de Cristal e J\u00fari do World Car Awards, o mais relevante pr\u00e9mio da ind\u00fastria autom\u00f3vel a n\u00edvel mundial.\",\"sameAs\":[\"https:\/\/www.razaoautomovel.com\"],\"url\":\"https:\/\/honda-automoveis.pt\/blog\/author\/razaoautomovel\/\"}]}<\/script>\n<!-- \/ Yoast SEO plugin. -->","yoast_head_json":{"title":"A Honda que n\u00e3o conhece (dos rob\u00f4s aos avi\u00f5es) | Honda Portugal","description":"Sabia que a atividade exercida pela Honda vai para al\u00e9m da produ\u00e7\u00e3o de autom\u00f3veis? Descubra mais aqui sobre a sua presen\u00e7a na \u00e1rea da rob\u00f3tica e dos avi\u00f5es.","robots":{"index":"index","follow":"follow","max-snippet":"max-snippet:-1","max-image-preview":"max-image-preview:large","max-video-preview":"max-video-preview:-1"},"canonical":"https:\/\/honda-automoveis.pt\/blog\/a-honda-que-nao-conheces-dos-robots-aos-avioes\/","og_locale":"pt_PT","og_type":"article","og_title":"A Honda que n\u00e3o conhece (dos rob\u00f4s aos avi\u00f5es) | Honda Portugal","og_description":"Sabia que a atividade exercida pela Honda vai para al\u00e9m da produ\u00e7\u00e3o de autom\u00f3veis? Descubra mais aqui sobre a sua presen\u00e7a na \u00e1rea da rob\u00f3tica e dos avi\u00f5es.","og_url":"https:\/\/honda-automoveis.pt\/blog\/a-honda-que-nao-conheces-dos-robots-aos-avioes\/","og_site_name":"Honda Portugal","article_published_time":"2020-01-15T11:07:39+00:00","article_modified_time":"2020-06-26T15:59:59+00:00","og_image":[{"width":980,"height":651,"url":"https:\/\/honda-automoveis.pt\/blog\/wp-content\/uploads\/2020\/05\/Honda-Jet-voo.jpg","type":"image\/jpeg"}],"twitter_card":"summary_large_image","twitter_misc":{"Escrito por":"Raz\u00e3o Autom\u00f3vel","Tempo estimado de leitura":"5 minutos"},"schema":{"@context":"https:\/\/schema.org","@graph":[{"@type":"WebSite","@id":"https:\/\/honda-automoveis.pt\/blog\/#website","url":"https:\/\/honda-automoveis.pt\/blog\/","name":"Honda Portugal","description":"Dreamers&#039; Blog","potentialAction":[{"@type":"SearchAction","target":{"@type":"EntryPoint","urlTemplate":"https:\/\/honda-automoveis.pt\/blog\/?s={search_term_string}"},"query-input":"required name=search_term_string"}],"inLanguage":"pt-PT"},{"@type":"ImageObject","@id":"https:\/\/honda-automoveis.pt\/blog\/a-honda-que-nao-conheces-dos-robots-aos-avioes\/#primaryimage","inLanguage":"pt-PT","url":"https:\/\/honda-automoveis.pt\/blog\/wp-content\/uploads\/2020\/05\/Honda-Jet-voo.jpg","contentUrl":"https:\/\/honda-automoveis.pt\/blog\/wp-content\/uploads\/2020\/05\/Honda-Jet-voo.jpg","width":980,"height":651,"caption":"Avi\u00e3o Honda Jet"},{"@type":"WebPage","@id":"https:\/\/honda-automoveis.pt\/blog\/a-honda-que-nao-conheces-dos-robots-aos-avioes\/#webpage","url":"https:\/\/honda-automoveis.pt\/blog\/a-honda-que-nao-conheces-dos-robots-aos-avioes\/","name":"A Honda que n\u00e3o conhece (dos rob\u00f4s aos avi\u00f5es) | Honda Portugal","isPartOf":{"@id":"https:\/\/honda-automoveis.pt\/blog\/#website"},"primaryImageOfPage":{"@id":"https:\/\/honda-automoveis.pt\/blog\/a-honda-que-nao-conheces-dos-robots-aos-avioes\/#primaryimage"},"datePublished":"2020-01-15T11:07:39+00:00","dateModified":"2020-06-26T15:59:59+00:00","author":{"@id":"https:\/\/honda-automoveis.pt\/blog\/#\/schema\/person\/11aaad497c519fc735a0a04989593b09"},"description":"Sabia que a atividade exercida pela Honda vai para al\u00e9m da produ\u00e7\u00e3o de autom\u00f3veis? Descubra mais aqui sobre a sua presen\u00e7a na \u00e1rea da rob\u00f3tica e dos avi\u00f5es.","breadcrumb":{"@id":"https:\/\/honda-automoveis.pt\/blog\/a-honda-que-nao-conheces-dos-robots-aos-avioes\/#breadcrumb"},"inLanguage":"pt-PT","potentialAction":[{"@type":"ReadAction","target":["https:\/\/honda-automoveis.pt\/blog\/a-honda-que-nao-conheces-dos-robots-aos-avioes\/"]}]},{"@type":"BreadcrumbList","@id":"https:\/\/honda-automoveis.pt\/blog\/a-honda-que-nao-conheces-dos-robots-aos-avioes\/#breadcrumb","itemListElement":[{"@type":"ListItem","position":1,"name":"In\u00edcio","item":"https:\/\/honda-automoveis.pt\/blog\/"},{"@type":"ListItem","position":2,"name":"A Honda que n\u00e3o conhece (dos rob\u00f4s aos avi\u00f5es)"}]},{"@type":"Person","@id":"https:\/\/honda-automoveis.pt\/blog\/#\/schema\/person\/11aaad497c519fc735a0a04989593b09","name":"Raz\u00e3o Autom\u00f3vel","image":{"@type":"ImageObject","@id":"https:\/\/honda-automoveis.pt\/blog\/#personlogo","inLanguage":"pt-PT","url":"https:\/\/honda-automoveis.pt\/blog\/wp-content\/uploads\/2019\/08\/dc2ecac936786bbd19fd9921fd2cb5b9-150x150.jpg","contentUrl":"https:\/\/honda-automoveis.pt\/blog\/wp-content\/uploads\/2019\/08\/dc2ecac936786bbd19fd9921fd2cb5b9-150x150.jpg","caption":"Raz\u00e3o Autom\u00f3vel"},"description":"A Raz\u00e3o Autom\u00f3vel \u00e9 uma publica\u00e7\u00e3o online di\u00e1ria, de \u00e2mbito nacional, que assenta a sua distribui\u00e7\u00e3o em diversas plataformas inform\u00e1ticas, com especializa\u00e7\u00e3o noticiosa no ramo autom\u00f3vel. Atendemos ao fen\u00f3meno autom\u00f3vel de forma hol\u00edstica, compreendendo n\u00e3o s\u00f3 o autom\u00f3vel em si, mas tudo o que lhe diz respeito: mobilidade, ambiente, tecnologia, desporto, com\u00e9rcio e ind\u00fastria. Para a Raz\u00e3o Autom\u00f3vel o autom\u00f3vel \u00e9 tamb\u00e9m uma manifesta\u00e7\u00e3o social, cultural e pessoal. Acreditamos, portanto, que \u00e9 poss\u00edvel descrever o autom\u00f3vel da mesma forma que se vive o fen\u00f3meno: com emo\u00e7\u00e3o. \u00c9 essa a nossa raz\u00e3o, a Raz\u00e3o Autom\u00f3vel. A Raz\u00e3o Autom\u00f3vel \u00e9 J\u00fari Permanente do pr\u00e9mio nacional Carro do Ano Volante de Cristal e J\u00fari do World Car Awards, o mais relevante pr\u00e9mio da ind\u00fastria autom\u00f3vel a n\u00edvel mundial.","sameAs":["https:\/\/www.razaoautomovel.com"],"url":"https:\/\/honda-automoveis.pt\/blog\/author\/razaoautomovel\/"}]}},"_links":{"self":[{"href":"https:\/\/honda-automoveis.pt\/blog\/wp-json\/wp\/v2\/posts\/1703"}],"collection":[{"href":"https:\/\/honda-automoveis.pt\/blog\/wp-json\/wp\/v2\/posts"}],"about":[{"href":"https:\/\/honda-automoveis.pt\/blog\/wp-json\/wp\/v2\/types\/post"}],"author":[{"embeddable":true,"href":"https:\/\/honda-automoveis.pt\/blog\/wp-json\/wp\/v2\/users\/5"}],"replies":[{"embeddable":true,"href":"https:\/\/honda-automoveis.pt\/blog\/wp-json\/wp\/v2\/comments?post=1703"}],"version-history":[{"count":22,"href":"https:\/\/honda-automoveis.pt\/blog\/wp-json\/wp\/v2\/posts\/1703\/revisions"}],"predecessor-version":[{"id":4257,"href":"https:\/\/honda-automoveis.pt\/blog\/wp-json\/wp\/v2\/posts\/1703\/revisions\/4257"}],"wp:featuredmedia":[{"embeddable":true,"href":"https:\/\/honda-automoveis.pt\/blog\/wp-json\/wp\/v2\/media\/3431"}],"wp:attachment":[{"href":"https:\/\/honda-automoveis.pt\/blog\/wp-json\/wp\/v2\/media?parent=1703"}],"wp:term":[{"taxonomy":"category","embeddable":true,"href":"https:\/\/honda-automoveis.pt\/blog\/wp-json\/wp\/v2\/categories?post=1703"},{"taxonomy":"post_tag","embeddable":true,"href":"https:\/\/honda-automoveis.pt\/blog\/wp-json\/wp\/v2\/tags?post=1703"}],"curies":[{"name":"wp","href":"https:\/\/api.w.org\/{rel}","templated":true}]}}