{"id":1718,"date":"2019-12-18T17:43:23","date_gmt":"2019-12-18T17:43:23","guid":{"rendered":"https:\/\/honda-automoveis.pt\/blog\/?p=1718"},"modified":"2020-07-06T14:38:31","modified_gmt":"2020-07-06T14:38:31","slug":"etapa-4-o-segundo-dia-de-viseu-a-castro-daire","status":"publish","type":"post","link":"https:\/\/honda-automoveis.pt\/blog\/etapa-4-o-segundo-dia-de-viseu-a-castro-daire\/","title":{"rendered":"Etapa 4 &#8211; O Segundo Dia: De Viseu a Castro Daire"},"content":{"rendered":"<p>Pernoitar em Viseu, ou simplesmente por l\u00e1 passar, ser\u00e1 sempre um gosto. A menina das Beiras \u00e9 uma aula de hist\u00f3ria a c\u00e9u aberto e os seus habitantes recebem-nos sempre de cora\u00e7\u00e3o aberto.<\/p>\n<h2>A hist\u00f3ria que Viseu nos d\u00e1 a conhecer<\/h2>\n<p>Viseu fica localizada no cora\u00e7\u00e3o do Centro de Portugal e sofreu por v\u00e1rias vezes a investida dos romanos para a tentarem conquistar. Mas por <strong>aqui vivia o povo Lusitano, comandados por Viriato<\/strong>, que com toda a bravura defenderam a cidade das invas\u00f5es. Por isso, n\u00e3o ser\u00e1 de estranhar que por aqui encontrem uma est\u00e1tua dedicada a Viriato e o doce tradicional ter o mesmo nome. Ainda sobre este bravo lusitano encontrar\u00e1 a Cava de Viriato, uma antiga fortifica\u00e7\u00e3o de formato octogonal, com cerca de 30 hectares.<\/p>\n<p><img loading=\"lazy\" class=\"alignnone wp-image-3843 size-full\" src=\"https:\/\/honda-automoveis.pt\/blog\/wp-content\/uploads\/2020\/06\/Convidados-Honda-N2-S\u00e9-de-Viseu.jpg\" alt=\"Convidados Honda N2 na S\u00e9 de Viseu\" width=\"1024\" height=\"755\" srcset=\"https:\/\/honda-automoveis.pt\/blog\/wp-content\/uploads\/2020\/06\/Convidados-Honda-N2-S\u00e9-de-Viseu.jpg 1024w, https:\/\/honda-automoveis.pt\/blog\/wp-content\/uploads\/2020\/06\/Convidados-Honda-N2-S\u00e9-de-Viseu-300x221.jpg 300w, https:\/\/honda-automoveis.pt\/blog\/wp-content\/uploads\/2020\/06\/Convidados-Honda-N2-S\u00e9-de-Viseu-768x566.jpg 768w\" sizes=\"(max-width: 1024px) 100vw, 1024px\" \/><\/p>\n<p>A viagem n\u00e3o podia prosseguir sem visitarmos a S\u00e9 de Viseu, que no topo da cidade se destaca com os seus imponentes campan\u00e1rios. Constru\u00edda durante o s\u00e9culo XII, nela podemos encontrar v\u00e1rios estilos arquitet\u00f3nicos. Mesmo ao lado encontramos o conhecido Museu Nacional Gr\u00e3o Vasco, que abriga algumas das obras mais importantes de v\u00e1rios pintores portugueses.<\/p>\n<h2>De Viriato \u00e0 Pena<\/h2>\n<p>Olh\u00e1mos para o mapa para tra\u00e7ar o pr\u00f3ximo destino. T\u00ednhamos como meta Castro Daire, mas est\u00e1vamos tentados a fazer uma breve paragem no concelho vizinho: S. Pedro do Sul. O que nos levaria a sair da nossa hist\u00f3rica Estrada Nacional 2? Uma candidata \u00e0s 7 Maravilhas de Portugal: a Aldeia da Pena.<\/p>\n<p><strong>Decidimos abra\u00e7ar a aventura de descer \u00e0 Pena<\/strong>, n\u00e3o sem antes aproveitarmos o melhor que as paisagens da Serra de S\u00e3o Mac\u00e1rio t\u00eam para nos oferecer. Confortavelmente alojada no fundo da serra e rodeada por montanhas, encontr\u00e1mos a quase temporalmente intacta Aldeia da Pena.<\/p>\n<p><img loading=\"lazy\" class=\"alignnone wp-image-3844 size-full\" src=\"https:\/\/honda-automoveis.pt\/blog\/wp-content\/uploads\/2020\/06\/Honda-CR-V-Hybrid-Serra-de-S\u00e3o-Mac\u00e1rio.jpg\" alt=\"Honda CR-V Hybrid Serra de S\u00e3o Mac\u00e1rio\" width=\"1024\" height=\"683\" srcset=\"https:\/\/honda-automoveis.pt\/blog\/wp-content\/uploads\/2020\/06\/Honda-CR-V-Hybrid-Serra-de-S\u00e3o-Mac\u00e1rio.jpg 1024w, https:\/\/honda-automoveis.pt\/blog\/wp-content\/uploads\/2020\/06\/Honda-CR-V-Hybrid-Serra-de-S\u00e3o-Mac\u00e1rio-300x200.jpg 300w, https:\/\/honda-automoveis.pt\/blog\/wp-content\/uploads\/2020\/06\/Honda-CR-V-Hybrid-Serra-de-S\u00e3o-Mac\u00e1rio-768x512.jpg 768w\" sizes=\"(max-width: 1024px) 100vw, 1024px\" \/><\/p>\n<p><strong>Chegar \u00e0 Pena \u00e9 perdermo-nos no tempo. As casas mantiveram a estrutura t\u00edpica<\/strong>, com o xisto e a ard\u00f3sia a intensificarem a magia da pequena aldeia que, meia camuflada com a natureza, sobrevive num vale.<\/p>\n<h2>A hora de almo\u00e7o<\/h2>\n<p>Com a chuva a intensificar-se e a fome tamb\u00e9m, deix\u00e1mos que a Adega T\u00edpica da Pena nos consolasse o est\u00f4mago, com algumas <strong>iguarias da gastronomia local: o presunto, o queijo da serra, e os enchidos<\/strong>. Aconselhados pela Mariana e pela Margarida, filhas do Sr. Alfredo Brito, dono da pequena adega tradicional, prov\u00e1mos o bolo de medronho, numa descoberta surpreendente. Aqui poder\u00e1 encontrar v\u00e1rias recorda\u00e7\u00f5es da pequena aldeia, como miniaturas das casas de xisto ou os licores por l\u00e1 produzidos. Se for f\u00e3 de mel, suba a rua e encontre o \u00fanico apicultor da Pena.<\/p>\n<p>Com o tempo a escassear rapidamente mantemos a promessa de retomarmos o caminho em dire\u00e7\u00e3o \u00e0quela que ser\u00e1 a nossa \u00faltima etapa desta miss\u00e3o.<\/p>\n<p>Aproveite para recordar o <a href=\"https:\/\/honda-automoveis.pt\/blog\/etapa-4-o-primeiro-dia-santa-comba-dao-a-viseu\/\" target=\"_blank\" rel=\"noopener noreferrer\">primeiro dia<\/a> da Etapa 4 da nossa aventura.<\/p>\n","protected":false},"excerpt":{"rendered":"<p>Pernoitar em Viseu, ou simplesmente por l\u00e1 passar, ser\u00e1 sempre um gosto. A menina das Beiras \u00e9 uma aula de hist\u00f3ria a c\u00e9u aberto e os seus habitantes recebem-nos sempre de cora\u00e7\u00e3o aberto. A hist\u00f3ria que Viseu nos d\u00e1 a conhecer Viseu fica localizada no cora\u00e7\u00e3o do Centro de Portugal e sofreu por v\u00e1rias vezes <a href=\"https:\/\/honda-automoveis.pt\/blog\/etapa-4-o-segundo-dia-de-viseu-a-castro-daire\/\">(&hellip;)<\/a><\/p>\n","protected":false},"author":4,"featured_media":3846,"comment_status":"open","ping_status":"open","sticky":false,"template":"","format":"standard","meta":[],"categories":[86],"tags":[155,87,154],"yoast_head":"<!-- This site is optimized with the Yoast SEO plugin v18.5 - https:\/\/yoast.com\/wordpress\/plugins\/seo\/ -->\n<title>Etapa 4 - O Segundo Dia: De Viseu a Castro Daire | Honda Portugal<\/title>\n<meta name=\"description\" content=\"Sabia que em Viseu viveu o povo Lusitano comandados por Viriato, que com toda a bravura defenderam a cidade das invas\u00f5es? Saiba mais aqui sobre a Etapa 4.\" \/>\n<meta name=\"robots\" content=\"index, follow, max-snippet:-1, max-image-preview:large, max-video-preview:-1\" \/>\n<link rel=\"canonical\" href=\"https:\/\/honda-automoveis.pt\/blog\/etapa-4-o-segundo-dia-de-viseu-a-castro-daire\/\" \/>\n<meta property=\"og:locale\" content=\"pt_PT\" \/>\n<meta property=\"og:type\" content=\"article\" \/>\n<meta property=\"og:title\" content=\"Etapa 4 - O Segundo Dia: De Viseu a Castro Daire | Honda Portugal\" \/>\n<meta property=\"og:description\" content=\"Sabia que em Viseu viveu o povo Lusitano comandados por Viriato, que com toda a bravura defenderam a cidade das invas\u00f5es? Saiba mais aqui sobre a Etapa 4.\" \/>\n<meta property=\"og:url\" content=\"https:\/\/honda-automoveis.pt\/blog\/etapa-4-o-segundo-dia-de-viseu-a-castro-daire\/\" \/>\n<meta property=\"og:site_name\" content=\"Honda Portugal\" \/>\n<meta property=\"article:published_time\" content=\"2019-12-18T17:43:23+00:00\" \/>\n<meta property=\"article:modified_time\" content=\"2020-07-06T14:38:31+00:00\" \/>\n<meta property=\"og:image\" content=\"https:\/\/honda-automoveis.pt\/blog\/wp-content\/uploads\/2020\/06\/Honda-Jazz-Serra.jpg\" \/>\n\t<meta property=\"og:image:width\" content=\"1024\" \/>\n\t<meta property=\"og:image:height\" content=\"683\" \/>\n\t<meta property=\"og:image:type\" content=\"image\/jpeg\" \/>\n<meta name=\"twitter:card\" content=\"summary_large_image\" \/>\n<meta name=\"twitter:label1\" content=\"Escrito por\" \/>\n\t<meta name=\"twitter:data1\" content=\"Honda Portugal Autom\u00f3veis\" \/>\n\t<meta name=\"twitter:label2\" content=\"Tempo estimado de leitura\" \/>\n\t<meta name=\"twitter:data2\" content=\"2 minutos\" \/>\n<script type=\"application\/ld+json\" class=\"yoast-schema-graph\">{\"@context\":\"https:\/\/schema.org\",\"@graph\":[{\"@type\":\"WebSite\",\"@id\":\"https:\/\/honda-automoveis.pt\/blog\/#website\",\"url\":\"https:\/\/honda-automoveis.pt\/blog\/\",\"name\":\"Honda Portugal\",\"description\":\"Dreamers&#039; Blog\",\"potentialAction\":[{\"@type\":\"SearchAction\",\"target\":{\"@type\":\"EntryPoint\",\"urlTemplate\":\"https:\/\/honda-automoveis.pt\/blog\/?s={search_term_string}\"},\"query-input\":\"required name=search_term_string\"}],\"inLanguage\":\"pt-PT\"},{\"@type\":\"ImageObject\",\"@id\":\"https:\/\/honda-automoveis.pt\/blog\/etapa-4-o-segundo-dia-de-viseu-a-castro-daire\/#primaryimage\",\"inLanguage\":\"pt-PT\",\"url\":\"https:\/\/honda-automoveis.pt\/blog\/wp-content\/uploads\/2020\/06\/Honda-Jazz-Serra.jpg\",\"contentUrl\":\"https:\/\/honda-automoveis.pt\/blog\/wp-content\/uploads\/2020\/06\/Honda-Jazz-Serra.jpg\",\"width\":1024,\"height\":683,\"caption\":\"Honda Jazz na Serra\"},{\"@type\":\"WebPage\",\"@id\":\"https:\/\/honda-automoveis.pt\/blog\/etapa-4-o-segundo-dia-de-viseu-a-castro-daire\/#webpage\",\"url\":\"https:\/\/honda-automoveis.pt\/blog\/etapa-4-o-segundo-dia-de-viseu-a-castro-daire\/\",\"name\":\"Etapa 4 - O Segundo Dia: De Viseu a Castro Daire | Honda Portugal\",\"isPartOf\":{\"@id\":\"https:\/\/honda-automoveis.pt\/blog\/#website\"},\"primaryImageOfPage\":{\"@id\":\"https:\/\/honda-automoveis.pt\/blog\/etapa-4-o-segundo-dia-de-viseu-a-castro-daire\/#primaryimage\"},\"datePublished\":\"2019-12-18T17:43:23+00:00\",\"dateModified\":\"2020-07-06T14:38:31+00:00\",\"author\":{\"@id\":\"https:\/\/honda-automoveis.pt\/blog\/#\/schema\/person\/7f8ab873bdf8dbd771f0d57531954f87\"},\"description\":\"Sabia que em Viseu viveu o povo Lusitano comandados por Viriato, que com toda a bravura defenderam a cidade das invas\u00f5es? Saiba mais aqui sobre a Etapa 4.\",\"breadcrumb\":{\"@id\":\"https:\/\/honda-automoveis.pt\/blog\/etapa-4-o-segundo-dia-de-viseu-a-castro-daire\/#breadcrumb\"},\"inLanguage\":\"pt-PT\",\"potentialAction\":[{\"@type\":\"ReadAction\",\"target\":[\"https:\/\/honda-automoveis.pt\/blog\/etapa-4-o-segundo-dia-de-viseu-a-castro-daire\/\"]}]},{\"@type\":\"BreadcrumbList\",\"@id\":\"https:\/\/honda-automoveis.pt\/blog\/etapa-4-o-segundo-dia-de-viseu-a-castro-daire\/#breadcrumb\",\"itemListElement\":[{\"@type\":\"ListItem\",\"position\":1,\"name\":\"In\u00edcio\",\"item\":\"https:\/\/honda-automoveis.pt\/blog\/\"},{\"@type\":\"ListItem\",\"position\":2,\"name\":\"Etapa 4 &#8211; O Segundo Dia: De Viseu a Castro Daire\"}]},{\"@type\":\"Person\",\"@id\":\"https:\/\/honda-automoveis.pt\/blog\/#\/schema\/person\/7f8ab873bdf8dbd771f0d57531954f87\",\"name\":\"Honda Portugal Autom\u00f3veis\",\"image\":{\"@type\":\"ImageObject\",\"@id\":\"https:\/\/honda-automoveis.pt\/blog\/#personlogo\",\"inLanguage\":\"pt-PT\",\"url\":\"https:\/\/honda-automoveis.pt\/blog\/wp-content\/uploads\/2023\/06\/logo_perfil-150x150.png\",\"contentUrl\":\"https:\/\/honda-automoveis.pt\/blog\/wp-content\/uploads\/2023\/06\/logo_perfil-150x150.png\",\"caption\":\"Honda Portugal Autom\u00f3veis\"},\"description\":\"A Honda chegou a Portugal em 1968, preparada para conquistar os portugueses com a sua inovadora tecnologia e os melhores e mais fi\u00e1veis autom\u00f3veis. Com uma longa hist\u00f3ria de sucesso no nosso pa\u00eds, a Honda conquistou uma verdadeira comunidade de f\u00e3s, que reconhecem na marca a fiabilidade, seguran\u00e7a e tecnologia que nos caracterizam. A competi\u00e7\u00e3o e a performance est\u00e3o no nosso ADN e \u00e9 por isso que, diariamente, continuamos a trabalhar para que todas as viagens sejam verdadeiramente emocionantes.\",\"url\":\"https:\/\/honda-automoveis.pt\/blog\/author\/honda-portugal\/\"}]}<\/script>\n<!-- \/ Yoast SEO plugin. -->","yoast_head_json":{"title":"Etapa 4 - O Segundo Dia: De Viseu a Castro Daire | Honda Portugal","description":"Sabia que em Viseu viveu o povo Lusitano comandados por Viriato, que com toda a bravura defenderam a cidade das invas\u00f5es? Saiba mais aqui sobre a Etapa 4.","robots":{"index":"index","follow":"follow","max-snippet":"max-snippet:-1","max-image-preview":"max-image-preview:large","max-video-preview":"max-video-preview:-1"},"canonical":"https:\/\/honda-automoveis.pt\/blog\/etapa-4-o-segundo-dia-de-viseu-a-castro-daire\/","og_locale":"pt_PT","og_type":"article","og_title":"Etapa 4 - O Segundo Dia: De Viseu a Castro Daire | Honda Portugal","og_description":"Sabia que em Viseu viveu o povo Lusitano comandados por Viriato, que com toda a bravura defenderam a cidade das invas\u00f5es? Saiba mais aqui sobre a Etapa 4.","og_url":"https:\/\/honda-automoveis.pt\/blog\/etapa-4-o-segundo-dia-de-viseu-a-castro-daire\/","og_site_name":"Honda Portugal","article_published_time":"2019-12-18T17:43:23+00:00","article_modified_time":"2020-07-06T14:38:31+00:00","og_image":[{"width":1024,"height":683,"url":"https:\/\/honda-automoveis.pt\/blog\/wp-content\/uploads\/2020\/06\/Honda-Jazz-Serra.jpg","type":"image\/jpeg"}],"twitter_card":"summary_large_image","twitter_misc":{"Escrito por":"Honda Portugal Autom\u00f3veis","Tempo estimado de leitura":"2 minutos"},"schema":{"@context":"https:\/\/schema.org","@graph":[{"@type":"WebSite","@id":"https:\/\/honda-automoveis.pt\/blog\/#website","url":"https:\/\/honda-automoveis.pt\/blog\/","name":"Honda Portugal","description":"Dreamers&#039; Blog","potentialAction":[{"@type":"SearchAction","target":{"@type":"EntryPoint","urlTemplate":"https:\/\/honda-automoveis.pt\/blog\/?s={search_term_string}"},"query-input":"required name=search_term_string"}],"inLanguage":"pt-PT"},{"@type":"ImageObject","@id":"https:\/\/honda-automoveis.pt\/blog\/etapa-4-o-segundo-dia-de-viseu-a-castro-daire\/#primaryimage","inLanguage":"pt-PT","url":"https:\/\/honda-automoveis.pt\/blog\/wp-content\/uploads\/2020\/06\/Honda-Jazz-Serra.jpg","contentUrl":"https:\/\/honda-automoveis.pt\/blog\/wp-content\/uploads\/2020\/06\/Honda-Jazz-Serra.jpg","width":1024,"height":683,"caption":"Honda Jazz na Serra"},{"@type":"WebPage","@id":"https:\/\/honda-automoveis.pt\/blog\/etapa-4-o-segundo-dia-de-viseu-a-castro-daire\/#webpage","url":"https:\/\/honda-automoveis.pt\/blog\/etapa-4-o-segundo-dia-de-viseu-a-castro-daire\/","name":"Etapa 4 - O Segundo Dia: De Viseu a Castro Daire | Honda Portugal","isPartOf":{"@id":"https:\/\/honda-automoveis.pt\/blog\/#website"},"primaryImageOfPage":{"@id":"https:\/\/honda-automoveis.pt\/blog\/etapa-4-o-segundo-dia-de-viseu-a-castro-daire\/#primaryimage"},"datePublished":"2019-12-18T17:43:23+00:00","dateModified":"2020-07-06T14:38:31+00:00","author":{"@id":"https:\/\/honda-automoveis.pt\/blog\/#\/schema\/person\/7f8ab873bdf8dbd771f0d57531954f87"},"description":"Sabia que em Viseu viveu o povo Lusitano comandados por Viriato, que com toda a bravura defenderam a cidade das invas\u00f5es? Saiba mais aqui sobre a Etapa 4.","breadcrumb":{"@id":"https:\/\/honda-automoveis.pt\/blog\/etapa-4-o-segundo-dia-de-viseu-a-castro-daire\/#breadcrumb"},"inLanguage":"pt-PT","potentialAction":[{"@type":"ReadAction","target":["https:\/\/honda-automoveis.pt\/blog\/etapa-4-o-segundo-dia-de-viseu-a-castro-daire\/"]}]},{"@type":"BreadcrumbList","@id":"https:\/\/honda-automoveis.pt\/blog\/etapa-4-o-segundo-dia-de-viseu-a-castro-daire\/#breadcrumb","itemListElement":[{"@type":"ListItem","position":1,"name":"In\u00edcio","item":"https:\/\/honda-automoveis.pt\/blog\/"},{"@type":"ListItem","position":2,"name":"Etapa 4 &#8211; O Segundo Dia: De Viseu a Castro Daire"}]},{"@type":"Person","@id":"https:\/\/honda-automoveis.pt\/blog\/#\/schema\/person\/7f8ab873bdf8dbd771f0d57531954f87","name":"Honda Portugal Autom\u00f3veis","image":{"@type":"ImageObject","@id":"https:\/\/honda-automoveis.pt\/blog\/#personlogo","inLanguage":"pt-PT","url":"https:\/\/honda-automoveis.pt\/blog\/wp-content\/uploads\/2023\/06\/logo_perfil-150x150.png","contentUrl":"https:\/\/honda-automoveis.pt\/blog\/wp-content\/uploads\/2023\/06\/logo_perfil-150x150.png","caption":"Honda Portugal Autom\u00f3veis"},"description":"A Honda chegou a Portugal em 1968, preparada para conquistar os portugueses com a sua inovadora tecnologia e os melhores e mais fi\u00e1veis autom\u00f3veis. Com uma longa hist\u00f3ria de sucesso no nosso pa\u00eds, a Honda conquistou uma verdadeira comunidade de f\u00e3s, que reconhecem na marca a fiabilidade, seguran\u00e7a e tecnologia que nos caracterizam. A competi\u00e7\u00e3o e a performance est\u00e3o no nosso ADN e \u00e9 por isso que, diariamente, continuamos a trabalhar para que todas as viagens sejam verdadeiramente emocionantes.","url":"https:\/\/honda-automoveis.pt\/blog\/author\/honda-portugal\/"}]}},"_links":{"self":[{"href":"https:\/\/honda-automoveis.pt\/blog\/wp-json\/wp\/v2\/posts\/1718"}],"collection":[{"href":"https:\/\/honda-automoveis.pt\/blog\/wp-json\/wp\/v2\/posts"}],"about":[{"href":"https:\/\/honda-automoveis.pt\/blog\/wp-json\/wp\/v2\/types\/post"}],"author":[{"embeddable":true,"href":"https:\/\/honda-automoveis.pt\/blog\/wp-json\/wp\/v2\/users\/4"}],"replies":[{"embeddable":true,"href":"https:\/\/honda-automoveis.pt\/blog\/wp-json\/wp\/v2\/comments?post=1718"}],"version-history":[{"count":6,"href":"https:\/\/honda-automoveis.pt\/blog\/wp-json\/wp\/v2\/posts\/1718\/revisions"}],"predecessor-version":[{"id":3847,"href":"https:\/\/honda-automoveis.pt\/blog\/wp-json\/wp\/v2\/posts\/1718\/revisions\/3847"}],"wp:featuredmedia":[{"embeddable":true,"href":"https:\/\/honda-automoveis.pt\/blog\/wp-json\/wp\/v2\/media\/3846"}],"wp:attachment":[{"href":"https:\/\/honda-automoveis.pt\/blog\/wp-json\/wp\/v2\/media?parent=1718"}],"wp:term":[{"taxonomy":"category","embeddable":true,"href":"https:\/\/honda-automoveis.pt\/blog\/wp-json\/wp\/v2\/categories?post=1718"},{"taxonomy":"post_tag","embeddable":true,"href":"https:\/\/honda-automoveis.pt\/blog\/wp-json\/wp\/v2\/tags?post=1718"}],"curies":[{"name":"wp","href":"https:\/\/api.w.org\/{rel}","templated":true}]}}