{"id":1789,"date":"2020-01-14T16:50:00","date_gmt":"2020-01-14T16:50:00","guid":{"rendered":"https:\/\/honda-automoveis.pt\/blog\/?p=1789"},"modified":"2020-06-26T14:48:03","modified_gmt":"2020-06-26T14:48:03","slug":"honda-e-sinonimo-de-aventura","status":"publish","type":"post","link":"https:\/\/honda-automoveis.pt\/blog\/honda-e-sinonimo-de-aventura\/","title":{"rendered":"Honda \u00e9 sin\u00f3nimo de Aventura"},"content":{"rendered":"<p>Quantas vezes pensou em entrar no seu carro e viajar at\u00e9 um destino long\u00ednquo? E quantas vezes realmente o fez? Em 2009 decidi partir \u00e0 aventura e ir at\u00e9 It\u00e1lia de <strong>Honda S2000<\/strong>.<\/p>\n<h2>Um hist\u00f3rico de autom\u00f3veis<\/h2>\n<p><strong>A Honda faz parte da minha vida h\u00e1 muitos anos<\/strong>. Acredito que as hist\u00f3rias acontecem porque assim est\u00e3o destinadas e que, por isso, quando me deram o <strong>Honda Civic Vti<\/strong> como carro de servi\u00e7o, l\u00e1 no fundo eu j\u00e1 sabia que ele ia acabar por ser meu. Posso ter demorado quatro anos a perceber que tudo o que eu gostava num autom\u00f3vel estava nele presente.<\/p>\n<p>Quando o comprei n\u00e3o tinha verdadeiramente no\u00e7\u00e3o do que tinha nas m\u00e3os. O meu interesse residia na marca e n\u00e3o tanto no modelo em si.<strong> S\u00f3 descobri o tesouro que tinha quando um amigo meu me veio visitar<\/strong> e me queixei que, ao contr\u00e1rio daquilo que toda a gente dizia sobre o Honda Civic Vti, o meu parecia n\u00e3o andar muito.<\/p>\n<p><strong>J\u00e1 tinha considerado a possibilidade de ter um problema no carro<\/strong> e estar a ignor\u00e1-lo, mas foi quando cedi o lugar de condutor ao meu amigo que percebi que o <strong>problema afinal era mesmo meu: eu n\u00e3o exigia do carro aquilo que deveria exigir<\/strong>. Talvez por estar um pouco fora da realidade sobre os componentes t\u00e9cnicos da Honda, a verdade \u00e9 que a partir desse dia passei a ter uma maior curiosidade sobre a mec\u00e2nica e todos os aspetos mais t\u00e9cnicos que a <a href=\"https:\/\/honda-automoveis.pt\/\" target=\"_blank\" rel=\"noopener noreferrer\">Honda<\/a> geralmente oferece nos seus produtos.<\/p>\n<p>J\u00e1 passaram uns dezasseis anos desde que tive o Honda Civic Vti e, entretanto, j\u00e1 outros Hondas me passaram pelas m\u00e3os, como o <a href=\"https:\/\/honda-automoveis.pt\/blog\/um-tesouro-chamado-honda-accord-type-r\/\" target=\"_blank\" rel=\"noopener noreferrer\">Honda Accord<\/a> e um Honda Civic Tourer. Mas foi quando tive o Honda S2000 que tudo mudou.<\/p>\n<p><img loading=\"lazy\" class=\"alignnone wp-image-3344 size-full\" src=\"https:\/\/honda-automoveis.pt\/blog\/wp-content\/uploads\/2020\/05\/Honda-S2000-cinzento.jpg\" alt=\"Honda S2000\" width=\"1024\" height=\"683\" srcset=\"https:\/\/honda-automoveis.pt\/blog\/wp-content\/uploads\/2020\/05\/Honda-S2000-cinzento.jpg 1024w, https:\/\/honda-automoveis.pt\/blog\/wp-content\/uploads\/2020\/05\/Honda-S2000-cinzento-300x200.jpg 300w, https:\/\/honda-automoveis.pt\/blog\/wp-content\/uploads\/2020\/05\/Honda-S2000-cinzento-768x512.jpg 768w\" sizes=\"(max-width: 1024px) 100vw, 1024px\" \/><\/p>\n<h2>De malas e bagagens para It\u00e1lia<\/h2>\n<p>J\u00e1 tinha o meu Honda S2000 quando um dia, em Leiria, fui interpelado por um dono de um Honda que me questionou, v\u00e1rias vezes, de onde eu era, pois em Lisboa havia um clube Honda. Como nunca tinha ouvido falar sobre o clube, fui pesquisando mais sobre o assunto e apercebi-me que existia um grupo de pessoas com Honda S2000, mas n\u00e3o um clube. Assim cri\u00e1mos o Clube Honda S2000 Portugal.<\/p>\n<p>Atrav\u00e9s dos contactos com a comunidade internacional dos Honda S2000, <strong>soubemos do evento Honda Euromeet que celebra o lan\u00e7amento do Honda S2000<\/strong>, de cinco em cinco anos.<\/p>\n<p>Por isso, em 2009, com a organiza\u00e7\u00e3o do Clube Honda S2000 Portugal,<strong> partimos de Lisboa em dire\u00e7\u00e3o a Barcelona para apanharmos o ferry que nos levaria at\u00e9 G\u00e9nova<\/strong>. Foram mais de nove horas de viagem num ferry que mais parecia um navio devido \u00e0 sua dimens\u00e3o. N\u00e3o pensem que a viagem n\u00e3o teve os seus imprevistos. Em Barcelona tudo foi complicado. Na hora de comprar os bilhetes para embarcarmos, a desorganiza\u00e7\u00e3o era muita e o receio de que as coisas n\u00e3o corressem bem tamb\u00e9m.<\/p>\n<h3>Quando l\u00e1 cheg\u00e1mos<\/h3>\n<p>Cerca de <strong>doze Hondas S2000 representaram as cores de Portugal<\/strong> e transportaram-nos em dire\u00e7\u00e3o a Trento, onde se costumam juntar mais de 200 participantes vindos um pouco de toda a Europa. O evento teve uma dura\u00e7\u00e3o de tr\u00eas dias e <strong>um dos pontos altos do programa \u00e9 circular pelas estradas de montanha onde o Honda S2000 foi testado<\/strong> antes de ir para linha de produ\u00e7\u00e3o.<\/p>\n<p>Como tr\u00eas dias sabem a pouco num pa\u00eds como a It\u00e1lia, acab\u00e1mos por optar por ficar mais alguns dias naquele pa\u00eds e assim aproveitar para conhecer outras cidades como Bolzano, Trevisa, Veneza, Modena, Maranello, Bolonha, Floren\u00e7a, Pisa, at\u00e9 regressarmos novamente a G\u00e9nova para apanharmos o ferry at\u00e9 Barcelona.<\/p>\n<p>Sabem qual \u00e9 a maior curiosidade de ter um Honda S2000? O espa\u00e7o de bagageira. A capacidade de albergar tudo o que \u00e9 necess\u00e1rio para uma viagem e mais algumas coisas que se v\u00e3o comprando pelo caminho na mala de um Honda S2000 transcende a vossa imagina\u00e7\u00e3o.<\/p>\n<h2>Honda S2000: at\u00e9 ao fim do mundo<\/h2>\n<p><img loading=\"lazy\" class=\"alignnone wp-image-3350 size-full\" src=\"https:\/\/honda-automoveis.pt\/blog\/wp-content\/uploads\/2020\/05\/Honda-S2000-Cinzento-Lateral.jpg\" alt=\"Honda S2000\" width=\"1024\" height=\"683\" srcset=\"https:\/\/honda-automoveis.pt\/blog\/wp-content\/uploads\/2020\/05\/Honda-S2000-Cinzento-Lateral.jpg 1024w, https:\/\/honda-automoveis.pt\/blog\/wp-content\/uploads\/2020\/05\/Honda-S2000-Cinzento-Lateral-300x200.jpg 300w, https:\/\/honda-automoveis.pt\/blog\/wp-content\/uploads\/2020\/05\/Honda-S2000-Cinzento-Lateral-768x512.jpg 768w\" sizes=\"(max-width: 1024px) 100vw, 1024px\" \/><\/p>\n<p>O Honda S2000 \u00e9 um dos autom\u00f3veis desportivos mais ic\u00f3nicos de sempre e, \u00e0 primeira vista, pouco ou nada vocacionado para uma viagem destas. Mas \u00e9 um Honda. E s\u00f3 quem tem um Honda \u00e9 que entende que seja qual for o modelo que tenham podem ir at\u00e9 ao fim do mundo com ele, se o quiserem.<\/p>\n<p>Eu tenho dois princ\u00edpios: desde que a largura da estrada e a altura do carro ao ch\u00e3o o permita, o meu carro vai onde eu quiser.<\/p>\n<p>&nbsp;<\/p>\n<p><strong>Fernando Diniz<\/strong><\/p>\n","protected":false},"excerpt":{"rendered":"<p>Quantas vezes pensou em entrar no seu carro e viajar at\u00e9 um destino long\u00ednquo? E quantas vezes realmente o fez? Em 2009, o Fernando Diniz decidiu partir \u00e0 aventura e ir at\u00e9 It\u00e1lia de Honda S2000. Descubra a sua hist\u00f3ria. <\/p>\n","protected":false},"author":4,"featured_media":3349,"comment_status":"open","ping_status":"open","sticky":false,"template":"","format":"standard","meta":[],"categories":[3],"tags":[103,133,104],"yoast_head":"<!-- This site is optimized with the Yoast SEO plugin v18.5 - https:\/\/yoast.com\/wordpress\/plugins\/seo\/ -->\n<title>Honda \u00e9 sin\u00f3nimo de Aventura | Honda Portugal<\/title>\n<meta name=\"description\" content=\"Conhe\u00e7a aqui a hist\u00f3ria sobre como o Honda S2000 de um dos f\u00e3s da marca o levou de Lisboa at\u00e9 It\u00e1lia para o evento Honda Euromeet.\" \/>\n<meta name=\"robots\" content=\"index, follow, max-snippet:-1, max-image-preview:large, max-video-preview:-1\" \/>\n<link rel=\"canonical\" href=\"https:\/\/honda-automoveis.pt\/blog\/honda-e-sinonimo-de-aventura\/\" \/>\n<meta property=\"og:locale\" content=\"pt_PT\" \/>\n<meta property=\"og:type\" content=\"article\" \/>\n<meta property=\"og:title\" content=\"Honda \u00e9 sin\u00f3nimo de Aventura | Honda Portugal\" \/>\n<meta property=\"og:description\" content=\"Conhe\u00e7a aqui a hist\u00f3ria sobre como o Honda S2000 de um dos f\u00e3s da marca o levou de Lisboa at\u00e9 It\u00e1lia para o evento Honda Euromeet.\" \/>\n<meta property=\"og:url\" content=\"https:\/\/honda-automoveis.pt\/blog\/honda-e-sinonimo-de-aventura\/\" \/>\n<meta property=\"og:site_name\" content=\"Honda Portugal\" \/>\n<meta property=\"article:published_time\" content=\"2020-01-14T16:50:00+00:00\" \/>\n<meta property=\"article:modified_time\" content=\"2020-06-26T14:48:03+00:00\" \/>\n<meta property=\"og:image\" content=\"https:\/\/honda-automoveis.pt\/blog\/wp-content\/uploads\/2020\/05\/Honda-S2000-Cinzento-Frontal.jpg\" \/>\n\t<meta property=\"og:image:width\" content=\"1024\" \/>\n\t<meta property=\"og:image:height\" content=\"683\" \/>\n\t<meta property=\"og:image:type\" content=\"image\/jpeg\" \/>\n<meta name=\"twitter:card\" content=\"summary_large_image\" \/>\n<meta name=\"twitter:label1\" content=\"Escrito por\" \/>\n\t<meta name=\"twitter:data1\" content=\"Honda Portugal Autom\u00f3veis\" \/>\n\t<meta name=\"twitter:label2\" content=\"Tempo estimado de leitura\" \/>\n\t<meta name=\"twitter:data2\" content=\"4 minutos\" \/>\n<script type=\"application\/ld+json\" class=\"yoast-schema-graph\">{\"@context\":\"https:\/\/schema.org\",\"@graph\":[{\"@type\":\"WebSite\",\"@id\":\"https:\/\/honda-automoveis.pt\/blog\/#website\",\"url\":\"https:\/\/honda-automoveis.pt\/blog\/\",\"name\":\"Honda Portugal\",\"description\":\"Dreamers&#039; Blog\",\"potentialAction\":[{\"@type\":\"SearchAction\",\"target\":{\"@type\":\"EntryPoint\",\"urlTemplate\":\"https:\/\/honda-automoveis.pt\/blog\/?s={search_term_string}\"},\"query-input\":\"required name=search_term_string\"}],\"inLanguage\":\"pt-PT\"},{\"@type\":\"ImageObject\",\"@id\":\"https:\/\/honda-automoveis.pt\/blog\/honda-e-sinonimo-de-aventura\/#primaryimage\",\"inLanguage\":\"pt-PT\",\"url\":\"https:\/\/honda-automoveis.pt\/blog\/wp-content\/uploads\/2020\/05\/Honda-S2000-Cinzento-Frontal.jpg\",\"contentUrl\":\"https:\/\/honda-automoveis.pt\/blog\/wp-content\/uploads\/2020\/05\/Honda-S2000-Cinzento-Frontal.jpg\",\"width\":1024,\"height\":683,\"caption\":\"Honda S2000\"},{\"@type\":\"WebPage\",\"@id\":\"https:\/\/honda-automoveis.pt\/blog\/honda-e-sinonimo-de-aventura\/#webpage\",\"url\":\"https:\/\/honda-automoveis.pt\/blog\/honda-e-sinonimo-de-aventura\/\",\"name\":\"Honda \u00e9 sin\u00f3nimo de Aventura | Honda Portugal\",\"isPartOf\":{\"@id\":\"https:\/\/honda-automoveis.pt\/blog\/#website\"},\"primaryImageOfPage\":{\"@id\":\"https:\/\/honda-automoveis.pt\/blog\/honda-e-sinonimo-de-aventura\/#primaryimage\"},\"datePublished\":\"2020-01-14T16:50:00+00:00\",\"dateModified\":\"2020-06-26T14:48:03+00:00\",\"author\":{\"@id\":\"https:\/\/honda-automoveis.pt\/blog\/#\/schema\/person\/7f8ab873bdf8dbd771f0d57531954f87\"},\"description\":\"Conhe\u00e7a aqui a hist\u00f3ria sobre como o Honda S2000 de um dos f\u00e3s da marca o levou de Lisboa at\u00e9 It\u00e1lia para o evento Honda Euromeet.\",\"breadcrumb\":{\"@id\":\"https:\/\/honda-automoveis.pt\/blog\/honda-e-sinonimo-de-aventura\/#breadcrumb\"},\"inLanguage\":\"pt-PT\",\"potentialAction\":[{\"@type\":\"ReadAction\",\"target\":[\"https:\/\/honda-automoveis.pt\/blog\/honda-e-sinonimo-de-aventura\/\"]}]},{\"@type\":\"BreadcrumbList\",\"@id\":\"https:\/\/honda-automoveis.pt\/blog\/honda-e-sinonimo-de-aventura\/#breadcrumb\",\"itemListElement\":[{\"@type\":\"ListItem\",\"position\":1,\"name\":\"In\u00edcio\",\"item\":\"https:\/\/honda-automoveis.pt\/blog\/\"},{\"@type\":\"ListItem\",\"position\":2,\"name\":\"Honda \u00e9 sin\u00f3nimo de Aventura\"}]},{\"@type\":\"Person\",\"@id\":\"https:\/\/honda-automoveis.pt\/blog\/#\/schema\/person\/7f8ab873bdf8dbd771f0d57531954f87\",\"name\":\"Honda Portugal Autom\u00f3veis\",\"image\":{\"@type\":\"ImageObject\",\"@id\":\"https:\/\/honda-automoveis.pt\/blog\/#personlogo\",\"inLanguage\":\"pt-PT\",\"url\":\"https:\/\/honda-automoveis.pt\/blog\/wp-content\/uploads\/2023\/06\/logo_perfil-150x150.png\",\"contentUrl\":\"https:\/\/honda-automoveis.pt\/blog\/wp-content\/uploads\/2023\/06\/logo_perfil-150x150.png\",\"caption\":\"Honda Portugal Autom\u00f3veis\"},\"description\":\"A Honda chegou a Portugal em 1968, preparada para conquistar os portugueses com a sua inovadora tecnologia e os melhores e mais fi\u00e1veis autom\u00f3veis. Com uma longa hist\u00f3ria de sucesso no nosso pa\u00eds, a Honda conquistou uma verdadeira comunidade de f\u00e3s, que reconhecem na marca a fiabilidade, seguran\u00e7a e tecnologia que nos caracterizam. A competi\u00e7\u00e3o e a performance est\u00e3o no nosso ADN e \u00e9 por isso que, diariamente, continuamos a trabalhar para que todas as viagens sejam verdadeiramente emocionantes.\",\"url\":\"https:\/\/honda-automoveis.pt\/blog\/author\/honda-portugal\/\"}]}<\/script>\n<!-- \/ Yoast SEO plugin. -->","yoast_head_json":{"title":"Honda \u00e9 sin\u00f3nimo de Aventura | Honda Portugal","description":"Conhe\u00e7a aqui a hist\u00f3ria sobre como o Honda S2000 de um dos f\u00e3s da marca o levou de Lisboa at\u00e9 It\u00e1lia para o evento Honda Euromeet.","robots":{"index":"index","follow":"follow","max-snippet":"max-snippet:-1","max-image-preview":"max-image-preview:large","max-video-preview":"max-video-preview:-1"},"canonical":"https:\/\/honda-automoveis.pt\/blog\/honda-e-sinonimo-de-aventura\/","og_locale":"pt_PT","og_type":"article","og_title":"Honda \u00e9 sin\u00f3nimo de Aventura | Honda Portugal","og_description":"Conhe\u00e7a aqui a hist\u00f3ria sobre como o Honda S2000 de um dos f\u00e3s da marca o levou de Lisboa at\u00e9 It\u00e1lia para o evento Honda Euromeet.","og_url":"https:\/\/honda-automoveis.pt\/blog\/honda-e-sinonimo-de-aventura\/","og_site_name":"Honda Portugal","article_published_time":"2020-01-14T16:50:00+00:00","article_modified_time":"2020-06-26T14:48:03+00:00","og_image":[{"width":1024,"height":683,"url":"https:\/\/honda-automoveis.pt\/blog\/wp-content\/uploads\/2020\/05\/Honda-S2000-Cinzento-Frontal.jpg","type":"image\/jpeg"}],"twitter_card":"summary_large_image","twitter_misc":{"Escrito por":"Honda Portugal Autom\u00f3veis","Tempo estimado de leitura":"4 minutos"},"schema":{"@context":"https:\/\/schema.org","@graph":[{"@type":"WebSite","@id":"https:\/\/honda-automoveis.pt\/blog\/#website","url":"https:\/\/honda-automoveis.pt\/blog\/","name":"Honda Portugal","description":"Dreamers&#039; Blog","potentialAction":[{"@type":"SearchAction","target":{"@type":"EntryPoint","urlTemplate":"https:\/\/honda-automoveis.pt\/blog\/?s={search_term_string}"},"query-input":"required name=search_term_string"}],"inLanguage":"pt-PT"},{"@type":"ImageObject","@id":"https:\/\/honda-automoveis.pt\/blog\/honda-e-sinonimo-de-aventura\/#primaryimage","inLanguage":"pt-PT","url":"https:\/\/honda-automoveis.pt\/blog\/wp-content\/uploads\/2020\/05\/Honda-S2000-Cinzento-Frontal.jpg","contentUrl":"https:\/\/honda-automoveis.pt\/blog\/wp-content\/uploads\/2020\/05\/Honda-S2000-Cinzento-Frontal.jpg","width":1024,"height":683,"caption":"Honda S2000"},{"@type":"WebPage","@id":"https:\/\/honda-automoveis.pt\/blog\/honda-e-sinonimo-de-aventura\/#webpage","url":"https:\/\/honda-automoveis.pt\/blog\/honda-e-sinonimo-de-aventura\/","name":"Honda \u00e9 sin\u00f3nimo de Aventura | Honda Portugal","isPartOf":{"@id":"https:\/\/honda-automoveis.pt\/blog\/#website"},"primaryImageOfPage":{"@id":"https:\/\/honda-automoveis.pt\/blog\/honda-e-sinonimo-de-aventura\/#primaryimage"},"datePublished":"2020-01-14T16:50:00+00:00","dateModified":"2020-06-26T14:48:03+00:00","author":{"@id":"https:\/\/honda-automoveis.pt\/blog\/#\/schema\/person\/7f8ab873bdf8dbd771f0d57531954f87"},"description":"Conhe\u00e7a aqui a hist\u00f3ria sobre como o Honda S2000 de um dos f\u00e3s da marca o levou de Lisboa at\u00e9 It\u00e1lia para o evento Honda Euromeet.","breadcrumb":{"@id":"https:\/\/honda-automoveis.pt\/blog\/honda-e-sinonimo-de-aventura\/#breadcrumb"},"inLanguage":"pt-PT","potentialAction":[{"@type":"ReadAction","target":["https:\/\/honda-automoveis.pt\/blog\/honda-e-sinonimo-de-aventura\/"]}]},{"@type":"BreadcrumbList","@id":"https:\/\/honda-automoveis.pt\/blog\/honda-e-sinonimo-de-aventura\/#breadcrumb","itemListElement":[{"@type":"ListItem","position":1,"name":"In\u00edcio","item":"https:\/\/honda-automoveis.pt\/blog\/"},{"@type":"ListItem","position":2,"name":"Honda \u00e9 sin\u00f3nimo de Aventura"}]},{"@type":"Person","@id":"https:\/\/honda-automoveis.pt\/blog\/#\/schema\/person\/7f8ab873bdf8dbd771f0d57531954f87","name":"Honda Portugal Autom\u00f3veis","image":{"@type":"ImageObject","@id":"https:\/\/honda-automoveis.pt\/blog\/#personlogo","inLanguage":"pt-PT","url":"https:\/\/honda-automoveis.pt\/blog\/wp-content\/uploads\/2023\/06\/logo_perfil-150x150.png","contentUrl":"https:\/\/honda-automoveis.pt\/blog\/wp-content\/uploads\/2023\/06\/logo_perfil-150x150.png","caption":"Honda Portugal Autom\u00f3veis"},"description":"A Honda chegou a Portugal em 1968, preparada para conquistar os portugueses com a sua inovadora tecnologia e os melhores e mais fi\u00e1veis autom\u00f3veis. Com uma longa hist\u00f3ria de sucesso no nosso pa\u00eds, a Honda conquistou uma verdadeira comunidade de f\u00e3s, que reconhecem na marca a fiabilidade, seguran\u00e7a e tecnologia que nos caracterizam. A competi\u00e7\u00e3o e a performance est\u00e3o no nosso ADN e \u00e9 por isso que, diariamente, continuamos a trabalhar para que todas as viagens sejam verdadeiramente emocionantes.","url":"https:\/\/honda-automoveis.pt\/blog\/author\/honda-portugal\/"}]}},"_links":{"self":[{"href":"https:\/\/honda-automoveis.pt\/blog\/wp-json\/wp\/v2\/posts\/1789"}],"collection":[{"href":"https:\/\/honda-automoveis.pt\/blog\/wp-json\/wp\/v2\/posts"}],"about":[{"href":"https:\/\/honda-automoveis.pt\/blog\/wp-json\/wp\/v2\/types\/post"}],"author":[{"embeddable":true,"href":"https:\/\/honda-automoveis.pt\/blog\/wp-json\/wp\/v2\/users\/4"}],"replies":[{"embeddable":true,"href":"https:\/\/honda-automoveis.pt\/blog\/wp-json\/wp\/v2\/comments?post=1789"}],"version-history":[{"count":20,"href":"https:\/\/honda-automoveis.pt\/blog\/wp-json\/wp\/v2\/posts\/1789\/revisions"}],"predecessor-version":[{"id":4247,"href":"https:\/\/honda-automoveis.pt\/blog\/wp-json\/wp\/v2\/posts\/1789\/revisions\/4247"}],"wp:featuredmedia":[{"embeddable":true,"href":"https:\/\/honda-automoveis.pt\/blog\/wp-json\/wp\/v2\/media\/3349"}],"wp:attachment":[{"href":"https:\/\/honda-automoveis.pt\/blog\/wp-json\/wp\/v2\/media?parent=1789"}],"wp:term":[{"taxonomy":"category","embeddable":true,"href":"https:\/\/honda-automoveis.pt\/blog\/wp-json\/wp\/v2\/categories?post=1789"},{"taxonomy":"post_tag","embeddable":true,"href":"https:\/\/honda-automoveis.pt\/blog\/wp-json\/wp\/v2\/tags?post=1789"}],"curies":[{"name":"wp","href":"https:\/\/api.w.org\/{rel}","templated":true}]}}