{"id":1821,"date":"2020-01-15T16:16:00","date_gmt":"2020-01-15T16:16:00","guid":{"rendered":"https:\/\/honda-automoveis.pt\/blog\/?p=1821"},"modified":"2020-07-30T15:24:34","modified_gmt":"2020-07-30T15:24:34","slug":"etapa-5-o-segundo-dia-de-vila-real-a-chaves","status":"publish","type":"post","link":"https:\/\/honda-automoveis.pt\/blog\/etapa-5-o-segundo-dia-de-vila-real-a-chaves\/","title":{"rendered":"Etapa 5: O Segundo Dia &#8211; De Vila Real a Chaves"},"content":{"rendered":"<p>Despert\u00e1mos no Hotel Mira Corgo, embebecidos com as paisagens sobre o Rio Corgo, rodeado por uma neblina que faz as del\u00edcias de qualquer amante de fotografia. No entanto, outra surpresa esperava os nossos convidados no \u00e1trio do hotel.<\/p>\n<h2>Uma \u00faltima etapa com a adrenalina ao rubro<\/h2>\n<p>O Honda HR-V e o <a href=\"https:\/\/honda-automoveis.pt\/pt\/carros\/crv-hybrid\/\" target=\"_blank\" rel=\"noopener noreferrer\">Honda CR-V Hybrid<\/a> foram os modelos que percorreram esta etapa, para assim terminarmos da mesma forma que come\u00e7\u00e1mos esta aventura. Mas n\u00e3o pod\u00edamos deixar de preparar uma surpresa aos nossos criadores de conte\u00fado: o Honda Civic Type R.<\/p>\n<p>Numa <a href=\"https:\/\/honda-automoveis.pt\/blog\/honda-civic-type-r-18-uma-edicao-muito-especial\/\" target=\"_blank\" rel=\"noopener noreferrer\">vers\u00e3o limitada<\/a> dedicada ao piloto Tiago Monteiro, foi nas m\u00e3os do Brand Manager da Honda Portugal Autom\u00f3veis, Ant\u00f3nio Areias, que o Type R #18 se juntou a esta etapa. Avan\u00e7\u00e1mos assim para o <strong>primeiro destino do dia: Pedras Salgadas<\/strong>.<\/p>\n<p><img loading=\"lazy\" class=\"alignnone wp-image-4017 size-full\" src=\"https:\/\/honda-automoveis.pt\/blog\/wp-content\/uploads\/2020\/06\/Honda-Civic-Type-R-Honda-HR-V-Honda-CR-V.jpg\" alt=\"Honda Civic Type R, Honda HR-V e Honda CR-V Hybrid\" width=\"1024\" height=\"683\" srcset=\"https:\/\/honda-automoveis.pt\/blog\/wp-content\/uploads\/2020\/06\/Honda-Civic-Type-R-Honda-HR-V-Honda-CR-V.jpg 1024w, https:\/\/honda-automoveis.pt\/blog\/wp-content\/uploads\/2020\/06\/Honda-Civic-Type-R-Honda-HR-V-Honda-CR-V-300x200.jpg 300w, https:\/\/honda-automoveis.pt\/blog\/wp-content\/uploads\/2020\/06\/Honda-Civic-Type-R-Honda-HR-V-Honda-CR-V-768x512.jpg 768w\" sizes=\"(max-width: 1024px) 100vw, 1024px\" \/><\/p>\n<p><strong>Esta pequena vila transmontana, pertencente a Vila Pouca de Aguiar<\/strong>, h\u00e1 muito que ganhou destaque no dia a dia dos portugueses gra\u00e7as ao valor das suas \u00e1guas minerais. A primeira paragem foi feita na antiga Esta\u00e7\u00e3o Ferrovi\u00e1ria de Pedras Salgadas, antes de sermos recebidos pela Maria Jos\u00e9, do Pedras Salgadas spa &amp; nature park. Fascinados com o efeito da geada matinal, quase nos esquecemos do frio com que fomos recebidos por l\u00e1.<\/p>\n<h2>Em dire\u00e7\u00e3o ao parque termal de Pedras Salgadas<\/h2>\n<p>Depois de uns largos minutos a captar o melhor que o gelo tinha para oferecer a n\u00edvel fotogr\u00e1fico, desloc\u00e1mo-nos em dire\u00e7\u00e3o ao Parque Termal de Pedras Salgadas. Composto por mais de 20 hectares, <strong>a sua origem remonta ao s\u00e9culo XIX<\/strong>, quando o turismo termal estava em voga. Nele <strong>encontramos patrim\u00f3nio arquitet\u00f3nico renascido pelas m\u00e3os do g\u00e9nio do Arquiteto Siza Vieira<\/strong>, onde destacamos o bel\u00edssimo Casino das Termas, inaugurado em 1910. Este casino servia de sal\u00e3o de festas, bailes ou como sala de cinema (onde ainda podemos encontrar a m\u00e1quina original de proje\u00e7\u00e3o, deslocada para o museu), j\u00e1 que os chamados \u201cJogos de Azar\u201d, em esta\u00e7\u00f5es balneares, nunca vieram a ser aprovados.<\/p>\n<p>Atualmente no <a href=\"https:\/\/www.pedrassalgadaspark.com\/\" target=\"_blank\" rel=\"noopener noreferrer nofollow\">Pedras Salgadas spa &amp; nature park<\/a>, somos recebidos pelas antigas garagens, de estilo vintage, onde os letreiros sobressaem pela sua escrita: \u201cGarage\u201d. Logo \u00e0 entrada descobrimos duas das seis fontes das \u00e1guas das Pedras e talvez as mais conhecidas: a Fonte de Pedras Salgadas e a Fonte Preciosa, mas todo o parque convida \u00e0 descoberta. <strong>Delicie-se com as Eco Houses e as Tree Houses, se escolher este destino para pernoitar<\/strong> e n\u00e3o deixe de fazer o <a href=\"https:\/\/www.pedrassalgadaspark.com\/pt\/espacos\/pedras-experience\/\" target=\"_blank\" rel=\"noopener noreferrer nofollow\">Pedras Experience<\/a>, onde poder\u00e1 descobrir toda a hist\u00f3ria sobre a conhecida marca \u00c1gua das Pedras, desde que foi considerada especialidade farmac\u00eautica at\u00e9 chegar \u00e0 \u00e1gua de mesa.<\/p>\n<h2>O requinte de um pal\u00e1cio de 1910<\/h2>\n<p><strong>Seguimos para Vidago, uma freguesia que pertence ao concelho de Chaves<\/strong>, conhecida tamb\u00e9m pelas suas \u00e1guas gasocarb\u00f3nicas e enquanto destino termal. \u00c9 exatamente por este \u00faltimo que nos deparamos com um dos \u00faltimos pal\u00e1cios de Portugal, transformado atualmente em Hotel: o <a href=\"https:\/\/www.vidagopalace.com\/\" target=\"_blank\" rel=\"noopener noreferrer nofollow\">Vidago Palace<\/a>.<\/p>\n<p><strong>Mandado construir pelo rei D. Carlos I, foi desenhado pelo arquiteto Jos\u00e9 Ferreira da Costa<\/strong> e mais tarde inaugurado pelo rei D. Manuel II. Diz-se que a inaugura\u00e7\u00e3o estava prevista para dia 5 de outubro de 1910, mas a Implanta\u00e7\u00e3o da Rep\u00fablica intrometeu-se, adiando, assim, a sua abertura para o dia 6.<\/p>\n<p>Numa aut\u00eantica combina\u00e7\u00e3o entre luxo e a beleza natural promovida pelo parque onde se encontra instalado, o Vidago Palace Hotel foi idealizado com a inten\u00e7\u00e3o de se transformar numa est\u00e2ncia terap\u00eautica de luxo, com proje\u00e7\u00e3o internacional, para se receber a aristocracia europeia.<\/p>\n<p><img loading=\"lazy\" class=\"alignnone wp-image-4018 size-full\" src=\"https:\/\/honda-automoveis.pt\/blog\/wp-content\/uploads\/2020\/06\/Honda-CR-V-Honda-Civic-Type-R-Honda-HR-V-Vidago-Palace.jpg\" alt=\"Honda CR-V, HR-V, Civic Type R, Vidago Palace\" width=\"1024\" height=\"683\" srcset=\"https:\/\/honda-automoveis.pt\/blog\/wp-content\/uploads\/2020\/06\/Honda-CR-V-Honda-Civic-Type-R-Honda-HR-V-Vidago-Palace.jpg 1024w, https:\/\/honda-automoveis.pt\/blog\/wp-content\/uploads\/2020\/06\/Honda-CR-V-Honda-Civic-Type-R-Honda-HR-V-Vidago-Palace-300x200.jpg 300w, https:\/\/honda-automoveis.pt\/blog\/wp-content\/uploads\/2020\/06\/Honda-CR-V-Honda-Civic-Type-R-Honda-HR-V-Vidago-Palace-768x512.jpg 768w\" sizes=\"(max-width: 1024px) 100vw, 1024px\" \/><\/p>\n<p>\u00c9 nos anos 50\/60 que o Vidago Palace Hotel recupera parte da sua fama, devido \u00e0s v\u00e1rias festas que organizava no seu recinto, num espa\u00e7o que fazia parte dos hot\u00e9is preferidos das fam\u00edlias portuguesas, onde existia um campo de mini golf, que fazia as del\u00edcias dos mais pequenos, e o ainda existente lago, que com os seus pequenos barcos passeava as fam\u00edlias ao domingo. Hoje em dia, <strong>o Hotel \u00e9 fielmente guardado por \u00c2ngelo Botelho, funcion\u00e1rio do Hotel desde 1989<\/strong> e ocupando agora o lugar de Concierge e respons\u00e1vel pela comunica\u00e7\u00e3o do Vidago Palace, que nos acolheu com toda a simpatia pela qual este hotel j\u00e1 \u00e9, h\u00e1 muito, conhecido e que lhe valeu, quase ap\u00f3s 100 anos da sua exist\u00eancia, o <strong>t\u00edtulo de Best Luxury Hotel SPA, nos World Luxury Hotel Awards<\/strong>.<\/p>\n<p>Gra\u00e7as \u00e0s suas \u00e1guas conhecidas pela alcalinidade superior a qualquer \u00e1gua portuguesa, nem s\u00f3 de banhos terap\u00eauticos se fazem, existindo as marcas Vidago, Campilho e, antigamente, Salus.<\/p>\n<h2>Uma cidade romana \u00e0 espera de ser conhecida<\/h2>\n<p>Partimos para o nosso pr\u00f3ximo destino bem perto da hora de almo\u00e7o. Na fronteira com Espanha, <strong>Chaves \u00e9 uma cidade que se faz de hist\u00f3ria e do legado deixado pelos romanos<\/strong>. Situada no vale do rio T\u00e2mega, teria uma vasta import\u00e2ncia para eles, que levou a que se erguessem muralhas e uma ponte para travessia do rio e que \u00e9 hoje o ex-libris da cidade: a Ponte de Trajano.<\/p>\n<p>Antes de chegarmos ao km 0 da Estrada Nacional 2, ponto que marcaria o t\u00e9rmino da nossa aventura, tentando adiar esse momento, <strong>fomos provar os sabores t\u00e3o conhecidos da cidade<\/strong>. Recebidos na Pens\u00e3o Fl\u00e1via, foi com um misto de humor e espanto que vimos a nossa mesa invadida de pequenas de ca\u00e7arolas.<\/p>\n<p><img loading=\"lazy\" class=\"alignnone wp-image-4021 size-full\" src=\"https:\/\/honda-automoveis.pt\/blog\/wp-content\/uploads\/2020\/06\/Convidados-Honda-N2-Roadtrip.jpg\" alt=\"Convidados Honda N2 Roadtrip em Chaves\" width=\"1024\" height=\"683\" srcset=\"https:\/\/honda-automoveis.pt\/blog\/wp-content\/uploads\/2020\/06\/Convidados-Honda-N2-Roadtrip.jpg 1024w, https:\/\/honda-automoveis.pt\/blog\/wp-content\/uploads\/2020\/06\/Convidados-Honda-N2-Roadtrip-300x200.jpg 300w, https:\/\/honda-automoveis.pt\/blog\/wp-content\/uploads\/2020\/06\/Convidados-Honda-N2-Roadtrip-768x512.jpg 768w\" sizes=\"(max-width: 1024px) 100vw, 1024px\" \/><\/p>\n<p>A l\u00f3gica, por estes lados, \u00e9 simples: o cliente s\u00f3 manda na conta final. <strong>Aqui n\u00e3o h\u00e1 menu fixo, comendo-se o que o gerente decidir para aquele dia<\/strong> e avaliando-se, no final, quanto \u00e9 que a refei\u00e7\u00e3o vale. Por isso, n\u00e3o se perca nas entradas ao pensar que tanta quantidade s\u00f3 pode significar que tamb\u00e9m s\u00e3o o prato principal, pois \u00e0 sua espera, j\u00e1 depois de ter barriga cheia de tanta variedade, chegar\u00e1 a bela posta de carne (no nosso caso) e arrepender-se-\u00e1 de n\u00e3o guardar espa\u00e7o para ela. N\u00e3o se esque\u00e7a da sobremesa: ela existe e tem um nome peculiar: \u201ccome e cala\u201d.<\/p>\n<h2>A Hora da despedida<\/h2>\n<p>Satisfeitos com as incr\u00edveis iguarias flavienses, <strong>deix\u00e1mo-nos conquistar pela paisagem citadina bem marcada pela passagem dos romanos<\/strong>, aquando de Aquae Flaviae. Deix\u00e1mos que a Ponte de Trajano, com os seus mais de 2.000 anos, abrilhantasse ainda mais os nossos autom\u00f3veis, assim como as muralhas do Forte S. Francisco, decidindo que <strong>chegara a hora de nos despedirmos da aventura<\/strong> que se distribuiu ao longo de 5 etapas: fomos ao encontro do marco do km 0, da j\u00e1 nossa Estrada Nacional 2. E tal como na primeira etapa, fizemo-nos valer da foto de grupo para provarmos que conseguimos alcan\u00e7ar o final da nossa jornada.<\/p>\n<p>De <a href=\"https:\/\/honda-automoveis.pt\/blog\/etapa-1-o-segundo-dia-de-faro-a-ferreira-do-alentejo\/\" target=\"_blank\" rel=\"noopener noreferrer\">Faro a Ferreira do Alentejo<\/a> at\u00e9 <a href=\"https:\/\/honda-automoveis.pt\/blog\/etapa-1-o-ultimo-dia-de-ferreira-do-alentejo-a-brotas\/\" target=\"_blank\" rel=\"noopener noreferrer\">Brotas<\/a>, de <a href=\"https:\/\/honda-automoveis.pt\/blog\/etapa-2-o-primeiro-dia-de-montargil-a-abrantes\/\" target=\"_blank\" rel=\"noopener noreferrer\">Montargil a Abrantes<\/a> at\u00e9 \u00e0 <a href=\"https:\/\/honda-automoveis.pt\/blog\/etapa-2-o-segundo-dia-de-abrantes-a-serta\/\" target=\"_blank\" rel=\"noopener noreferrer\">Sert\u00e3<\/a>, de <a href=\"https:\/\/honda-automoveis.pt\/blog\/de-pedrogao-grande-a-lousa-o-primeiro-dia\/\" target=\"_blank\" rel=\"noopener noreferrer\">Pedr\u00f3g\u00e3o Grande \u00e0 Lous\u00e3<\/a>, com passagem por <a href=\"https:\/\/honda-automoveis.pt\/blog\/da-lousa-a-penacova-o-segundo-dia\/\" target=\"_blank\" rel=\"noopener noreferrer\">Penacova<\/a>, de <a href=\"https:\/\/honda-automoveis.pt\/blog\/etapa-4-o-primeiro-dia-santa-comba-dao-a-viseu\/\" target=\"_blank\" rel=\"noopener noreferrer\">Santa Comba D\u00e3o \u00e0 terra de Viriato<\/a>, Viseu, at\u00e9 <a href=\"https:\/\/honda-automoveis.pt\/blog\/etapa-4-o-segundo-dia-de-viseu-a-castro-daire\/\" target=\"_blank\" rel=\"noopener noreferrer\">Castro Daire<\/a>, chegar a Chaves \u00e9 ver a nossa Honda N2 Roadtrip a cumprir o seu objetivo: dar a conhecer, a toda a comunidade da Honda, que Portugal ainda tem muitos tesouros a serem descobertos. A nossa aventura terminou mas a sua, essa est\u00e1 prestes a come\u00e7ar. Aceita o nosso desafio?<\/p>\n","protected":false},"excerpt":{"rendered":"<p>Despert\u00e1mos no Hotel Mira Corgo, embebecidos com as paisagens sobre o Rio Corgo, rodeado por uma neblina que faz as del\u00edcias de qualquer amante de fotografia. No entanto, outra surpresa esperava os nossos convidados no \u00e1trio do hotel. Descubra tudo acerca da \u00faltima \u00e9tapa da N2 a bordo da Honda.<\/p>\n","protected":false},"author":4,"featured_media":4023,"comment_status":"open","ping_status":"open","sticky":false,"template":"","format":"standard","meta":[],"categories":[86],"tags":[155,87,154],"yoast_head":"<!-- This site is optimized with the Yoast SEO plugin v18.5 - https:\/\/yoast.com\/wordpress\/plugins\/seo\/ -->\n<title>Etapa 5: O Segundo Dia - De Vila Real a Chaves | Honda Portugal<\/title>\n<meta name=\"description\" content=\"Sabia que Chaves \u00e9 uma cidade que se fez da hist\u00f3ria e do legado deixado pelos romanos? Descubra mais aqui sobre a \u00faltima etapa da aventura pela Nacional 2.\" \/>\n<meta name=\"robots\" content=\"index, follow, max-snippet:-1, max-image-preview:large, max-video-preview:-1\" \/>\n<link rel=\"canonical\" href=\"https:\/\/honda-automoveis.pt\/blog\/etapa-5-o-segundo-dia-de-vila-real-a-chaves\/\" \/>\n<meta property=\"og:locale\" content=\"pt_PT\" \/>\n<meta property=\"og:type\" content=\"article\" \/>\n<meta property=\"og:title\" content=\"Etapa 5: O Segundo Dia - De Vila Real a Chaves | Honda Portugal\" \/>\n<meta property=\"og:description\" content=\"Sabia que Chaves \u00e9 uma cidade que se fez da hist\u00f3ria e do legado deixado pelos romanos? Descubra mais aqui sobre a \u00faltima etapa da aventura pela Nacional 2.\" \/>\n<meta property=\"og:url\" content=\"https:\/\/honda-automoveis.pt\/blog\/etapa-5-o-segundo-dia-de-vila-real-a-chaves\/\" \/>\n<meta property=\"og:site_name\" content=\"Honda Portugal\" \/>\n<meta property=\"article:published_time\" content=\"2020-01-15T16:16:00+00:00\" \/>\n<meta property=\"article:modified_time\" content=\"2020-07-30T15:24:34+00:00\" \/>\n<meta property=\"og:image\" content=\"https:\/\/honda-automoveis.pt\/blog\/wp-content\/uploads\/2020\/06\/Convidados-Roadtrip-e-Honda-HR-V.jpg\" \/>\n\t<meta property=\"og:image:width\" content=\"752\" \/>\n\t<meta property=\"og:image:height\" content=\"470\" \/>\n\t<meta property=\"og:image:type\" content=\"image\/jpeg\" \/>\n<meta name=\"twitter:card\" content=\"summary_large_image\" \/>\n<meta name=\"twitter:label1\" content=\"Escrito por\" \/>\n\t<meta name=\"twitter:data1\" content=\"Honda Portugal Autom\u00f3veis\" \/>\n\t<meta name=\"twitter:label2\" content=\"Tempo estimado de leitura\" \/>\n\t<meta name=\"twitter:data2\" content=\"6 minutos\" \/>\n<script type=\"application\/ld+json\" class=\"yoast-schema-graph\">{\"@context\":\"https:\/\/schema.org\",\"@graph\":[{\"@type\":\"WebSite\",\"@id\":\"https:\/\/honda-automoveis.pt\/blog\/#website\",\"url\":\"https:\/\/honda-automoveis.pt\/blog\/\",\"name\":\"Honda Portugal\",\"description\":\"Dreamers&#039; Blog\",\"potentialAction\":[{\"@type\":\"SearchAction\",\"target\":{\"@type\":\"EntryPoint\",\"urlTemplate\":\"https:\/\/honda-automoveis.pt\/blog\/?s={search_term_string}\"},\"query-input\":\"required name=search_term_string\"}],\"inLanguage\":\"pt-PT\"},{\"@type\":\"ImageObject\",\"@id\":\"https:\/\/honda-automoveis.pt\/blog\/etapa-5-o-segundo-dia-de-vila-real-a-chaves\/#primaryimage\",\"inLanguage\":\"pt-PT\",\"url\":\"https:\/\/honda-automoveis.pt\/blog\/wp-content\/uploads\/2020\/06\/Convidados-Roadtrip-e-Honda-HR-V.jpg\",\"contentUrl\":\"https:\/\/honda-automoveis.pt\/blog\/wp-content\/uploads\/2020\/06\/Convidados-Roadtrip-e-Honda-HR-V.jpg\",\"width\":752,\"height\":470,\"caption\":\"Convidados Roadtrip e Honda HR-V\"},{\"@type\":\"WebPage\",\"@id\":\"https:\/\/honda-automoveis.pt\/blog\/etapa-5-o-segundo-dia-de-vila-real-a-chaves\/#webpage\",\"url\":\"https:\/\/honda-automoveis.pt\/blog\/etapa-5-o-segundo-dia-de-vila-real-a-chaves\/\",\"name\":\"Etapa 5: O Segundo Dia - De Vila Real a Chaves | Honda Portugal\",\"isPartOf\":{\"@id\":\"https:\/\/honda-automoveis.pt\/blog\/#website\"},\"primaryImageOfPage\":{\"@id\":\"https:\/\/honda-automoveis.pt\/blog\/etapa-5-o-segundo-dia-de-vila-real-a-chaves\/#primaryimage\"},\"datePublished\":\"2020-01-15T16:16:00+00:00\",\"dateModified\":\"2020-07-30T15:24:34+00:00\",\"author\":{\"@id\":\"https:\/\/honda-automoveis.pt\/blog\/#\/schema\/person\/7f8ab873bdf8dbd771f0d57531954f87\"},\"description\":\"Sabia que Chaves \u00e9 uma cidade que se fez da hist\u00f3ria e do legado deixado pelos romanos? Descubra mais aqui sobre a \u00faltima etapa da aventura pela Nacional 2.\",\"breadcrumb\":{\"@id\":\"https:\/\/honda-automoveis.pt\/blog\/etapa-5-o-segundo-dia-de-vila-real-a-chaves\/#breadcrumb\"},\"inLanguage\":\"pt-PT\",\"potentialAction\":[{\"@type\":\"ReadAction\",\"target\":[\"https:\/\/honda-automoveis.pt\/blog\/etapa-5-o-segundo-dia-de-vila-real-a-chaves\/\"]}]},{\"@type\":\"BreadcrumbList\",\"@id\":\"https:\/\/honda-automoveis.pt\/blog\/etapa-5-o-segundo-dia-de-vila-real-a-chaves\/#breadcrumb\",\"itemListElement\":[{\"@type\":\"ListItem\",\"position\":1,\"name\":\"In\u00edcio\",\"item\":\"https:\/\/honda-automoveis.pt\/blog\/\"},{\"@type\":\"ListItem\",\"position\":2,\"name\":\"Etapa 5: O Segundo Dia &#8211; De Vila Real a Chaves\"}]},{\"@type\":\"Person\",\"@id\":\"https:\/\/honda-automoveis.pt\/blog\/#\/schema\/person\/7f8ab873bdf8dbd771f0d57531954f87\",\"name\":\"Honda Portugal Autom\u00f3veis\",\"image\":{\"@type\":\"ImageObject\",\"@id\":\"https:\/\/honda-automoveis.pt\/blog\/#personlogo\",\"inLanguage\":\"pt-PT\",\"url\":\"https:\/\/honda-automoveis.pt\/blog\/wp-content\/uploads\/2023\/06\/logo_perfil-150x150.png\",\"contentUrl\":\"https:\/\/honda-automoveis.pt\/blog\/wp-content\/uploads\/2023\/06\/logo_perfil-150x150.png\",\"caption\":\"Honda Portugal Autom\u00f3veis\"},\"description\":\"A Honda chegou a Portugal em 1968, preparada para conquistar os portugueses com a sua inovadora tecnologia e os melhores e mais fi\u00e1veis autom\u00f3veis. Com uma longa hist\u00f3ria de sucesso no nosso pa\u00eds, a Honda conquistou uma verdadeira comunidade de f\u00e3s, que reconhecem na marca a fiabilidade, seguran\u00e7a e tecnologia que nos caracterizam. A competi\u00e7\u00e3o e a performance est\u00e3o no nosso ADN e \u00e9 por isso que, diariamente, continuamos a trabalhar para que todas as viagens sejam verdadeiramente emocionantes.\",\"url\":\"https:\/\/honda-automoveis.pt\/blog\/author\/honda-portugal\/\"}]}<\/script>\n<!-- \/ Yoast SEO plugin. -->","yoast_head_json":{"title":"Etapa 5: O Segundo Dia - De Vila Real a Chaves | Honda Portugal","description":"Sabia que Chaves \u00e9 uma cidade que se fez da hist\u00f3ria e do legado deixado pelos romanos? Descubra mais aqui sobre a \u00faltima etapa da aventura pela Nacional 2.","robots":{"index":"index","follow":"follow","max-snippet":"max-snippet:-1","max-image-preview":"max-image-preview:large","max-video-preview":"max-video-preview:-1"},"canonical":"https:\/\/honda-automoveis.pt\/blog\/etapa-5-o-segundo-dia-de-vila-real-a-chaves\/","og_locale":"pt_PT","og_type":"article","og_title":"Etapa 5: O Segundo Dia - De Vila Real a Chaves | Honda Portugal","og_description":"Sabia que Chaves \u00e9 uma cidade que se fez da hist\u00f3ria e do legado deixado pelos romanos? Descubra mais aqui sobre a \u00faltima etapa da aventura pela Nacional 2.","og_url":"https:\/\/honda-automoveis.pt\/blog\/etapa-5-o-segundo-dia-de-vila-real-a-chaves\/","og_site_name":"Honda Portugal","article_published_time":"2020-01-15T16:16:00+00:00","article_modified_time":"2020-07-30T15:24:34+00:00","og_image":[{"width":752,"height":470,"url":"https:\/\/honda-automoveis.pt\/blog\/wp-content\/uploads\/2020\/06\/Convidados-Roadtrip-e-Honda-HR-V.jpg","type":"image\/jpeg"}],"twitter_card":"summary_large_image","twitter_misc":{"Escrito por":"Honda Portugal Autom\u00f3veis","Tempo estimado de leitura":"6 minutos"},"schema":{"@context":"https:\/\/schema.org","@graph":[{"@type":"WebSite","@id":"https:\/\/honda-automoveis.pt\/blog\/#website","url":"https:\/\/honda-automoveis.pt\/blog\/","name":"Honda Portugal","description":"Dreamers&#039; Blog","potentialAction":[{"@type":"SearchAction","target":{"@type":"EntryPoint","urlTemplate":"https:\/\/honda-automoveis.pt\/blog\/?s={search_term_string}"},"query-input":"required name=search_term_string"}],"inLanguage":"pt-PT"},{"@type":"ImageObject","@id":"https:\/\/honda-automoveis.pt\/blog\/etapa-5-o-segundo-dia-de-vila-real-a-chaves\/#primaryimage","inLanguage":"pt-PT","url":"https:\/\/honda-automoveis.pt\/blog\/wp-content\/uploads\/2020\/06\/Convidados-Roadtrip-e-Honda-HR-V.jpg","contentUrl":"https:\/\/honda-automoveis.pt\/blog\/wp-content\/uploads\/2020\/06\/Convidados-Roadtrip-e-Honda-HR-V.jpg","width":752,"height":470,"caption":"Convidados Roadtrip e Honda HR-V"},{"@type":"WebPage","@id":"https:\/\/honda-automoveis.pt\/blog\/etapa-5-o-segundo-dia-de-vila-real-a-chaves\/#webpage","url":"https:\/\/honda-automoveis.pt\/blog\/etapa-5-o-segundo-dia-de-vila-real-a-chaves\/","name":"Etapa 5: O Segundo Dia - De Vila Real a Chaves | Honda Portugal","isPartOf":{"@id":"https:\/\/honda-automoveis.pt\/blog\/#website"},"primaryImageOfPage":{"@id":"https:\/\/honda-automoveis.pt\/blog\/etapa-5-o-segundo-dia-de-vila-real-a-chaves\/#primaryimage"},"datePublished":"2020-01-15T16:16:00+00:00","dateModified":"2020-07-30T15:24:34+00:00","author":{"@id":"https:\/\/honda-automoveis.pt\/blog\/#\/schema\/person\/7f8ab873bdf8dbd771f0d57531954f87"},"description":"Sabia que Chaves \u00e9 uma cidade que se fez da hist\u00f3ria e do legado deixado pelos romanos? Descubra mais aqui sobre a \u00faltima etapa da aventura pela Nacional 2.","breadcrumb":{"@id":"https:\/\/honda-automoveis.pt\/blog\/etapa-5-o-segundo-dia-de-vila-real-a-chaves\/#breadcrumb"},"inLanguage":"pt-PT","potentialAction":[{"@type":"ReadAction","target":["https:\/\/honda-automoveis.pt\/blog\/etapa-5-o-segundo-dia-de-vila-real-a-chaves\/"]}]},{"@type":"BreadcrumbList","@id":"https:\/\/honda-automoveis.pt\/blog\/etapa-5-o-segundo-dia-de-vila-real-a-chaves\/#breadcrumb","itemListElement":[{"@type":"ListItem","position":1,"name":"In\u00edcio","item":"https:\/\/honda-automoveis.pt\/blog\/"},{"@type":"ListItem","position":2,"name":"Etapa 5: O Segundo Dia &#8211; De Vila Real a Chaves"}]},{"@type":"Person","@id":"https:\/\/honda-automoveis.pt\/blog\/#\/schema\/person\/7f8ab873bdf8dbd771f0d57531954f87","name":"Honda Portugal Autom\u00f3veis","image":{"@type":"ImageObject","@id":"https:\/\/honda-automoveis.pt\/blog\/#personlogo","inLanguage":"pt-PT","url":"https:\/\/honda-automoveis.pt\/blog\/wp-content\/uploads\/2023\/06\/logo_perfil-150x150.png","contentUrl":"https:\/\/honda-automoveis.pt\/blog\/wp-content\/uploads\/2023\/06\/logo_perfil-150x150.png","caption":"Honda Portugal Autom\u00f3veis"},"description":"A Honda chegou a Portugal em 1968, preparada para conquistar os portugueses com a sua inovadora tecnologia e os melhores e mais fi\u00e1veis autom\u00f3veis. Com uma longa hist\u00f3ria de sucesso no nosso pa\u00eds, a Honda conquistou uma verdadeira comunidade de f\u00e3s, que reconhecem na marca a fiabilidade, seguran\u00e7a e tecnologia que nos caracterizam. A competi\u00e7\u00e3o e a performance est\u00e3o no nosso ADN e \u00e9 por isso que, diariamente, continuamos a trabalhar para que todas as viagens sejam verdadeiramente emocionantes.","url":"https:\/\/honda-automoveis.pt\/blog\/author\/honda-portugal\/"}]}},"_links":{"self":[{"href":"https:\/\/honda-automoveis.pt\/blog\/wp-json\/wp\/v2\/posts\/1821"}],"collection":[{"href":"https:\/\/honda-automoveis.pt\/blog\/wp-json\/wp\/v2\/posts"}],"about":[{"href":"https:\/\/honda-automoveis.pt\/blog\/wp-json\/wp\/v2\/types\/post"}],"author":[{"embeddable":true,"href":"https:\/\/honda-automoveis.pt\/blog\/wp-json\/wp\/v2\/users\/4"}],"replies":[{"embeddable":true,"href":"https:\/\/honda-automoveis.pt\/blog\/wp-json\/wp\/v2\/comments?post=1821"}],"version-history":[{"count":20,"href":"https:\/\/honda-automoveis.pt\/blog\/wp-json\/wp\/v2\/posts\/1821\/revisions"}],"predecessor-version":[{"id":4601,"href":"https:\/\/honda-automoveis.pt\/blog\/wp-json\/wp\/v2\/posts\/1821\/revisions\/4601"}],"wp:featuredmedia":[{"embeddable":true,"href":"https:\/\/honda-automoveis.pt\/blog\/wp-json\/wp\/v2\/media\/4023"}],"wp:attachment":[{"href":"https:\/\/honda-automoveis.pt\/blog\/wp-json\/wp\/v2\/media?parent=1821"}],"wp:term":[{"taxonomy":"category","embeddable":true,"href":"https:\/\/honda-automoveis.pt\/blog\/wp-json\/wp\/v2\/categories?post=1821"},{"taxonomy":"post_tag","embeddable":true,"href":"https:\/\/honda-automoveis.pt\/blog\/wp-json\/wp\/v2\/tags?post=1821"}],"curies":[{"name":"wp","href":"https:\/\/api.w.org\/{rel}","templated":true}]}}