{"id":1983,"date":"2020-02-10T12:28:48","date_gmt":"2020-02-10T12:28:48","guid":{"rendered":"https:\/\/honda-automoveis.pt\/blog\/?p=1983"},"modified":"2020-07-17T13:25:31","modified_gmt":"2020-07-17T13:25:31","slug":"os-5-acessorios-honda-mais-procurados-em-2019","status":"publish","type":"post","link":"https:\/\/honda-automoveis.pt\/blog\/os-5-acessorios-honda-mais-procurados-em-2019\/","title":{"rendered":"Os 5 acess\u00f3rios Honda mais procurados em 2019"},"content":{"rendered":"<p>O ano de 2019 refor\u00e7ou que o condutor Honda procura, cada vez mais, um carro 100% ajustado a si, pesquisando acess\u00f3rios\u00a0e produtos Honda. Curioso\/a para descobrir quais os acess\u00f3rios que ocuparam o nosso top 5, no ano passado?<\/p>\n<h2><span style=\"color: #ff0000;\">1 &#8211; <\/span>Tapetes<\/h2>\n<p>Um verdadeiro f\u00e3 da Honda n\u00e3o descura a personaliza\u00e7\u00e3o. Seja atrav\u00e9s de acess\u00f3rios externos como de interior. A ocupar o primeiro lugar do nosso top de acess\u00f3rios e produtos Honda mais vendidos em 2019, encontramos a nossa linha de tapetes oficiais.<\/p>\n<p>Cada modelo Honda possui um conjunto de tapetes pensados \u00e0 medida, que representam a qualidade e originalidade da marca. A manuten\u00e7\u00e3o do seu Honda \u00a0passa pelos tapetes, j\u00e1 que <strong>\u00e9 a qualidade destes que impede a perda de mobilidade em redor dos pedais<\/strong>, fundamental para, por exemplo, realizar manobras de emerg\u00eancia. Os tapetes de borracha tamb\u00e9m exigem alguns cuidados, sendo importante a sua troca pontualmente, para garantir a correta ader\u00eancia.<\/p>\n<h2><span style=\"color: #ff0000;\">2 &#8211; <\/span>Barras Transversais<\/h2>\n<p>Se vai de viagem e precisa de levar mais bagagem, ou se as f\u00e9rias com a fam\u00edlia est\u00e3o a chegar, ent\u00e3o as barras transversais v\u00e3o auxili\u00e1-lo, dando mais capacidade de carga ao seu autom\u00f3vel.<\/p>\n<p>Sabemos que um condutor Honda \u00e9 um verdadeiro amante de viagens, por isso n\u00e3o nos surpreende que as barras transversais estejam entre os acess\u00f3rios Honda mais vendidos em 2019. <strong>As nossas barras transversais incluem fechaduras de prote\u00e7\u00e3o antirroubo<\/strong>, para que o equipamento do seu Honda esteja sempre protegido. Al\u00e9m disso, respeitam os mais exigentes requisitos de seguran\u00e7a, para que a sua bagagem n\u00e3o se perca e n\u00e3o danifique o seu autom\u00f3vel. No entanto, n\u00e3o se esque\u00e7a que as barras transversais do seu Honda precisam de ser combinadas com as barras\/calhas longitudinais do tejadilho, ou seja, s\u00e3o apenas aplic\u00e1veis a viaturas que j\u00e1 v\u00eam equipadas com esse elemento.<\/p>\n<p><img loading=\"lazy\" class=\"alignnone wp-image-4472 size-full\" src=\"https:\/\/honda-automoveis.pt\/blog\/wp-content\/uploads\/2020\/02\/tejadilho-honda.jpg\" alt=\"Tejadilho de um carro Honda\" width=\"1000\" height=\"750\" srcset=\"https:\/\/honda-automoveis.pt\/blog\/wp-content\/uploads\/2020\/02\/tejadilho-honda.jpg 1000w, https:\/\/honda-automoveis.pt\/blog\/wp-content\/uploads\/2020\/02\/tejadilho-honda-300x225.jpg 300w, https:\/\/honda-automoveis.pt\/blog\/wp-content\/uploads\/2020\/02\/tejadilho-honda-768x576.jpg 768w\" sizes=\"(max-width: 1000px) 100vw, 1000px\" \/><\/p>\n<h2><span style=\"color: #ff0000;\">3 &#8211; <\/span>Porcas de Seguran\u00e7a<\/h2>\n<p>Se tem um Honda, n\u00e3o vale a pena negar: tem mais amor ao seu autom\u00f3vel do que aquele que consegue explicar. Por isso, n\u00e3o \u00e9 de estranhar que os condutores Honda estimem as suas viaturas, protegendo-as contra todos os riscos.<\/p>\n<p>Quando falamos dos acess\u00f3rios mais vendidos em 2019, as Porcas de Seguran\u00e7a tiveram muita procura pelos clientes Honda. Mas saber\u00e1 como podem ajudar?<\/p>\n<p>As porcas de seguran\u00e7a<strong> permitem-lhe proteger as jantes do seu Honda, contra qualquer tentativa de roubo<\/strong>. Estas s\u00f3 podem ser desapertadas com uma chave especial, \u00fanica a cada kit de porcas de seguran\u00e7a.<\/p>\n<p><img loading=\"lazy\" class=\"alignnone wp-image-2668 size-full\" src=\"https:\/\/honda-automoveis.pt\/blog\/wp-content\/uploads\/2020\/04\/Honda-acess\u00f3rios-porcas-de-seguran\u00e7a.jpg\" alt=\"Porcas de seguran\u00e7a Honda\" width=\"1024\" height=\"646\" srcset=\"https:\/\/honda-automoveis.pt\/blog\/wp-content\/uploads\/2020\/04\/Honda-acess\u00f3rios-porcas-de-seguran\u00e7a.jpg 1024w, https:\/\/honda-automoveis.pt\/blog\/wp-content\/uploads\/2020\/04\/Honda-acess\u00f3rios-porcas-de-seguran\u00e7a-300x189.jpg 300w, https:\/\/honda-automoveis.pt\/blog\/wp-content\/uploads\/2020\/04\/Honda-acess\u00f3rios-porcas-de-seguran\u00e7a-768x485.jpg 768w\" sizes=\"(max-width: 1024px) 100vw, 1024px\" \/><\/p>\n<h2><span style=\"color: #ff0000;\">4 &#8211; <\/span>Compartimento de Bagageira com Divis\u00f3rias e Rede<\/h2>\n<p>Os clientes Honda n\u00e3o deixaram nenhum pormenor de fora e, por isso, o top 4 \u00e9 ocupado por dois acess\u00f3rios para a bagageira.<\/p>\n<p>O compartimento de bagageira com divis\u00f3rias funciona enquanto tabuleiro imperme\u00e1vel e antiderrapante, que se encaixa no piso da sua bagageira. Desta forma, mantemos protegido o seu autom\u00f3vel contra a sujidade e poss\u00edveis riscos. Al\u00e9m disso, o compartimento de bagageira com divis\u00f3rias, por ter extremidades elevadas, permitindo que a sua carga n\u00e3o se disperse.<\/p>\n<p>A rede para bagageira, o segundo acess\u00f3rio procurado, tem uma fun\u00e7\u00e3o similar. Prende-se \u00e0s extremidades da bagageira do seu Honda, permitindo-lhe manter os objetos em seguran\u00e7a, como, por exemplo, caixas, para que estas n\u00e3o balancem durante as suas viagens.<\/p>\n<p><img loading=\"lazy\" class=\"alignnone wp-image-2670 size-full\" src=\"https:\/\/honda-automoveis.pt\/blog\/wp-content\/uploads\/2020\/04\/Honda-acess\u00f3rios-bagageira.jpg\" alt=\"Acess\u00f3rios bagageira Honda\" width=\"750\" height=\"500\" srcset=\"https:\/\/honda-automoveis.pt\/blog\/wp-content\/uploads\/2020\/04\/Honda-acess\u00f3rios-bagageira.jpg 750w, https:\/\/honda-automoveis.pt\/blog\/wp-content\/uploads\/2020\/04\/Honda-acess\u00f3rios-bagageira-300x200.jpg 300w\" sizes=\"(max-width: 750px) 100vw, 750px\" \/><\/p>\n<p>&nbsp;<\/p>\n<h2><span style=\"color: #ff0000;\">5 &#8211; <\/span>Pack ilumina\u00e7\u00e3o<\/h2>\n<p>Sabia que o seu autom\u00f3vel pode ser personalizado com ilumina\u00e7\u00e3o, em diferentes locais do interior? Os nossos f\u00e3s sabem, j\u00e1 que o pack ilumina\u00e7\u00e3o foi o 5\u00ba acess\u00f3rio Honda mais procurado em 2019.<\/p>\n<p>Este pack usa uma combina\u00e7\u00e3o de luzes, que variam entre o vermelho ou o azul, dependendo do modelo e vers\u00e3o que possui, para criar um ambiente diferente no interior do seu Honda e maximizar a sua experi\u00eancia de condu\u00e7\u00e3o.<\/p>\n<p><img loading=\"lazy\" class=\"alignnone wp-image-2673 size-full\" src=\"https:\/\/honda-automoveis.pt\/blog\/wp-content\/uploads\/2020\/04\/Honda-acess\u00f3rios-pack-ilumina\u00e7\u00e3o.jpg\" alt=\"Pack ilumina\u00e7\u00e3o Honda\" width=\"1024\" height=\"768\" srcset=\"https:\/\/honda-automoveis.pt\/blog\/wp-content\/uploads\/2020\/04\/Honda-acess\u00f3rios-pack-ilumina\u00e7\u00e3o.jpg 1024w, https:\/\/honda-automoveis.pt\/blog\/wp-content\/uploads\/2020\/04\/Honda-acess\u00f3rios-pack-ilumina\u00e7\u00e3o-300x225.jpg 300w, https:\/\/honda-automoveis.pt\/blog\/wp-content\/uploads\/2020\/04\/Honda-acess\u00f3rios-pack-ilumina\u00e7\u00e3o-768x576.jpg 768w\" sizes=\"(max-width: 1024px) 100vw, 1024px\" \/><\/p>\n<p>Pode encontrar <strong>ilumina\u00e7\u00e3o para a zona dos pedais<\/strong>, perfeita para encontrar algum objeto ca\u00eddo, para as embaladeiras das portas, tendo, assim, visibilidade noturna sobre o solo sempre que abrir a porta do seu Honda ou ilumina\u00e7\u00e3o para a consola, para um ambiente mais confort\u00e1vel.<\/p>\n<p>Com 2020 ainda no seu in\u00edcio, comece j\u00e1 a pensar nos acess\u00f3rios para o seu Honda e aproveite para realizar o check-up \u00e0 sua viatura. Inicie o ano com as manuten\u00e7\u00f5es em dia, junto de um reparador oficial Honda, e garanta um ano repleto de viagens com total seguran\u00e7a e conforto.<\/p>\n<p>&nbsp;<\/p>\n","protected":false},"excerpt":{"rendered":"<p>O ano de 2019 refor\u00e7ou que o condutor Honda procura, cada vez mais, um carro 100% ajustado a si, pesquisando acess\u00f3rios e produtos oficiais da marca. \u00a0Curioso\/a para descobrir quais os acess\u00f3rios que ocuparam o nosso top 5, no ano passado?<\/p>\n","protected":false},"author":4,"featured_media":2676,"comment_status":"open","ping_status":"open","sticky":false,"template":"","format":"standard","meta":[],"categories":[84],"tags":[107],"yoast_head":"<!-- This site is optimized with the Yoast SEO plugin v18.5 - https:\/\/yoast.com\/wordpress\/plugins\/seo\/ -->\n<title>Os 5 acess\u00f3rios Honda mais procurados em 2019 | Honda Portugal<\/title>\n<meta name=\"description\" content=\"Descubra aqui quais os acess\u00f3rios Honda mais procurados pelos condutores em 2019, para conseguirem um ve\u00edculo ainda mais ajustado ao seu dia a dia.\" \/>\n<meta name=\"robots\" content=\"index, follow, max-snippet:-1, max-image-preview:large, max-video-preview:-1\" \/>\n<link rel=\"canonical\" href=\"https:\/\/honda-automoveis.pt\/blog\/os-5-acessorios-honda-mais-procurados-em-2019\/\" \/>\n<meta property=\"og:locale\" content=\"pt_PT\" \/>\n<meta property=\"og:type\" content=\"article\" \/>\n<meta property=\"og:title\" content=\"Os 5 acess\u00f3rios Honda mais procurados em 2019 | Honda Portugal\" \/>\n<meta property=\"og:description\" content=\"Descubra aqui quais os acess\u00f3rios Honda mais procurados pelos condutores em 2019, para conseguirem um ve\u00edculo ainda mais ajustado ao seu dia a dia.\" \/>\n<meta property=\"og:url\" content=\"https:\/\/honda-automoveis.pt\/blog\/os-5-acessorios-honda-mais-procurados-em-2019\/\" \/>\n<meta property=\"og:site_name\" content=\"Honda Portugal\" \/>\n<meta property=\"article:published_time\" content=\"2020-02-10T12:28:48+00:00\" \/>\n<meta property=\"article:modified_time\" content=\"2020-07-17T13:25:31+00:00\" \/>\n<meta property=\"og:image\" content=\"https:\/\/honda-automoveis.pt\/blog\/wp-content\/uploads\/2020\/04\/Interior-Honda-CR-V.png\" \/>\n\t<meta property=\"og:image:width\" content=\"1000\" \/>\n\t<meta property=\"og:image:height\" content=\"550\" \/>\n\t<meta property=\"og:image:type\" content=\"image\/png\" \/>\n<meta name=\"twitter:card\" content=\"summary_large_image\" \/>\n<meta name=\"twitter:label1\" content=\"Escrito por\" \/>\n\t<meta name=\"twitter:data1\" content=\"Honda Portugal Autom\u00f3veis\" \/>\n\t<meta name=\"twitter:label2\" content=\"Tempo estimado de leitura\" \/>\n\t<meta name=\"twitter:data2\" content=\"4 minutos\" \/>\n<script type=\"application\/ld+json\" class=\"yoast-schema-graph\">{\"@context\":\"https:\/\/schema.org\",\"@graph\":[{\"@type\":\"WebSite\",\"@id\":\"https:\/\/honda-automoveis.pt\/blog\/#website\",\"url\":\"https:\/\/honda-automoveis.pt\/blog\/\",\"name\":\"Honda Portugal\",\"description\":\"Dreamers&#039; Blog\",\"potentialAction\":[{\"@type\":\"SearchAction\",\"target\":{\"@type\":\"EntryPoint\",\"urlTemplate\":\"https:\/\/honda-automoveis.pt\/blog\/?s={search_term_string}\"},\"query-input\":\"required name=search_term_string\"}],\"inLanguage\":\"pt-PT\"},{\"@type\":\"ImageObject\",\"@id\":\"https:\/\/honda-automoveis.pt\/blog\/os-5-acessorios-honda-mais-procurados-em-2019\/#primaryimage\",\"inLanguage\":\"pt-PT\",\"url\":\"https:\/\/honda-automoveis.pt\/blog\/wp-content\/uploads\/2020\/04\/Interior-Honda-CR-V.png\",\"contentUrl\":\"https:\/\/honda-automoveis.pt\/blog\/wp-content\/uploads\/2020\/04\/Interior-Honda-CR-V.png\",\"width\":1000,\"height\":550,\"caption\":\"Interior Honda CR-V\"},{\"@type\":\"WebPage\",\"@id\":\"https:\/\/honda-automoveis.pt\/blog\/os-5-acessorios-honda-mais-procurados-em-2019\/#webpage\",\"url\":\"https:\/\/honda-automoveis.pt\/blog\/os-5-acessorios-honda-mais-procurados-em-2019\/\",\"name\":\"Os 5 acess\u00f3rios Honda mais procurados em 2019 | Honda Portugal\",\"isPartOf\":{\"@id\":\"https:\/\/honda-automoveis.pt\/blog\/#website\"},\"primaryImageOfPage\":{\"@id\":\"https:\/\/honda-automoveis.pt\/blog\/os-5-acessorios-honda-mais-procurados-em-2019\/#primaryimage\"},\"datePublished\":\"2020-02-10T12:28:48+00:00\",\"dateModified\":\"2020-07-17T13:25:31+00:00\",\"author\":{\"@id\":\"https:\/\/honda-automoveis.pt\/blog\/#\/schema\/person\/7f8ab873bdf8dbd771f0d57531954f87\"},\"description\":\"Descubra aqui quais os acess\u00f3rios Honda mais procurados pelos condutores em 2019, para conseguirem um ve\u00edculo ainda mais ajustado ao seu dia a dia.\",\"breadcrumb\":{\"@id\":\"https:\/\/honda-automoveis.pt\/blog\/os-5-acessorios-honda-mais-procurados-em-2019\/#breadcrumb\"},\"inLanguage\":\"pt-PT\",\"potentialAction\":[{\"@type\":\"ReadAction\",\"target\":[\"https:\/\/honda-automoveis.pt\/blog\/os-5-acessorios-honda-mais-procurados-em-2019\/\"]}]},{\"@type\":\"BreadcrumbList\",\"@id\":\"https:\/\/honda-automoveis.pt\/blog\/os-5-acessorios-honda-mais-procurados-em-2019\/#breadcrumb\",\"itemListElement\":[{\"@type\":\"ListItem\",\"position\":1,\"name\":\"In\u00edcio\",\"item\":\"https:\/\/honda-automoveis.pt\/blog\/\"},{\"@type\":\"ListItem\",\"position\":2,\"name\":\"Os 5 acess\u00f3rios Honda mais procurados em 2019\"}]},{\"@type\":\"Person\",\"@id\":\"https:\/\/honda-automoveis.pt\/blog\/#\/schema\/person\/7f8ab873bdf8dbd771f0d57531954f87\",\"name\":\"Honda Portugal Autom\u00f3veis\",\"image\":{\"@type\":\"ImageObject\",\"@id\":\"https:\/\/honda-automoveis.pt\/blog\/#personlogo\",\"inLanguage\":\"pt-PT\",\"url\":\"https:\/\/honda-automoveis.pt\/blog\/wp-content\/uploads\/2023\/06\/logo_perfil-150x150.png\",\"contentUrl\":\"https:\/\/honda-automoveis.pt\/blog\/wp-content\/uploads\/2023\/06\/logo_perfil-150x150.png\",\"caption\":\"Honda Portugal Autom\u00f3veis\"},\"description\":\"A Honda chegou a Portugal em 1968, preparada para conquistar os portugueses com a sua inovadora tecnologia e os melhores e mais fi\u00e1veis autom\u00f3veis. Com uma longa hist\u00f3ria de sucesso no nosso pa\u00eds, a Honda conquistou uma verdadeira comunidade de f\u00e3s, que reconhecem na marca a fiabilidade, seguran\u00e7a e tecnologia que nos caracterizam. A competi\u00e7\u00e3o e a performance est\u00e3o no nosso ADN e \u00e9 por isso que, diariamente, continuamos a trabalhar para que todas as viagens sejam verdadeiramente emocionantes.\",\"url\":\"https:\/\/honda-automoveis.pt\/blog\/author\/honda-portugal\/\"}]}<\/script>\n<!-- \/ Yoast SEO plugin. -->","yoast_head_json":{"title":"Os 5 acess\u00f3rios Honda mais procurados em 2019 | Honda Portugal","description":"Descubra aqui quais os acess\u00f3rios Honda mais procurados pelos condutores em 2019, para conseguirem um ve\u00edculo ainda mais ajustado ao seu dia a dia.","robots":{"index":"index","follow":"follow","max-snippet":"max-snippet:-1","max-image-preview":"max-image-preview:large","max-video-preview":"max-video-preview:-1"},"canonical":"https:\/\/honda-automoveis.pt\/blog\/os-5-acessorios-honda-mais-procurados-em-2019\/","og_locale":"pt_PT","og_type":"article","og_title":"Os 5 acess\u00f3rios Honda mais procurados em 2019 | Honda Portugal","og_description":"Descubra aqui quais os acess\u00f3rios Honda mais procurados pelos condutores em 2019, para conseguirem um ve\u00edculo ainda mais ajustado ao seu dia a dia.","og_url":"https:\/\/honda-automoveis.pt\/blog\/os-5-acessorios-honda-mais-procurados-em-2019\/","og_site_name":"Honda Portugal","article_published_time":"2020-02-10T12:28:48+00:00","article_modified_time":"2020-07-17T13:25:31+00:00","og_image":[{"width":1000,"height":550,"url":"https:\/\/honda-automoveis.pt\/blog\/wp-content\/uploads\/2020\/04\/Interior-Honda-CR-V.png","type":"image\/png"}],"twitter_card":"summary_large_image","twitter_misc":{"Escrito por":"Honda Portugal Autom\u00f3veis","Tempo estimado de leitura":"4 minutos"},"schema":{"@context":"https:\/\/schema.org","@graph":[{"@type":"WebSite","@id":"https:\/\/honda-automoveis.pt\/blog\/#website","url":"https:\/\/honda-automoveis.pt\/blog\/","name":"Honda Portugal","description":"Dreamers&#039; Blog","potentialAction":[{"@type":"SearchAction","target":{"@type":"EntryPoint","urlTemplate":"https:\/\/honda-automoveis.pt\/blog\/?s={search_term_string}"},"query-input":"required name=search_term_string"}],"inLanguage":"pt-PT"},{"@type":"ImageObject","@id":"https:\/\/honda-automoveis.pt\/blog\/os-5-acessorios-honda-mais-procurados-em-2019\/#primaryimage","inLanguage":"pt-PT","url":"https:\/\/honda-automoveis.pt\/blog\/wp-content\/uploads\/2020\/04\/Interior-Honda-CR-V.png","contentUrl":"https:\/\/honda-automoveis.pt\/blog\/wp-content\/uploads\/2020\/04\/Interior-Honda-CR-V.png","width":1000,"height":550,"caption":"Interior Honda CR-V"},{"@type":"WebPage","@id":"https:\/\/honda-automoveis.pt\/blog\/os-5-acessorios-honda-mais-procurados-em-2019\/#webpage","url":"https:\/\/honda-automoveis.pt\/blog\/os-5-acessorios-honda-mais-procurados-em-2019\/","name":"Os 5 acess\u00f3rios Honda mais procurados em 2019 | Honda Portugal","isPartOf":{"@id":"https:\/\/honda-automoveis.pt\/blog\/#website"},"primaryImageOfPage":{"@id":"https:\/\/honda-automoveis.pt\/blog\/os-5-acessorios-honda-mais-procurados-em-2019\/#primaryimage"},"datePublished":"2020-02-10T12:28:48+00:00","dateModified":"2020-07-17T13:25:31+00:00","author":{"@id":"https:\/\/honda-automoveis.pt\/blog\/#\/schema\/person\/7f8ab873bdf8dbd771f0d57531954f87"},"description":"Descubra aqui quais os acess\u00f3rios Honda mais procurados pelos condutores em 2019, para conseguirem um ve\u00edculo ainda mais ajustado ao seu dia a dia.","breadcrumb":{"@id":"https:\/\/honda-automoveis.pt\/blog\/os-5-acessorios-honda-mais-procurados-em-2019\/#breadcrumb"},"inLanguage":"pt-PT","potentialAction":[{"@type":"ReadAction","target":["https:\/\/honda-automoveis.pt\/blog\/os-5-acessorios-honda-mais-procurados-em-2019\/"]}]},{"@type":"BreadcrumbList","@id":"https:\/\/honda-automoveis.pt\/blog\/os-5-acessorios-honda-mais-procurados-em-2019\/#breadcrumb","itemListElement":[{"@type":"ListItem","position":1,"name":"In\u00edcio","item":"https:\/\/honda-automoveis.pt\/blog\/"},{"@type":"ListItem","position":2,"name":"Os 5 acess\u00f3rios Honda mais procurados em 2019"}]},{"@type":"Person","@id":"https:\/\/honda-automoveis.pt\/blog\/#\/schema\/person\/7f8ab873bdf8dbd771f0d57531954f87","name":"Honda Portugal Autom\u00f3veis","image":{"@type":"ImageObject","@id":"https:\/\/honda-automoveis.pt\/blog\/#personlogo","inLanguage":"pt-PT","url":"https:\/\/honda-automoveis.pt\/blog\/wp-content\/uploads\/2023\/06\/logo_perfil-150x150.png","contentUrl":"https:\/\/honda-automoveis.pt\/blog\/wp-content\/uploads\/2023\/06\/logo_perfil-150x150.png","caption":"Honda Portugal Autom\u00f3veis"},"description":"A Honda chegou a Portugal em 1968, preparada para conquistar os portugueses com a sua inovadora tecnologia e os melhores e mais fi\u00e1veis autom\u00f3veis. Com uma longa hist\u00f3ria de sucesso no nosso pa\u00eds, a Honda conquistou uma verdadeira comunidade de f\u00e3s, que reconhecem na marca a fiabilidade, seguran\u00e7a e tecnologia que nos caracterizam. A competi\u00e7\u00e3o e a performance est\u00e3o no nosso ADN e \u00e9 por isso que, diariamente, continuamos a trabalhar para que todas as viagens sejam verdadeiramente emocionantes.","url":"https:\/\/honda-automoveis.pt\/blog\/author\/honda-portugal\/"}]}},"_links":{"self":[{"href":"https:\/\/honda-automoveis.pt\/blog\/wp-json\/wp\/v2\/posts\/1983"}],"collection":[{"href":"https:\/\/honda-automoveis.pt\/blog\/wp-json\/wp\/v2\/posts"}],"about":[{"href":"https:\/\/honda-automoveis.pt\/blog\/wp-json\/wp\/v2\/types\/post"}],"author":[{"embeddable":true,"href":"https:\/\/honda-automoveis.pt\/blog\/wp-json\/wp\/v2\/users\/4"}],"replies":[{"embeddable":true,"href":"https:\/\/honda-automoveis.pt\/blog\/wp-json\/wp\/v2\/comments?post=1983"}],"version-history":[{"count":16,"href":"https:\/\/honda-automoveis.pt\/blog\/wp-json\/wp\/v2\/posts\/1983\/revisions"}],"predecessor-version":[{"id":4497,"href":"https:\/\/honda-automoveis.pt\/blog\/wp-json\/wp\/v2\/posts\/1983\/revisions\/4497"}],"wp:featuredmedia":[{"embeddable":true,"href":"https:\/\/honda-automoveis.pt\/blog\/wp-json\/wp\/v2\/media\/2676"}],"wp:attachment":[{"href":"https:\/\/honda-automoveis.pt\/blog\/wp-json\/wp\/v2\/media?parent=1983"}],"wp:term":[{"taxonomy":"category","embeddable":true,"href":"https:\/\/honda-automoveis.pt\/blog\/wp-json\/wp\/v2\/categories?post=1983"},{"taxonomy":"post_tag","embeddable":true,"href":"https:\/\/honda-automoveis.pt\/blog\/wp-json\/wp\/v2\/tags?post=1983"}],"curies":[{"name":"wp","href":"https:\/\/api.w.org\/{rel}","templated":true}]}}