{"id":20410,"date":"2020-12-02T16:10:37","date_gmt":"2020-12-02T16:10:37","guid":{"rendered":"https:\/\/honda-automoveis.pt\/blog\/?p=20410"},"modified":"2020-12-02T16:10:37","modified_gmt":"2020-12-02T16:10:37","slug":"20-anos-asimo","status":"publish","type":"post","link":"https:\/\/honda-automoveis.pt\/blog\/20-anos-asimo\/","title":{"rendered":"20 anos de ASIMO: como o rob\u00f4 da Honda revolucionou a intelig\u00eancia artificial"},"content":{"rendered":"<p><strong>20 anos. 7907 quil\u00f3metros. 33263219 passos.<\/strong> Estes n\u00fameros traduzem a dist\u00e2ncia total que o <strong>rob\u00f4 ASIMO<\/strong>, o humanoide da Honda, percorreu ao longo dos \u00faltimos 20 anos. O amigo tecnol\u00f3gico ASIMO completa o seu vig\u00e9simo anivers\u00e1rio.<\/p>\n<h2>ASIMO: o rob\u00f4 do s\u00e9culo<\/h2>\n<p>O <a href=\"https:\/\/asimo.honda.com\/default.aspx\" target=\"_blank\" rel=\"noopener noreferrer\"><strong>rob\u00f4 ASIMO<\/strong><\/a> nasceu com o s\u00e9culo XXI. A origem da sua cria\u00e7\u00e3o remonta ao ano de 1986, quando os primeiros rob\u00f4s Honda eram umas pernas mec\u00e2nicas que simulavam o andar do ser humano. O objetivo era o desenvolvimento de um sistema de assist\u00eancia, que pudesse substituir humanos em trabalhos potencialmente mais perigosos.<\/p>\n<p>A mudan\u00e7a de s\u00e9culo (e de mil\u00e9nio) revelou a grande surpresa que a Honda preparou para a humanidade: um rob\u00f4 que representou uma revolu\u00e7\u00e3o tecnol\u00f3gica. Pela primeira vez, est\u00e1vamos perante um rob\u00f4 b\u00edpede, de dimens\u00f5es humanas, capaz de manter o equil\u00edbrio ao caminhar, conseguindo at\u00e9 subir e descer escadas.<\/p>\n<p>Um avan\u00e7o tecnol\u00f3gico extraordin\u00e1rio, que simulava perfeita e artificialmente a capacidade motora de uma pessoa. O <strong>ASIMO<\/strong> tornou-se no primeiro rob\u00f4 humanoide do mundo capaz de interagir de forma aut\u00f3noma, num ambiente humano.<\/p>\n<h3>Mobilidade e intelig\u00eancia<\/h3>\n<p>A \u00faltima vers\u00e3o do simp\u00e1tico <strong>rob\u00f4 ASIMO<\/strong>, fruto dos avan\u00e7os da Honda em tecnologia rob\u00f3tica desde 1986, foi apresentado na Europa em 2014. O ASIMO mede cerca de 1, 30 metros e pesa 50 quilogramas. Corre a uma velocidade de 9 km\/h e \u00e9 capaz de caminhar por superf\u00edcies irregulares e subir escadas, sem dificuldades.<\/p>\n<p><img loading=\"lazy\" class=\"size-full wp-image-20415\" src=\"https:\/\/honda-automoveis.pt\/blog\/wp-content\/uploads\/2020\/11\/ASIMO_II.jpg\" alt=\"ASIMO em zurique\" width=\"1000\" height=\"750\" srcset=\"https:\/\/honda-automoveis.pt\/blog\/wp-content\/uploads\/2020\/11\/ASIMO_II.jpg 1000w, https:\/\/honda-automoveis.pt\/blog\/wp-content\/uploads\/2020\/11\/ASIMO_II-300x225.jpg 300w, https:\/\/honda-automoveis.pt\/blog\/wp-content\/uploads\/2020\/11\/ASIMO_II-768x576.jpg 768w\" sizes=\"(max-width: 1000px) 100vw, 1000px\" \/><\/p>\n<p>Gra\u00e7as aos avan\u00e7os e descobertas alcan\u00e7adas em termos de mobilidade, velocidade e estabilidade e, sobretudo, no que diz respeito \u00e0 evolu\u00e7\u00e3o da intelig\u00eancia artificial, o mais recente ASIMO reconhece melhor o seu ambiente e utiliza melhor a sua capacidade de rea\u00e7\u00e3o.<\/p>\n<p>N\u00e3o se limita s\u00f3 a andar e a correr, como tamb\u00e9m consegue saltar, chutar uma bola, servir caf\u00e9s e dan\u00e7ar. Nem todas as suas capacidades se desenvolvem somente a n\u00edvel f\u00edsico. Gra\u00e7as \u00e0 intelig\u00eancia artificial, o <strong>ASIMO<\/strong> pode reconhecer sons e vozes, rostos, gestos e consegue acatar ordens simples.<\/p>\n<h3>Um rob\u00f4 conhecido em todo o Mundo<\/h3>\n<p>O <strong>ASIMO<\/strong> tornou-se um grande embaixador da Honda, gra\u00e7as \u00e0s suas viagens, participa\u00e7\u00e3o em eventos e encontros com personalidades de todas as \u00e1reas.<\/p>\n<p>O seu trabalho como embaixador de tecnologia levou-o a visitar museus de ci\u00eancia e tecnologia, institui\u00e7\u00f5es e escolas em todo o mundo. Incentivou alunos a dedicar-se \u00e0 ci\u00eancia e imaginar um futuro na rob\u00f3tica.<\/p>\n<p>Em 2002 tornou-se no primeiro rob\u00f4 a tocar o famoso sino de abertura da Bolsa de Valores de Nova Iorque, em 2003 visitou a Europa pela primeira vez e em 2008 <a href=\"https:\/\/www.youtube.com\/watch?v=qRUyVCfFh1U&amp;ab_channel=FabrizioCostantini\" target=\"_blank\" rel=\"noopener noreferrer\">dirigiu a Orquestra Sinf\u00f3nica de Detroit<\/a>.<\/p>\n<p>O ASIMO n\u00e3o deixou de fazer amigos: jogou futebol com o antigo Presidente dos Estados Unidos, Barack Obama, dan\u00e7ou para a chanceler alem\u00e3 Angela Merkel e os reis de Espanha, Felipe e Letizia, visitaram-no em T\u00f3quio, em 2017.<\/p>\n<p>Desde a sua funda\u00e7\u00e3o, a Honda tem como principal objetivo desenvolver ferramentas e tecnologias que tornem a vida das pessoas mais simples e feliz. Neste sentido, todos os anos de investiga\u00e7\u00e3o que ajudaram o ASIMO a crescer j\u00e1 resultaram em diferentes avan\u00e7os na marca <a href=\"https:\/\/global.honda\/innovation\/robotics.html\" target=\"_blank\" rel=\"nofollow noopener noreferrer\">Honda Robotics<\/a>.<\/p>\n<p><strong>Celebre connosco o 20.\u00ba anivers\u00e1rio do ASIMO!<\/strong><\/p>\n","protected":false},"excerpt":{"rendered":"<p>20 anos. 7907 quil\u00f3metros. 33263219 passos. Estes n\u00fameros traduzem a dist\u00e2ncia total que o rob\u00f4 ASIMO, o humanoide da Honda, percorreu ao longo dos \u00faltimos 20 anos. O amigo tecnol\u00f3gico ASIMO completa o seu vig\u00e9simo anivers\u00e1rio. ASIMO: o rob\u00f4 do s\u00e9culo O rob\u00f4 ASIMO nasceu com o s\u00e9culo XXI. A origem da sua cria\u00e7\u00e3o remonta <a href=\"https:\/\/honda-automoveis.pt\/blog\/20-anos-asimo\/\">(&hellip;)<\/a><\/p>\n","protected":false},"author":4,"featured_media":20414,"comment_status":"open","ping_status":"open","sticky":false,"template":"","format":"standard","meta":[],"categories":[1],"tags":[],"yoast_head":"<!-- This site is optimized with the Yoast SEO plugin v18.5 - https:\/\/yoast.com\/wordpress\/plugins\/seo\/ -->\n<title>20 anos de ASIMO: revolu\u00e7\u00e3o na IA | Honda Portugal<\/title>\n<meta name=\"description\" content=\"O rob\u00f4 ASIMO est\u00e1 a celebrar 20 anos de vida. Lembra-se do que o amigo tecnol\u00f3gico criado pela Honda j\u00e1 conseguiu alcan\u00e7ar? Recorde connosco.\" \/>\n<meta name=\"robots\" content=\"index, follow, max-snippet:-1, max-image-preview:large, max-video-preview:-1\" \/>\n<link rel=\"canonical\" href=\"https:\/\/honda-automoveis.pt\/blog\/20-anos-asimo\/\" \/>\n<meta property=\"og:locale\" content=\"pt_PT\" \/>\n<meta property=\"og:type\" content=\"article\" \/>\n<meta property=\"og:title\" content=\"20 anos de ASIMO: revolu\u00e7\u00e3o na IA | Honda Portugal\" \/>\n<meta property=\"og:description\" content=\"O rob\u00f4 ASIMO est\u00e1 a celebrar 20 anos de vida. Lembra-se do que o amigo tecnol\u00f3gico criado pela Honda j\u00e1 conseguiu alcan\u00e7ar? Recorde connosco.\" \/>\n<meta property=\"og:url\" content=\"https:\/\/honda-automoveis.pt\/blog\/20-anos-asimo\/\" \/>\n<meta property=\"og:site_name\" content=\"Honda Portugal\" \/>\n<meta property=\"article:published_time\" content=\"2020-12-02T16:10:37+00:00\" \/>\n<meta property=\"og:image\" content=\"https:\/\/honda-automoveis.pt\/blog\/wp-content\/uploads\/2020\/11\/ASIMO.jpg\" \/>\n\t<meta property=\"og:image:width\" content=\"1000\" \/>\n\t<meta property=\"og:image:height\" content=\"662\" \/>\n\t<meta property=\"og:image:type\" content=\"image\/jpeg\" \/>\n<meta name=\"twitter:card\" content=\"summary_large_image\" \/>\n<meta name=\"twitter:label1\" content=\"Escrito por\" \/>\n\t<meta name=\"twitter:data1\" content=\"Honda Portugal Autom\u00f3veis\" \/>\n\t<meta name=\"twitter:label2\" content=\"Tempo estimado de leitura\" \/>\n\t<meta name=\"twitter:data2\" content=\"3 minutos\" \/>\n<script type=\"application\/ld+json\" class=\"yoast-schema-graph\">{\"@context\":\"https:\/\/schema.org\",\"@graph\":[{\"@type\":\"WebSite\",\"@id\":\"https:\/\/honda-automoveis.pt\/blog\/#website\",\"url\":\"https:\/\/honda-automoveis.pt\/blog\/\",\"name\":\"Honda Portugal\",\"description\":\"Dreamers&#039; Blog\",\"potentialAction\":[{\"@type\":\"SearchAction\",\"target\":{\"@type\":\"EntryPoint\",\"urlTemplate\":\"https:\/\/honda-automoveis.pt\/blog\/?s={search_term_string}\"},\"query-input\":\"required name=search_term_string\"}],\"inLanguage\":\"pt-PT\"},{\"@type\":\"ImageObject\",\"@id\":\"https:\/\/honda-automoveis.pt\/blog\/20-anos-asimo\/#primaryimage\",\"inLanguage\":\"pt-PT\",\"url\":\"https:\/\/honda-automoveis.pt\/blog\/wp-content\/uploads\/2020\/11\/ASIMO.jpg\",\"contentUrl\":\"https:\/\/honda-automoveis.pt\/blog\/wp-content\/uploads\/2020\/11\/ASIMO.jpg\",\"width\":1000,\"height\":662,\"caption\":\"ASIMO em nova iorque\"},{\"@type\":\"WebPage\",\"@id\":\"https:\/\/honda-automoveis.pt\/blog\/20-anos-asimo\/#webpage\",\"url\":\"https:\/\/honda-automoveis.pt\/blog\/20-anos-asimo\/\",\"name\":\"20 anos de ASIMO: revolu\u00e7\u00e3o na IA | Honda Portugal\",\"isPartOf\":{\"@id\":\"https:\/\/honda-automoveis.pt\/blog\/#website\"},\"primaryImageOfPage\":{\"@id\":\"https:\/\/honda-automoveis.pt\/blog\/20-anos-asimo\/#primaryimage\"},\"datePublished\":\"2020-12-02T16:10:37+00:00\",\"dateModified\":\"2020-12-02T16:10:37+00:00\",\"author\":{\"@id\":\"https:\/\/honda-automoveis.pt\/blog\/#\/schema\/person\/7f8ab873bdf8dbd771f0d57531954f87\"},\"description\":\"O rob\u00f4 ASIMO est\u00e1 a celebrar 20 anos de vida. Lembra-se do que o amigo tecnol\u00f3gico criado pela Honda j\u00e1 conseguiu alcan\u00e7ar? Recorde connosco.\",\"breadcrumb\":{\"@id\":\"https:\/\/honda-automoveis.pt\/blog\/20-anos-asimo\/#breadcrumb\"},\"inLanguage\":\"pt-PT\",\"potentialAction\":[{\"@type\":\"ReadAction\",\"target\":[\"https:\/\/honda-automoveis.pt\/blog\/20-anos-asimo\/\"]}]},{\"@type\":\"BreadcrumbList\",\"@id\":\"https:\/\/honda-automoveis.pt\/blog\/20-anos-asimo\/#breadcrumb\",\"itemListElement\":[{\"@type\":\"ListItem\",\"position\":1,\"name\":\"In\u00edcio\",\"item\":\"https:\/\/honda-automoveis.pt\/blog\/\"},{\"@type\":\"ListItem\",\"position\":2,\"name\":\"20 anos de ASIMO: como o rob\u00f4 da Honda revolucionou a intelig\u00eancia artificial\"}]},{\"@type\":\"Person\",\"@id\":\"https:\/\/honda-automoveis.pt\/blog\/#\/schema\/person\/7f8ab873bdf8dbd771f0d57531954f87\",\"name\":\"Honda Portugal Autom\u00f3veis\",\"image\":{\"@type\":\"ImageObject\",\"@id\":\"https:\/\/honda-automoveis.pt\/blog\/#personlogo\",\"inLanguage\":\"pt-PT\",\"url\":\"https:\/\/honda-automoveis.pt\/blog\/wp-content\/uploads\/2023\/06\/logo_perfil-150x150.png\",\"contentUrl\":\"https:\/\/honda-automoveis.pt\/blog\/wp-content\/uploads\/2023\/06\/logo_perfil-150x150.png\",\"caption\":\"Honda Portugal Autom\u00f3veis\"},\"description\":\"A Honda chegou a Portugal em 1968, preparada para conquistar os portugueses com a sua inovadora tecnologia e os melhores e mais fi\u00e1veis autom\u00f3veis. Com uma longa hist\u00f3ria de sucesso no nosso pa\u00eds, a Honda conquistou uma verdadeira comunidade de f\u00e3s, que reconhecem na marca a fiabilidade, seguran\u00e7a e tecnologia que nos caracterizam. A competi\u00e7\u00e3o e a performance est\u00e3o no nosso ADN e \u00e9 por isso que, diariamente, continuamos a trabalhar para que todas as viagens sejam verdadeiramente emocionantes.\",\"url\":\"https:\/\/honda-automoveis.pt\/blog\/author\/honda-portugal\/\"}]}<\/script>\n<!-- \/ Yoast SEO plugin. -->","yoast_head_json":{"title":"20 anos de ASIMO: revolu\u00e7\u00e3o na IA | Honda Portugal","description":"O rob\u00f4 ASIMO est\u00e1 a celebrar 20 anos de vida. Lembra-se do que o amigo tecnol\u00f3gico criado pela Honda j\u00e1 conseguiu alcan\u00e7ar? Recorde connosco.","robots":{"index":"index","follow":"follow","max-snippet":"max-snippet:-1","max-image-preview":"max-image-preview:large","max-video-preview":"max-video-preview:-1"},"canonical":"https:\/\/honda-automoveis.pt\/blog\/20-anos-asimo\/","og_locale":"pt_PT","og_type":"article","og_title":"20 anos de ASIMO: revolu\u00e7\u00e3o na IA | Honda Portugal","og_description":"O rob\u00f4 ASIMO est\u00e1 a celebrar 20 anos de vida. Lembra-se do que o amigo tecnol\u00f3gico criado pela Honda j\u00e1 conseguiu alcan\u00e7ar? Recorde connosco.","og_url":"https:\/\/honda-automoveis.pt\/blog\/20-anos-asimo\/","og_site_name":"Honda Portugal","article_published_time":"2020-12-02T16:10:37+00:00","og_image":[{"width":1000,"height":662,"url":"https:\/\/honda-automoveis.pt\/blog\/wp-content\/uploads\/2020\/11\/ASIMO.jpg","type":"image\/jpeg"}],"twitter_card":"summary_large_image","twitter_misc":{"Escrito por":"Honda Portugal Autom\u00f3veis","Tempo estimado de leitura":"3 minutos"},"schema":{"@context":"https:\/\/schema.org","@graph":[{"@type":"WebSite","@id":"https:\/\/honda-automoveis.pt\/blog\/#website","url":"https:\/\/honda-automoveis.pt\/blog\/","name":"Honda Portugal","description":"Dreamers&#039; Blog","potentialAction":[{"@type":"SearchAction","target":{"@type":"EntryPoint","urlTemplate":"https:\/\/honda-automoveis.pt\/blog\/?s={search_term_string}"},"query-input":"required name=search_term_string"}],"inLanguage":"pt-PT"},{"@type":"ImageObject","@id":"https:\/\/honda-automoveis.pt\/blog\/20-anos-asimo\/#primaryimage","inLanguage":"pt-PT","url":"https:\/\/honda-automoveis.pt\/blog\/wp-content\/uploads\/2020\/11\/ASIMO.jpg","contentUrl":"https:\/\/honda-automoveis.pt\/blog\/wp-content\/uploads\/2020\/11\/ASIMO.jpg","width":1000,"height":662,"caption":"ASIMO em nova iorque"},{"@type":"WebPage","@id":"https:\/\/honda-automoveis.pt\/blog\/20-anos-asimo\/#webpage","url":"https:\/\/honda-automoveis.pt\/blog\/20-anos-asimo\/","name":"20 anos de ASIMO: revolu\u00e7\u00e3o na IA | Honda Portugal","isPartOf":{"@id":"https:\/\/honda-automoveis.pt\/blog\/#website"},"primaryImageOfPage":{"@id":"https:\/\/honda-automoveis.pt\/blog\/20-anos-asimo\/#primaryimage"},"datePublished":"2020-12-02T16:10:37+00:00","dateModified":"2020-12-02T16:10:37+00:00","author":{"@id":"https:\/\/honda-automoveis.pt\/blog\/#\/schema\/person\/7f8ab873bdf8dbd771f0d57531954f87"},"description":"O rob\u00f4 ASIMO est\u00e1 a celebrar 20 anos de vida. Lembra-se do que o amigo tecnol\u00f3gico criado pela Honda j\u00e1 conseguiu alcan\u00e7ar? Recorde connosco.","breadcrumb":{"@id":"https:\/\/honda-automoveis.pt\/blog\/20-anos-asimo\/#breadcrumb"},"inLanguage":"pt-PT","potentialAction":[{"@type":"ReadAction","target":["https:\/\/honda-automoveis.pt\/blog\/20-anos-asimo\/"]}]},{"@type":"BreadcrumbList","@id":"https:\/\/honda-automoveis.pt\/blog\/20-anos-asimo\/#breadcrumb","itemListElement":[{"@type":"ListItem","position":1,"name":"In\u00edcio","item":"https:\/\/honda-automoveis.pt\/blog\/"},{"@type":"ListItem","position":2,"name":"20 anos de ASIMO: como o rob\u00f4 da Honda revolucionou a intelig\u00eancia artificial"}]},{"@type":"Person","@id":"https:\/\/honda-automoveis.pt\/blog\/#\/schema\/person\/7f8ab873bdf8dbd771f0d57531954f87","name":"Honda Portugal Autom\u00f3veis","image":{"@type":"ImageObject","@id":"https:\/\/honda-automoveis.pt\/blog\/#personlogo","inLanguage":"pt-PT","url":"https:\/\/honda-automoveis.pt\/blog\/wp-content\/uploads\/2023\/06\/logo_perfil-150x150.png","contentUrl":"https:\/\/honda-automoveis.pt\/blog\/wp-content\/uploads\/2023\/06\/logo_perfil-150x150.png","caption":"Honda Portugal Autom\u00f3veis"},"description":"A Honda chegou a Portugal em 1968, preparada para conquistar os portugueses com a sua inovadora tecnologia e os melhores e mais fi\u00e1veis autom\u00f3veis. Com uma longa hist\u00f3ria de sucesso no nosso pa\u00eds, a Honda conquistou uma verdadeira comunidade de f\u00e3s, que reconhecem na marca a fiabilidade, seguran\u00e7a e tecnologia que nos caracterizam. A competi\u00e7\u00e3o e a performance est\u00e3o no nosso ADN e \u00e9 por isso que, diariamente, continuamos a trabalhar para que todas as viagens sejam verdadeiramente emocionantes.","url":"https:\/\/honda-automoveis.pt\/blog\/author\/honda-portugal\/"}]}},"_links":{"self":[{"href":"https:\/\/honda-automoveis.pt\/blog\/wp-json\/wp\/v2\/posts\/20410"}],"collection":[{"href":"https:\/\/honda-automoveis.pt\/blog\/wp-json\/wp\/v2\/posts"}],"about":[{"href":"https:\/\/honda-automoveis.pt\/blog\/wp-json\/wp\/v2\/types\/post"}],"author":[{"embeddable":true,"href":"https:\/\/honda-automoveis.pt\/blog\/wp-json\/wp\/v2\/users\/4"}],"replies":[{"embeddable":true,"href":"https:\/\/honda-automoveis.pt\/blog\/wp-json\/wp\/v2\/comments?post=20410"}],"version-history":[{"count":6,"href":"https:\/\/honda-automoveis.pt\/blog\/wp-json\/wp\/v2\/posts\/20410\/revisions"}],"predecessor-version":[{"id":20416,"href":"https:\/\/honda-automoveis.pt\/blog\/wp-json\/wp\/v2\/posts\/20410\/revisions\/20416"}],"wp:featuredmedia":[{"embeddable":true,"href":"https:\/\/honda-automoveis.pt\/blog\/wp-json\/wp\/v2\/media\/20414"}],"wp:attachment":[{"href":"https:\/\/honda-automoveis.pt\/blog\/wp-json\/wp\/v2\/media?parent=20410"}],"wp:term":[{"taxonomy":"category","embeddable":true,"href":"https:\/\/honda-automoveis.pt\/blog\/wp-json\/wp\/v2\/categories?post=20410"},{"taxonomy":"post_tag","embeddable":true,"href":"https:\/\/honda-automoveis.pt\/blog\/wp-json\/wp\/v2\/tags?post=20410"}],"curies":[{"name":"wp","href":"https:\/\/api.w.org\/{rel}","templated":true}]}}