{"id":2288,"date":"2020-03-17T09:30:57","date_gmt":"2020-03-17T09:30:57","guid":{"rendered":"https:\/\/honda-automoveis.pt\/blog\/?p=2288"},"modified":"2022-12-13T14:46:05","modified_gmt":"2022-12-13T14:46:05","slug":"culto-jdm-a-devocao-a-engenharia-automovel-japonesa","status":"publish","type":"post","link":"https:\/\/honda-automoveis.pt\/blog\/culto-jdm-a-devocao-a-engenharia-automovel-japonesa\/","title":{"rendered":"Culto JDM. A devo\u00e7\u00e3o \u00e0 engenharia autom\u00f3vel japonesa"},"content":{"rendered":"<p>Simplicidade, fiabilidade e performance. Foi na base destes tr\u00eas princ\u00edpios que nasceu o JDM. <strong>Um acr\u00f3nimo que serviu para denominar os autom\u00f3veis oriundos do mercado japon\u00eas<\/strong> (Japonese Domestic Market), e que hoje significa muito mais do que isso.<\/p>\n<p>Neste artigo vamos recuar at\u00e9 \u00e0s origens deste movimento. Vamos conhecer o autom\u00f3vel que \u00e9 respons\u00e1vel pelo culto JDM. Vamos derrubar preconceitos e falar de algo que nos une: a paix\u00e3o pelos autom\u00f3veis. Est\u00e1 preparado? O primeiro cap\u00edtulo leva-nos at\u00e9 ao Circuito de Suzuka. Aperte o cinto, vamos para a pista.<\/p>\n<p><img loading=\"lazy\" class=\"alignnone wp-image-4006 size-full\" src=\"https:\/\/honda-automoveis.pt\/blog\/wp-content\/uploads\/2020\/06\/Honda-Civic-Type-R-Branco-Pista.jpg\" alt=\"Honda Civic Type R Pista\" width=\"1024\" height=\"683\" srcset=\"https:\/\/honda-automoveis.pt\/blog\/wp-content\/uploads\/2020\/06\/Honda-Civic-Type-R-Branco-Pista.jpg 1024w, https:\/\/honda-automoveis.pt\/blog\/wp-content\/uploads\/2020\/06\/Honda-Civic-Type-R-Branco-Pista-300x200.jpg 300w, https:\/\/honda-automoveis.pt\/blog\/wp-content\/uploads\/2020\/06\/Honda-Civic-Type-R-Branco-Pista-768x512.jpg 768w\" sizes=\"(max-width: 1024px) 100vw, 1024px\" \/><\/p>\n<h2>Nascido nas pistas. Civic One-Make Race<\/h2>\n<p>Contrariamente ao que se possa pensar, o movimento JDM n\u00e3o nasceu nas ruas. <strong>Nasceu nas pistas<\/strong>. Mais concretamente no campeonato Civic One-Make Race, uma competi\u00e7\u00e3o monomarca que juntava os acess\u00edveis, por\u00e9m competitivos Honda Civic SR (2\u00aa gera\u00e7\u00e3o).<\/p>\n<p><iframe loading=\"lazy\" title=\"1983 FF Super CIVIC Race\" width=\"500\" height=\"375\" src=\"https:\/\/www.youtube.com\/embed\/83OQPmsq4Eg?feature=oembed\" frameborder=\"0\" allow=\"accelerometer; autoplay; clipboard-write; encrypted-media; gyroscope; picture-in-picture\" allowfullscreen><\/iframe><\/p>\n<p>Da competi\u00e7\u00e3o para a estrada, foi apenas uma quest\u00e3o de tempo. Depressa os propriet\u00e1rios dos Honda Civic come\u00e7aram a aplicar nos seus carros os ensinamentos retirados da competi\u00e7\u00e3o. <strong>Um movimento, que come\u00e7ou a ganhar adeptos<\/strong>, baseado nas premissas de fiabilidade e potencialidade dos carros nip\u00f3nicos.<\/p>\n<h2>Kanjosoku: A origem<\/h2>\n<p>Um dos movimentos mais conhecidos \u00e9 o Kanjosoku. Nascido nos anos 80, este grupo de intr\u00e9pidos aficionados do Honda Civic aplicam nos seus carros tudo o que foi desenvolvido em pista. Oriundos da cidade japonesa de Osaka, <strong>o Kanjosoku foi influenciado pelo campeonato Civic One-Make Race<\/strong>, nomeadamente pelas corridas que tinham lugar no Circuito de Suzuka \u2014 que dista a pouco mais de uma centena de quil\u00f3metros desta cidade. Um grupo que faz das madrugadas nas vias r\u00e1pidas de Hanshin a sua pista improvisada.<\/p>\n<p>Mais de tr\u00eas d\u00e9cada depois, <strong>este movimento espalhou-se pelo mundo<\/strong>, influenciando comunidades de amantes autom\u00f3veis nos quatro cantos do mundo. Uma influ\u00eancia que teve na s\u00e9rie televisiva Initial D um excelente aliado. As aventuras de Takumi Fujiwara, um rapaz de 18 anos que aspirava ser o melhor condutor da regi\u00e3o de Kant\u014d, fez sonhar milhares de jovens por todo o mundo.<\/p>\n<p><iframe loading=\"lazy\" title=\"Initial D Night of Fire\" width=\"500\" height=\"375\" src=\"https:\/\/www.youtube.com\/embed\/tNveMjoSxp0?feature=oembed\" frameborder=\"0\" allow=\"accelerometer; autoplay; encrypted-media; gyroscope; picture-in-picture\" allowfullscreen><\/iframe><\/p>\n<p>Volvidas mais tr\u00eas d\u00e9cadas desde o surgimento da tribo Kanjo, as express\u00f5es do culto JDM ramificaram-se e t\u00eam sido moldadas por tribos espalhadas pelos quatro cantos do mundo. Mas todas mant\u00eam o mesmo denominador comum: a paix\u00e3o pela engenharia japonesa.<\/p>\n<p><strong>No epicentro dessa paix\u00e3o encontramos muitas vezes os motores Honda<\/strong>, que tem na sigla VTEC uma das mais reconhecidas tecnologias da ind\u00fastria autom\u00f3vel. Uma tecnologia que tem sido sin\u00f3nimo de efici\u00eancia, fiabilidade e vit\u00f3rias dentro e fora das pistas.<\/p>\n<h2>Da competi\u00e7\u00e3o para a estrada<\/h2>\n<p>Como podemos ver, <strong>a cultura JDM nasce nas pistas<\/strong>. E tem sido na competi\u00e7\u00e3o que a Honda tem encontrado o \u00abtubo de ensaio\u00bb perfeito para elevar a fasquia da sua engenharia. \u00c9 assim desde o dia em que Soichiro Honda fundou a marca.<\/p>\n<p><img loading=\"lazy\" class=\"alignnone wp-image-4007 size-full\" src=\"https:\/\/honda-automoveis.pt\/blog\/wp-content\/uploads\/2020\/06\/Honda-Civic-Type-R-Preto-Pista.jpg\" alt=\"Honda Civic Type R\" width=\"1024\" height=\"683\" srcset=\"https:\/\/honda-automoveis.pt\/blog\/wp-content\/uploads\/2020\/06\/Honda-Civic-Type-R-Preto-Pista.jpg 1024w, https:\/\/honda-automoveis.pt\/blog\/wp-content\/uploads\/2020\/06\/Honda-Civic-Type-R-Preto-Pista-300x200.jpg 300w, https:\/\/honda-automoveis.pt\/blog\/wp-content\/uploads\/2020\/06\/Honda-Civic-Type-R-Preto-Pista-768x512.jpg 768w\" sizes=\"(max-width: 1024px) 100vw, 1024px\" \/><\/p>\n<p>Na cultura corporativa da <a href=\"https:\/\/honda-automoveis.pt\/\" target=\"_blank\" rel=\"noopener noreferrer\">Honda<\/a> h\u00e1 uma \u00edntima correla\u00e7\u00e3o entre a competi\u00e7\u00e3o e os carros de produ\u00e7\u00e3o. Se a marca for capaz de vencer nas pistas tem de ser capaz de oferecer o mesmo n\u00edvel de excel\u00eancia aos seus clientes. De inova\u00e7\u00e3o em inova\u00e7\u00e3o, at\u00e9 ao carro de produ\u00e7\u00e3o.<\/p>\n","protected":false},"excerpt":{"rendered":"<p>Um acr\u00f3nimo nascido para denominar os modelos oriundos do mercado japon\u00eas mas que hoje significa muito mais do que isso. A tecnologia VTEC da Honda \u00e9 um dos seus maiores embaixadores.<\/p>\n","protected":false},"author":5,"featured_media":4009,"comment_status":"open","ping_status":"open","sticky":false,"template":"","format":"standard","meta":[],"categories":[84],"tags":[102],"yoast_head":"<!-- This site is optimized with the Yoast SEO plugin v18.5 - https:\/\/yoast.com\/wordpress\/plugins\/seo\/ -->\n<title>Culto JDM: os autom\u00f3veis japoneses | Honda Portugal<\/title>\n<meta name=\"description\" content=\"JDM \u00e9 um acr\u00f3nimo que serviu para distinguir os autom\u00f3veis do mercado japon\u00eas. Descubra mais aqui sobre este culto.\" \/>\n<meta name=\"robots\" content=\"index, follow, max-snippet:-1, max-image-preview:large, max-video-preview:-1\" \/>\n<link rel=\"canonical\" href=\"https:\/\/honda-automoveis.pt\/blog\/culto-jdm-a-devocao-a-engenharia-automovel-japonesa\/\" \/>\n<meta property=\"og:locale\" content=\"pt_PT\" \/>\n<meta property=\"og:type\" content=\"article\" \/>\n<meta property=\"og:title\" content=\"Culto JDM: os autom\u00f3veis japoneses | Honda Portugal\" \/>\n<meta property=\"og:description\" content=\"JDM \u00e9 um acr\u00f3nimo que serviu para distinguir os autom\u00f3veis do mercado japon\u00eas. Descubra mais aqui sobre este culto.\" \/>\n<meta property=\"og:url\" content=\"https:\/\/honda-automoveis.pt\/blog\/culto-jdm-a-devocao-a-engenharia-automovel-japonesa\/\" \/>\n<meta property=\"og:site_name\" content=\"Honda Portugal\" \/>\n<meta property=\"article:published_time\" content=\"2020-03-17T09:30:57+00:00\" \/>\n<meta property=\"article:modified_time\" content=\"2022-12-13T14:46:05+00:00\" \/>\n<meta property=\"og:image\" content=\"https:\/\/honda-automoveis.pt\/blog\/wp-content\/uploads\/2020\/06\/Honda-Civic-Type-R-normal-e-Type-R-TCR.jpg\" \/>\n\t<meta property=\"og:image:width\" content=\"1024\" \/>\n\t<meta property=\"og:image:height\" content=\"684\" \/>\n\t<meta property=\"og:image:type\" content=\"image\/jpeg\" \/>\n<meta name=\"twitter:card\" content=\"summary_large_image\" \/>\n<meta name=\"twitter:label1\" content=\"Escrito por\" \/>\n\t<meta name=\"twitter:data1\" content=\"Raz\u00e3o Autom\u00f3vel\" \/>\n\t<meta name=\"twitter:label2\" content=\"Tempo estimado de leitura\" \/>\n\t<meta name=\"twitter:data2\" content=\"3 minutos\" \/>\n<script type=\"application\/ld+json\" class=\"yoast-schema-graph\">{\"@context\":\"https:\/\/schema.org\",\"@graph\":[{\"@type\":\"WebSite\",\"@id\":\"https:\/\/honda-automoveis.pt\/blog\/#website\",\"url\":\"https:\/\/honda-automoveis.pt\/blog\/\",\"name\":\"Honda Portugal\",\"description\":\"Dreamers&#039; Blog\",\"potentialAction\":[{\"@type\":\"SearchAction\",\"target\":{\"@type\":\"EntryPoint\",\"urlTemplate\":\"https:\/\/honda-automoveis.pt\/blog\/?s={search_term_string}\"},\"query-input\":\"required name=search_term_string\"}],\"inLanguage\":\"pt-PT\"},{\"@type\":\"ImageObject\",\"@id\":\"https:\/\/honda-automoveis.pt\/blog\/culto-jdm-a-devocao-a-engenharia-automovel-japonesa\/#primaryimage\",\"inLanguage\":\"pt-PT\",\"url\":\"https:\/\/honda-automoveis.pt\/blog\/wp-content\/uploads\/2020\/06\/Honda-Civic-Type-R-normal-e-Type-R-TCR.jpg\",\"contentUrl\":\"https:\/\/honda-automoveis.pt\/blog\/wp-content\/uploads\/2020\/06\/Honda-Civic-Type-R-normal-e-Type-R-TCR.jpg\",\"width\":1024,\"height\":684,\"caption\":\"Honda Civic Type R e Honda Civic Type R TCR\"},{\"@type\":\"WebPage\",\"@id\":\"https:\/\/honda-automoveis.pt\/blog\/culto-jdm-a-devocao-a-engenharia-automovel-japonesa\/#webpage\",\"url\":\"https:\/\/honda-automoveis.pt\/blog\/culto-jdm-a-devocao-a-engenharia-automovel-japonesa\/\",\"name\":\"Culto JDM: os autom\u00f3veis japoneses | Honda Portugal\",\"isPartOf\":{\"@id\":\"https:\/\/honda-automoveis.pt\/blog\/#website\"},\"primaryImageOfPage\":{\"@id\":\"https:\/\/honda-automoveis.pt\/blog\/culto-jdm-a-devocao-a-engenharia-automovel-japonesa\/#primaryimage\"},\"datePublished\":\"2020-03-17T09:30:57+00:00\",\"dateModified\":\"2022-12-13T14:46:05+00:00\",\"author\":{\"@id\":\"https:\/\/honda-automoveis.pt\/blog\/#\/schema\/person\/11aaad497c519fc735a0a04989593b09\"},\"description\":\"JDM \u00e9 um acr\u00f3nimo que serviu para distinguir os autom\u00f3veis do mercado japon\u00eas. Descubra mais aqui sobre este culto.\",\"breadcrumb\":{\"@id\":\"https:\/\/honda-automoveis.pt\/blog\/culto-jdm-a-devocao-a-engenharia-automovel-japonesa\/#breadcrumb\"},\"inLanguage\":\"pt-PT\",\"potentialAction\":[{\"@type\":\"ReadAction\",\"target\":[\"https:\/\/honda-automoveis.pt\/blog\/culto-jdm-a-devocao-a-engenharia-automovel-japonesa\/\"]}]},{\"@type\":\"BreadcrumbList\",\"@id\":\"https:\/\/honda-automoveis.pt\/blog\/culto-jdm-a-devocao-a-engenharia-automovel-japonesa\/#breadcrumb\",\"itemListElement\":[{\"@type\":\"ListItem\",\"position\":1,\"name\":\"In\u00edcio\",\"item\":\"https:\/\/honda-automoveis.pt\/blog\/\"},{\"@type\":\"ListItem\",\"position\":2,\"name\":\"Culto JDM. A devo\u00e7\u00e3o \u00e0 engenharia autom\u00f3vel japonesa\"}]},{\"@type\":\"Person\",\"@id\":\"https:\/\/honda-automoveis.pt\/blog\/#\/schema\/person\/11aaad497c519fc735a0a04989593b09\",\"name\":\"Raz\u00e3o Autom\u00f3vel\",\"image\":{\"@type\":\"ImageObject\",\"@id\":\"https:\/\/honda-automoveis.pt\/blog\/#personlogo\",\"inLanguage\":\"pt-PT\",\"url\":\"https:\/\/honda-automoveis.pt\/blog\/wp-content\/uploads\/2019\/08\/dc2ecac936786bbd19fd9921fd2cb5b9-150x150.jpg\",\"contentUrl\":\"https:\/\/honda-automoveis.pt\/blog\/wp-content\/uploads\/2019\/08\/dc2ecac936786bbd19fd9921fd2cb5b9-150x150.jpg\",\"caption\":\"Raz\u00e3o Autom\u00f3vel\"},\"description\":\"A Raz\u00e3o Autom\u00f3vel \u00e9 uma publica\u00e7\u00e3o online di\u00e1ria, de \u00e2mbito nacional, que assenta a sua distribui\u00e7\u00e3o em diversas plataformas inform\u00e1ticas, com especializa\u00e7\u00e3o noticiosa no ramo autom\u00f3vel. Atendemos ao fen\u00f3meno autom\u00f3vel de forma hol\u00edstica, compreendendo n\u00e3o s\u00f3 o autom\u00f3vel em si, mas tudo o que lhe diz respeito: mobilidade, ambiente, tecnologia, desporto, com\u00e9rcio e ind\u00fastria. Para a Raz\u00e3o Autom\u00f3vel o autom\u00f3vel \u00e9 tamb\u00e9m uma manifesta\u00e7\u00e3o social, cultural e pessoal. Acreditamos, portanto, que \u00e9 poss\u00edvel descrever o autom\u00f3vel da mesma forma que se vive o fen\u00f3meno: com emo\u00e7\u00e3o. \u00c9 essa a nossa raz\u00e3o, a Raz\u00e3o Autom\u00f3vel. A Raz\u00e3o Autom\u00f3vel \u00e9 J\u00fari Permanente do pr\u00e9mio nacional Carro do Ano Volante de Cristal e J\u00fari do World Car Awards, o mais relevante pr\u00e9mio da ind\u00fastria autom\u00f3vel a n\u00edvel mundial.\",\"sameAs\":[\"https:\/\/www.razaoautomovel.com\"],\"url\":\"https:\/\/honda-automoveis.pt\/blog\/author\/razaoautomovel\/\"}]}<\/script>\n<!-- \/ Yoast SEO plugin. -->","yoast_head_json":{"title":"Culto JDM: os autom\u00f3veis japoneses | Honda Portugal","description":"JDM \u00e9 um acr\u00f3nimo que serviu para distinguir os autom\u00f3veis do mercado japon\u00eas. Descubra mais aqui sobre este culto.","robots":{"index":"index","follow":"follow","max-snippet":"max-snippet:-1","max-image-preview":"max-image-preview:large","max-video-preview":"max-video-preview:-1"},"canonical":"https:\/\/honda-automoveis.pt\/blog\/culto-jdm-a-devocao-a-engenharia-automovel-japonesa\/","og_locale":"pt_PT","og_type":"article","og_title":"Culto JDM: os autom\u00f3veis japoneses | Honda Portugal","og_description":"JDM \u00e9 um acr\u00f3nimo que serviu para distinguir os autom\u00f3veis do mercado japon\u00eas. Descubra mais aqui sobre este culto.","og_url":"https:\/\/honda-automoveis.pt\/blog\/culto-jdm-a-devocao-a-engenharia-automovel-japonesa\/","og_site_name":"Honda Portugal","article_published_time":"2020-03-17T09:30:57+00:00","article_modified_time":"2022-12-13T14:46:05+00:00","og_image":[{"width":1024,"height":684,"url":"https:\/\/honda-automoveis.pt\/blog\/wp-content\/uploads\/2020\/06\/Honda-Civic-Type-R-normal-e-Type-R-TCR.jpg","type":"image\/jpeg"}],"twitter_card":"summary_large_image","twitter_misc":{"Escrito por":"Raz\u00e3o Autom\u00f3vel","Tempo estimado de leitura":"3 minutos"},"schema":{"@context":"https:\/\/schema.org","@graph":[{"@type":"WebSite","@id":"https:\/\/honda-automoveis.pt\/blog\/#website","url":"https:\/\/honda-automoveis.pt\/blog\/","name":"Honda Portugal","description":"Dreamers&#039; Blog","potentialAction":[{"@type":"SearchAction","target":{"@type":"EntryPoint","urlTemplate":"https:\/\/honda-automoveis.pt\/blog\/?s={search_term_string}"},"query-input":"required name=search_term_string"}],"inLanguage":"pt-PT"},{"@type":"ImageObject","@id":"https:\/\/honda-automoveis.pt\/blog\/culto-jdm-a-devocao-a-engenharia-automovel-japonesa\/#primaryimage","inLanguage":"pt-PT","url":"https:\/\/honda-automoveis.pt\/blog\/wp-content\/uploads\/2020\/06\/Honda-Civic-Type-R-normal-e-Type-R-TCR.jpg","contentUrl":"https:\/\/honda-automoveis.pt\/blog\/wp-content\/uploads\/2020\/06\/Honda-Civic-Type-R-normal-e-Type-R-TCR.jpg","width":1024,"height":684,"caption":"Honda Civic Type R e Honda Civic Type R TCR"},{"@type":"WebPage","@id":"https:\/\/honda-automoveis.pt\/blog\/culto-jdm-a-devocao-a-engenharia-automovel-japonesa\/#webpage","url":"https:\/\/honda-automoveis.pt\/blog\/culto-jdm-a-devocao-a-engenharia-automovel-japonesa\/","name":"Culto JDM: os autom\u00f3veis japoneses | Honda Portugal","isPartOf":{"@id":"https:\/\/honda-automoveis.pt\/blog\/#website"},"primaryImageOfPage":{"@id":"https:\/\/honda-automoveis.pt\/blog\/culto-jdm-a-devocao-a-engenharia-automovel-japonesa\/#primaryimage"},"datePublished":"2020-03-17T09:30:57+00:00","dateModified":"2022-12-13T14:46:05+00:00","author":{"@id":"https:\/\/honda-automoveis.pt\/blog\/#\/schema\/person\/11aaad497c519fc735a0a04989593b09"},"description":"JDM \u00e9 um acr\u00f3nimo que serviu para distinguir os autom\u00f3veis do mercado japon\u00eas. Descubra mais aqui sobre este culto.","breadcrumb":{"@id":"https:\/\/honda-automoveis.pt\/blog\/culto-jdm-a-devocao-a-engenharia-automovel-japonesa\/#breadcrumb"},"inLanguage":"pt-PT","potentialAction":[{"@type":"ReadAction","target":["https:\/\/honda-automoveis.pt\/blog\/culto-jdm-a-devocao-a-engenharia-automovel-japonesa\/"]}]},{"@type":"BreadcrumbList","@id":"https:\/\/honda-automoveis.pt\/blog\/culto-jdm-a-devocao-a-engenharia-automovel-japonesa\/#breadcrumb","itemListElement":[{"@type":"ListItem","position":1,"name":"In\u00edcio","item":"https:\/\/honda-automoveis.pt\/blog\/"},{"@type":"ListItem","position":2,"name":"Culto JDM. A devo\u00e7\u00e3o \u00e0 engenharia autom\u00f3vel japonesa"}]},{"@type":"Person","@id":"https:\/\/honda-automoveis.pt\/blog\/#\/schema\/person\/11aaad497c519fc735a0a04989593b09","name":"Raz\u00e3o Autom\u00f3vel","image":{"@type":"ImageObject","@id":"https:\/\/honda-automoveis.pt\/blog\/#personlogo","inLanguage":"pt-PT","url":"https:\/\/honda-automoveis.pt\/blog\/wp-content\/uploads\/2019\/08\/dc2ecac936786bbd19fd9921fd2cb5b9-150x150.jpg","contentUrl":"https:\/\/honda-automoveis.pt\/blog\/wp-content\/uploads\/2019\/08\/dc2ecac936786bbd19fd9921fd2cb5b9-150x150.jpg","caption":"Raz\u00e3o Autom\u00f3vel"},"description":"A Raz\u00e3o Autom\u00f3vel \u00e9 uma publica\u00e7\u00e3o online di\u00e1ria, de \u00e2mbito nacional, que assenta a sua distribui\u00e7\u00e3o em diversas plataformas inform\u00e1ticas, com especializa\u00e7\u00e3o noticiosa no ramo autom\u00f3vel. Atendemos ao fen\u00f3meno autom\u00f3vel de forma hol\u00edstica, compreendendo n\u00e3o s\u00f3 o autom\u00f3vel em si, mas tudo o que lhe diz respeito: mobilidade, ambiente, tecnologia, desporto, com\u00e9rcio e ind\u00fastria. Para a Raz\u00e3o Autom\u00f3vel o autom\u00f3vel \u00e9 tamb\u00e9m uma manifesta\u00e7\u00e3o social, cultural e pessoal. Acreditamos, portanto, que \u00e9 poss\u00edvel descrever o autom\u00f3vel da mesma forma que se vive o fen\u00f3meno: com emo\u00e7\u00e3o. \u00c9 essa a nossa raz\u00e3o, a Raz\u00e3o Autom\u00f3vel. A Raz\u00e3o Autom\u00f3vel \u00e9 J\u00fari Permanente do pr\u00e9mio nacional Carro do Ano Volante de Cristal e J\u00fari do World Car Awards, o mais relevante pr\u00e9mio da ind\u00fastria autom\u00f3vel a n\u00edvel mundial.","sameAs":["https:\/\/www.razaoautomovel.com"],"url":"https:\/\/honda-automoveis.pt\/blog\/author\/razaoautomovel\/"}]}},"_links":{"self":[{"href":"https:\/\/honda-automoveis.pt\/blog\/wp-json\/wp\/v2\/posts\/2288"}],"collection":[{"href":"https:\/\/honda-automoveis.pt\/blog\/wp-json\/wp\/v2\/posts"}],"about":[{"href":"https:\/\/honda-automoveis.pt\/blog\/wp-json\/wp\/v2\/types\/post"}],"author":[{"embeddable":true,"href":"https:\/\/honda-automoveis.pt\/blog\/wp-json\/wp\/v2\/users\/5"}],"replies":[{"embeddable":true,"href":"https:\/\/honda-automoveis.pt\/blog\/wp-json\/wp\/v2\/comments?post=2288"}],"version-history":[{"count":18,"href":"https:\/\/honda-automoveis.pt\/blog\/wp-json\/wp\/v2\/posts\/2288\/revisions"}],"predecessor-version":[{"id":4353,"href":"https:\/\/honda-automoveis.pt\/blog\/wp-json\/wp\/v2\/posts\/2288\/revisions\/4353"}],"wp:featuredmedia":[{"embeddable":true,"href":"https:\/\/honda-automoveis.pt\/blog\/wp-json\/wp\/v2\/media\/4009"}],"wp:attachment":[{"href":"https:\/\/honda-automoveis.pt\/blog\/wp-json\/wp\/v2\/media?parent=2288"}],"wp:term":[{"taxonomy":"category","embeddable":true,"href":"https:\/\/honda-automoveis.pt\/blog\/wp-json\/wp\/v2\/categories?post=2288"},{"taxonomy":"post_tag","embeddable":true,"href":"https:\/\/honda-automoveis.pt\/blog\/wp-json\/wp\/v2\/tags?post=2288"}],"curies":[{"name":"wp","href":"https:\/\/api.w.org\/{rel}","templated":true}]}}