{"id":2456,"date":"2020-04-07T09:00:40","date_gmt":"2020-04-07T09:00:40","guid":{"rendered":"https:\/\/honda-automoveis.pt\/blog\/?p=2456"},"modified":"2020-07-06T14:34:41","modified_gmt":"2020-07-06T14:34:41","slug":"vermelho-imagem-marca","status":"publish","type":"post","link":"https:\/\/honda-automoveis.pt\/blog\/vermelho-imagem-marca\/","title":{"rendered":"Vermelho \u00e9 imagem de uma marca &#8211; e n\u00e3o \u00e9 a que est\u00e1 a pensar!"},"content":{"rendered":"<p>A cor que mais caracteriza e representa a <strong>Honda<\/strong> ao longo da sua hist\u00f3ria \u00e9 o vermelho. Totalmente reconhec\u00edvel no log\u00f3tipo da marca, em diferentes modelos de autom\u00f3veis, motos e at\u00e9 de motores, a sua utiliza\u00e7\u00e3o, nos prim\u00f3rdios do fabricante japon\u00eas, n\u00e3o era autorizada pelas autoridades do seu pa\u00eds.<\/p>\n<p>De qualquer modo, a cor vermelha \u00e9 um elemento essencial para entender os \u00eaxitos da <a href=\"https:\/\/honda-automoveis.pt\/\" target=\"_blank\" rel=\"noopener noreferrer\">Honda<\/a>. Quatro anos ap\u00f3s a sua funda\u00e7\u00e3o, em 1952, o motor auxiliar de bicicleta Cub que foi usado no Honda Type-F Cub, j\u00e1 se tornaria conhecido como &#8220;motor vermelho com um dep\u00f3sito de gasolina branco&#8221;. Um pouco mais tarde, em 1964, na campanha de marketing \u201cYou meet the nicest people on a Honda\u201d \u2013 Tu conheces as melhores pessoas num Honda, protagonizada pela <strong>cor vermelha dos modelos dos an\u00fancios da Honda<\/strong>, marcou um ponto de viragem na expans\u00e3o da marca no mercado norte-americano, promovendo a moto Super CUB como um transporte pr\u00e1tico, utilit\u00e1rio e ao alcance de consumidores de todos os estratos sociais.<\/p>\n<p><img loading=\"lazy\" class=\"alignnone wp-image-2459 size-large\" src=\"https:\/\/honda-automoveis.pt\/blog\/wp-content\/uploads\/2020\/04\/1Honda-N360-1024x575.jpg\" alt=\"Honda N360 vermelho\" width=\"1024\" height=\"575\" srcset=\"https:\/\/honda-automoveis.pt\/blog\/wp-content\/uploads\/2020\/04\/1Honda-N360-1024x575.jpg 1024w, https:\/\/honda-automoveis.pt\/blog\/wp-content\/uploads\/2020\/04\/1Honda-N360-300x169.jpg 300w, https:\/\/honda-automoveis.pt\/blog\/wp-content\/uploads\/2020\/04\/1Honda-N360-768x431.jpg 768w, https:\/\/honda-automoveis.pt\/blog\/wp-content\/uploads\/2020\/04\/1Honda-N360-575x324.jpg 575w, https:\/\/honda-automoveis.pt\/blog\/wp-content\/uploads\/2020\/04\/1Honda-N360-376x211.jpg 376w, https:\/\/honda-automoveis.pt\/blog\/wp-content\/uploads\/2020\/04\/1Honda-N360.jpg 1148w\" sizes=\"(max-width: 1024px) 100vw, 1024px\" \/><\/p>\n<h2>Vermelho significa Honda<\/h2>\n<p>Para <a href=\"https:\/\/honda-automoveis.pt\/blog\/soichiro-honda-o-homem-por-detras-da-marca-japonesa\/\" target=\"_blank\" rel=\"noopener noreferrer\">Soichiro Honda<\/a>, o fundador da empresa, o primeiro autom\u00f3vel de turismo da marca, o <strong>lend\u00e1rio S500, de 1963, \u201cteria de ser vermelho\u201d<\/strong>. No entanto, naquela \u00e9poca, no Jap\u00e3o, a cor vermelha era proibida para autom\u00f3veis, uma vez que era exclusiva a ve\u00edculos de bombeiros &#8211; assim como a cor branca estava reservada a ambul\u00e2ncias. Ap\u00f3s aturadas negocia\u00e7\u00f5es e n\u00e3o menos forte lobby junto das autoridades nip\u00f3nicas, Soichiro Honda conseguiu quebrar as restri\u00e7\u00f5es e fazer vingar o \u201cseu\u201d vermelho.<\/p>\n<p>Nesse mesmo ano, o monolugar de <a href=\"https:\/\/honda-automoveis.pt\/blog\/conhece-a-historia-do-circuito-nurburgring\/\" target=\"_blank\" rel=\"noopener noreferrer\">F\u00f3rmula 1 da Honda<\/a>, RA271, o primeiro carro de corrida japon\u00eas a competir em todo o mundo, tornou-se um \u00edcone da modalidade. Como era obrigat\u00f3rio pintar os carros de F1 nas cores da bandeira do pa\u00eds da equipa, o RA271 foi pintado num carism\u00e1tico branco marfim de cor de fundo dominante e o sol nascente vermelho da bandeira do Jap\u00e3o, al\u00e9m do log\u00f3tipo da Honda na mesma cor. Um padr\u00e3o de refer\u00eancia que marcaria a imagem de modelos de produ\u00e7\u00e3o vindouros da Honda, como os cl\u00e1ssicos NSX Type R e o Integra Type R. Ao longo dos anos, a cor de carro\u00e7aria vermelha caracterizou outros modelos iconogr\u00e1ficos da marca, como o NSX, S2000, Type R e o Civic. Mas o <strong>vermelho da Honda n\u00e3o era apenas reservado \u00e0 pintura exterior<\/strong>: os estofos e at\u00e9 os motores dos modelos mais desportivos tamb\u00e9m recebiam essa colora\u00e7\u00e3o distintiva.<\/p>\n<p><img loading=\"lazy\" class=\"alignnone wp-image-2457 size-large\" src=\"https:\/\/honda-automoveis.pt\/blog\/wp-content\/uploads\/2020\/04\/1Honda-Africa-Twin-1024x575.jpg\" alt=\"Honda Africa Twin\" width=\"1024\" height=\"575\" srcset=\"https:\/\/honda-automoveis.pt\/blog\/wp-content\/uploads\/2020\/04\/1Honda-Africa-Twin-1024x575.jpg 1024w, https:\/\/honda-automoveis.pt\/blog\/wp-content\/uploads\/2020\/04\/1Honda-Africa-Twin-300x169.jpg 300w, https:\/\/honda-automoveis.pt\/blog\/wp-content\/uploads\/2020\/04\/1Honda-Africa-Twin-768x431.jpg 768w, https:\/\/honda-automoveis.pt\/blog\/wp-content\/uploads\/2020\/04\/1Honda-Africa-Twin-575x324.jpg 575w, https:\/\/honda-automoveis.pt\/blog\/wp-content\/uploads\/2020\/04\/1Honda-Africa-Twin-376x211.jpg 376w, https:\/\/honda-automoveis.pt\/blog\/wp-content\/uploads\/2020\/04\/1Honda-Africa-Twin.jpg 1148w\" sizes=\"(max-width: 1024px) 100vw, 1024px\" \/><\/p>\n<h2>Tamb\u00e9m nas motos<\/h2>\n<p>Na d\u00e9cada de 1960, as motos Honda que estavam a come\u00e7ar a competir e conquistar vit\u00f3rias nas pistas europeias eram basicamente\u2026 vermelhas. Os modelos RC foram os grandes dominadores em todas as categorias do campeonato mundial de motociclismo, entre os quais se destaca o RC166, uma moto em que Mike Hailwood conquistou o t\u00edtulo mundial de 350 cc em 1966, vencendo todas as dez corridas da competi\u00e7\u00e3o. A partir da d\u00e9cada de 1970, o <strong>vermelho tamb\u00e9m se tornaria a cor predominante da linha de motos de motocross<\/strong> (CR e CRF) que permitiu \u00e0 Honda acumular v\u00e1rios t\u00edtulos mundiais ao longo da hist\u00f3ria.<\/p>\n<p>Desde os anos 80, a empresa caracteriza-se pela produ\u00e7\u00e3o de modelos de motos de v\u00e1rias cores, destacando-se as tricolores, que tamb\u00e9m ficaram famosas pelas suas vit\u00f3rias. Entre estas, as RCB1000, NR500 e XR500R, que venceria o primeiro Rally Paris-Dakar. Hoje, o vermelho domina o design de v\u00e1rios modelos, como o Africa Twin ou o CBR1000RR-R Fireblade SP.<\/p>\n<p><img loading=\"lazy\" class=\"alignnone wp-image-2460 size-large\" src=\"https:\/\/honda-automoveis.pt\/blog\/wp-content\/uploads\/2020\/04\/1Honda-S2000-1024x575.jpg\" alt=\"Honda S2000 vermelho\" width=\"1024\" height=\"575\" srcset=\"https:\/\/honda-automoveis.pt\/blog\/wp-content\/uploads\/2020\/04\/1Honda-S2000-1024x575.jpg 1024w, https:\/\/honda-automoveis.pt\/blog\/wp-content\/uploads\/2020\/04\/1Honda-S2000-300x169.jpg 300w, https:\/\/honda-automoveis.pt\/blog\/wp-content\/uploads\/2020\/04\/1Honda-S2000-768x431.jpg 768w, https:\/\/honda-automoveis.pt\/blog\/wp-content\/uploads\/2020\/04\/1Honda-S2000-575x324.jpg 575w, https:\/\/honda-automoveis.pt\/blog\/wp-content\/uploads\/2020\/04\/1Honda-S2000-376x211.jpg 376w, https:\/\/honda-automoveis.pt\/blog\/wp-content\/uploads\/2020\/04\/1Honda-S2000.jpg 1148w\" sizes=\"(max-width: 1024px) 100vw, 1024px\" \/><\/p>\n<h2>Agora, &#8216;Honda Colorida&#8217;<\/h2>\n<p>Nos autom\u00f3veis, a <strong>cor vermelha do emblema ainda \u00e9 reservada para os modelos mais desportivos da marca<\/strong>, mas hoje milh\u00f5es de Honda multicolores percorrem as estradas do Jap\u00e3o e do mundo. Ali\u00e1s, a oferta de variedade de cores para a pintura da carro\u00e7aria t\u00e3o comum nos autom\u00f3veis de hoje, foi uma aposta inovadora em 1966, com o N360, oferecido em 13 cores diferentes e com um slogan que se tornaria um lema para o fabricante: &#8220;Colourful Honda&#8221; ou Honda Colorida.<\/p>\n","protected":false},"excerpt":{"rendered":"<p>A cor que mais caracteriza e representa a Honda ao longo da sua hist\u00f3ria \u00e9 o vermelho. Totalmente reconhec\u00edvel no log\u00f3tipo da marca, em diferentes modelos de autom\u00f3veis, motos e at\u00e9 de motores, a sua utiliza\u00e7\u00e3o, nos prim\u00f3rdios do fabricante japon\u00eas, n\u00e3o era autorizada pelas autoridades do seu pa\u00eds. De qualquer modo, a cor vermelha <a href=\"https:\/\/honda-automoveis.pt\/blog\/vermelho-imagem-marca\/\">(&hellip;)<\/a><\/p>\n","protected":false},"author":18,"featured_media":2458,"comment_status":"open","ping_status":"open","sticky":false,"template":"","format":"standard","meta":[],"categories":[1],"tags":[83,176],"yoast_head":"<!-- This site is optimized with the Yoast SEO plugin v18.5 - https:\/\/yoast.com\/wordpress\/plugins\/seo\/ -->\n<title>Vermelho \u00e9 imagem de uma marca - e n\u00e3o \u00e9 a que est\u00e1 a pensar!<\/title>\n<meta name=\"description\" content=\"A cor vermelha j\u00e1 define a Honda desde os seus in\u00edcios. Descubra aqui tudo sobre a rela\u00e7\u00e3o desta cor com todos os tipos de ve\u00edculos que comercializa.\" \/>\n<meta name=\"robots\" content=\"index, follow, max-snippet:-1, max-image-preview:large, max-video-preview:-1\" \/>\n<link rel=\"canonical\" href=\"https:\/\/honda-automoveis.pt\/blog\/vermelho-imagem-marca\/\" \/>\n<meta property=\"og:locale\" content=\"pt_PT\" \/>\n<meta property=\"og:type\" content=\"article\" \/>\n<meta property=\"og:title\" content=\"Vermelho \u00e9 imagem de uma marca - e n\u00e3o \u00e9 a que est\u00e1 a pensar!\" \/>\n<meta property=\"og:description\" content=\"A cor vermelha j\u00e1 define a Honda desde os seus in\u00edcios. Descubra aqui tudo sobre a rela\u00e7\u00e3o desta cor com todos os tipos de ve\u00edculos que comercializa.\" \/>\n<meta property=\"og:url\" content=\"https:\/\/honda-automoveis.pt\/blog\/vermelho-imagem-marca\/\" \/>\n<meta property=\"og:site_name\" content=\"Honda Portugal\" \/>\n<meta property=\"article:published_time\" content=\"2020-04-07T09:00:40+00:00\" \/>\n<meta property=\"article:modified_time\" content=\"2020-07-06T14:34:41+00:00\" \/>\n<meta property=\"og:image\" content=\"https:\/\/honda-automoveis.pt\/blog\/wp-content\/uploads\/2020\/04\/1Honda-Civic-1.jpg\" \/>\n\t<meta property=\"og:image:width\" content=\"1148\" \/>\n\t<meta property=\"og:image:height\" content=\"645\" \/>\n\t<meta property=\"og:image:type\" content=\"image\/jpeg\" \/>\n<meta name=\"twitter:card\" content=\"summary_large_image\" \/>\n<meta name=\"twitter:label1\" content=\"Escrito por\" \/>\n\t<meta name=\"twitter:data1\" content=\"Autofoco\" \/>\n\t<meta name=\"twitter:label2\" content=\"Tempo estimado de leitura\" \/>\n\t<meta name=\"twitter:data2\" content=\"3 minutos\" \/>\n<script type=\"application\/ld+json\" class=\"yoast-schema-graph\">{\"@context\":\"https:\/\/schema.org\",\"@graph\":[{\"@type\":\"WebSite\",\"@id\":\"https:\/\/honda-automoveis.pt\/blog\/#website\",\"url\":\"https:\/\/honda-automoveis.pt\/blog\/\",\"name\":\"Honda Portugal\",\"description\":\"Dreamers&#039; Blog\",\"potentialAction\":[{\"@type\":\"SearchAction\",\"target\":{\"@type\":\"EntryPoint\",\"urlTemplate\":\"https:\/\/honda-automoveis.pt\/blog\/?s={search_term_string}\"},\"query-input\":\"required name=search_term_string\"}],\"inLanguage\":\"pt-PT\"},{\"@type\":\"ImageObject\",\"@id\":\"https:\/\/honda-automoveis.pt\/blog\/vermelho-imagem-marca\/#primaryimage\",\"inLanguage\":\"pt-PT\",\"url\":\"https:\/\/honda-automoveis.pt\/blog\/wp-content\/uploads\/2020\/04\/1Honda-Civic-1.jpg\",\"contentUrl\":\"https:\/\/honda-automoveis.pt\/blog\/wp-content\/uploads\/2020\/04\/1Honda-Civic-1.jpg\",\"width\":1148,\"height\":645,\"caption\":\"Honda Civic vermelho\"},{\"@type\":\"WebPage\",\"@id\":\"https:\/\/honda-automoveis.pt\/blog\/vermelho-imagem-marca\/#webpage\",\"url\":\"https:\/\/honda-automoveis.pt\/blog\/vermelho-imagem-marca\/\",\"name\":\"Vermelho \u00e9 imagem de uma marca - e n\u00e3o \u00e9 a que est\u00e1 a pensar!\",\"isPartOf\":{\"@id\":\"https:\/\/honda-automoveis.pt\/blog\/#website\"},\"primaryImageOfPage\":{\"@id\":\"https:\/\/honda-automoveis.pt\/blog\/vermelho-imagem-marca\/#primaryimage\"},\"datePublished\":\"2020-04-07T09:00:40+00:00\",\"dateModified\":\"2020-07-06T14:34:41+00:00\",\"author\":{\"@id\":\"https:\/\/honda-automoveis.pt\/blog\/#\/schema\/person\/5033796ffa3e0e2300879c6bf33dd2af\"},\"description\":\"A cor vermelha j\u00e1 define a Honda desde os seus in\u00edcios. Descubra aqui tudo sobre a rela\u00e7\u00e3o desta cor com todos os tipos de ve\u00edculos que comercializa.\",\"breadcrumb\":{\"@id\":\"https:\/\/honda-automoveis.pt\/blog\/vermelho-imagem-marca\/#breadcrumb\"},\"inLanguage\":\"pt-PT\",\"potentialAction\":[{\"@type\":\"ReadAction\",\"target\":[\"https:\/\/honda-automoveis.pt\/blog\/vermelho-imagem-marca\/\"]}]},{\"@type\":\"BreadcrumbList\",\"@id\":\"https:\/\/honda-automoveis.pt\/blog\/vermelho-imagem-marca\/#breadcrumb\",\"itemListElement\":[{\"@type\":\"ListItem\",\"position\":1,\"name\":\"In\u00edcio\",\"item\":\"https:\/\/honda-automoveis.pt\/blog\/\"},{\"@type\":\"ListItem\",\"position\":2,\"name\":\"Vermelho \u00e9 imagem de uma marca &#8211; e n\u00e3o \u00e9 a que est\u00e1 a pensar!\"}]},{\"@type\":\"Person\",\"@id\":\"https:\/\/honda-automoveis.pt\/blog\/#\/schema\/person\/5033796ffa3e0e2300879c6bf33dd2af\",\"name\":\"Autofoco\",\"image\":{\"@type\":\"ImageObject\",\"@id\":\"https:\/\/honda-automoveis.pt\/blog\/#personlogo\",\"inLanguage\":\"pt-PT\",\"url\":\"https:\/\/honda-automoveis.pt\/blog\/wp-content\/uploads\/2020\/04\/autofoco-logo-r-4-150x47.jpg\",\"contentUrl\":\"https:\/\/honda-automoveis.pt\/blog\/wp-content\/uploads\/2020\/04\/autofoco-logo-r-4-150x47.jpg\",\"caption\":\"Autofoco\"},\"description\":\"Revista semanal digital do setor autom\u00f3vel. Acompanhe todas as not\u00edcias sobre ind\u00fastria autom\u00f3vel, desporto motorizado e informa\u00e7\u00e3o de tr\u00e2nsito em tempo real. Mantenha-se a par das novidades do mundo autom\u00f3vel.\",\"url\":\"https:\/\/honda-automoveis.pt\/blog\/author\/autofoco\/\"}]}<\/script>\n<!-- \/ Yoast SEO plugin. -->","yoast_head_json":{"title":"Vermelho \u00e9 imagem de uma marca - e n\u00e3o \u00e9 a que est\u00e1 a pensar!","description":"A cor vermelha j\u00e1 define a Honda desde os seus in\u00edcios. Descubra aqui tudo sobre a rela\u00e7\u00e3o desta cor com todos os tipos de ve\u00edculos que comercializa.","robots":{"index":"index","follow":"follow","max-snippet":"max-snippet:-1","max-image-preview":"max-image-preview:large","max-video-preview":"max-video-preview:-1"},"canonical":"https:\/\/honda-automoveis.pt\/blog\/vermelho-imagem-marca\/","og_locale":"pt_PT","og_type":"article","og_title":"Vermelho \u00e9 imagem de uma marca - e n\u00e3o \u00e9 a que est\u00e1 a pensar!","og_description":"A cor vermelha j\u00e1 define a Honda desde os seus in\u00edcios. Descubra aqui tudo sobre a rela\u00e7\u00e3o desta cor com todos os tipos de ve\u00edculos que comercializa.","og_url":"https:\/\/honda-automoveis.pt\/blog\/vermelho-imagem-marca\/","og_site_name":"Honda Portugal","article_published_time":"2020-04-07T09:00:40+00:00","article_modified_time":"2020-07-06T14:34:41+00:00","og_image":[{"width":1148,"height":645,"url":"https:\/\/honda-automoveis.pt\/blog\/wp-content\/uploads\/2020\/04\/1Honda-Civic-1.jpg","type":"image\/jpeg"}],"twitter_card":"summary_large_image","twitter_misc":{"Escrito por":"Autofoco","Tempo estimado de leitura":"3 minutos"},"schema":{"@context":"https:\/\/schema.org","@graph":[{"@type":"WebSite","@id":"https:\/\/honda-automoveis.pt\/blog\/#website","url":"https:\/\/honda-automoveis.pt\/blog\/","name":"Honda Portugal","description":"Dreamers&#039; Blog","potentialAction":[{"@type":"SearchAction","target":{"@type":"EntryPoint","urlTemplate":"https:\/\/honda-automoveis.pt\/blog\/?s={search_term_string}"},"query-input":"required name=search_term_string"}],"inLanguage":"pt-PT"},{"@type":"ImageObject","@id":"https:\/\/honda-automoveis.pt\/blog\/vermelho-imagem-marca\/#primaryimage","inLanguage":"pt-PT","url":"https:\/\/honda-automoveis.pt\/blog\/wp-content\/uploads\/2020\/04\/1Honda-Civic-1.jpg","contentUrl":"https:\/\/honda-automoveis.pt\/blog\/wp-content\/uploads\/2020\/04\/1Honda-Civic-1.jpg","width":1148,"height":645,"caption":"Honda Civic vermelho"},{"@type":"WebPage","@id":"https:\/\/honda-automoveis.pt\/blog\/vermelho-imagem-marca\/#webpage","url":"https:\/\/honda-automoveis.pt\/blog\/vermelho-imagem-marca\/","name":"Vermelho \u00e9 imagem de uma marca - e n\u00e3o \u00e9 a que est\u00e1 a pensar!","isPartOf":{"@id":"https:\/\/honda-automoveis.pt\/blog\/#website"},"primaryImageOfPage":{"@id":"https:\/\/honda-automoveis.pt\/blog\/vermelho-imagem-marca\/#primaryimage"},"datePublished":"2020-04-07T09:00:40+00:00","dateModified":"2020-07-06T14:34:41+00:00","author":{"@id":"https:\/\/honda-automoveis.pt\/blog\/#\/schema\/person\/5033796ffa3e0e2300879c6bf33dd2af"},"description":"A cor vermelha j\u00e1 define a Honda desde os seus in\u00edcios. Descubra aqui tudo sobre a rela\u00e7\u00e3o desta cor com todos os tipos de ve\u00edculos que comercializa.","breadcrumb":{"@id":"https:\/\/honda-automoveis.pt\/blog\/vermelho-imagem-marca\/#breadcrumb"},"inLanguage":"pt-PT","potentialAction":[{"@type":"ReadAction","target":["https:\/\/honda-automoveis.pt\/blog\/vermelho-imagem-marca\/"]}]},{"@type":"BreadcrumbList","@id":"https:\/\/honda-automoveis.pt\/blog\/vermelho-imagem-marca\/#breadcrumb","itemListElement":[{"@type":"ListItem","position":1,"name":"In\u00edcio","item":"https:\/\/honda-automoveis.pt\/blog\/"},{"@type":"ListItem","position":2,"name":"Vermelho \u00e9 imagem de uma marca &#8211; e n\u00e3o \u00e9 a que est\u00e1 a pensar!"}]},{"@type":"Person","@id":"https:\/\/honda-automoveis.pt\/blog\/#\/schema\/person\/5033796ffa3e0e2300879c6bf33dd2af","name":"Autofoco","image":{"@type":"ImageObject","@id":"https:\/\/honda-automoveis.pt\/blog\/#personlogo","inLanguage":"pt-PT","url":"https:\/\/honda-automoveis.pt\/blog\/wp-content\/uploads\/2020\/04\/autofoco-logo-r-4-150x47.jpg","contentUrl":"https:\/\/honda-automoveis.pt\/blog\/wp-content\/uploads\/2020\/04\/autofoco-logo-r-4-150x47.jpg","caption":"Autofoco"},"description":"Revista semanal digital do setor autom\u00f3vel. Acompanhe todas as not\u00edcias sobre ind\u00fastria autom\u00f3vel, desporto motorizado e informa\u00e7\u00e3o de tr\u00e2nsito em tempo real. Mantenha-se a par das novidades do mundo autom\u00f3vel.","url":"https:\/\/honda-automoveis.pt\/blog\/author\/autofoco\/"}]}},"_links":{"self":[{"href":"https:\/\/honda-automoveis.pt\/blog\/wp-json\/wp\/v2\/posts\/2456"}],"collection":[{"href":"https:\/\/honda-automoveis.pt\/blog\/wp-json\/wp\/v2\/posts"}],"about":[{"href":"https:\/\/honda-automoveis.pt\/blog\/wp-json\/wp\/v2\/types\/post"}],"author":[{"embeddable":true,"href":"https:\/\/honda-automoveis.pt\/blog\/wp-json\/wp\/v2\/users\/18"}],"replies":[{"embeddable":true,"href":"https:\/\/honda-automoveis.pt\/blog\/wp-json\/wp\/v2\/comments?post=2456"}],"version-history":[{"count":8,"href":"https:\/\/honda-automoveis.pt\/blog\/wp-json\/wp\/v2\/posts\/2456\/revisions"}],"predecessor-version":[{"id":4324,"href":"https:\/\/honda-automoveis.pt\/blog\/wp-json\/wp\/v2\/posts\/2456\/revisions\/4324"}],"wp:featuredmedia":[{"embeddable":true,"href":"https:\/\/honda-automoveis.pt\/blog\/wp-json\/wp\/v2\/media\/2458"}],"wp:attachment":[{"href":"https:\/\/honda-automoveis.pt\/blog\/wp-json\/wp\/v2\/media?parent=2456"}],"wp:term":[{"taxonomy":"category","embeddable":true,"href":"https:\/\/honda-automoveis.pt\/blog\/wp-json\/wp\/v2\/categories?post=2456"},{"taxonomy":"post_tag","embeddable":true,"href":"https:\/\/honda-automoveis.pt\/blog\/wp-json\/wp\/v2\/tags?post=2456"}],"curies":[{"name":"wp","href":"https:\/\/api.w.org\/{rel}","templated":true}]}}