{"id":2780,"date":"2020-04-30T17:58:34","date_gmt":"2020-04-30T17:58:34","guid":{"rendered":"https:\/\/honda-automoveis.pt\/blog\/?p=2780"},"modified":"2021-02-17T17:01:14","modified_gmt":"2021-02-17T17:01:14","slug":"questoes-sobre-historia-industria-automovel","status":"publish","type":"post","link":"https:\/\/honda-automoveis.pt\/blog\/questoes-sobre-historia-industria-automovel\/","title":{"rendered":"Teste-se: 8 quest\u00f5es sobre a hist\u00f3ria da ind\u00fastria autom\u00f3vel"},"content":{"rendered":"<p>A hist\u00f3ria da humanidade est\u00e1 repleta de grandes marcos protagonizados pelos meios de transporte. Apesar de os utilizarmos todos os dias, ser\u00e1 que sabe tudo sobre a hist\u00f3ria da ind\u00fastria autom\u00f3vel? Fa\u00e7a o teste.<\/p>\n<h2>A Hist\u00f3ria do Setor Autom\u00f3vel em 8 quest\u00f5es<\/h2>\n<p>Todas as inven\u00e7\u00f5es da ind\u00fastria autom\u00f3vel contribu\u00edram para chegarmos aos carros que hoje percorrem as nossas estradas. As v\u00e1rias inova\u00e7\u00f5es que surgiram ao longo de todo o s\u00e9culo permitiram criar solu\u00e7\u00f5es de mobilidade mais eficientes e ecol\u00f3gicas. Deveu-se tudo ao poder dos sonhos de centenas de engenheiros e sonhadores como Soichiro Honda.<\/p>\n<p><img loading=\"lazy\" class=\"alignnone wp-image-4099 size-full\" src=\"https:\/\/honda-automoveis.pt\/blog\/wp-content\/uploads\/2020\/06\/Soichiro-Honda-e-RA270.jpg\" alt=\"Soichiro Honda e RA270\" width=\"1024\" height=\"741\" srcset=\"https:\/\/honda-automoveis.pt\/blog\/wp-content\/uploads\/2020\/06\/Soichiro-Honda-e-RA270.jpg 1024w, https:\/\/honda-automoveis.pt\/blog\/wp-content\/uploads\/2020\/06\/Soichiro-Honda-e-RA270-300x217.jpg 300w, https:\/\/honda-automoveis.pt\/blog\/wp-content\/uploads\/2020\/06\/Soichiro-Honda-e-RA270-768x556.jpg 768w\" sizes=\"(max-width: 1024px) 100vw, 1024px\" \/><\/p>\n<p>Deixamos-lhe 8 quest\u00f5es sobre a hist\u00f3ria da ind\u00fastria autom\u00f3vel, que marcaram este setor. Ser\u00e1 que sabe a resposta a todas?<\/p>\n<h3><span style=\"color: #ff0000;\">1. <\/span>Em que ano foi inventado o primeiro carro?<\/h3>\n<p>Hoje em dia, os autom\u00f3veis s\u00e3o mais confort\u00e1veis, ecol\u00f3gicos, r\u00e1pidos e seguros. Mas sabe em que ano foi inventado o primeiro carro?<\/p>\n<p>A. 1802<br \/>\nB. 1851<br \/>\nC. 1769<\/p>\n<h3><span style=\"color: #ff0000;\">2.<\/span> Quando surgiu o primeiro el\u00e9trico moderno?<\/h3>\n<p>A crise climat\u00e9rica que vivemos est\u00e1 a impulsionar a eletrifica\u00e7\u00e3o acelerada da ind\u00fastria autom\u00f3vel.<strong> Autom\u00f3veis h\u00edbridos, el\u00e9tricos ou plug-in j\u00e1 s\u00e3o uma realidade<\/strong>. Quando surgiu o primeiro carro el\u00e9trico moderno?<\/p>\n<p>A. Uma carruagem tradicional movida a c\u00e9lulas el\u00e9tricas em vez de cavalos, criado pelo empres\u00e1rio e qu\u00edmico escoc\u00eas Robert Anderson, em 1930.<br \/>\nB. Um ve\u00edculo el\u00e9trico de tr\u00eas rodas, que o engenheiro franc\u00eas Gustave Trouv\u00e9 apresentou na exposi\u00e7\u00e3o internacional de Paris, de 1881.<br \/>\nC. Um ve\u00edculo el\u00e9trico de tr\u00eas rodas inventado pelos engenheiros brit\u00e2nicos William Ayrton e John Perry, em 1881.<\/p>\n<h3><span style=\"color: #ff0000;\">3.<\/span> Quando foi usado pela primeira vez o hidrog\u00e9nio num ve\u00edculo?<\/h3>\n<p>Outra tecnologia da qual se fala muito hoje em dia \u00e9 o hidrog\u00e9nio. Estes autom\u00f3veis movem-se gra\u00e7as a uma c\u00e9lula de combust\u00edvel. Sabe quando se utilizou, pela primeira vez, o hidrog\u00e9nio para alimentar um ve\u00edculo?<\/p>\n<p>A. 1807<br \/>\nB. 1959<br \/>\nC. 2006<\/p>\n<h3><span style=\"color: #ff0000;\">4.<\/span> Quais as duas inven\u00e7\u00f5es que surgiram do sexo feminino?<\/h3>\n<p>Todos os autom\u00f3veis oferecem tecnologias sem as quais n\u00e3o nos imaginamos a conduzir. Sabe as duas solu\u00e7\u00f5es que surgiram de inven\u00e7\u00f5es do sexo feminino?<\/p>\n<p>A. Cinto de seguran\u00e7a e airbag.<br \/>\nB. O espelho retrovisor e o limpa para-brisas.<br \/>\nC. As montanhas-russas e o aquecimento dos assentos.<\/p>\n<h3><span style=\"color: #ff0000;\">5.<\/span> Qual o pa\u00eds em que foi proibido fabricar carros vermelhos e brancos durante o s\u00e9culo XX?<\/h3>\n<p>A pintura acompanhou o desenvolvimento dos autom\u00f3veis, <strong>mas n\u00e3o existia uma ampla gama de cores como hoje temos<\/strong>. Em que pa\u00eds foi proibido fabricar carros vermelhos e brancos durante grande parte do s\u00e9culo XX?<\/p>\n<p>A. Espanha. A utiliza\u00e7\u00e3o de cores vivas nos ve\u00edculos era considerada indecente, principalmente o vermelho, s\u00edmbolo de instintos b\u00e1sicos e desejo sexual. O branco estava associado a Deus e o seu fr\u00edvolo era inadequado.<br \/>\nB. Jap\u00e3o. A cor vermelha era reservada exclusivamente para ve\u00edculos de bombeiros e a branca para as ambul\u00e2ncias.<br \/>\nC. Em nenhum pa\u00eds. Simplesmente n\u00e3o havia procura no mercado por cores mais vivas.<\/p>\n<h3><span style=\"color: #ff0000;\">6.<\/span> A quem vendeu Soichiro Honda a f\u00e1brica que administrava em 1945?<\/h3>\n<p>Soichiro Honda vendeu a f\u00e1brica que administrava no final da Segunda guerra Mundial, em 1945, antes de criar a Honda. A que empresa a vendeu?<\/p>\n<p>A. Toyota<br \/>\nB. Mitsubishi<br \/>\nC. Sony<\/p>\n<h3><span style=\"color: #ff0000;\">7.<\/span> Em que ano passou a ser obrigat\u00f3rio o uso de cinto de seguran\u00e7a em portugal?<\/h3>\n<p>Sistemas de travagem autom\u00e1ticos, avisos de sa\u00edda involunt\u00e1ria da faixa de rodagem\u2026 A tecnologia invadiu os sistemas de seguran\u00e7a da ind\u00fastria autom\u00f3vel moderna! <strong>Mas por mais inven\u00e7\u00f5es que existam, h\u00e1 uma essencial: o cinto de seguran\u00e7a<\/strong>. A partir de que ano foi obrigat\u00f3ria a utiliza\u00e7\u00e3o do cinto de seguran\u00e7a, para ve\u00edculos de passageiros em Portugal?<\/p>\n<p>A. 1980<br \/>\nB. 1990<br \/>\nC. 1993<\/p>\n<h3><span style=\"color: #ff0000;\">8.<\/span> Em que ano competiu, pela primeira vez, uma mulher no Grande pr\u00e9mio da F\u00f3rmula 1?<\/h3>\n<p>O automobilismo <strong>\u00e9 um dos poucos desportos em que as mulheres e homens competem no mesmo n\u00edvel<\/strong>. Em que ano competiu, pela \u00faltima vez, uma mulher no Grande Pr\u00e9mio da F\u00f3rmula 1?<\/p>\n<p>A. 2019. Embora ainda seja em minoria, j\u00e1 existem mulheres a competir em todas as categorias, incluindo na f\u00f3rmula 1.<br \/>\nB. 1976. Desde que a italiana Lella Lombardi se aposentou, nenhuma outra mulher voltou a competir.<br \/>\nC. 1958. A piloto italiana Maria Teresa de Filippis, foi a primeira e \u00faltima mulher a realizar o sonho que tinha de competir na F\u00f3rmula 1.<\/p>\n<p>Solu\u00e7\u00f5es: 1.A, 2.A, 3.A, 4.B, 5.B, 6.A, 7.C, 8.A<\/p>\n","protected":false},"excerpt":{"rendered":"<p>Acha que sabe tudo sobre a hist\u00f3ria da ind\u00fastria autom\u00f3vel? Coloque-se \u00e0 prova com as quest\u00f5es da Honda sobre a hist\u00f3ria deste setor.<\/p>\n","protected":false},"author":4,"featured_media":2781,"comment_status":"open","ping_status":"open","sticky":false,"template":"","format":"standard","meta":[],"categories":[1],"tags":[83,136],"yoast_head":"<!-- This site is optimized with the Yoast SEO plugin v18.5 - https:\/\/yoast.com\/wordpress\/plugins\/seo\/ -->\n<title>8 quest\u00f5es sobre a hist\u00f3ria da ind\u00fastria autom\u00f3vel | Honda Portugal<\/title>\n<meta name=\"description\" content=\"Acha que sabe tudo sobre a hist\u00f3ria da ind\u00fastria autom\u00f3vel? Coloque-se \u00e0 prova aqui com as quest\u00f5es da Honda sobre a hist\u00f3ria deste setor.\" \/>\n<meta name=\"robots\" content=\"index, follow, max-snippet:-1, max-image-preview:large, max-video-preview:-1\" \/>\n<link rel=\"canonical\" href=\"https:\/\/honda-automoveis.pt\/blog\/questoes-sobre-historia-industria-automovel\/\" \/>\n<meta property=\"og:locale\" content=\"pt_PT\" \/>\n<meta property=\"og:type\" content=\"article\" \/>\n<meta property=\"og:title\" content=\"8 quest\u00f5es sobre a hist\u00f3ria da ind\u00fastria autom\u00f3vel | Honda Portugal\" \/>\n<meta property=\"og:description\" content=\"Acha que sabe tudo sobre a hist\u00f3ria da ind\u00fastria autom\u00f3vel? Coloque-se \u00e0 prova aqui com as quest\u00f5es da Honda sobre a hist\u00f3ria deste setor.\" \/>\n<meta property=\"og:url\" content=\"https:\/\/honda-automoveis.pt\/blog\/questoes-sobre-historia-industria-automovel\/\" \/>\n<meta property=\"og:site_name\" content=\"Honda Portugal\" \/>\n<meta property=\"article:published_time\" content=\"2020-04-30T17:58:34+00:00\" \/>\n<meta property=\"article:modified_time\" content=\"2021-02-17T17:01:14+00:00\" \/>\n<meta property=\"og:image\" content=\"https:\/\/honda-automoveis.pt\/blog\/wp-content\/uploads\/2020\/04\/honda_civic.jpg\" \/>\n\t<meta property=\"og:image:width\" content=\"630\" \/>\n\t<meta property=\"og:image:height\" content=\"422\" \/>\n\t<meta property=\"og:image:type\" content=\"image\/jpeg\" \/>\n<meta name=\"twitter:card\" content=\"summary_large_image\" \/>\n<meta name=\"twitter:label1\" content=\"Escrito por\" \/>\n\t<meta name=\"twitter:data1\" content=\"Honda Portugal Autom\u00f3veis\" \/>\n\t<meta name=\"twitter:label2\" content=\"Tempo estimado de leitura\" \/>\n\t<meta name=\"twitter:data2\" content=\"4 minutos\" \/>\n<script type=\"application\/ld+json\" class=\"yoast-schema-graph\">{\"@context\":\"https:\/\/schema.org\",\"@graph\":[{\"@type\":\"WebSite\",\"@id\":\"https:\/\/honda-automoveis.pt\/blog\/#website\",\"url\":\"https:\/\/honda-automoveis.pt\/blog\/\",\"name\":\"Honda Portugal\",\"description\":\"Dreamers&#039; Blog\",\"potentialAction\":[{\"@type\":\"SearchAction\",\"target\":{\"@type\":\"EntryPoint\",\"urlTemplate\":\"https:\/\/honda-automoveis.pt\/blog\/?s={search_term_string}\"},\"query-input\":\"required name=search_term_string\"}],\"inLanguage\":\"pt-PT\"},{\"@type\":\"ImageObject\",\"@id\":\"https:\/\/honda-automoveis.pt\/blog\/questoes-sobre-historia-industria-automovel\/#primaryimage\",\"inLanguage\":\"pt-PT\",\"url\":\"https:\/\/honda-automoveis.pt\/blog\/wp-content\/uploads\/2020\/04\/honda_civic.jpg\",\"contentUrl\":\"https:\/\/honda-automoveis.pt\/blog\/wp-content\/uploads\/2020\/04\/honda_civic.jpg\",\"width\":630,\"height\":422,\"caption\":\"Honda Civic\"},{\"@type\":\"WebPage\",\"@id\":\"https:\/\/honda-automoveis.pt\/blog\/questoes-sobre-historia-industria-automovel\/#webpage\",\"url\":\"https:\/\/honda-automoveis.pt\/blog\/questoes-sobre-historia-industria-automovel\/\",\"name\":\"8 quest\u00f5es sobre a hist\u00f3ria da ind\u00fastria autom\u00f3vel | Honda Portugal\",\"isPartOf\":{\"@id\":\"https:\/\/honda-automoveis.pt\/blog\/#website\"},\"primaryImageOfPage\":{\"@id\":\"https:\/\/honda-automoveis.pt\/blog\/questoes-sobre-historia-industria-automovel\/#primaryimage\"},\"datePublished\":\"2020-04-30T17:58:34+00:00\",\"dateModified\":\"2021-02-17T17:01:14+00:00\",\"author\":{\"@id\":\"https:\/\/honda-automoveis.pt\/blog\/#\/schema\/person\/7f8ab873bdf8dbd771f0d57531954f87\"},\"description\":\"Acha que sabe tudo sobre a hist\u00f3ria da ind\u00fastria autom\u00f3vel? Coloque-se \u00e0 prova aqui com as quest\u00f5es da Honda sobre a hist\u00f3ria deste setor.\",\"breadcrumb\":{\"@id\":\"https:\/\/honda-automoveis.pt\/blog\/questoes-sobre-historia-industria-automovel\/#breadcrumb\"},\"inLanguage\":\"pt-PT\",\"potentialAction\":[{\"@type\":\"ReadAction\",\"target\":[\"https:\/\/honda-automoveis.pt\/blog\/questoes-sobre-historia-industria-automovel\/\"]}]},{\"@type\":\"BreadcrumbList\",\"@id\":\"https:\/\/honda-automoveis.pt\/blog\/questoes-sobre-historia-industria-automovel\/#breadcrumb\",\"itemListElement\":[{\"@type\":\"ListItem\",\"position\":1,\"name\":\"In\u00edcio\",\"item\":\"https:\/\/honda-automoveis.pt\/blog\/\"},{\"@type\":\"ListItem\",\"position\":2,\"name\":\"Teste-se: 8 quest\u00f5es sobre a hist\u00f3ria da ind\u00fastria autom\u00f3vel\"}]},{\"@type\":\"Person\",\"@id\":\"https:\/\/honda-automoveis.pt\/blog\/#\/schema\/person\/7f8ab873bdf8dbd771f0d57531954f87\",\"name\":\"Honda Portugal Autom\u00f3veis\",\"image\":{\"@type\":\"ImageObject\",\"@id\":\"https:\/\/honda-automoveis.pt\/blog\/#personlogo\",\"inLanguage\":\"pt-PT\",\"url\":\"https:\/\/honda-automoveis.pt\/blog\/wp-content\/uploads\/2023\/06\/logo_perfil-150x150.png\",\"contentUrl\":\"https:\/\/honda-automoveis.pt\/blog\/wp-content\/uploads\/2023\/06\/logo_perfil-150x150.png\",\"caption\":\"Honda Portugal Autom\u00f3veis\"},\"description\":\"A Honda chegou a Portugal em 1968, preparada para conquistar os portugueses com a sua inovadora tecnologia e os melhores e mais fi\u00e1veis autom\u00f3veis. Com uma longa hist\u00f3ria de sucesso no nosso pa\u00eds, a Honda conquistou uma verdadeira comunidade de f\u00e3s, que reconhecem na marca a fiabilidade, seguran\u00e7a e tecnologia que nos caracterizam. A competi\u00e7\u00e3o e a performance est\u00e3o no nosso ADN e \u00e9 por isso que, diariamente, continuamos a trabalhar para que todas as viagens sejam verdadeiramente emocionantes.\",\"url\":\"https:\/\/honda-automoveis.pt\/blog\/author\/honda-portugal\/\"}]}<\/script>\n<!-- \/ Yoast SEO plugin. -->","yoast_head_json":{"title":"8 quest\u00f5es sobre a hist\u00f3ria da ind\u00fastria autom\u00f3vel | Honda Portugal","description":"Acha que sabe tudo sobre a hist\u00f3ria da ind\u00fastria autom\u00f3vel? Coloque-se \u00e0 prova aqui com as quest\u00f5es da Honda sobre a hist\u00f3ria deste setor.","robots":{"index":"index","follow":"follow","max-snippet":"max-snippet:-1","max-image-preview":"max-image-preview:large","max-video-preview":"max-video-preview:-1"},"canonical":"https:\/\/honda-automoveis.pt\/blog\/questoes-sobre-historia-industria-automovel\/","og_locale":"pt_PT","og_type":"article","og_title":"8 quest\u00f5es sobre a hist\u00f3ria da ind\u00fastria autom\u00f3vel | Honda Portugal","og_description":"Acha que sabe tudo sobre a hist\u00f3ria da ind\u00fastria autom\u00f3vel? Coloque-se \u00e0 prova aqui com as quest\u00f5es da Honda sobre a hist\u00f3ria deste setor.","og_url":"https:\/\/honda-automoveis.pt\/blog\/questoes-sobre-historia-industria-automovel\/","og_site_name":"Honda Portugal","article_published_time":"2020-04-30T17:58:34+00:00","article_modified_time":"2021-02-17T17:01:14+00:00","og_image":[{"width":630,"height":422,"url":"https:\/\/honda-automoveis.pt\/blog\/wp-content\/uploads\/2020\/04\/honda_civic.jpg","type":"image\/jpeg"}],"twitter_card":"summary_large_image","twitter_misc":{"Escrito por":"Honda Portugal Autom\u00f3veis","Tempo estimado de leitura":"4 minutos"},"schema":{"@context":"https:\/\/schema.org","@graph":[{"@type":"WebSite","@id":"https:\/\/honda-automoveis.pt\/blog\/#website","url":"https:\/\/honda-automoveis.pt\/blog\/","name":"Honda Portugal","description":"Dreamers&#039; Blog","potentialAction":[{"@type":"SearchAction","target":{"@type":"EntryPoint","urlTemplate":"https:\/\/honda-automoveis.pt\/blog\/?s={search_term_string}"},"query-input":"required name=search_term_string"}],"inLanguage":"pt-PT"},{"@type":"ImageObject","@id":"https:\/\/honda-automoveis.pt\/blog\/questoes-sobre-historia-industria-automovel\/#primaryimage","inLanguage":"pt-PT","url":"https:\/\/honda-automoveis.pt\/blog\/wp-content\/uploads\/2020\/04\/honda_civic.jpg","contentUrl":"https:\/\/honda-automoveis.pt\/blog\/wp-content\/uploads\/2020\/04\/honda_civic.jpg","width":630,"height":422,"caption":"Honda Civic"},{"@type":"WebPage","@id":"https:\/\/honda-automoveis.pt\/blog\/questoes-sobre-historia-industria-automovel\/#webpage","url":"https:\/\/honda-automoveis.pt\/blog\/questoes-sobre-historia-industria-automovel\/","name":"8 quest\u00f5es sobre a hist\u00f3ria da ind\u00fastria autom\u00f3vel | Honda Portugal","isPartOf":{"@id":"https:\/\/honda-automoveis.pt\/blog\/#website"},"primaryImageOfPage":{"@id":"https:\/\/honda-automoveis.pt\/blog\/questoes-sobre-historia-industria-automovel\/#primaryimage"},"datePublished":"2020-04-30T17:58:34+00:00","dateModified":"2021-02-17T17:01:14+00:00","author":{"@id":"https:\/\/honda-automoveis.pt\/blog\/#\/schema\/person\/7f8ab873bdf8dbd771f0d57531954f87"},"description":"Acha que sabe tudo sobre a hist\u00f3ria da ind\u00fastria autom\u00f3vel? Coloque-se \u00e0 prova aqui com as quest\u00f5es da Honda sobre a hist\u00f3ria deste setor.","breadcrumb":{"@id":"https:\/\/honda-automoveis.pt\/blog\/questoes-sobre-historia-industria-automovel\/#breadcrumb"},"inLanguage":"pt-PT","potentialAction":[{"@type":"ReadAction","target":["https:\/\/honda-automoveis.pt\/blog\/questoes-sobre-historia-industria-automovel\/"]}]},{"@type":"BreadcrumbList","@id":"https:\/\/honda-automoveis.pt\/blog\/questoes-sobre-historia-industria-automovel\/#breadcrumb","itemListElement":[{"@type":"ListItem","position":1,"name":"In\u00edcio","item":"https:\/\/honda-automoveis.pt\/blog\/"},{"@type":"ListItem","position":2,"name":"Teste-se: 8 quest\u00f5es sobre a hist\u00f3ria da ind\u00fastria autom\u00f3vel"}]},{"@type":"Person","@id":"https:\/\/honda-automoveis.pt\/blog\/#\/schema\/person\/7f8ab873bdf8dbd771f0d57531954f87","name":"Honda Portugal Autom\u00f3veis","image":{"@type":"ImageObject","@id":"https:\/\/honda-automoveis.pt\/blog\/#personlogo","inLanguage":"pt-PT","url":"https:\/\/honda-automoveis.pt\/blog\/wp-content\/uploads\/2023\/06\/logo_perfil-150x150.png","contentUrl":"https:\/\/honda-automoveis.pt\/blog\/wp-content\/uploads\/2023\/06\/logo_perfil-150x150.png","caption":"Honda Portugal Autom\u00f3veis"},"description":"A Honda chegou a Portugal em 1968, preparada para conquistar os portugueses com a sua inovadora tecnologia e os melhores e mais fi\u00e1veis autom\u00f3veis. Com uma longa hist\u00f3ria de sucesso no nosso pa\u00eds, a Honda conquistou uma verdadeira comunidade de f\u00e3s, que reconhecem na marca a fiabilidade, seguran\u00e7a e tecnologia que nos caracterizam. A competi\u00e7\u00e3o e a performance est\u00e3o no nosso ADN e \u00e9 por isso que, diariamente, continuamos a trabalhar para que todas as viagens sejam verdadeiramente emocionantes.","url":"https:\/\/honda-automoveis.pt\/blog\/author\/honda-portugal\/"}]}},"_links":{"self":[{"href":"https:\/\/honda-automoveis.pt\/blog\/wp-json\/wp\/v2\/posts\/2780"}],"collection":[{"href":"https:\/\/honda-automoveis.pt\/blog\/wp-json\/wp\/v2\/posts"}],"about":[{"href":"https:\/\/honda-automoveis.pt\/blog\/wp-json\/wp\/v2\/types\/post"}],"author":[{"embeddable":true,"href":"https:\/\/honda-automoveis.pt\/blog\/wp-json\/wp\/v2\/users\/4"}],"replies":[{"embeddable":true,"href":"https:\/\/honda-automoveis.pt\/blog\/wp-json\/wp\/v2\/comments?post=2780"}],"version-history":[{"count":6,"href":"https:\/\/honda-automoveis.pt\/blog\/wp-json\/wp\/v2\/posts\/2780\/revisions"}],"predecessor-version":[{"id":4100,"href":"https:\/\/honda-automoveis.pt\/blog\/wp-json\/wp\/v2\/posts\/2780\/revisions\/4100"}],"wp:featuredmedia":[{"embeddable":true,"href":"https:\/\/honda-automoveis.pt\/blog\/wp-json\/wp\/v2\/media\/2781"}],"wp:attachment":[{"href":"https:\/\/honda-automoveis.pt\/blog\/wp-json\/wp\/v2\/media?parent=2780"}],"wp:term":[{"taxonomy":"category","embeddable":true,"href":"https:\/\/honda-automoveis.pt\/blog\/wp-json\/wp\/v2\/categories?post=2780"},{"taxonomy":"post_tag","embeddable":true,"href":"https:\/\/honda-automoveis.pt\/blog\/wp-json\/wp\/v2\/tags?post=2780"}],"curies":[{"name":"wp","href":"https:\/\/api.w.org\/{rel}","templated":true}]}}