{"id":28555,"date":"2020-12-31T12:41:48","date_gmt":"2020-12-31T12:41:48","guid":{"rendered":"https:\/\/honda-automoveis.pt\/blog\/?p=28555"},"modified":"2022-07-25T14:29:17","modified_gmt":"2022-07-25T14:29:17","slug":"melhores-momentos-honda-ano-2020","status":"publish","type":"post","link":"https:\/\/honda-automoveis.pt\/blog\/melhores-momentos-honda-ano-2020\/","title":{"rendered":"Somos todos \u201cdreamers\u201d: os melhores momentos Honda do ano 2020"},"content":{"rendered":"<p>O ano que agora termina fica na hist\u00f3ria por motivos menos bons. Motivos estes, amplamente discutidos ao longo de todo o ano. <strong>\u00c9 importante tamb\u00e9m destacar os melhores momentos do ano de 2020.<\/strong> A Honda teve momentos excelentes! Conte-nos os seus tamb\u00e9m.<\/p>\n<h2>Os melhores momentos do ano 2020 para a Honda<\/h2>\n<h3>Lan\u00e7\u00e1mos o \u00fanico, inimit\u00e1vel Honda e<\/h3>\n<p>Desde o seu lan\u00e7amento, em junho de 2020, o <a href=\"https:\/\/honda-automoveis.pt\/reservashondae\/?p=1832\"><strong>Honda e<\/strong><\/a> tem acumulado pr\u00e9mios, sucessos e elogios. O lan\u00e7amento do el\u00e9trico da Honda foi o marco de 2020! Entre os galard\u00f5es, destaca-se o \u201cCarro Alem\u00e3o do Ano 2021\u201d. Em fevereiro, o piloto portugu\u00eas Tiago Monteiro <a href=\"https:\/\/honda-automoveis.pt\/reservashondae\/?p=1832\" target=\"_blank\" rel=\"noopener noreferrer\">testou o magn\u00edfico Honda e<\/a>, em Val\u00eancia, e deixou-se cativar. O nosso piloto, que n\u00e3o abdica do Honda Type R nos circuitos, rendeu-se completamente ao nosso el\u00e9trico, tornando-o no seu autom\u00f3vel para o dia a dia.<\/p>\n<p><img loading=\"lazy\" class=\"alignnone size-full wp-image-28570\" src=\"https:\/\/honda-automoveis.pt\/blog\/wp-content\/uploads\/2020\/12\/Tiago-Monteiro-testa-Honda-e-nos-melhores-momentos-honda-2020.jpg\" alt=\"Tiago Monteiro testa Honda e nos melhores momentos honda 2020\" width=\"1000\" height=\"667\" srcset=\"https:\/\/honda-automoveis.pt\/blog\/wp-content\/uploads\/2020\/12\/Tiago-Monteiro-testa-Honda-e-nos-melhores-momentos-honda-2020.jpg 1000w, https:\/\/honda-automoveis.pt\/blog\/wp-content\/uploads\/2020\/12\/Tiago-Monteiro-testa-Honda-e-nos-melhores-momentos-honda-2020-300x200.jpg 300w, https:\/\/honda-automoveis.pt\/blog\/wp-content\/uploads\/2020\/12\/Tiago-Monteiro-testa-Honda-e-nos-melhores-momentos-honda-2020-768x512.jpg 768w\" sizes=\"(max-width: 1000px) 100vw, 1000px\" \/><\/p>\n<h3>Conhecemos o brilhante Honda Jazz Hybrid<\/h3>\n<p>A <strong>nova gera\u00e7\u00e3o do Honda Jazz<\/strong> revolucionou o mercado. N\u00e3o s\u00f3 recebeu a classifica\u00e7\u00e3o mais elevada de cinco estrelas nos exigentes testes de seguran\u00e7a Euro NCAP, mas em outubro provou em Mil\u00e3o ser o h\u00edbrido mais eficiente, com uma gama muito superior a outros modelos da sua categoria.<\/p>\n<p>Os ve\u00edculos h\u00edbridos s\u00e3o cada vez mais populares pelo seu conforto, efici\u00eancia e condu\u00e7\u00e3o. O <a href=\"https:\/\/honda-automoveis.pt\/pt\/carros\/jazz-hybrid\/\">Honda Jazz Hybrid<\/a> \u00e9 rei na categoria.<\/p>\n<p><img loading=\"lazy\" class=\"aligncenter wp-image-47696 size-full\" src=\"https:\/\/honda-automoveis.pt\/blog\/wp-content\/uploads\/2020\/12\/honda-jazz-hybrid-lancado-2020-492x307-1.webp\" alt=\"Honda Jazz Hybrid\" width=\"492\" height=\"307\" srcset=\"https:\/\/honda-automoveis.pt\/blog\/wp-content\/uploads\/2020\/12\/honda-jazz-hybrid-lancado-2020-492x307-1.webp 492w, https:\/\/honda-automoveis.pt\/blog\/wp-content\/uploads\/2020\/12\/honda-jazz-hybrid-lancado-2020-492x307-1-300x187.webp 300w, https:\/\/honda-automoveis.pt\/blog\/wp-content\/uploads\/2020\/12\/honda-jazz-hybrid-lancado-2020-492x307-1-360x225.webp 360w\" sizes=\"(max-width: 492px) 100vw, 492px\" \/><\/p>\n<h3>Lan\u00e7amos o din\u00e2mico Honda Jazz Crosstar Hybrid<\/h3>\n<p>O SUV que reina nas estradas, ideal para as aventuras urbanas ou fora de estrada.\u00a0O\u00a0<a href=\"https:\/\/honda-automoveis.pt\/pt\/carros\/crosstar-hybrid\/\"><strong>Honda Jazz Crosstar Hybrid<\/strong>\u00a0<\/a>\u00e9 a combina\u00e7\u00e3o perfeita entre a funcionalidade de um carro citadino e a robustez de um aventureiro SUV, dando o mote para uma nova era onde o\u00a0<strong>SUV citadino<\/strong>\u00a0ter\u00e1 todo o destaque. Integra a tecnologia de gest\u00e3o inteligente de energia i-MMD, tamb\u00e9m presente no\u00a0<a href=\"https:\/\/honda-automoveis.pt\/pt\/carros\/crv-hybrid\/\">Honda CR-V Hybrid\u00a0<\/a>e\u00a0<a href=\"https:\/\/honda-automoveis.pt\/pt\/carros\/jazz-hybrid\/\">Jazz Hybrid<\/a>, que lhe permite otimizar a sua condu\u00e7\u00e3o.<\/p>\n<p><img loading=\"lazy\" class=\"alignnone size-full wp-image-28566\" src=\"https:\/\/honda-automoveis.pt\/blog\/wp-content\/uploads\/2020\/12\/crosstar-hybrid.jpg\" alt=\"crosstar hybrid\" width=\"1000\" height=\"666\" srcset=\"https:\/\/honda-automoveis.pt\/blog\/wp-content\/uploads\/2020\/12\/crosstar-hybrid.jpg 1000w, https:\/\/honda-automoveis.pt\/blog\/wp-content\/uploads\/2020\/12\/crosstar-hybrid-300x200.jpg 300w, https:\/\/honda-automoveis.pt\/blog\/wp-content\/uploads\/2020\/12\/crosstar-hybrid-768x511.jpg 768w\" sizes=\"(max-width: 1000px) 100vw, 1000px\" \/><\/p>\n<h3>Conquist\u00e1mos a sua prefer\u00eancia<\/h3>\n<p>A Honda continua a ser sin\u00f3nimo de seguran\u00e7a e confian\u00e7a. Posicion\u00e1mo-nos no primeiro semestre do ano, como a terceira marca de autom\u00f3veis mais vendida a n\u00edvel mundial, segundo o ranking divulgado pela Focus2move. Nestes tempos de incerteza e vulnerabilidade, a marca japonesa provou que valores de qualidade, confiabilidade e resist\u00eancia s\u00e3o ainda mais importantes do que nunca. O <a href=\"https:\/\/honda-automoveis.pt\/pt\/carros\/civic-5-portas\/\" target=\"_blank\" rel=\"noopener noreferrer\"><strong>Honda Civic<\/strong><\/a> e o <strong><a href=\"https:\/\/honda-automoveis.pt\/pt\/carros\/crv-hybrid\/\" target=\"_blank\" rel=\"noopener noreferrer\">Honda CR-V<\/a><\/strong> destacam-se especialmente, estando ambos entre os dez carros mais vendidos do mundo no primeiro semestre de 2020.<\/p>\n<p><img loading=\"lazy\" class=\"alignnone size-full wp-image-28562\" src=\"https:\/\/honda-automoveis.pt\/blog\/wp-content\/uploads\/2020\/12\/Honda-Civid.jpg\" alt=\"Honda Civic\" width=\"1000\" height=\"797\" srcset=\"https:\/\/honda-automoveis.pt\/blog\/wp-content\/uploads\/2020\/12\/Honda-Civid.jpg 1000w, https:\/\/honda-automoveis.pt\/blog\/wp-content\/uploads\/2020\/12\/Honda-Civid-300x239.jpg 300w, https:\/\/honda-automoveis.pt\/blog\/wp-content\/uploads\/2020\/12\/Honda-Civid-768x612.jpg 768w\" sizes=\"(max-width: 1000px) 100vw, 1000px\" \/><\/p>\n<h3>Tivemos uma temporada excecional na F\u00f3rmula 1<\/h3>\n<p>O Grande Pr\u00e9mio de F1 regressou finalmente a Portugal, 24 anos depois da \u00faltima visita. A prova portuguesa decorreu no m\u00eas de outubro, no Circuito Internacional de Portim\u00e3o.<\/p>\n<p>A Honda terminou a excecional temporada de F\u00f3rmula 1 de 2020 com estilo. O Red Bull de Max Verstappen dominou o Grande Pr\u00e9mio de Abu Dhabi do in\u00edcio ao fim e conquistou a vit\u00f3ria no circuito de Yas Marina. Este foi sem d\u00favida um dos melhores momentos do ano, somando-se \u00e0 primeira vit\u00f3ria de Max no Grande Pr\u00e9mio do 70\u00ba Anivers\u00e1rio, e ao triunfo hist\u00f3rico do piloto da AlphaTauri Pierre Gasly, na categoria rainha.<\/p>\n<p>O desenvolvimento tecnol\u00f3gico trabalhado nos circuitos de F1, permitiu que a Honda deixasse a sua marca na cria\u00e7\u00e3o de solu\u00e7\u00f5es eficazes, que tamb\u00e9m podem ser aplicadas aos autom\u00f3veis que conduzimos. Os <strong>Honda Jazz Hybrid<\/strong> e Jazz <strong>Crosstar Hybrid<\/strong> beneficiam disto mesmo, com o novo sistema e: HEV, inspirado na tecnologia de mais alto n\u00edvel, desenvolvida pela marca nos circuitos de F\u00f3rmula 1.<\/p>\n<p><img loading=\"lazy\" class=\"alignnone size-full wp-image-28568\" src=\"https:\/\/honda-automoveis.pt\/blog\/wp-content\/uploads\/2020\/12\/redbull-6-600x400.jpg\" alt=\"Honda red bull F1\" width=\"600\" height=\"400\" srcset=\"https:\/\/honda-automoveis.pt\/blog\/wp-content\/uploads\/2020\/12\/redbull-6-600x400.jpg 600w, https:\/\/honda-automoveis.pt\/blog\/wp-content\/uploads\/2020\/12\/redbull-6-600x400-300x200.jpg 300w\" sizes=\"(max-width: 600px) 100vw, 600px\" \/><\/p>\n","protected":false},"excerpt":{"rendered":"<p>O ano que agora termina fica na hist\u00f3ria por motivos menos bons. Motivos estes, amplamente discutidos ao longo de todo o ano. \u00c9 importante tamb\u00e9m destacar os melhores momentos do ano de 2020. A Honda teve momentos excelentes! Conte-nos os seus tamb\u00e9m. Os melhores momentos do ano 2020 para a Honda Lan\u00e7\u00e1mos o \u00fanico, inimit\u00e1vel <a href=\"https:\/\/honda-automoveis.pt\/blog\/melhores-momentos-honda-ano-2020\/\">(&hellip;)<\/a><\/p>\n","protected":false},"author":4,"featured_media":28563,"comment_status":"open","ping_status":"open","sticky":false,"template":"","format":"standard","meta":[],"categories":[1],"tags":[],"yoast_head":"<!-- This site is optimized with the Yoast SEO plugin v18.5 - https:\/\/yoast.com\/wordpress\/plugins\/seo\/ -->\n<title>Somos \u201cdreamers\u201d: melhores momentos do ano 2020 | Honda Portugal<\/title>\n<meta name=\"description\" content=\"2020 foi sem d\u00favida um ano at\u00edpico, tamb\u00e9m no mundo autom\u00f3vel. Ainda assim, a Honda n\u00e3o deixou de surpreender! Explore connosco estas mem\u00f3rias!\" \/>\n<meta name=\"robots\" content=\"index, follow, max-snippet:-1, max-image-preview:large, max-video-preview:-1\" \/>\n<link rel=\"canonical\" href=\"https:\/\/honda-automoveis.pt\/blog\/melhores-momentos-honda-ano-2020\/\" \/>\n<meta property=\"og:locale\" content=\"pt_PT\" \/>\n<meta property=\"og:type\" content=\"article\" \/>\n<meta property=\"og:title\" content=\"Somos \u201cdreamers\u201d: melhores momentos do ano 2020 | Honda Portugal\" \/>\n<meta property=\"og:description\" content=\"2020 foi sem d\u00favida um ano at\u00edpico, tamb\u00e9m no mundo autom\u00f3vel. Ainda assim, a Honda n\u00e3o deixou de surpreender! Explore connosco estas mem\u00f3rias!\" \/>\n<meta property=\"og:url\" content=\"https:\/\/honda-automoveis.pt\/blog\/melhores-momentos-honda-ano-2020\/\" \/>\n<meta property=\"og:site_name\" content=\"Honda Portugal\" \/>\n<meta property=\"article:published_time\" content=\"2020-12-31T12:41:48+00:00\" \/>\n<meta property=\"article:modified_time\" content=\"2022-07-25T14:29:17+00:00\" \/>\n<meta property=\"og:image\" content=\"https:\/\/honda-automoveis.pt\/blog\/wp-content\/uploads\/2020\/12\/gama-eletrica-honda.jpg\" \/>\n\t<meta property=\"og:image:width\" content=\"1000\" \/>\n\t<meta property=\"og:image:height\" content=\"724\" \/>\n\t<meta property=\"og:image:type\" content=\"image\/jpeg\" \/>\n<meta name=\"twitter:card\" content=\"summary_large_image\" \/>\n<meta name=\"twitter:label1\" content=\"Escrito por\" \/>\n\t<meta name=\"twitter:data1\" content=\"Honda Portugal Autom\u00f3veis\" \/>\n\t<meta name=\"twitter:label2\" content=\"Tempo estimado de leitura\" \/>\n\t<meta name=\"twitter:data2\" content=\"3 minutos\" \/>\n<script type=\"application\/ld+json\" class=\"yoast-schema-graph\">{\"@context\":\"https:\/\/schema.org\",\"@graph\":[{\"@type\":\"WebSite\",\"@id\":\"https:\/\/honda-automoveis.pt\/blog\/#website\",\"url\":\"https:\/\/honda-automoveis.pt\/blog\/\",\"name\":\"Honda Portugal\",\"description\":\"Dreamers&#039; Blog\",\"potentialAction\":[{\"@type\":\"SearchAction\",\"target\":{\"@type\":\"EntryPoint\",\"urlTemplate\":\"https:\/\/honda-automoveis.pt\/blog\/?s={search_term_string}\"},\"query-input\":\"required name=search_term_string\"}],\"inLanguage\":\"pt-PT\"},{\"@type\":\"ImageObject\",\"@id\":\"https:\/\/honda-automoveis.pt\/blog\/melhores-momentos-honda-ano-2020\/#primaryimage\",\"inLanguage\":\"pt-PT\",\"url\":\"https:\/\/honda-automoveis.pt\/blog\/wp-content\/uploads\/2020\/12\/gama-eletrica-honda.jpg\",\"contentUrl\":\"https:\/\/honda-automoveis.pt\/blog\/wp-content\/uploads\/2020\/12\/gama-eletrica-honda.jpg\",\"width\":1000,\"height\":724,\"caption\":\"autom\u00f3vel h\u00edbrido ou el\u00e9trico\"},{\"@type\":\"WebPage\",\"@id\":\"https:\/\/honda-automoveis.pt\/blog\/melhores-momentos-honda-ano-2020\/#webpage\",\"url\":\"https:\/\/honda-automoveis.pt\/blog\/melhores-momentos-honda-ano-2020\/\",\"name\":\"Somos \u201cdreamers\u201d: melhores momentos do ano 2020 | Honda Portugal\",\"isPartOf\":{\"@id\":\"https:\/\/honda-automoveis.pt\/blog\/#website\"},\"primaryImageOfPage\":{\"@id\":\"https:\/\/honda-automoveis.pt\/blog\/melhores-momentos-honda-ano-2020\/#primaryimage\"},\"datePublished\":\"2020-12-31T12:41:48+00:00\",\"dateModified\":\"2022-07-25T14:29:17+00:00\",\"author\":{\"@id\":\"https:\/\/honda-automoveis.pt\/blog\/#\/schema\/person\/7f8ab873bdf8dbd771f0d57531954f87\"},\"description\":\"2020 foi sem d\u00favida um ano at\u00edpico, tamb\u00e9m no mundo autom\u00f3vel. Ainda assim, a Honda n\u00e3o deixou de surpreender! Explore connosco estas mem\u00f3rias!\",\"breadcrumb\":{\"@id\":\"https:\/\/honda-automoveis.pt\/blog\/melhores-momentos-honda-ano-2020\/#breadcrumb\"},\"inLanguage\":\"pt-PT\",\"potentialAction\":[{\"@type\":\"ReadAction\",\"target\":[\"https:\/\/honda-automoveis.pt\/blog\/melhores-momentos-honda-ano-2020\/\"]}]},{\"@type\":\"BreadcrumbList\",\"@id\":\"https:\/\/honda-automoveis.pt\/blog\/melhores-momentos-honda-ano-2020\/#breadcrumb\",\"itemListElement\":[{\"@type\":\"ListItem\",\"position\":1,\"name\":\"In\u00edcio\",\"item\":\"https:\/\/honda-automoveis.pt\/blog\/\"},{\"@type\":\"ListItem\",\"position\":2,\"name\":\"Somos todos \u201cdreamers\u201d: os melhores momentos Honda do ano 2020\"}]},{\"@type\":\"Person\",\"@id\":\"https:\/\/honda-automoveis.pt\/blog\/#\/schema\/person\/7f8ab873bdf8dbd771f0d57531954f87\",\"name\":\"Honda Portugal Autom\u00f3veis\",\"image\":{\"@type\":\"ImageObject\",\"@id\":\"https:\/\/honda-automoveis.pt\/blog\/#personlogo\",\"inLanguage\":\"pt-PT\",\"url\":\"https:\/\/honda-automoveis.pt\/blog\/wp-content\/uploads\/2023\/06\/logo_perfil-150x150.png\",\"contentUrl\":\"https:\/\/honda-automoveis.pt\/blog\/wp-content\/uploads\/2023\/06\/logo_perfil-150x150.png\",\"caption\":\"Honda Portugal Autom\u00f3veis\"},\"description\":\"A Honda chegou a Portugal em 1968, preparada para conquistar os portugueses com a sua inovadora tecnologia e os melhores e mais fi\u00e1veis autom\u00f3veis. Com uma longa hist\u00f3ria de sucesso no nosso pa\u00eds, a Honda conquistou uma verdadeira comunidade de f\u00e3s, que reconhecem na marca a fiabilidade, seguran\u00e7a e tecnologia que nos caracterizam. A competi\u00e7\u00e3o e a performance est\u00e3o no nosso ADN e \u00e9 por isso que, diariamente, continuamos a trabalhar para que todas as viagens sejam verdadeiramente emocionantes.\",\"url\":\"https:\/\/honda-automoveis.pt\/blog\/author\/honda-portugal\/\"}]}<\/script>\n<!-- \/ Yoast SEO plugin. -->","yoast_head_json":{"title":"Somos \u201cdreamers\u201d: melhores momentos do ano 2020 | Honda Portugal","description":"2020 foi sem d\u00favida um ano at\u00edpico, tamb\u00e9m no mundo autom\u00f3vel. Ainda assim, a Honda n\u00e3o deixou de surpreender! Explore connosco estas mem\u00f3rias!","robots":{"index":"index","follow":"follow","max-snippet":"max-snippet:-1","max-image-preview":"max-image-preview:large","max-video-preview":"max-video-preview:-1"},"canonical":"https:\/\/honda-automoveis.pt\/blog\/melhores-momentos-honda-ano-2020\/","og_locale":"pt_PT","og_type":"article","og_title":"Somos \u201cdreamers\u201d: melhores momentos do ano 2020 | Honda Portugal","og_description":"2020 foi sem d\u00favida um ano at\u00edpico, tamb\u00e9m no mundo autom\u00f3vel. Ainda assim, a Honda n\u00e3o deixou de surpreender! Explore connosco estas mem\u00f3rias!","og_url":"https:\/\/honda-automoveis.pt\/blog\/melhores-momentos-honda-ano-2020\/","og_site_name":"Honda Portugal","article_published_time":"2020-12-31T12:41:48+00:00","article_modified_time":"2022-07-25T14:29:17+00:00","og_image":[{"width":1000,"height":724,"url":"https:\/\/honda-automoveis.pt\/blog\/wp-content\/uploads\/2020\/12\/gama-eletrica-honda.jpg","type":"image\/jpeg"}],"twitter_card":"summary_large_image","twitter_misc":{"Escrito por":"Honda Portugal Autom\u00f3veis","Tempo estimado de leitura":"3 minutos"},"schema":{"@context":"https:\/\/schema.org","@graph":[{"@type":"WebSite","@id":"https:\/\/honda-automoveis.pt\/blog\/#website","url":"https:\/\/honda-automoveis.pt\/blog\/","name":"Honda Portugal","description":"Dreamers&#039; Blog","potentialAction":[{"@type":"SearchAction","target":{"@type":"EntryPoint","urlTemplate":"https:\/\/honda-automoveis.pt\/blog\/?s={search_term_string}"},"query-input":"required name=search_term_string"}],"inLanguage":"pt-PT"},{"@type":"ImageObject","@id":"https:\/\/honda-automoveis.pt\/blog\/melhores-momentos-honda-ano-2020\/#primaryimage","inLanguage":"pt-PT","url":"https:\/\/honda-automoveis.pt\/blog\/wp-content\/uploads\/2020\/12\/gama-eletrica-honda.jpg","contentUrl":"https:\/\/honda-automoveis.pt\/blog\/wp-content\/uploads\/2020\/12\/gama-eletrica-honda.jpg","width":1000,"height":724,"caption":"autom\u00f3vel h\u00edbrido ou el\u00e9trico"},{"@type":"WebPage","@id":"https:\/\/honda-automoveis.pt\/blog\/melhores-momentos-honda-ano-2020\/#webpage","url":"https:\/\/honda-automoveis.pt\/blog\/melhores-momentos-honda-ano-2020\/","name":"Somos \u201cdreamers\u201d: melhores momentos do ano 2020 | Honda Portugal","isPartOf":{"@id":"https:\/\/honda-automoveis.pt\/blog\/#website"},"primaryImageOfPage":{"@id":"https:\/\/honda-automoveis.pt\/blog\/melhores-momentos-honda-ano-2020\/#primaryimage"},"datePublished":"2020-12-31T12:41:48+00:00","dateModified":"2022-07-25T14:29:17+00:00","author":{"@id":"https:\/\/honda-automoveis.pt\/blog\/#\/schema\/person\/7f8ab873bdf8dbd771f0d57531954f87"},"description":"2020 foi sem d\u00favida um ano at\u00edpico, tamb\u00e9m no mundo autom\u00f3vel. Ainda assim, a Honda n\u00e3o deixou de surpreender! Explore connosco estas mem\u00f3rias!","breadcrumb":{"@id":"https:\/\/honda-automoveis.pt\/blog\/melhores-momentos-honda-ano-2020\/#breadcrumb"},"inLanguage":"pt-PT","potentialAction":[{"@type":"ReadAction","target":["https:\/\/honda-automoveis.pt\/blog\/melhores-momentos-honda-ano-2020\/"]}]},{"@type":"BreadcrumbList","@id":"https:\/\/honda-automoveis.pt\/blog\/melhores-momentos-honda-ano-2020\/#breadcrumb","itemListElement":[{"@type":"ListItem","position":1,"name":"In\u00edcio","item":"https:\/\/honda-automoveis.pt\/blog\/"},{"@type":"ListItem","position":2,"name":"Somos todos \u201cdreamers\u201d: os melhores momentos Honda do ano 2020"}]},{"@type":"Person","@id":"https:\/\/honda-automoveis.pt\/blog\/#\/schema\/person\/7f8ab873bdf8dbd771f0d57531954f87","name":"Honda Portugal Autom\u00f3veis","image":{"@type":"ImageObject","@id":"https:\/\/honda-automoveis.pt\/blog\/#personlogo","inLanguage":"pt-PT","url":"https:\/\/honda-automoveis.pt\/blog\/wp-content\/uploads\/2023\/06\/logo_perfil-150x150.png","contentUrl":"https:\/\/honda-automoveis.pt\/blog\/wp-content\/uploads\/2023\/06\/logo_perfil-150x150.png","caption":"Honda Portugal Autom\u00f3veis"},"description":"A Honda chegou a Portugal em 1968, preparada para conquistar os portugueses com a sua inovadora tecnologia e os melhores e mais fi\u00e1veis autom\u00f3veis. Com uma longa hist\u00f3ria de sucesso no nosso pa\u00eds, a Honda conquistou uma verdadeira comunidade de f\u00e3s, que reconhecem na marca a fiabilidade, seguran\u00e7a e tecnologia que nos caracterizam. A competi\u00e7\u00e3o e a performance est\u00e3o no nosso ADN e \u00e9 por isso que, diariamente, continuamos a trabalhar para que todas as viagens sejam verdadeiramente emocionantes.","url":"https:\/\/honda-automoveis.pt\/blog\/author\/honda-portugal\/"}]}},"_links":{"self":[{"href":"https:\/\/honda-automoveis.pt\/blog\/wp-json\/wp\/v2\/posts\/28555"}],"collection":[{"href":"https:\/\/honda-automoveis.pt\/blog\/wp-json\/wp\/v2\/posts"}],"about":[{"href":"https:\/\/honda-automoveis.pt\/blog\/wp-json\/wp\/v2\/types\/post"}],"author":[{"embeddable":true,"href":"https:\/\/honda-automoveis.pt\/blog\/wp-json\/wp\/v2\/users\/4"}],"replies":[{"embeddable":true,"href":"https:\/\/honda-automoveis.pt\/blog\/wp-json\/wp\/v2\/comments?post=28555"}],"version-history":[{"count":8,"href":"https:\/\/honda-automoveis.pt\/blog\/wp-json\/wp\/v2\/posts\/28555\/revisions"}],"predecessor-version":[{"id":47698,"href":"https:\/\/honda-automoveis.pt\/blog\/wp-json\/wp\/v2\/posts\/28555\/revisions\/47698"}],"wp:featuredmedia":[{"embeddable":true,"href":"https:\/\/honda-automoveis.pt\/blog\/wp-json\/wp\/v2\/media\/28563"}],"wp:attachment":[{"href":"https:\/\/honda-automoveis.pt\/blog\/wp-json\/wp\/v2\/media?parent=28555"}],"wp:term":[{"taxonomy":"category","embeddable":true,"href":"https:\/\/honda-automoveis.pt\/blog\/wp-json\/wp\/v2\/categories?post=28555"},{"taxonomy":"post_tag","embeddable":true,"href":"https:\/\/honda-automoveis.pt\/blog\/wp-json\/wp\/v2\/tags?post=28555"}],"curies":[{"name":"wp","href":"https:\/\/api.w.org\/{rel}","templated":true}]}}