{"id":322,"date":"2019-07-08T16:49:20","date_gmt":"2019-07-08T16:49:20","guid":{"rendered":"https:\/\/hnd.avitamina.pt\/?p=322"},"modified":"2020-07-06T15:57:13","modified_gmt":"2020-07-06T15:57:13","slug":"honda-expoe-em-milao","status":"publish","type":"post","link":"https:\/\/honda-automoveis.pt\/blog\/honda-expoe-em-milao\/","title":{"rendered":"Honda exp\u00f5e em Mil\u00e3o"},"content":{"rendered":"<p>Mil\u00e3o, conhecida como uma das capitais da moda europeia, vai muito para l\u00e1 dos ateliers e desfiles de conhecidos estilistas. It\u00e1lia, ber\u00e7o do melhor da arte renascentista, leva a que sejam v\u00e1rios os artistas a procurar este pa\u00eds para dar a conhecer as suas obras de arte.<\/p>\n<p>Assim, n\u00e3o \u00e9 surpreendente que a Honda tenha decidido participar na Semana de Design de Mil\u00e3o, de 2019, expondo o melhor da sua arte: os carros.<\/p>\n<h2>Do Jap\u00e3o para Mil\u00e3o<\/h2>\n<p><strong>Particip\u00e1mos, pela primeira vez, na Semana de Design de Mil\u00e3o 2019<\/strong>, refer\u00eancia mundial por ser a maior exposi\u00e7\u00e3o de design do mundo.<\/p>\n<p>Com lugar em Tortona, conhecida como um dos distritos de design por esta altura, a exposi\u00e7\u00e3o da <strong>Honda<\/strong> <strong>apresentou o <a href=\"https:\/\/honda-automoveis.pt\/blog\/honda-100-eletrica\/\" target=\"_blank\" rel=\"noopener noreferrer\">Honda e Prototype<\/a> como pe\u00e7a central<\/strong>, dando a conhecer o estilo e conceitos transversais aos seus modelos.<\/p>\n<p>Esta foi a primeira apari\u00e7\u00e3o p\u00fablica do novo modelo, desde a sua apresenta\u00e7\u00e3o mundial no Sal\u00e3o Autom\u00f3vel de Genebra. O Honda e Prototype \u00e9 o primeiro ve\u00edculo el\u00e9trico de produ\u00e7\u00e3o em massa da Honda, para o mercado europeu, sendo j\u00e1 poss\u00edvel deixar o seu interesse no site da Honda Portugal.<\/p>\n<h3>O ambiente<\/h3>\n<p>A exposi\u00e7\u00e3o teve como tema \u201cHonda Experience &#8211; Casa Connessa Tortona\u201d e apresentou um ambiente inspirado no conceito de design do Honda e Prototype. Na entrada, os <strong>visitantes eram recebidos com uma experi\u00eancia visual e auditiva imersiva<\/strong>, pensada para representar a mudan\u00e7a de um ambiente urbano para um espa\u00e7o mais calmo.<\/p>\n<p><strong>No centro do espa\u00e7o, poderia encontrar v\u00e1rias esculturas de \u00e1rvores<\/strong>, criadas a partir de materiais naturais. O conceito das \u00e1rvores representava um s\u00edmbolo de liga\u00e7\u00e3o perfeita entre o ambiente externo e a vida interior, bem presentes no conceito de cria\u00e7\u00e3o do <a href=\"https:\/\/honda-automoveis.pt\/pt\/carros\/honda-e\/\" target=\"_blank\" rel=\"noopener noreferrer\">Honda e<\/a> Prototype.<\/p>\n<p><img loading=\"lazy\" class=\"alignnone wp-image-4138 size-full\" src=\"https:\/\/honda-automoveis.pt\/blog\/wp-content\/uploads\/2020\/06\/Traseira-Prototipo-Honda-e-Semana-Design-Milao.jpg\" alt=\"Traseira Prot\u00f3tipo Honda e Semana Design Mil\u00e3o\" width=\"1170\" height=\"657\" srcset=\"https:\/\/honda-automoveis.pt\/blog\/wp-content\/uploads\/2020\/06\/Traseira-Prototipo-Honda-e-Semana-Design-Milao.jpg 1170w, https:\/\/honda-automoveis.pt\/blog\/wp-content\/uploads\/2020\/06\/Traseira-Prototipo-Honda-e-Semana-Design-Milao-300x168.jpg 300w, https:\/\/honda-automoveis.pt\/blog\/wp-content\/uploads\/2020\/06\/Traseira-Prototipo-Honda-e-Semana-Design-Milao-768x431.jpg 768w, https:\/\/honda-automoveis.pt\/blog\/wp-content\/uploads\/2020\/06\/Traseira-Prototipo-Honda-e-Semana-Design-Milao-1024x575.jpg 1024w, https:\/\/honda-automoveis.pt\/blog\/wp-content\/uploads\/2020\/06\/Traseira-Prototipo-Honda-e-Semana-Design-Milao-575x324.jpg 575w, https:\/\/honda-automoveis.pt\/blog\/wp-content\/uploads\/2020\/06\/Traseira-Prototipo-Honda-e-Semana-Design-Milao-376x211.jpg 376w\" sizes=\"(max-width: 1170px) 100vw, 1170px\" \/><\/p>\n<h2>Entre m\u00f3veis e fotografia<\/h2>\n<p>Um dos aspetos mais marcantes da participa\u00e7\u00e3o da Honda neste evento esteve na <strong>colabora\u00e7\u00e3o da nossa marca com v\u00e1rios artistas<\/strong>, como com uma equipa de fot\u00f3grafos italianos, que criaram uma exposi\u00e7\u00e3o inspirada na linguagem e no design do Honda e Prototype.<\/p>\n<p>O ambiente ficou completo com um diorama, projetado para representar o estilo &#8220;Seamless living&#8221;, presente no interior do Honda e Prototype. J\u00e1 a empresa de m\u00f3veis italiana Danord, fez a curadoria de pe\u00e7as para esta \u00e1rea. Especializados em m\u00f3veis de estilo e design escandinavo, vieram a completar o estilo &#8216;clean&#8217; do nosso autom\u00f3vel.<\/p>\n","protected":false},"excerpt":{"rendered":"<p>V\u00e1rios artistas procuram It\u00e1lia para dar a conhecer as suas obras de arte. Ser\u00e1 surpreendente que a Honda tenha decidido participar na Semana de Design de Mil\u00e3o de 2019?<\/p>\n","protected":false},"author":4,"featured_media":4136,"comment_status":"open","ping_status":"open","sticky":false,"template":"","format":"standard","meta":[],"categories":[1],"tags":[96,142],"yoast_head":"<!-- This site is optimized with the Yoast SEO plugin v18.5 - https:\/\/yoast.com\/wordpress\/plugins\/seo\/ -->\n<title>Honda exp\u00f5e em Mil\u00e3o | Honda Portugal<\/title>\n<meta name=\"description\" content=\"Em 2019 a Honda participou, pela primeira vez, na Semana de Design de Mil\u00e3o e apresentou o Honda e Prototype como pe\u00e7a central. Saiba mais aqui.\" \/>\n<meta name=\"robots\" content=\"index, follow, max-snippet:-1, max-image-preview:large, max-video-preview:-1\" \/>\n<link rel=\"canonical\" href=\"https:\/\/honda-automoveis.pt\/blog\/honda-expoe-em-milao\/\" \/>\n<meta property=\"og:locale\" content=\"pt_PT\" \/>\n<meta property=\"og:type\" content=\"article\" \/>\n<meta property=\"og:title\" content=\"Honda exp\u00f5e em Mil\u00e3o | Honda Portugal\" \/>\n<meta property=\"og:description\" content=\"Em 2019 a Honda participou, pela primeira vez, na Semana de Design de Mil\u00e3o e apresentou o Honda e Prototype como pe\u00e7a central. Saiba mais aqui.\" \/>\n<meta property=\"og:url\" content=\"https:\/\/honda-automoveis.pt\/blog\/honda-expoe-em-milao\/\" \/>\n<meta property=\"og:site_name\" content=\"Honda Portugal\" \/>\n<meta property=\"article:published_time\" content=\"2019-07-08T16:49:20+00:00\" \/>\n<meta property=\"article:modified_time\" content=\"2020-07-06T15:57:13+00:00\" \/>\n<meta property=\"og:image\" content=\"https:\/\/honda-automoveis.pt\/blog\/wp-content\/uploads\/2020\/06\/Prot\u00f3tipo-Honda-e-Semana-Design-Milao.jpg\" \/>\n\t<meta property=\"og:image:width\" content=\"752\" \/>\n\t<meta property=\"og:image:height\" content=\"470\" \/>\n\t<meta property=\"og:image:type\" content=\"image\/jpeg\" \/>\n<meta name=\"twitter:card\" content=\"summary_large_image\" \/>\n<meta name=\"twitter:label1\" content=\"Escrito por\" \/>\n\t<meta name=\"twitter:data1\" content=\"Honda Portugal Autom\u00f3veis\" \/>\n\t<meta name=\"twitter:label2\" content=\"Tempo estimado de leitura\" \/>\n\t<meta name=\"twitter:data2\" content=\"2 minutos\" \/>\n<script type=\"application\/ld+json\" class=\"yoast-schema-graph\">{\"@context\":\"https:\/\/schema.org\",\"@graph\":[{\"@type\":\"WebSite\",\"@id\":\"https:\/\/honda-automoveis.pt\/blog\/#website\",\"url\":\"https:\/\/honda-automoveis.pt\/blog\/\",\"name\":\"Honda Portugal\",\"description\":\"Dreamers&#039; Blog\",\"potentialAction\":[{\"@type\":\"SearchAction\",\"target\":{\"@type\":\"EntryPoint\",\"urlTemplate\":\"https:\/\/honda-automoveis.pt\/blog\/?s={search_term_string}\"},\"query-input\":\"required name=search_term_string\"}],\"inLanguage\":\"pt-PT\"},{\"@type\":\"ImageObject\",\"@id\":\"https:\/\/honda-automoveis.pt\/blog\/honda-expoe-em-milao\/#primaryimage\",\"inLanguage\":\"pt-PT\",\"url\":\"https:\/\/honda-automoveis.pt\/blog\/wp-content\/uploads\/2020\/06\/Prot\u00f3tipo-Honda-e-Semana-Design-Milao.jpg\",\"contentUrl\":\"https:\/\/honda-automoveis.pt\/blog\/wp-content\/uploads\/2020\/06\/Prot\u00f3tipo-Honda-e-Semana-Design-Milao.jpg\",\"width\":752,\"height\":470,\"caption\":\"Prot\u00f3tipo Honda e Semana Design Mil\u00e3o\"},{\"@type\":\"WebPage\",\"@id\":\"https:\/\/honda-automoveis.pt\/blog\/honda-expoe-em-milao\/#webpage\",\"url\":\"https:\/\/honda-automoveis.pt\/blog\/honda-expoe-em-milao\/\",\"name\":\"Honda exp\u00f5e em Mil\u00e3o | Honda Portugal\",\"isPartOf\":{\"@id\":\"https:\/\/honda-automoveis.pt\/blog\/#website\"},\"primaryImageOfPage\":{\"@id\":\"https:\/\/honda-automoveis.pt\/blog\/honda-expoe-em-milao\/#primaryimage\"},\"datePublished\":\"2019-07-08T16:49:20+00:00\",\"dateModified\":\"2020-07-06T15:57:13+00:00\",\"author\":{\"@id\":\"https:\/\/honda-automoveis.pt\/blog\/#\/schema\/person\/7f8ab873bdf8dbd771f0d57531954f87\"},\"description\":\"Em 2019 a Honda participou, pela primeira vez, na Semana de Design de Mil\u00e3o e apresentou o Honda e Prototype como pe\u00e7a central. Saiba mais aqui.\",\"breadcrumb\":{\"@id\":\"https:\/\/honda-automoveis.pt\/blog\/honda-expoe-em-milao\/#breadcrumb\"},\"inLanguage\":\"pt-PT\",\"potentialAction\":[{\"@type\":\"ReadAction\",\"target\":[\"https:\/\/honda-automoveis.pt\/blog\/honda-expoe-em-milao\/\"]}]},{\"@type\":\"BreadcrumbList\",\"@id\":\"https:\/\/honda-automoveis.pt\/blog\/honda-expoe-em-milao\/#breadcrumb\",\"itemListElement\":[{\"@type\":\"ListItem\",\"position\":1,\"name\":\"In\u00edcio\",\"item\":\"https:\/\/honda-automoveis.pt\/blog\/\"},{\"@type\":\"ListItem\",\"position\":2,\"name\":\"Honda exp\u00f5e em Mil\u00e3o\"}]},{\"@type\":\"Person\",\"@id\":\"https:\/\/honda-automoveis.pt\/blog\/#\/schema\/person\/7f8ab873bdf8dbd771f0d57531954f87\",\"name\":\"Honda Portugal Autom\u00f3veis\",\"image\":{\"@type\":\"ImageObject\",\"@id\":\"https:\/\/honda-automoveis.pt\/blog\/#personlogo\",\"inLanguage\":\"pt-PT\",\"url\":\"https:\/\/honda-automoveis.pt\/blog\/wp-content\/uploads\/2023\/06\/logo_perfil-150x150.png\",\"contentUrl\":\"https:\/\/honda-automoveis.pt\/blog\/wp-content\/uploads\/2023\/06\/logo_perfil-150x150.png\",\"caption\":\"Honda Portugal Autom\u00f3veis\"},\"description\":\"A Honda chegou a Portugal em 1968, preparada para conquistar os portugueses com a sua inovadora tecnologia e os melhores e mais fi\u00e1veis autom\u00f3veis. Com uma longa hist\u00f3ria de sucesso no nosso pa\u00eds, a Honda conquistou uma verdadeira comunidade de f\u00e3s, que reconhecem na marca a fiabilidade, seguran\u00e7a e tecnologia que nos caracterizam. A competi\u00e7\u00e3o e a performance est\u00e3o no nosso ADN e \u00e9 por isso que, diariamente, continuamos a trabalhar para que todas as viagens sejam verdadeiramente emocionantes.\",\"url\":\"https:\/\/honda-automoveis.pt\/blog\/author\/honda-portugal\/\"}]}<\/script>\n<!-- \/ Yoast SEO plugin. -->","yoast_head_json":{"title":"Honda exp\u00f5e em Mil\u00e3o | Honda Portugal","description":"Em 2019 a Honda participou, pela primeira vez, na Semana de Design de Mil\u00e3o e apresentou o Honda e Prototype como pe\u00e7a central. Saiba mais aqui.","robots":{"index":"index","follow":"follow","max-snippet":"max-snippet:-1","max-image-preview":"max-image-preview:large","max-video-preview":"max-video-preview:-1"},"canonical":"https:\/\/honda-automoveis.pt\/blog\/honda-expoe-em-milao\/","og_locale":"pt_PT","og_type":"article","og_title":"Honda exp\u00f5e em Mil\u00e3o | Honda Portugal","og_description":"Em 2019 a Honda participou, pela primeira vez, na Semana de Design de Mil\u00e3o e apresentou o Honda e Prototype como pe\u00e7a central. Saiba mais aqui.","og_url":"https:\/\/honda-automoveis.pt\/blog\/honda-expoe-em-milao\/","og_site_name":"Honda Portugal","article_published_time":"2019-07-08T16:49:20+00:00","article_modified_time":"2020-07-06T15:57:13+00:00","og_image":[{"width":752,"height":470,"url":"https:\/\/honda-automoveis.pt\/blog\/wp-content\/uploads\/2020\/06\/Prot\u00f3tipo-Honda-e-Semana-Design-Milao.jpg","type":"image\/jpeg"}],"twitter_card":"summary_large_image","twitter_misc":{"Escrito por":"Honda Portugal Autom\u00f3veis","Tempo estimado de leitura":"2 minutos"},"schema":{"@context":"https:\/\/schema.org","@graph":[{"@type":"WebSite","@id":"https:\/\/honda-automoveis.pt\/blog\/#website","url":"https:\/\/honda-automoveis.pt\/blog\/","name":"Honda Portugal","description":"Dreamers&#039; Blog","potentialAction":[{"@type":"SearchAction","target":{"@type":"EntryPoint","urlTemplate":"https:\/\/honda-automoveis.pt\/blog\/?s={search_term_string}"},"query-input":"required name=search_term_string"}],"inLanguage":"pt-PT"},{"@type":"ImageObject","@id":"https:\/\/honda-automoveis.pt\/blog\/honda-expoe-em-milao\/#primaryimage","inLanguage":"pt-PT","url":"https:\/\/honda-automoveis.pt\/blog\/wp-content\/uploads\/2020\/06\/Prot\u00f3tipo-Honda-e-Semana-Design-Milao.jpg","contentUrl":"https:\/\/honda-automoveis.pt\/blog\/wp-content\/uploads\/2020\/06\/Prot\u00f3tipo-Honda-e-Semana-Design-Milao.jpg","width":752,"height":470,"caption":"Prot\u00f3tipo Honda e Semana Design Mil\u00e3o"},{"@type":"WebPage","@id":"https:\/\/honda-automoveis.pt\/blog\/honda-expoe-em-milao\/#webpage","url":"https:\/\/honda-automoveis.pt\/blog\/honda-expoe-em-milao\/","name":"Honda exp\u00f5e em Mil\u00e3o | Honda Portugal","isPartOf":{"@id":"https:\/\/honda-automoveis.pt\/blog\/#website"},"primaryImageOfPage":{"@id":"https:\/\/honda-automoveis.pt\/blog\/honda-expoe-em-milao\/#primaryimage"},"datePublished":"2019-07-08T16:49:20+00:00","dateModified":"2020-07-06T15:57:13+00:00","author":{"@id":"https:\/\/honda-automoveis.pt\/blog\/#\/schema\/person\/7f8ab873bdf8dbd771f0d57531954f87"},"description":"Em 2019 a Honda participou, pela primeira vez, na Semana de Design de Mil\u00e3o e apresentou o Honda e Prototype como pe\u00e7a central. Saiba mais aqui.","breadcrumb":{"@id":"https:\/\/honda-automoveis.pt\/blog\/honda-expoe-em-milao\/#breadcrumb"},"inLanguage":"pt-PT","potentialAction":[{"@type":"ReadAction","target":["https:\/\/honda-automoveis.pt\/blog\/honda-expoe-em-milao\/"]}]},{"@type":"BreadcrumbList","@id":"https:\/\/honda-automoveis.pt\/blog\/honda-expoe-em-milao\/#breadcrumb","itemListElement":[{"@type":"ListItem","position":1,"name":"In\u00edcio","item":"https:\/\/honda-automoveis.pt\/blog\/"},{"@type":"ListItem","position":2,"name":"Honda exp\u00f5e em Mil\u00e3o"}]},{"@type":"Person","@id":"https:\/\/honda-automoveis.pt\/blog\/#\/schema\/person\/7f8ab873bdf8dbd771f0d57531954f87","name":"Honda Portugal Autom\u00f3veis","image":{"@type":"ImageObject","@id":"https:\/\/honda-automoveis.pt\/blog\/#personlogo","inLanguage":"pt-PT","url":"https:\/\/honda-automoveis.pt\/blog\/wp-content\/uploads\/2023\/06\/logo_perfil-150x150.png","contentUrl":"https:\/\/honda-automoveis.pt\/blog\/wp-content\/uploads\/2023\/06\/logo_perfil-150x150.png","caption":"Honda Portugal Autom\u00f3veis"},"description":"A Honda chegou a Portugal em 1968, preparada para conquistar os portugueses com a sua inovadora tecnologia e os melhores e mais fi\u00e1veis autom\u00f3veis. Com uma longa hist\u00f3ria de sucesso no nosso pa\u00eds, a Honda conquistou uma verdadeira comunidade de f\u00e3s, que reconhecem na marca a fiabilidade, seguran\u00e7a e tecnologia que nos caracterizam. A competi\u00e7\u00e3o e a performance est\u00e3o no nosso ADN e \u00e9 por isso que, diariamente, continuamos a trabalhar para que todas as viagens sejam verdadeiramente emocionantes.","url":"https:\/\/honda-automoveis.pt\/blog\/author\/honda-portugal\/"}]}},"_links":{"self":[{"href":"https:\/\/honda-automoveis.pt\/blog\/wp-json\/wp\/v2\/posts\/322"}],"collection":[{"href":"https:\/\/honda-automoveis.pt\/blog\/wp-json\/wp\/v2\/posts"}],"about":[{"href":"https:\/\/honda-automoveis.pt\/blog\/wp-json\/wp\/v2\/types\/post"}],"author":[{"embeddable":true,"href":"https:\/\/honda-automoveis.pt\/blog\/wp-json\/wp\/v2\/users\/4"}],"replies":[{"embeddable":true,"href":"https:\/\/honda-automoveis.pt\/blog\/wp-json\/wp\/v2\/comments?post=322"}],"version-history":[{"count":12,"href":"https:\/\/honda-automoveis.pt\/blog\/wp-json\/wp\/v2\/posts\/322\/revisions"}],"predecessor-version":[{"id":4372,"href":"https:\/\/honda-automoveis.pt\/blog\/wp-json\/wp\/v2\/posts\/322\/revisions\/4372"}],"wp:featuredmedia":[{"embeddable":true,"href":"https:\/\/honda-automoveis.pt\/blog\/wp-json\/wp\/v2\/media\/4136"}],"wp:attachment":[{"href":"https:\/\/honda-automoveis.pt\/blog\/wp-json\/wp\/v2\/media?parent=322"}],"wp:term":[{"taxonomy":"category","embeddable":true,"href":"https:\/\/honda-automoveis.pt\/blog\/wp-json\/wp\/v2\/categories?post=322"},{"taxonomy":"post_tag","embeddable":true,"href":"https:\/\/honda-automoveis.pt\/blog\/wp-json\/wp\/v2\/tags?post=322"}],"curies":[{"name":"wp","href":"https:\/\/api.w.org\/{rel}","templated":true}]}}