{"id":330,"date":"2019-07-08T17:04:55","date_gmt":"2019-07-08T17:04:55","guid":{"rendered":"https:\/\/hnd.avitamina.pt\/?p=330"},"modified":"2020-07-30T14:08:23","modified_gmt":"2020-07-30T14:08:23","slug":"soichiro-honda-o-homem-por-detras-da-marca-japonesa","status":"publish","type":"post","link":"https:\/\/honda-automoveis.pt\/blog\/soichiro-honda-o-homem-por-detras-da-marca-japonesa\/","title":{"rendered":"Soichiro Honda. O homem por detr\u00e1s da marca japonesa"},"content":{"rendered":"<p>Todas as marcas resultam da vontade de um ou mais homens, no entanto, poucas se mant\u00eam t\u00e3o fi\u00e9is aos princ\u00edpios delineados pelos seus fundadores como a Honda faz em rela\u00e7\u00e3o \u00e0s bases deixadas pelo seu criador, <strong>Soichiro Honda.<\/strong><\/p>\n<p>Um bom exemplo disso \u00e9 o\u00a0slogan usado pela marca, &#8220;The Power of Dreams&#8221;, que personifica exatamente aquilo que a\u00a0Honda Motor Company, Ltd. representava para o fundador, um sonho tornado realidade e o resultado de muitas d\u00e9cadas de trabalho, esfor\u00e7o, de v\u00e1rias tentativas e at\u00e9 alguns erros, num percurso que levou \u00e0 cria\u00e7\u00e3o da marca que hoje conhecemos.<\/p>\n<h2>Um come\u00e7o humilde<\/h2>\n<p><strong>Filho de um ferreiro e de uma tecel\u00e3, Soichiro Honda nasceu a 17 de novembro de 1906<\/strong> numa aldeia perto de\u00a0Hamamatsu, no Jap\u00e3o. Pertencente a uma fam\u00edlia relativamente pobre, desde cedo que Soichiro mostrou apet\u00eancia para a mec\u00e2nica.<\/p>\n<p><strong>Este gosto pela mec\u00e2nica traduzia-se nas longas horas passadas a ajudar o pai na oficina<\/strong> que este abriu para reparar bicicletas que cada vez mais se tornavam populares no Jap\u00e3o. J\u00e1 a paix\u00e3o pelos autom\u00f3veis surgiu depois de Honda ter visto pela primeira vez um carro na aldeia, carro esse de cujo cheiro e som Soichiro Honda disse recordar ao longo de toda a vida.<\/p>\n<p>Em contraste com o interesse pela mec\u00e2nica surgia o desinteresse por uma educa\u00e7\u00e3o formal. <strong>Honda desistiu no Liceu mas mais tarde entrou na Universidade<\/strong> mas nunca conseguiu o diploma porque n\u00e3o fazia os exames, mas n\u00e3o queria desapontar os pais, ent\u00e3o decidiu criar um selo id\u00eantico aos usados pela escola para\u00a0aprovar os boletins de notas.\u00a0Escusado ser\u00e1 dizer que a &#8220;marosca&#8221; acabou descoberta, mas j\u00e1 a\u00ed o esp\u00edrito inventivo e criativo de Honda come\u00e7ava a mostrar-se&#8230;<\/p>\n<h2>Os primeiros passos na mec\u00e2nica<\/h2>\n<p>Em 1922, Honda decidiu que era altura de seguir o seu sonho e<strong> viajou at\u00e9 T\u00f3quio para procurar emprego<\/strong>. Ali ficou empregado na oficina Art Shokai onde, por ser o mais novo dos funcion\u00e1rios, acabou por ficar <strong>encarregue de limpar a oficina e preparar refei\u00e7\u00f5es<\/strong>.<\/p>\n<p>Por ali foi aprendendo mec\u00e2nica e depressa deixou de estar encarregue de limpar a oficina e preparar refei\u00e7\u00f5es. Com o seu patr\u00e3o,\u00a0Yuzo Sakakibara, Honda viria a adquirir conhecimentos acerca de engenharia, gest\u00e3o e ainda uma forte paix\u00e3o pelo automobilismo.<\/p>\n<p>Esta paix\u00e3o viria a traduzir-se n\u00e3o s\u00f3 na conce\u00e7\u00e3o de ve\u00edculos de competi\u00e7\u00e3o (a solo e com os seus patr\u00f5es) como na <strong>participa\u00e7\u00e3o em provas como engenheiro e at\u00e9 piloto<\/strong>. No entanto, em 1936 e ap\u00f3s um violento acidente que o obrigou a passar tr\u00eas meses no hospital, Honda viria a abandonar definitivamente o papel de piloto.<br \/>\n<img loading=\"lazy\" class=\"alignnone wp-image-547 size-ref_large\" src=\"https:\/\/honda-automoveis.pt\/blog\/wp-content\/uploads\/2019\/07\/Soichiro-Honda-F1-973x657.jpg\" alt=\"Soichiro Honda\" width=\"973\" height=\"657\" \/><\/p>\n<h2>O come\u00e7o do percurso empresarial<\/h2>\n<p>Depois de ter trabalhado na oficina\u00a0Art Shokai entre 1922 e 1928, Honda regressou a Hamamatsu. A\u00ed <strong>abriu uma sucursal da Art Shokai<\/strong> onde aplicou os seus conhecimentos \u00e0 repara\u00e7\u00e3o autom\u00f3vel e \u00e0 convers\u00e3o de\u00a0autocarros e cami\u00f5es.<\/p>\n<p>Fundada em 1928, em\u00a0meados dos anos 30, a sucursal de Hamamatsu da Art Shokai, gerida por Honda, tinha passado de apenas um funcion\u00e1rio (o pr\u00f3prio Soichiro Honda) para cerca de trinta. No entanto isto n\u00e3o chegava para Honda, que j\u00e1 havia decidido que era altura de avan\u00e7ar para a \u00e1rea da produ\u00e7\u00e3o, mais precisamente de an\u00e9is de pist\u00e3o.<\/p>\n<p>Em 1936,\u00a0viu os planos de transformar o sucursal de Hamamatsu da Art Shokai noutra empresa vetados pelos restantes s\u00f3cios. Assim, em 1937 <strong>juntou-se a\u00a0Shichiro Kato e juntos fundaram a Toaki Seiko\u00a0Heavy Industry<\/strong> (ou\u00a0Tokai Seiki).<\/p>\n<p>Apesar do total empenho de ambos no projeto, nem sempre tudo correu bem. Prova disso foi quando a marca dos 30\u00a0000 an\u00e9is de pist\u00e3o por si produzidos, apenas passa 50 nos seus pr\u00f3prios testes. Destas 50 unidades enviadas para a Toyota somente tr\u00eas acabariam por passar nos testes de qualidade.<\/p>\n<h2>E tudo a guerra levou<\/h2>\n<p>Depois de ultrapassados os problemas iniciais, a jovem empresa de Honda e\u00a0Kato foi crescendo chegando a empregar cerca de 2000 funcion\u00e1rios. No entanto,<strong> a 2\u00aa Guerra Mundial veio deitar esta evolu\u00e7\u00e3o por terra<\/strong>, com a empresa a passar a ser controlada pelo Estado japon\u00eas e a Toyota a ganhar 40% da mesma em 1942.<\/p>\n<p>Como se n\u00e3o bastasse, um violento bombardeamento em 1944 e um terramoto em 1945 viriam a destruir as f\u00e1bricas da\u00a0Tokai Seiki. Com o final da guerra, Honda, convencido de que a Toyota seria nacionalizada, <strong>vendeu o que restava da empresa \u00e0 Toyota<\/strong>.<\/p>\n<h2>Agora em nome individual<\/h2>\n<p>Com o dinheiro conseguido com a venda do que restava da Tokai Seiki, Soichiro Honda lan\u00e7ou-se numa nova aventura, <strong>fundando o Honda Technical Research Institute em 1946<\/strong>. Em 1948 iniciou a produ\u00e7\u00e3o da primeira mota a recorrer a um motor produzido em massa pela Honda, a Type A que se vendeu at\u00e9 1951.<\/p>\n<p>Em 1949, o\u00a0Honda Technical Research Institute <strong>deu lugar \u00e0 Honda Motor Company<\/strong> e Soichiro Honda\u00a0contratou\u00a0Takeo Fujisawa (que j\u00e1 conhecia dos tempos da\u00a0Tokai Seiki) que assumiu a tarefa de gerir as finan\u00e7as da nova empresa, ajudando-a a crescer.<\/p>\n<p>Este crescimento foi tal que <strong>em poucos anos a Honda tornou-se num dos maiores produtores de motociclos<\/strong>, chegando ao mercado norte-americano em 1959, apenas 10 anos ap\u00f3s a sua funda\u00e7\u00e3o. Quanto \u00e0 produ\u00e7\u00e3o autom\u00f3vel, essa chegaria em 1963.<\/p>\n<p>Soichiro Honda manteve-se como presidente da\u00a0Honda Motor Company at\u00e9 1973, ano em que se reformou dessas fun\u00e7\u00f5es mantendo-se apenas como diretor. J\u00e1 em 1983, Soichiro recebeu o cargo de &#8220;conselheiro supremo&#8221; da Honda, marca que n\u00e3o s\u00f3 fundou como ajudou a tornar numa multinacional de sucesso, sempre assente em princ\u00edpios bem definidos.<\/p>\n<p><img loading=\"lazy\" class=\"alignnone wp-image-3984 size-full\" src=\"https:\/\/honda-automoveis.pt\/blog\/wp-content\/uploads\/2020\/06\/Soichiro-Honda.jpg\" alt=\"Soichiro Honda\" width=\"1024\" height=\"647\" srcset=\"https:\/\/honda-automoveis.pt\/blog\/wp-content\/uploads\/2020\/06\/Soichiro-Honda.jpg 1024w, https:\/\/honda-automoveis.pt\/blog\/wp-content\/uploads\/2020\/06\/Soichiro-Honda-300x190.jpg 300w, https:\/\/honda-automoveis.pt\/blog\/wp-content\/uploads\/2020\/06\/Soichiro-Honda-768x485.jpg 768w\" sizes=\"(max-width: 1024px) 100vw, 1024px\" \/><\/p>\n<h2>As tr\u00eas alegrias de Honda<\/h2>\n<p>Talvez por n\u00e3o ter recebido uma educa\u00e7\u00e3o formal, <strong>Soichiro Honda ficou conhecido como um gestor &#8220;diferente&#8221;<\/strong>. Por exemplo, na hora de promover funcion\u00e1rios Honda baseava a decis\u00e3o n\u00e3o na forma\u00e7\u00e3o ou diplomas, mas sim no conhecimento industrial e no rendimento demonstrado.<\/p>\n<p>Outra das imagens de marca da gest\u00e3o de Soichiro Honda foi a defini\u00e7\u00e3o em 1956 das &#8220;Tr\u00eas Alegrias&#8221; que todos os funcion\u00e1rios tinham de aprender.<\/p>\n<ul>\n<li>A primeira era a de produzir, pr\u00f3pria dos engenheiros quando veem um produto de qualidade ser aceite pelo mercado.<\/li>\n<li>A segunda era a alegria que o vendedor sente porque o cliente comprou um produto Honda.<\/li>\n<li>A\u00a0terceira alegria pertence ao pr\u00f3prio cliente, que tem de se sentir feliz por ter comprado um produto Honda.<\/li>\n<\/ul>\n<p>Em 5 de agosto de 1991, <strong>Soichiro Honda faleceu com 84 anos<\/strong>, deixando um legado que ainda hoje encontramos em cada autom\u00f3vel, motociclo ou qualquer outro produto da marca Honda.<\/p>\n","protected":false},"excerpt":{"rendered":"<p>Todos conhecemos a Honda, a empresa que produz desde autom\u00f3veis at\u00e9 avi\u00f5es. Mas at\u00e9 que ponto conhecemos a hist\u00f3ria do homem que a fundou, Soichiro Honda?<\/p>\n","protected":false},"author":5,"featured_media":398,"comment_status":"open","ping_status":"open","sticky":false,"template":"","format":"standard","meta":[],"categories":[1],"tags":[101],"yoast_head":"<!-- This site is optimized with the Yoast SEO plugin v18.5 - https:\/\/yoast.com\/wordpress\/plugins\/seo\/ -->\n<title>Soichiro Honda. O homem por detr\u00e1s da marca japonesa | Honda Portugal<\/title>\n<meta name=\"description\" content=\"O gosto de Soichiro Honda pela mec\u00e2nica traduzia-se nas longas horas passadas a ajudar o pai na oficina. Descubra mais aqui sobre o seu percurso.\" \/>\n<meta name=\"robots\" content=\"index, follow, max-snippet:-1, max-image-preview:large, max-video-preview:-1\" \/>\n<link rel=\"canonical\" href=\"https:\/\/honda-automoveis.pt\/blog\/soichiro-honda-o-homem-por-detras-da-marca-japonesa\/\" \/>\n<meta property=\"og:locale\" content=\"pt_PT\" \/>\n<meta property=\"og:type\" content=\"article\" \/>\n<meta property=\"og:title\" content=\"Soichiro Honda. O homem por detr\u00e1s da marca japonesa | Honda Portugal\" \/>\n<meta property=\"og:description\" content=\"O gosto de Soichiro Honda pela mec\u00e2nica traduzia-se nas longas horas passadas a ajudar o pai na oficina. Descubra mais aqui sobre o seu percurso.\" \/>\n<meta property=\"og:url\" content=\"https:\/\/honda-automoveis.pt\/blog\/soichiro-honda-o-homem-por-detras-da-marca-japonesa\/\" \/>\n<meta property=\"og:site_name\" content=\"Honda Portugal\" \/>\n<meta property=\"article:published_time\" content=\"2019-07-08T17:04:55+00:00\" \/>\n<meta property=\"article:modified_time\" content=\"2020-07-30T14:08:23+00:00\" \/>\n<meta property=\"og:image\" content=\"https:\/\/honda-automoveis.pt\/blog\/wp-content\/uploads\/2019\/07\/Art-Shokai-Honda-Hamamatsu-752x470.jpg\" \/>\n\t<meta property=\"og:image:width\" content=\"752\" \/>\n\t<meta property=\"og:image:height\" content=\"470\" \/>\n\t<meta property=\"og:image:type\" content=\"image\/jpeg\" \/>\n<meta name=\"twitter:card\" content=\"summary_large_image\" \/>\n<meta name=\"twitter:label1\" content=\"Escrito por\" \/>\n\t<meta name=\"twitter:data1\" content=\"Raz\u00e3o Autom\u00f3vel\" \/>\n\t<meta name=\"twitter:label2\" content=\"Tempo estimado de leitura\" \/>\n\t<meta name=\"twitter:data2\" content=\"6 minutos\" \/>\n<script type=\"application\/ld+json\" class=\"yoast-schema-graph\">{\"@context\":\"https:\/\/schema.org\",\"@graph\":[{\"@type\":\"WebSite\",\"@id\":\"https:\/\/honda-automoveis.pt\/blog\/#website\",\"url\":\"https:\/\/honda-automoveis.pt\/blog\/\",\"name\":\"Honda Portugal\",\"description\":\"Dreamers&#039; Blog\",\"potentialAction\":[{\"@type\":\"SearchAction\",\"target\":{\"@type\":\"EntryPoint\",\"urlTemplate\":\"https:\/\/honda-automoveis.pt\/blog\/?s={search_term_string}\"},\"query-input\":\"required name=search_term_string\"}],\"inLanguage\":\"pt-PT\"},{\"@type\":\"ImageObject\",\"@id\":\"https:\/\/honda-automoveis.pt\/blog\/soichiro-honda-o-homem-por-detras-da-marca-japonesa\/#primaryimage\",\"inLanguage\":\"pt-PT\",\"url\":\"https:\/\/honda-automoveis.pt\/blog\/wp-content\/uploads\/2019\/07\/Art-Shokai-Honda-Hamamatsu-752x470.jpg\",\"contentUrl\":\"https:\/\/honda-automoveis.pt\/blog\/wp-content\/uploads\/2019\/07\/Art-Shokai-Honda-Hamamatsu-752x470.jpg\",\"width\":752,\"height\":470,\"caption\":\"Automobile Servicestation Honda\"},{\"@type\":\"WebPage\",\"@id\":\"https:\/\/honda-automoveis.pt\/blog\/soichiro-honda-o-homem-por-detras-da-marca-japonesa\/#webpage\",\"url\":\"https:\/\/honda-automoveis.pt\/blog\/soichiro-honda-o-homem-por-detras-da-marca-japonesa\/\",\"name\":\"Soichiro Honda. O homem por detr\u00e1s da marca japonesa | Honda Portugal\",\"isPartOf\":{\"@id\":\"https:\/\/honda-automoveis.pt\/blog\/#website\"},\"primaryImageOfPage\":{\"@id\":\"https:\/\/honda-automoveis.pt\/blog\/soichiro-honda-o-homem-por-detras-da-marca-japonesa\/#primaryimage\"},\"datePublished\":\"2019-07-08T17:04:55+00:00\",\"dateModified\":\"2020-07-30T14:08:23+00:00\",\"author\":{\"@id\":\"https:\/\/honda-automoveis.pt\/blog\/#\/schema\/person\/11aaad497c519fc735a0a04989593b09\"},\"description\":\"O gosto de Soichiro Honda pela mec\u00e2nica traduzia-se nas longas horas passadas a ajudar o pai na oficina. Descubra mais aqui sobre o seu percurso.\",\"breadcrumb\":{\"@id\":\"https:\/\/honda-automoveis.pt\/blog\/soichiro-honda-o-homem-por-detras-da-marca-japonesa\/#breadcrumb\"},\"inLanguage\":\"pt-PT\",\"potentialAction\":[{\"@type\":\"ReadAction\",\"target\":[\"https:\/\/honda-automoveis.pt\/blog\/soichiro-honda-o-homem-por-detras-da-marca-japonesa\/\"]}]},{\"@type\":\"BreadcrumbList\",\"@id\":\"https:\/\/honda-automoveis.pt\/blog\/soichiro-honda-o-homem-por-detras-da-marca-japonesa\/#breadcrumb\",\"itemListElement\":[{\"@type\":\"ListItem\",\"position\":1,\"name\":\"In\u00edcio\",\"item\":\"https:\/\/honda-automoveis.pt\/blog\/\"},{\"@type\":\"ListItem\",\"position\":2,\"name\":\"Soichiro Honda. O homem por detr\u00e1s da marca japonesa\"}]},{\"@type\":\"Person\",\"@id\":\"https:\/\/honda-automoveis.pt\/blog\/#\/schema\/person\/11aaad497c519fc735a0a04989593b09\",\"name\":\"Raz\u00e3o Autom\u00f3vel\",\"image\":{\"@type\":\"ImageObject\",\"@id\":\"https:\/\/honda-automoveis.pt\/blog\/#personlogo\",\"inLanguage\":\"pt-PT\",\"url\":\"https:\/\/honda-automoveis.pt\/blog\/wp-content\/uploads\/2019\/08\/dc2ecac936786bbd19fd9921fd2cb5b9-150x150.jpg\",\"contentUrl\":\"https:\/\/honda-automoveis.pt\/blog\/wp-content\/uploads\/2019\/08\/dc2ecac936786bbd19fd9921fd2cb5b9-150x150.jpg\",\"caption\":\"Raz\u00e3o Autom\u00f3vel\"},\"description\":\"A Raz\u00e3o Autom\u00f3vel \u00e9 uma publica\u00e7\u00e3o online di\u00e1ria, de \u00e2mbito nacional, que assenta a sua distribui\u00e7\u00e3o em diversas plataformas inform\u00e1ticas, com especializa\u00e7\u00e3o noticiosa no ramo autom\u00f3vel. Atendemos ao fen\u00f3meno autom\u00f3vel de forma hol\u00edstica, compreendendo n\u00e3o s\u00f3 o autom\u00f3vel em si, mas tudo o que lhe diz respeito: mobilidade, ambiente, tecnologia, desporto, com\u00e9rcio e ind\u00fastria. Para a Raz\u00e3o Autom\u00f3vel o autom\u00f3vel \u00e9 tamb\u00e9m uma manifesta\u00e7\u00e3o social, cultural e pessoal. Acreditamos, portanto, que \u00e9 poss\u00edvel descrever o autom\u00f3vel da mesma forma que se vive o fen\u00f3meno: com emo\u00e7\u00e3o. \u00c9 essa a nossa raz\u00e3o, a Raz\u00e3o Autom\u00f3vel. A Raz\u00e3o Autom\u00f3vel \u00e9 J\u00fari Permanente do pr\u00e9mio nacional Carro do Ano Volante de Cristal e J\u00fari do World Car Awards, o mais relevante pr\u00e9mio da ind\u00fastria autom\u00f3vel a n\u00edvel mundial.\",\"sameAs\":[\"https:\/\/www.razaoautomovel.com\"],\"url\":\"https:\/\/honda-automoveis.pt\/blog\/author\/razaoautomovel\/\"}]}<\/script>\n<!-- \/ Yoast SEO plugin. -->","yoast_head_json":{"title":"Soichiro Honda. O homem por detr\u00e1s da marca japonesa | Honda Portugal","description":"O gosto de Soichiro Honda pela mec\u00e2nica traduzia-se nas longas horas passadas a ajudar o pai na oficina. Descubra mais aqui sobre o seu percurso.","robots":{"index":"index","follow":"follow","max-snippet":"max-snippet:-1","max-image-preview":"max-image-preview:large","max-video-preview":"max-video-preview:-1"},"canonical":"https:\/\/honda-automoveis.pt\/blog\/soichiro-honda-o-homem-por-detras-da-marca-japonesa\/","og_locale":"pt_PT","og_type":"article","og_title":"Soichiro Honda. O homem por detr\u00e1s da marca japonesa | Honda Portugal","og_description":"O gosto de Soichiro Honda pela mec\u00e2nica traduzia-se nas longas horas passadas a ajudar o pai na oficina. Descubra mais aqui sobre o seu percurso.","og_url":"https:\/\/honda-automoveis.pt\/blog\/soichiro-honda-o-homem-por-detras-da-marca-japonesa\/","og_site_name":"Honda Portugal","article_published_time":"2019-07-08T17:04:55+00:00","article_modified_time":"2020-07-30T14:08:23+00:00","og_image":[{"width":752,"height":470,"url":"https:\/\/honda-automoveis.pt\/blog\/wp-content\/uploads\/2019\/07\/Art-Shokai-Honda-Hamamatsu-752x470.jpg","type":"image\/jpeg"}],"twitter_card":"summary_large_image","twitter_misc":{"Escrito por":"Raz\u00e3o Autom\u00f3vel","Tempo estimado de leitura":"6 minutos"},"schema":{"@context":"https:\/\/schema.org","@graph":[{"@type":"WebSite","@id":"https:\/\/honda-automoveis.pt\/blog\/#website","url":"https:\/\/honda-automoveis.pt\/blog\/","name":"Honda Portugal","description":"Dreamers&#039; Blog","potentialAction":[{"@type":"SearchAction","target":{"@type":"EntryPoint","urlTemplate":"https:\/\/honda-automoveis.pt\/blog\/?s={search_term_string}"},"query-input":"required name=search_term_string"}],"inLanguage":"pt-PT"},{"@type":"ImageObject","@id":"https:\/\/honda-automoveis.pt\/blog\/soichiro-honda-o-homem-por-detras-da-marca-japonesa\/#primaryimage","inLanguage":"pt-PT","url":"https:\/\/honda-automoveis.pt\/blog\/wp-content\/uploads\/2019\/07\/Art-Shokai-Honda-Hamamatsu-752x470.jpg","contentUrl":"https:\/\/honda-automoveis.pt\/blog\/wp-content\/uploads\/2019\/07\/Art-Shokai-Honda-Hamamatsu-752x470.jpg","width":752,"height":470,"caption":"Automobile Servicestation Honda"},{"@type":"WebPage","@id":"https:\/\/honda-automoveis.pt\/blog\/soichiro-honda-o-homem-por-detras-da-marca-japonesa\/#webpage","url":"https:\/\/honda-automoveis.pt\/blog\/soichiro-honda-o-homem-por-detras-da-marca-japonesa\/","name":"Soichiro Honda. O homem por detr\u00e1s da marca japonesa | Honda Portugal","isPartOf":{"@id":"https:\/\/honda-automoveis.pt\/blog\/#website"},"primaryImageOfPage":{"@id":"https:\/\/honda-automoveis.pt\/blog\/soichiro-honda-o-homem-por-detras-da-marca-japonesa\/#primaryimage"},"datePublished":"2019-07-08T17:04:55+00:00","dateModified":"2020-07-30T14:08:23+00:00","author":{"@id":"https:\/\/honda-automoveis.pt\/blog\/#\/schema\/person\/11aaad497c519fc735a0a04989593b09"},"description":"O gosto de Soichiro Honda pela mec\u00e2nica traduzia-se nas longas horas passadas a ajudar o pai na oficina. Descubra mais aqui sobre o seu percurso.","breadcrumb":{"@id":"https:\/\/honda-automoveis.pt\/blog\/soichiro-honda-o-homem-por-detras-da-marca-japonesa\/#breadcrumb"},"inLanguage":"pt-PT","potentialAction":[{"@type":"ReadAction","target":["https:\/\/honda-automoveis.pt\/blog\/soichiro-honda-o-homem-por-detras-da-marca-japonesa\/"]}]},{"@type":"BreadcrumbList","@id":"https:\/\/honda-automoveis.pt\/blog\/soichiro-honda-o-homem-por-detras-da-marca-japonesa\/#breadcrumb","itemListElement":[{"@type":"ListItem","position":1,"name":"In\u00edcio","item":"https:\/\/honda-automoveis.pt\/blog\/"},{"@type":"ListItem","position":2,"name":"Soichiro Honda. O homem por detr\u00e1s da marca japonesa"}]},{"@type":"Person","@id":"https:\/\/honda-automoveis.pt\/blog\/#\/schema\/person\/11aaad497c519fc735a0a04989593b09","name":"Raz\u00e3o Autom\u00f3vel","image":{"@type":"ImageObject","@id":"https:\/\/honda-automoveis.pt\/blog\/#personlogo","inLanguage":"pt-PT","url":"https:\/\/honda-automoveis.pt\/blog\/wp-content\/uploads\/2019\/08\/dc2ecac936786bbd19fd9921fd2cb5b9-150x150.jpg","contentUrl":"https:\/\/honda-automoveis.pt\/blog\/wp-content\/uploads\/2019\/08\/dc2ecac936786bbd19fd9921fd2cb5b9-150x150.jpg","caption":"Raz\u00e3o Autom\u00f3vel"},"description":"A Raz\u00e3o Autom\u00f3vel \u00e9 uma publica\u00e7\u00e3o online di\u00e1ria, de \u00e2mbito nacional, que assenta a sua distribui\u00e7\u00e3o em diversas plataformas inform\u00e1ticas, com especializa\u00e7\u00e3o noticiosa no ramo autom\u00f3vel. Atendemos ao fen\u00f3meno autom\u00f3vel de forma hol\u00edstica, compreendendo n\u00e3o s\u00f3 o autom\u00f3vel em si, mas tudo o que lhe diz respeito: mobilidade, ambiente, tecnologia, desporto, com\u00e9rcio e ind\u00fastria. Para a Raz\u00e3o Autom\u00f3vel o autom\u00f3vel \u00e9 tamb\u00e9m uma manifesta\u00e7\u00e3o social, cultural e pessoal. Acreditamos, portanto, que \u00e9 poss\u00edvel descrever o autom\u00f3vel da mesma forma que se vive o fen\u00f3meno: com emo\u00e7\u00e3o. \u00c9 essa a nossa raz\u00e3o, a Raz\u00e3o Autom\u00f3vel. A Raz\u00e3o Autom\u00f3vel \u00e9 J\u00fari Permanente do pr\u00e9mio nacional Carro do Ano Volante de Cristal e J\u00fari do World Car Awards, o mais relevante pr\u00e9mio da ind\u00fastria autom\u00f3vel a n\u00edvel mundial.","sameAs":["https:\/\/www.razaoautomovel.com"],"url":"https:\/\/honda-automoveis.pt\/blog\/author\/razaoautomovel\/"}]}},"_links":{"self":[{"href":"https:\/\/honda-automoveis.pt\/blog\/wp-json\/wp\/v2\/posts\/330"}],"collection":[{"href":"https:\/\/honda-automoveis.pt\/blog\/wp-json\/wp\/v2\/posts"}],"about":[{"href":"https:\/\/honda-automoveis.pt\/blog\/wp-json\/wp\/v2\/types\/post"}],"author":[{"embeddable":true,"href":"https:\/\/honda-automoveis.pt\/blog\/wp-json\/wp\/v2\/users\/5"}],"replies":[{"embeddable":true,"href":"https:\/\/honda-automoveis.pt\/blog\/wp-json\/wp\/v2\/comments?post=330"}],"version-history":[{"count":14,"href":"https:\/\/honda-automoveis.pt\/blog\/wp-json\/wp\/v2\/posts\/330\/revisions"}],"predecessor-version":[{"id":4362,"href":"https:\/\/honda-automoveis.pt\/blog\/wp-json\/wp\/v2\/posts\/330\/revisions\/4362"}],"wp:featuredmedia":[{"embeddable":true,"href":"https:\/\/honda-automoveis.pt\/blog\/wp-json\/wp\/v2\/media\/398"}],"wp:attachment":[{"href":"https:\/\/honda-automoveis.pt\/blog\/wp-json\/wp\/v2\/media?parent=330"}],"wp:term":[{"taxonomy":"category","embeddable":true,"href":"https:\/\/honda-automoveis.pt\/blog\/wp-json\/wp\/v2\/categories?post=330"},{"taxonomy":"post_tag","embeddable":true,"href":"https:\/\/honda-automoveis.pt\/blog\/wp-json\/wp\/v2\/tags?post=330"}],"curies":[{"name":"wp","href":"https:\/\/api.w.org\/{rel}","templated":true}]}}