{"id":34811,"date":"2021-01-25T14:13:11","date_gmt":"2021-01-25T14:13:11","guid":{"rendered":"https:\/\/honda-automoveis.pt\/blog\/?p=34811"},"modified":"2022-12-14T17:41:43","modified_gmt":"2022-12-14T17:41:43","slug":"a-busca-de-20-anos-por-um-honda-civic-especial","status":"publish","type":"post","link":"https:\/\/honda-automoveis.pt\/blog\/a-busca-de-20-anos-por-um-honda-civic-especial\/","title":{"rendered":"A busca de 20 anos por um Honda Civic especial"},"content":{"rendered":"<p>O primeiro carro do pai de Bruno Pereira foi um Honda Civic, comprado em 1981. Anos depois de o ter vendido, Bruno e o seu pai tomaram como miss\u00e3o encontrar aquele mesmo modelo. Ser\u00e1 que conseguiram?<\/p>\n<h2>Um Honda Civic muito estimado<\/h2>\n<p>Esta hist\u00f3ria conta a miss\u00e3o de conseguir encontrar um Honda Civic de primeira gera\u00e7\u00e3o, de 1981. Este foi o primeiro carro que o meu pai teve. Comprou-o quando chegou de \u00c1frica, j\u00e1 depois do 25 de abril.<\/p>\n<p>O meu pai sempre teve uma estima muito grande por este carro. Tinha sempre o carro bonito e arranjado para ir passear com a namorada, a minha m\u00e3e, e fazia muitas viagens com ele, pelo Centro e Norte de Portugal. Foi um carro que o marcou porque nunca lhe falhou na vida.<\/p>\n<p><img loading=\"lazy\" class=\"alignnone size-full wp-image-34840\" src=\"https:\/\/honda-automoveis.pt\/blog\/wp-content\/uploads\/2021\/01\/honda-civic-primeira-gera\u00e7\u00e3o.jpg\" alt=\"Honda Civic preto de primeira gera\u00e7\u00e3o\" width=\"1000\" height=\"885\" srcset=\"https:\/\/honda-automoveis.pt\/blog\/wp-content\/uploads\/2021\/01\/honda-civic-primeira-gera\u00e7\u00e3o.jpg 1000w, https:\/\/honda-automoveis.pt\/blog\/wp-content\/uploads\/2021\/01\/honda-civic-primeira-gera\u00e7\u00e3o-300x266.jpg 300w, https:\/\/honda-automoveis.pt\/blog\/wp-content\/uploads\/2021\/01\/honda-civic-primeira-gera\u00e7\u00e3o-768x680.jpg 768w\" sizes=\"(max-width: 1000px) 100vw, 1000px\" \/><\/p>\n<p>&nbsp;<\/p>\n<p>Infelizmente, chegou a altura em que o meu pai teve de se desfazer dele. A pessoa a quem o vendeu teve um acidente uma semana depois de o ter comprado e aquele modelo, j\u00e1 raro, acabou por ficar destru\u00eddo, sem hip\u00f3tese de repara\u00e7\u00e3o.<\/p>\n<p>Ao longo dos anos foi-se falando da hist\u00f3ria, da vontade de encontrar aquele mesmo modelo. Em conversas \u00e0 mesa, em fam\u00edlia, a vontade de encontrar um carro igual ao do meu pai foi crescendo.<\/p>\n<h2>A busca de uma vida<\/h2>\n<p>Foi em 2008 que iniciamos, mais a s\u00e9rio, a busca pelo Civic. Essa busca demorou ainda algum tempo, porque o meu pai queria um carro daquela \u00e9poca de produ\u00e7\u00e3o, com a mesma cor e as mesmas caracter\u00edsticas. Encontramos mais carros do mesmo modelo, mas ele olhava para eles e n\u00e3o sentia aquela chama, a mesma liga\u00e7\u00e3o e sentimento de que era realmente aquele Civic que queria.<\/p>\n<p>Pensamos em desistir, desmoralizamos durante algum tempo, dada a dificuldade de encontrarmos aquele modelo espec\u00edfico. Mas finalmente, em 2018, conseguimos encontrar o Honda Civic que procur\u00e1vamos. Este carro tinha pertencido ao meu colega Dinis Figueiras e estava em muito mau estado.<\/p>\n<p><img loading=\"lazy\" class=\"size-full wp-image-34813 aligncenter\" src=\"https:\/\/honda-automoveis.pt\/blog\/wp-content\/uploads\/2021\/01\/honda-civic-preto-antigo.jpg\" alt=\"Honda civic preto antigo\" width=\"684\" height=\"366\" srcset=\"https:\/\/honda-automoveis.pt\/blog\/wp-content\/uploads\/2021\/01\/honda-civic-preto-antigo.jpg 684w, https:\/\/honda-automoveis.pt\/blog\/wp-content\/uploads\/2021\/01\/honda-civic-preto-antigo-300x161.jpg 300w\" sizes=\"(max-width: 684px) 100vw, 684px\" \/><\/p>\n<p><strong>Tivemos que fazer um restauro muito agressivo para conseguirmos ter o carro de volta\u2026 e conseguimos!<\/strong> Foi uma alegria muito grande. Ao fim de um ano o carro j\u00e1 estava na estrada, pronto a andar. Tanto para ele como para mim, este foi o design mais bonito que a Honda teve na \u00e9poca, e foi o modelo que acabou por inspirar o avan\u00e7o de tecnologia e design da pr\u00f3pria marca.<\/p>\n<p><img loading=\"lazy\" class=\"alignnone size-full wp-image-34838\" src=\"https:\/\/honda-automoveis.pt\/blog\/wp-content\/uploads\/2021\/01\/honda-civic-preto-primeira-gera\u00e7\u00e3o.jpg\" alt=\"Honda Civic preto na estrada com pessoas \" width=\"1000\" height=\"667\" srcset=\"https:\/\/honda-automoveis.pt\/blog\/wp-content\/uploads\/2021\/01\/honda-civic-preto-primeira-gera\u00e7\u00e3o.jpg 1000w, https:\/\/honda-automoveis.pt\/blog\/wp-content\/uploads\/2021\/01\/honda-civic-preto-primeira-gera\u00e7\u00e3o-300x200.jpg 300w, https:\/\/honda-automoveis.pt\/blog\/wp-content\/uploads\/2021\/01\/honda-civic-preto-primeira-gera\u00e7\u00e3o-768x512.jpg 768w\" sizes=\"(max-width: 1000px) 100vw, 1000px\" \/><\/p>\n<h2>Uma paix\u00e3o crescente pelo mundo Honda<\/h2>\n<p>Foi quando renov\u00e1mos este Honda Civic que come\u00e7amos a entrar no mundo da Honda mais a s\u00e9rio e a descobrir mais hist\u00f3rias relacionadas com os carros da marca na \u00e9poca. E tem sido uma loucura em termos de descoberta de novas hist\u00f3rias! Honda Civics usados como carros comerciais, como carros do Estado no tempo de Salazar, e muito mais.<\/p>\n<p>Hoje em dia restauramos Hondas em casa, como hobby. A <a href=\"https:\/\/honda-automoveis.pt\/\" target=\"_blank\" rel=\"noopener noreferrer\">Honda<\/a> sempre foi uma marca muito vers\u00e1til em todas as suas \u00e1reas de atua\u00e7\u00e3o. Tenta sempre fazer o melhor, para estar sempre na vanguarda da tecnologia. S\u00f3 t\u00eam de continuar a evoluir, como eles sabem fazer.<\/p>\n<p>Bruno Pereira<\/p>\n","protected":false},"excerpt":{"rendered":"<p>O primeiro carro do pai de Bruno Pereira foi um Honda Civic, comprado em 1981. Anos depois de o ter vendido, Bruno e o seu pai tomaram como miss\u00e3o encontrar aquele mesmo modelo. Ser\u00e1 que conseguiram? Um Honda Civic muito estimado Esta hist\u00f3ria conta a miss\u00e3o de conseguir encontrar um Honda Civic de primeira gera\u00e7\u00e3o, <a href=\"https:\/\/honda-automoveis.pt\/blog\/a-busca-de-20-anos-por-um-honda-civic-especial\/\">(&hellip;)<\/a><\/p>\n","protected":false},"author":4,"featured_media":34836,"comment_status":"open","ping_status":"open","sticky":false,"template":"","format":"standard","meta":[],"categories":[3],"tags":[],"yoast_head":"<!-- This site is optimized with the Yoast SEO plugin v18.5 - https:\/\/yoast.com\/wordpress\/plugins\/seo\/ -->\n<title>A busca de 20 anos por um Honda Civic especial | Honda Portugal<\/title>\n<meta name=\"description\" content=\"Bruno Pereira e o seu pai embarcaram numa aventura para tentar encontrar uma edi\u00e7\u00e3o muito especial do Honda Civic. Conhe\u00e7a a sua hist\u00f3ria.\" \/>\n<meta name=\"robots\" content=\"index, follow, max-snippet:-1, max-image-preview:large, max-video-preview:-1\" \/>\n<link rel=\"canonical\" href=\"https:\/\/honda-automoveis.pt\/blog\/a-busca-de-20-anos-por-um-honda-civic-especial\/\" \/>\n<meta property=\"og:locale\" content=\"pt_PT\" \/>\n<meta property=\"og:type\" content=\"article\" \/>\n<meta property=\"og:title\" content=\"A busca de 20 anos por um Honda Civic especial | Honda Portugal\" \/>\n<meta property=\"og:description\" content=\"Bruno Pereira e o seu pai embarcaram numa aventura para tentar encontrar uma edi\u00e7\u00e3o muito especial do Honda Civic. Conhe\u00e7a a sua hist\u00f3ria.\" \/>\n<meta property=\"og:url\" content=\"https:\/\/honda-automoveis.pt\/blog\/a-busca-de-20-anos-por-um-honda-civic-especial\/\" \/>\n<meta property=\"og:site_name\" content=\"Honda Portugal\" \/>\n<meta property=\"article:published_time\" content=\"2021-01-25T14:13:11+00:00\" \/>\n<meta property=\"article:modified_time\" content=\"2022-12-14T17:41:43+00:00\" \/>\n<meta property=\"og:image\" content=\"https:\/\/honda-automoveis.pt\/blog\/wp-content\/uploads\/2021\/01\/artigo-comunidade-honda-civic.jpg\" \/>\n\t<meta property=\"og:image:width\" content=\"1000\" \/>\n\t<meta property=\"og:image:height\" content=\"667\" \/>\n\t<meta property=\"og:image:type\" content=\"image\/jpeg\" \/>\n<meta name=\"twitter:card\" content=\"summary_large_image\" \/>\n<meta name=\"twitter:label1\" content=\"Escrito por\" \/>\n\t<meta name=\"twitter:data1\" content=\"Honda Portugal Autom\u00f3veis\" \/>\n\t<meta name=\"twitter:label2\" content=\"Tempo estimado de leitura\" \/>\n\t<meta name=\"twitter:data2\" content=\"3 minutos\" \/>\n<script type=\"application\/ld+json\" class=\"yoast-schema-graph\">{\"@context\":\"https:\/\/schema.org\",\"@graph\":[{\"@type\":\"WebSite\",\"@id\":\"https:\/\/honda-automoveis.pt\/blog\/#website\",\"url\":\"https:\/\/honda-automoveis.pt\/blog\/\",\"name\":\"Honda Portugal\",\"description\":\"Dreamers&#039; Blog\",\"potentialAction\":[{\"@type\":\"SearchAction\",\"target\":{\"@type\":\"EntryPoint\",\"urlTemplate\":\"https:\/\/honda-automoveis.pt\/blog\/?s={search_term_string}\"},\"query-input\":\"required name=search_term_string\"}],\"inLanguage\":\"pt-PT\"},{\"@type\":\"ImageObject\",\"@id\":\"https:\/\/honda-automoveis.pt\/blog\/a-busca-de-20-anos-por-um-honda-civic-especial\/#primaryimage\",\"inLanguage\":\"pt-PT\",\"url\":\"https:\/\/honda-automoveis.pt\/blog\/wp-content\/uploads\/2021\/01\/artigo-comunidade-honda-civic.jpg\",\"contentUrl\":\"https:\/\/honda-automoveis.pt\/blog\/wp-content\/uploads\/2021\/01\/artigo-comunidade-honda-civic.jpg\",\"width\":1000,\"height\":667,\"caption\":\"Jorge Pereira com Honda Civic\"},{\"@type\":\"WebPage\",\"@id\":\"https:\/\/honda-automoveis.pt\/blog\/a-busca-de-20-anos-por-um-honda-civic-especial\/#webpage\",\"url\":\"https:\/\/honda-automoveis.pt\/blog\/a-busca-de-20-anos-por-um-honda-civic-especial\/\",\"name\":\"A busca de 20 anos por um Honda Civic especial | Honda Portugal\",\"isPartOf\":{\"@id\":\"https:\/\/honda-automoveis.pt\/blog\/#website\"},\"primaryImageOfPage\":{\"@id\":\"https:\/\/honda-automoveis.pt\/blog\/a-busca-de-20-anos-por-um-honda-civic-especial\/#primaryimage\"},\"datePublished\":\"2021-01-25T14:13:11+00:00\",\"dateModified\":\"2022-12-14T17:41:43+00:00\",\"author\":{\"@id\":\"https:\/\/honda-automoveis.pt\/blog\/#\/schema\/person\/7f8ab873bdf8dbd771f0d57531954f87\"},\"description\":\"Bruno Pereira e o seu pai embarcaram numa aventura para tentar encontrar uma edi\u00e7\u00e3o muito especial do Honda Civic. Conhe\u00e7a a sua hist\u00f3ria.\",\"breadcrumb\":{\"@id\":\"https:\/\/honda-automoveis.pt\/blog\/a-busca-de-20-anos-por-um-honda-civic-especial\/#breadcrumb\"},\"inLanguage\":\"pt-PT\",\"potentialAction\":[{\"@type\":\"ReadAction\",\"target\":[\"https:\/\/honda-automoveis.pt\/blog\/a-busca-de-20-anos-por-um-honda-civic-especial\/\"]}]},{\"@type\":\"BreadcrumbList\",\"@id\":\"https:\/\/honda-automoveis.pt\/blog\/a-busca-de-20-anos-por-um-honda-civic-especial\/#breadcrumb\",\"itemListElement\":[{\"@type\":\"ListItem\",\"position\":1,\"name\":\"In\u00edcio\",\"item\":\"https:\/\/honda-automoveis.pt\/blog\/\"},{\"@type\":\"ListItem\",\"position\":2,\"name\":\"A busca de 20 anos por um Honda Civic especial\"}]},{\"@type\":\"Person\",\"@id\":\"https:\/\/honda-automoveis.pt\/blog\/#\/schema\/person\/7f8ab873bdf8dbd771f0d57531954f87\",\"name\":\"Honda Portugal Autom\u00f3veis\",\"image\":{\"@type\":\"ImageObject\",\"@id\":\"https:\/\/honda-automoveis.pt\/blog\/#personlogo\",\"inLanguage\":\"pt-PT\",\"url\":\"https:\/\/honda-automoveis.pt\/blog\/wp-content\/uploads\/2023\/06\/logo_perfil-150x150.png\",\"contentUrl\":\"https:\/\/honda-automoveis.pt\/blog\/wp-content\/uploads\/2023\/06\/logo_perfil-150x150.png\",\"caption\":\"Honda Portugal Autom\u00f3veis\"},\"description\":\"A Honda chegou a Portugal em 1968, preparada para conquistar os portugueses com a sua inovadora tecnologia e os melhores e mais fi\u00e1veis autom\u00f3veis. Com uma longa hist\u00f3ria de sucesso no nosso pa\u00eds, a Honda conquistou uma verdadeira comunidade de f\u00e3s, que reconhecem na marca a fiabilidade, seguran\u00e7a e tecnologia que nos caracterizam. A competi\u00e7\u00e3o e a performance est\u00e3o no nosso ADN e \u00e9 por isso que, diariamente, continuamos a trabalhar para que todas as viagens sejam verdadeiramente emocionantes.\",\"url\":\"https:\/\/honda-automoveis.pt\/blog\/author\/honda-portugal\/\"}]}<\/script>\n<!-- \/ Yoast SEO plugin. -->","yoast_head_json":{"title":"A busca de 20 anos por um Honda Civic especial | Honda Portugal","description":"Bruno Pereira e o seu pai embarcaram numa aventura para tentar encontrar uma edi\u00e7\u00e3o muito especial do Honda Civic. Conhe\u00e7a a sua hist\u00f3ria.","robots":{"index":"index","follow":"follow","max-snippet":"max-snippet:-1","max-image-preview":"max-image-preview:large","max-video-preview":"max-video-preview:-1"},"canonical":"https:\/\/honda-automoveis.pt\/blog\/a-busca-de-20-anos-por-um-honda-civic-especial\/","og_locale":"pt_PT","og_type":"article","og_title":"A busca de 20 anos por um Honda Civic especial | Honda Portugal","og_description":"Bruno Pereira e o seu pai embarcaram numa aventura para tentar encontrar uma edi\u00e7\u00e3o muito especial do Honda Civic. Conhe\u00e7a a sua hist\u00f3ria.","og_url":"https:\/\/honda-automoveis.pt\/blog\/a-busca-de-20-anos-por-um-honda-civic-especial\/","og_site_name":"Honda Portugal","article_published_time":"2021-01-25T14:13:11+00:00","article_modified_time":"2022-12-14T17:41:43+00:00","og_image":[{"width":1000,"height":667,"url":"https:\/\/honda-automoveis.pt\/blog\/wp-content\/uploads\/2021\/01\/artigo-comunidade-honda-civic.jpg","type":"image\/jpeg"}],"twitter_card":"summary_large_image","twitter_misc":{"Escrito por":"Honda Portugal Autom\u00f3veis","Tempo estimado de leitura":"3 minutos"},"schema":{"@context":"https:\/\/schema.org","@graph":[{"@type":"WebSite","@id":"https:\/\/honda-automoveis.pt\/blog\/#website","url":"https:\/\/honda-automoveis.pt\/blog\/","name":"Honda Portugal","description":"Dreamers&#039; Blog","potentialAction":[{"@type":"SearchAction","target":{"@type":"EntryPoint","urlTemplate":"https:\/\/honda-automoveis.pt\/blog\/?s={search_term_string}"},"query-input":"required name=search_term_string"}],"inLanguage":"pt-PT"},{"@type":"ImageObject","@id":"https:\/\/honda-automoveis.pt\/blog\/a-busca-de-20-anos-por-um-honda-civic-especial\/#primaryimage","inLanguage":"pt-PT","url":"https:\/\/honda-automoveis.pt\/blog\/wp-content\/uploads\/2021\/01\/artigo-comunidade-honda-civic.jpg","contentUrl":"https:\/\/honda-automoveis.pt\/blog\/wp-content\/uploads\/2021\/01\/artigo-comunidade-honda-civic.jpg","width":1000,"height":667,"caption":"Jorge Pereira com Honda Civic"},{"@type":"WebPage","@id":"https:\/\/honda-automoveis.pt\/blog\/a-busca-de-20-anos-por-um-honda-civic-especial\/#webpage","url":"https:\/\/honda-automoveis.pt\/blog\/a-busca-de-20-anos-por-um-honda-civic-especial\/","name":"A busca de 20 anos por um Honda Civic especial | Honda Portugal","isPartOf":{"@id":"https:\/\/honda-automoveis.pt\/blog\/#website"},"primaryImageOfPage":{"@id":"https:\/\/honda-automoveis.pt\/blog\/a-busca-de-20-anos-por-um-honda-civic-especial\/#primaryimage"},"datePublished":"2021-01-25T14:13:11+00:00","dateModified":"2022-12-14T17:41:43+00:00","author":{"@id":"https:\/\/honda-automoveis.pt\/blog\/#\/schema\/person\/7f8ab873bdf8dbd771f0d57531954f87"},"description":"Bruno Pereira e o seu pai embarcaram numa aventura para tentar encontrar uma edi\u00e7\u00e3o muito especial do Honda Civic. Conhe\u00e7a a sua hist\u00f3ria.","breadcrumb":{"@id":"https:\/\/honda-automoveis.pt\/blog\/a-busca-de-20-anos-por-um-honda-civic-especial\/#breadcrumb"},"inLanguage":"pt-PT","potentialAction":[{"@type":"ReadAction","target":["https:\/\/honda-automoveis.pt\/blog\/a-busca-de-20-anos-por-um-honda-civic-especial\/"]}]},{"@type":"BreadcrumbList","@id":"https:\/\/honda-automoveis.pt\/blog\/a-busca-de-20-anos-por-um-honda-civic-especial\/#breadcrumb","itemListElement":[{"@type":"ListItem","position":1,"name":"In\u00edcio","item":"https:\/\/honda-automoveis.pt\/blog\/"},{"@type":"ListItem","position":2,"name":"A busca de 20 anos por um Honda Civic especial"}]},{"@type":"Person","@id":"https:\/\/honda-automoveis.pt\/blog\/#\/schema\/person\/7f8ab873bdf8dbd771f0d57531954f87","name":"Honda Portugal Autom\u00f3veis","image":{"@type":"ImageObject","@id":"https:\/\/honda-automoveis.pt\/blog\/#personlogo","inLanguage":"pt-PT","url":"https:\/\/honda-automoveis.pt\/blog\/wp-content\/uploads\/2023\/06\/logo_perfil-150x150.png","contentUrl":"https:\/\/honda-automoveis.pt\/blog\/wp-content\/uploads\/2023\/06\/logo_perfil-150x150.png","caption":"Honda Portugal Autom\u00f3veis"},"description":"A Honda chegou a Portugal em 1968, preparada para conquistar os portugueses com a sua inovadora tecnologia e os melhores e mais fi\u00e1veis autom\u00f3veis. Com uma longa hist\u00f3ria de sucesso no nosso pa\u00eds, a Honda conquistou uma verdadeira comunidade de f\u00e3s, que reconhecem na marca a fiabilidade, seguran\u00e7a e tecnologia que nos caracterizam. A competi\u00e7\u00e3o e a performance est\u00e3o no nosso ADN e \u00e9 por isso que, diariamente, continuamos a trabalhar para que todas as viagens sejam verdadeiramente emocionantes.","url":"https:\/\/honda-automoveis.pt\/blog\/author\/honda-portugal\/"}]}},"_links":{"self":[{"href":"https:\/\/honda-automoveis.pt\/blog\/wp-json\/wp\/v2\/posts\/34811"}],"collection":[{"href":"https:\/\/honda-automoveis.pt\/blog\/wp-json\/wp\/v2\/posts"}],"about":[{"href":"https:\/\/honda-automoveis.pt\/blog\/wp-json\/wp\/v2\/types\/post"}],"author":[{"embeddable":true,"href":"https:\/\/honda-automoveis.pt\/blog\/wp-json\/wp\/v2\/users\/4"}],"replies":[{"embeddable":true,"href":"https:\/\/honda-automoveis.pt\/blog\/wp-json\/wp\/v2\/comments?post=34811"}],"version-history":[{"count":4,"href":"https:\/\/honda-automoveis.pt\/blog\/wp-json\/wp\/v2\/posts\/34811\/revisions"}],"predecessor-version":[{"id":34841,"href":"https:\/\/honda-automoveis.pt\/blog\/wp-json\/wp\/v2\/posts\/34811\/revisions\/34841"}],"wp:featuredmedia":[{"embeddable":true,"href":"https:\/\/honda-automoveis.pt\/blog\/wp-json\/wp\/v2\/media\/34836"}],"wp:attachment":[{"href":"https:\/\/honda-automoveis.pt\/blog\/wp-json\/wp\/v2\/media?parent=34811"}],"wp:term":[{"taxonomy":"category","embeddable":true,"href":"https:\/\/honda-automoveis.pt\/blog\/wp-json\/wp\/v2\/categories?post=34811"},{"taxonomy":"post_tag","embeddable":true,"href":"https:\/\/honda-automoveis.pt\/blog\/wp-json\/wp\/v2\/tags?post=34811"}],"curies":[{"name":"wp","href":"https:\/\/api.w.org\/{rel}","templated":true}]}}