{"id":4042,"date":"2020-06-16T16:47:08","date_gmt":"2020-06-16T16:47:08","guid":{"rendered":"https:\/\/honda-automoveis.pt\/blog\/?p=4042"},"modified":"2020-06-16T17:26:14","modified_gmt":"2020-06-16T17:26:14","slug":"honda-cr-v-principais-carateristicas-e-vantagens","status":"publish","type":"post","link":"https:\/\/honda-automoveis.pt\/blog\/honda-cr-v-principais-carateristicas-e-vantagens\/","title":{"rendered":"Honda CR-V: principais carater\u00edsticas e vantagens"},"content":{"rendered":"<p>H\u00e1 vinte e cinco anos, a Honda lan\u00e7ou o seu SUV familiar, o CR-V. Tudo come\u00e7ou com o lan\u00e7amento, nos anos 80, daquele que \u00e9 considerado o precursor do Honda CR-V, o Civic Shuttle, com uma novidade: tra\u00e7\u00e3o nas 4 rodas.<\/p>\n<p>Uma segunda gera\u00e7\u00e3o chegaria j\u00e1 no final da d\u00e9cada, com o Beagle, com uma maior dist\u00e2ncia do solo, tra\u00e7\u00e3o nas quatro rodas e placas antiderrapantes sob o chassis.<\/p>\n<p>Desta forma, estava dado o mote para que a equipa de engenharia da Honda avan\u00e7asse com aquele que \u00e9 um dos modelos mais populares da marca: o CR-V, um carro familiar com espa\u00e7o para toda a fam\u00edlia ou amigos.<\/p>\n<h2>Que tipo de carro \u00e9 o Honda CR-V?<\/h2>\n<p>As vantagens de ter um Honda CR-V come\u00e7am pelo amplo espa\u00e7o interior. \u00c9 tamb\u00e9m por isso que <strong>\u00e9 considerado um SUV familiar<\/strong>.<\/p>\n<p>Na sua primeira vers\u00e3o, era considerado um SUV compacto preparado para enfrentar pequenos trilhos todo o terreno, o que daria origem ao nome CR-V &#8211; Compact Recreational Vehicle (Ve\u00edculo Recreativo Compacto).<\/p>\n<p>Utilizando a estrutura de um Civic, o design da carro\u00e7aria \u00e9, contudo, de um SUV. Em 1995, ano do seu lan\u00e7amento, foi considerado um carro de luxo, por imposi\u00e7\u00e3o do governo japon\u00eas, e s\u00f3 estava dispon\u00edvel em concession\u00e1rios selecionados.<\/p>\n<h2>Para quem \u00e9<\/h2>\n<p>O CR-V, por ser considerado um SUV familiar devido ao seu espa\u00e7o interior, \u00e9 <strong>ideal para quem gosta de viagens confort\u00e1veis<\/strong>, sem ter que se preocupar com espa\u00e7o para passageiros ou bagagem.<\/p>\n<p>No banco traseiro do CR-V <strong>cabem 3 cadeiras de transporte de crian\u00e7as e os bancos comportam espa\u00e7o suficiente para tr\u00eas adultos<\/strong>.<\/p>\n<p>No entanto, os carros da Honda n\u00e3o s\u00e3o pensados apenas para fam\u00edlias. Independentemente da sua necessidade, a tecnologia \u00e9 uma constante em toda a gama da Honda.<\/p>\n<p>Com a evolu\u00e7\u00e3o das diversas vers\u00f5es, este autom\u00f3vel familiar trouxe consigo o melhor da inova\u00e7\u00e3o tecnol\u00f3gica japonesa. Por esse motivo, <strong>\u00e9 reconhecido com um dos carros mais seguros do mundo<\/strong>, tendo obtido <a href=\"https:\/\/honda-automoveis.pt\/blog\/novo-honda-cr-v-classificacao-maxima-nos-testes-euro-ncap-2\/\">5 estrelas nos testes do EURO NCAP<\/a>.<\/p>\n<p>O CR-V est\u00e1 preparado para enfrentar o dia a dia nas cidades com todo o conforto ou para ser o companheiro ideal das f\u00e9rias em fam\u00edlia.<\/p>\n<p>Este ser\u00e1 sempre o ve\u00edculo ideal para quem gosta de sentir a confian\u00e7a e postura elevada que s\u00f3 um SUV consegue dar.<\/p>\n<h2>Principais caracter\u00edsticas do Honda CR-V<\/h2>\n<p>O Honda CR-V \u00e9 um carro familiar com mais vantagens para al\u00e9m do seu <strong>grande espa\u00e7o interior<\/strong>.<\/p>\n<p>\u00c9 um modelo robusto, <strong>bastante seguro, din\u00e2mico e confort\u00e1vel<\/strong>. Al\u00e9m disso, \u00e9 um carro bastante resistente, devido aos materiais usados na sua constru\u00e7\u00e3o.<\/p>\n<p>A nova gera\u00e7\u00e3o apresenta-se com a\u00e7o estampado de alta resist\u00eancia, perfazendo 9% da carro\u00e7aria deste modelo familiar. Isto traduz-se numa maior resist\u00eancia das \u00e1reas mais afetadas num acidente, reduzindo tamb\u00e9m o peso total do chassis.<\/p>\n<p>As vers\u00f5es mais altas da quarta gera\u00e7\u00e3o do Honda CR-V incorporaram, pela primeira vez, um <strong>sistema inteligente de controlo de cruzeiro<\/strong>. O i-ACC &#8211; <em>Intelligent Adaptive Cruise Control<\/em> &#8211; \u00e9 uma tecnologia capaz de reagir, automaticamente, \u00e0 ultrapassagem por outros ve\u00edculos.<\/p>\n<p>Gra\u00e7as a uma c\u00e2mara e a um radar que detetavam a posi\u00e7\u00e3o de outros carros na estrada, esta tecnologia permitia reagir mais suavemente do que os sistemas ACC tradicionais. J\u00e1 na quinta gera\u00e7\u00e3o, o Honda Sensing passou a ser padr\u00e3o em toda a gama.<\/p>\n<h2>5 vantagens de ter um SUV familiar<\/h2>\n<p>As vantagens de ter um SUV em rela\u00e7\u00e3o a um carro utilit\u00e1rio s\u00e3o muitas, por isso reunimos algumas das vantagens do Honda CR-V:<\/p>\n<ol>\n<li>\u00c9 um carro com muito espa\u00e7o interior<\/li>\n<li>Tem um design intemporal e ideal para todos os gostos<\/li>\n<li>Oferece uma excelente posi\u00e7\u00e3o de condu\u00e7\u00e3o e conforto<\/li>\n<li>Possui o melhor da tecnologia japonesa<\/li>\n<li>\u00a0Vem equipado com as \u00faltimas tecnologias de seguran\u00e7a ativas e passivas<\/li>\n<\/ol>\n<h2>As diferen\u00e7as entre as gera\u00e7\u00f5es do CR-V<\/h2>\n<p>A Honda j\u00e1 lan\u00e7ou 5 gera\u00e7\u00f5es do Honda CR-V e 25 anos de desenvolvimentos traduzem-se numa evolu\u00e7\u00e3o bem vis\u00edvel neste SUV familiar.<br \/>\nConhe\u00e7a as principais carater\u00edsticas e diferen\u00e7as entre as gera\u00e7\u00f5es do CR-V.<\/p>\n<h3>Primeira Gera\u00e7\u00e3o (1995)<\/h3>\n<p>Nasceu para ser um ve\u00edculo recreativo compacto. O seu design possu\u00eda linhas retas, com formas quadradas.<\/p>\n<p>A frente era inspirada no Civic da \u00e9poca e o pneu sobresselente dava-lhe um visual aventureiro. O motor era de motor de quatro cilindros 2.0 16v e chegava aos 131 cv.<\/p>\n<p><img loading=\"lazy\" class=\"alignnone size-full wp-image-4043\" src=\"https:\/\/honda-automoveis.pt\/blog\/wp-content\/uploads\/2020\/06\/cr-v-primeira-geracao.jpg\" alt=\"A primeira gera\u00e7\u00e3o do Honda CR-V\" width=\"1280\" height=\"720\" srcset=\"https:\/\/honda-automoveis.pt\/blog\/wp-content\/uploads\/2020\/06\/cr-v-primeira-geracao.jpg 1280w, https:\/\/honda-automoveis.pt\/blog\/wp-content\/uploads\/2020\/06\/cr-v-primeira-geracao-300x169.jpg 300w, https:\/\/honda-automoveis.pt\/blog\/wp-content\/uploads\/2020\/06\/cr-v-primeira-geracao-768x432.jpg 768w, https:\/\/honda-automoveis.pt\/blog\/wp-content\/uploads\/2020\/06\/cr-v-primeira-geracao-1024x576.jpg 1024w, https:\/\/honda-automoveis.pt\/blog\/wp-content\/uploads\/2020\/06\/cr-v-primeira-geracao-1170x657.jpg 1170w, https:\/\/honda-automoveis.pt\/blog\/wp-content\/uploads\/2020\/06\/cr-v-primeira-geracao-575x324.jpg 575w, https:\/\/honda-automoveis.pt\/blog\/wp-content\/uploads\/2020\/06\/cr-v-primeira-geracao-376x211.jpg 376w\" sizes=\"(max-width: 1280px) 100vw, 1280px\" \/><\/p>\n<h3>Segunda Gera\u00e7\u00e3o (2002)<\/h3>\n<p>A inspira\u00e7\u00e3o no Civic continuava presente. As linhas retas deram lugar a um design mais elegante. A frente do CR-V foi otimizada para ficar com um visual mais agressivo e os grupos \u00f3ticos foram aumentados.<\/p>\n<p>O interior ganhou mais espa\u00e7o interior e o motor passou a inclui sistema i-VTEC, com pot\u00eancia aumentada para 150 cv.<\/p>\n<p><img loading=\"lazy\" class=\"alignnone wp-image-4046 size-full\" src=\"https:\/\/honda-automoveis.pt\/blog\/wp-content\/uploads\/2020\/06\/cr-v-segunda-geracao.jpg\" alt=\"A segunda gera\u00e7\u00e3o do Honda CR-V\" width=\"1280\" height=\"665\" srcset=\"https:\/\/honda-automoveis.pt\/blog\/wp-content\/uploads\/2020\/06\/cr-v-segunda-geracao.jpg 1280w, https:\/\/honda-automoveis.pt\/blog\/wp-content\/uploads\/2020\/06\/cr-v-segunda-geracao-300x156.jpg 300w, https:\/\/honda-automoveis.pt\/blog\/wp-content\/uploads\/2020\/06\/cr-v-segunda-geracao-768x399.jpg 768w, https:\/\/honda-automoveis.pt\/blog\/wp-content\/uploads\/2020\/06\/cr-v-segunda-geracao-1024x532.jpg 1024w\" sizes=\"(max-width: 1280px) 100vw, 1280px\" \/><\/p>\n<h3>Terceira Gera\u00e7\u00e3o (2007)<\/h3>\n<p>O perfil aventureiro deu lugar ao estilo de um SUV, com linhas mais arredondadas e a porta da mala deixou de ter o pneu sobresselente.<\/p>\n<p>Passou a integrar mais tecnologia, como ar condicionado digital e Bluetooth. Por sua vez, os motores permaneceram os mesmos: 2.0 e 2.4 1 i-VTEC, com este \u00faltimo a distribuir 180 cv.<\/p>\n<p><img loading=\"lazy\" class=\"alignnone wp-image-4047 size-full\" src=\"https:\/\/honda-automoveis.pt\/blog\/wp-content\/uploads\/2020\/06\/cr-v-terceira-geracao.jpg\" alt=\"A terceira gera\u00e7\u00e3o do Honda CR-V\" width=\"1280\" height=\"564\" srcset=\"https:\/\/honda-automoveis.pt\/blog\/wp-content\/uploads\/2020\/06\/cr-v-terceira-geracao.jpg 1280w, https:\/\/honda-automoveis.pt\/blog\/wp-content\/uploads\/2020\/06\/cr-v-terceira-geracao-300x132.jpg 300w, https:\/\/honda-automoveis.pt\/blog\/wp-content\/uploads\/2020\/06\/cr-v-terceira-geracao-768x338.jpg 768w, https:\/\/honda-automoveis.pt\/blog\/wp-content\/uploads\/2020\/06\/cr-v-terceira-geracao-1024x451.jpg 1024w\" sizes=\"(max-width: 1280px) 100vw, 1280px\" \/><\/p>\n<h3>Quarta Gera\u00e7\u00e3o (2014)<\/h3>\n<p>O Honda CR-V assume um novo perfil: o de crossover de luxo. O espa\u00e7o interno aumentou e na lista de equipamentos passou a integrar GPS e ecr\u00e3 multim\u00e9dia iMid, com c\u00e2mara traseira.<\/p>\n<p>Outra das novidades foi o bot\u00e3o ECON, que controlava alguns recursos do carro, como o ar condicionado, permitindo maior efici\u00eancia. O motor era de 2.0 i-VTEC, com 150 cv.<\/p>\n<p><img loading=\"lazy\" class=\"alignnone size-full wp-image-4044\" src=\"https:\/\/honda-automoveis.pt\/blog\/wp-content\/uploads\/2020\/06\/cr-v-quarta-geracao.jpg\" alt=\"A Quarta gera\u00e7\u00e3o do Honda CR-V\" width=\"1280\" height=\"720\" srcset=\"https:\/\/honda-automoveis.pt\/blog\/wp-content\/uploads\/2020\/06\/cr-v-quarta-geracao.jpg 1280w, https:\/\/honda-automoveis.pt\/blog\/wp-content\/uploads\/2020\/06\/cr-v-quarta-geracao-300x169.jpg 300w, https:\/\/honda-automoveis.pt\/blog\/wp-content\/uploads\/2020\/06\/cr-v-quarta-geracao-768x432.jpg 768w, https:\/\/honda-automoveis.pt\/blog\/wp-content\/uploads\/2020\/06\/cr-v-quarta-geracao-1024x576.jpg 1024w, https:\/\/honda-automoveis.pt\/blog\/wp-content\/uploads\/2020\/06\/cr-v-quarta-geracao-1170x657.jpg 1170w, https:\/\/honda-automoveis.pt\/blog\/wp-content\/uploads\/2020\/06\/cr-v-quarta-geracao-575x324.jpg 575w, https:\/\/honda-automoveis.pt\/blog\/wp-content\/uploads\/2020\/06\/cr-v-quarta-geracao-376x211.jpg 376w\" sizes=\"(max-width: 1280px) 100vw, 1280px\" \/><\/p>\n<h3>Quinta Gera\u00e7\u00e3o (2017)<\/h3>\n<p>O estilo deste SUV familiar continuou a evoluir. Mantendo um design muito similar ao da quarta gera\u00e7\u00e3o, apresentou atualiza\u00e7\u00f5es no motor: 1.5 Turbo, de 190 cv.<\/p>\n<p>O interior passou a ser mais elegante e mantem-se enquanto carro com amplo espa\u00e7o interior. Inclui um ecr\u00e3 de 7 polegadas com integra\u00e7\u00e3o de smartphone e novas funcionalidades de seguran\u00e7a. Em 2019, ganhou tamb\u00e9m a sua <strong>vers\u00e3o com motoriza\u00e7\u00e3o h\u00edbrida: o <a href=\"https:\/\/honda-automoveis.pt\/pt\/carros\/crv-hybrid\/\">CR-V Hybrid<\/a><\/strong>, dispon\u00edvel desde 43.450 \u20ac.<\/p>\n<p><img loading=\"lazy\" class=\"alignnone size-full wp-image-4045\" src=\"https:\/\/honda-automoveis.pt\/blog\/wp-content\/uploads\/2020\/06\/cr-v-quinta-geracao.jpg\" alt=\"A quinta gera\u00e7\u00e3o do Honda CR-V\" width=\"1280\" height=\"720\" srcset=\"https:\/\/honda-automoveis.pt\/blog\/wp-content\/uploads\/2020\/06\/cr-v-quinta-geracao.jpg 1280w, https:\/\/honda-automoveis.pt\/blog\/wp-content\/uploads\/2020\/06\/cr-v-quinta-geracao-300x169.jpg 300w, https:\/\/honda-automoveis.pt\/blog\/wp-content\/uploads\/2020\/06\/cr-v-quinta-geracao-768x432.jpg 768w, https:\/\/honda-automoveis.pt\/blog\/wp-content\/uploads\/2020\/06\/cr-v-quinta-geracao-1024x576.jpg 1024w, https:\/\/honda-automoveis.pt\/blog\/wp-content\/uploads\/2020\/06\/cr-v-quinta-geracao-1170x657.jpg 1170w, https:\/\/honda-automoveis.pt\/blog\/wp-content\/uploads\/2020\/06\/cr-v-quinta-geracao-575x324.jpg 575w, https:\/\/honda-automoveis.pt\/blog\/wp-content\/uploads\/2020\/06\/cr-v-quinta-geracao-376x211.jpg 376w\" sizes=\"(max-width: 1280px) 100vw, 1280px\" \/><\/p>\n<p>Aproveite para conhecer todas as vantagens que o Honda CR-V tem para lhe oferecer, atrav\u00e9s da <a href=\"https:\/\/honda-automoveis.pt\/pt\/marcar-test-drive\/\">marca\u00e7\u00e3o de um test-drive.<\/a><\/p>\n","protected":false},"excerpt":{"rendered":"<p>Mais espa\u00e7oso e eficiente: o Honda CR-V agora \u00e9 h\u00edbrido. Descubra as diferen\u00e7as entre gera\u00e7\u00f5es e as vantagens deste SUV familiar.<\/p>\n","protected":false},"author":4,"featured_media":4057,"comment_status":"open","ping_status":"open","sticky":false,"template":"","format":"standard","meta":[],"categories":[16],"tags":[180,173,114,181],"yoast_head":"<!-- This site is optimized with the Yoast SEO plugin v18.5 - https:\/\/yoast.com\/wordpress\/plugins\/seo\/ -->\n<title>Honda CR-V: principais carater\u00edsticas e vantagens | Honda Portugal<\/title>\n<meta name=\"description\" content=\"Mais espa\u00e7oso e eficiente: o novo Honda CR-V agora \u00e9 h\u00edbrido. Descubra as diferen\u00e7as entre gera\u00e7\u00f5es e as vantagens deste SUV familiar.\" \/>\n<meta name=\"robots\" content=\"index, follow, max-snippet:-1, max-image-preview:large, max-video-preview:-1\" \/>\n<link rel=\"canonical\" href=\"https:\/\/honda-automoveis.pt\/blog\/honda-cr-v-principais-carateristicas-e-vantagens\/\" \/>\n<meta property=\"og:locale\" content=\"pt_PT\" \/>\n<meta property=\"og:type\" content=\"article\" \/>\n<meta property=\"og:title\" content=\"Honda CR-V: principais carater\u00edsticas e vantagens | Honda Portugal\" \/>\n<meta property=\"og:description\" content=\"Mais espa\u00e7oso e eficiente: o novo Honda CR-V agora \u00e9 h\u00edbrido. Descubra as diferen\u00e7as entre gera\u00e7\u00f5es e as vantagens deste SUV familiar.\" \/>\n<meta property=\"og:url\" content=\"https:\/\/honda-automoveis.pt\/blog\/honda-cr-v-principais-carateristicas-e-vantagens\/\" \/>\n<meta property=\"og:site_name\" content=\"Honda Portugal\" \/>\n<meta property=\"article:published_time\" content=\"2020-06-16T16:47:08+00:00\" \/>\n<meta property=\"article:modified_time\" content=\"2020-06-16T17:26:14+00:00\" \/>\n<meta property=\"og:image\" content=\"https:\/\/honda-automoveis.pt\/blog\/wp-content\/uploads\/2020\/06\/honda-cr-v-hybrid-em-branco-final.png\" \/>\n\t<meta property=\"og:image:width\" content=\"804\" \/>\n\t<meta property=\"og:image:height\" content=\"486\" \/>\n\t<meta property=\"og:image:type\" content=\"image\/png\" \/>\n<meta name=\"twitter:card\" content=\"summary_large_image\" \/>\n<meta name=\"twitter:label1\" content=\"Escrito por\" \/>\n\t<meta name=\"twitter:data1\" content=\"Honda Portugal Autom\u00f3veis\" \/>\n\t<meta name=\"twitter:label2\" content=\"Tempo estimado de leitura\" \/>\n\t<meta name=\"twitter:data2\" content=\"5 minutos\" \/>\n<script type=\"application\/ld+json\" class=\"yoast-schema-graph\">{\"@context\":\"https:\/\/schema.org\",\"@graph\":[{\"@type\":\"WebSite\",\"@id\":\"https:\/\/honda-automoveis.pt\/blog\/#website\",\"url\":\"https:\/\/honda-automoveis.pt\/blog\/\",\"name\":\"Honda Portugal\",\"description\":\"Dreamers&#039; Blog\",\"potentialAction\":[{\"@type\":\"SearchAction\",\"target\":{\"@type\":\"EntryPoint\",\"urlTemplate\":\"https:\/\/honda-automoveis.pt\/blog\/?s={search_term_string}\"},\"query-input\":\"required name=search_term_string\"}],\"inLanguage\":\"pt-PT\"},{\"@type\":\"ImageObject\",\"@id\":\"https:\/\/honda-automoveis.pt\/blog\/honda-cr-v-principais-carateristicas-e-vantagens\/#primaryimage\",\"inLanguage\":\"pt-PT\",\"url\":\"https:\/\/honda-automoveis.pt\/blog\/wp-content\/uploads\/2020\/06\/honda-cr-v-hybrid-em-branco-final.png\",\"contentUrl\":\"https:\/\/honda-automoveis.pt\/blog\/wp-content\/uploads\/2020\/06\/honda-cr-v-hybrid-em-branco-final.png\",\"width\":804,\"height\":486,\"caption\":\"O Novo Honda CR-V Hybrid em Branco\"},{\"@type\":\"WebPage\",\"@id\":\"https:\/\/honda-automoveis.pt\/blog\/honda-cr-v-principais-carateristicas-e-vantagens\/#webpage\",\"url\":\"https:\/\/honda-automoveis.pt\/blog\/honda-cr-v-principais-carateristicas-e-vantagens\/\",\"name\":\"Honda CR-V: principais carater\u00edsticas e vantagens | Honda Portugal\",\"isPartOf\":{\"@id\":\"https:\/\/honda-automoveis.pt\/blog\/#website\"},\"primaryImageOfPage\":{\"@id\":\"https:\/\/honda-automoveis.pt\/blog\/honda-cr-v-principais-carateristicas-e-vantagens\/#primaryimage\"},\"datePublished\":\"2020-06-16T16:47:08+00:00\",\"dateModified\":\"2020-06-16T17:26:14+00:00\",\"author\":{\"@id\":\"https:\/\/honda-automoveis.pt\/blog\/#\/schema\/person\/7f8ab873bdf8dbd771f0d57531954f87\"},\"description\":\"Mais espa\u00e7oso e eficiente: o novo Honda CR-V agora \u00e9 h\u00edbrido. Descubra as diferen\u00e7as entre gera\u00e7\u00f5es e as vantagens deste SUV familiar.\",\"breadcrumb\":{\"@id\":\"https:\/\/honda-automoveis.pt\/blog\/honda-cr-v-principais-carateristicas-e-vantagens\/#breadcrumb\"},\"inLanguage\":\"pt-PT\",\"potentialAction\":[{\"@type\":\"ReadAction\",\"target\":[\"https:\/\/honda-automoveis.pt\/blog\/honda-cr-v-principais-carateristicas-e-vantagens\/\"]}]},{\"@type\":\"BreadcrumbList\",\"@id\":\"https:\/\/honda-automoveis.pt\/blog\/honda-cr-v-principais-carateristicas-e-vantagens\/#breadcrumb\",\"itemListElement\":[{\"@type\":\"ListItem\",\"position\":1,\"name\":\"In\u00edcio\",\"item\":\"https:\/\/honda-automoveis.pt\/blog\/\"},{\"@type\":\"ListItem\",\"position\":2,\"name\":\"Honda CR-V: principais carater\u00edsticas e vantagens\"}]},{\"@type\":\"Person\",\"@id\":\"https:\/\/honda-automoveis.pt\/blog\/#\/schema\/person\/7f8ab873bdf8dbd771f0d57531954f87\",\"name\":\"Honda Portugal Autom\u00f3veis\",\"image\":{\"@type\":\"ImageObject\",\"@id\":\"https:\/\/honda-automoveis.pt\/blog\/#personlogo\",\"inLanguage\":\"pt-PT\",\"url\":\"https:\/\/honda-automoveis.pt\/blog\/wp-content\/uploads\/2023\/06\/logo_perfil-150x150.png\",\"contentUrl\":\"https:\/\/honda-automoveis.pt\/blog\/wp-content\/uploads\/2023\/06\/logo_perfil-150x150.png\",\"caption\":\"Honda Portugal Autom\u00f3veis\"},\"description\":\"A Honda chegou a Portugal em 1968, preparada para conquistar os portugueses com a sua inovadora tecnologia e os melhores e mais fi\u00e1veis autom\u00f3veis. Com uma longa hist\u00f3ria de sucesso no nosso pa\u00eds, a Honda conquistou uma verdadeira comunidade de f\u00e3s, que reconhecem na marca a fiabilidade, seguran\u00e7a e tecnologia que nos caracterizam. A competi\u00e7\u00e3o e a performance est\u00e3o no nosso ADN e \u00e9 por isso que, diariamente, continuamos a trabalhar para que todas as viagens sejam verdadeiramente emocionantes.\",\"url\":\"https:\/\/honda-automoveis.pt\/blog\/author\/honda-portugal\/\"}]}<\/script>\n<!-- \/ Yoast SEO plugin. -->","yoast_head_json":{"title":"Honda CR-V: principais carater\u00edsticas e vantagens | Honda Portugal","description":"Mais espa\u00e7oso e eficiente: o novo Honda CR-V agora \u00e9 h\u00edbrido. Descubra as diferen\u00e7as entre gera\u00e7\u00f5es e as vantagens deste SUV familiar.","robots":{"index":"index","follow":"follow","max-snippet":"max-snippet:-1","max-image-preview":"max-image-preview:large","max-video-preview":"max-video-preview:-1"},"canonical":"https:\/\/honda-automoveis.pt\/blog\/honda-cr-v-principais-carateristicas-e-vantagens\/","og_locale":"pt_PT","og_type":"article","og_title":"Honda CR-V: principais carater\u00edsticas e vantagens | Honda Portugal","og_description":"Mais espa\u00e7oso e eficiente: o novo Honda CR-V agora \u00e9 h\u00edbrido. Descubra as diferen\u00e7as entre gera\u00e7\u00f5es e as vantagens deste SUV familiar.","og_url":"https:\/\/honda-automoveis.pt\/blog\/honda-cr-v-principais-carateristicas-e-vantagens\/","og_site_name":"Honda Portugal","article_published_time":"2020-06-16T16:47:08+00:00","article_modified_time":"2020-06-16T17:26:14+00:00","og_image":[{"width":804,"height":486,"url":"https:\/\/honda-automoveis.pt\/blog\/wp-content\/uploads\/2020\/06\/honda-cr-v-hybrid-em-branco-final.png","type":"image\/png"}],"twitter_card":"summary_large_image","twitter_misc":{"Escrito por":"Honda Portugal Autom\u00f3veis","Tempo estimado de leitura":"5 minutos"},"schema":{"@context":"https:\/\/schema.org","@graph":[{"@type":"WebSite","@id":"https:\/\/honda-automoveis.pt\/blog\/#website","url":"https:\/\/honda-automoveis.pt\/blog\/","name":"Honda Portugal","description":"Dreamers&#039; Blog","potentialAction":[{"@type":"SearchAction","target":{"@type":"EntryPoint","urlTemplate":"https:\/\/honda-automoveis.pt\/blog\/?s={search_term_string}"},"query-input":"required name=search_term_string"}],"inLanguage":"pt-PT"},{"@type":"ImageObject","@id":"https:\/\/honda-automoveis.pt\/blog\/honda-cr-v-principais-carateristicas-e-vantagens\/#primaryimage","inLanguage":"pt-PT","url":"https:\/\/honda-automoveis.pt\/blog\/wp-content\/uploads\/2020\/06\/honda-cr-v-hybrid-em-branco-final.png","contentUrl":"https:\/\/honda-automoveis.pt\/blog\/wp-content\/uploads\/2020\/06\/honda-cr-v-hybrid-em-branco-final.png","width":804,"height":486,"caption":"O Novo Honda CR-V Hybrid em Branco"},{"@type":"WebPage","@id":"https:\/\/honda-automoveis.pt\/blog\/honda-cr-v-principais-carateristicas-e-vantagens\/#webpage","url":"https:\/\/honda-automoveis.pt\/blog\/honda-cr-v-principais-carateristicas-e-vantagens\/","name":"Honda CR-V: principais carater\u00edsticas e vantagens | Honda Portugal","isPartOf":{"@id":"https:\/\/honda-automoveis.pt\/blog\/#website"},"primaryImageOfPage":{"@id":"https:\/\/honda-automoveis.pt\/blog\/honda-cr-v-principais-carateristicas-e-vantagens\/#primaryimage"},"datePublished":"2020-06-16T16:47:08+00:00","dateModified":"2020-06-16T17:26:14+00:00","author":{"@id":"https:\/\/honda-automoveis.pt\/blog\/#\/schema\/person\/7f8ab873bdf8dbd771f0d57531954f87"},"description":"Mais espa\u00e7oso e eficiente: o novo Honda CR-V agora \u00e9 h\u00edbrido. Descubra as diferen\u00e7as entre gera\u00e7\u00f5es e as vantagens deste SUV familiar.","breadcrumb":{"@id":"https:\/\/honda-automoveis.pt\/blog\/honda-cr-v-principais-carateristicas-e-vantagens\/#breadcrumb"},"inLanguage":"pt-PT","potentialAction":[{"@type":"ReadAction","target":["https:\/\/honda-automoveis.pt\/blog\/honda-cr-v-principais-carateristicas-e-vantagens\/"]}]},{"@type":"BreadcrumbList","@id":"https:\/\/honda-automoveis.pt\/blog\/honda-cr-v-principais-carateristicas-e-vantagens\/#breadcrumb","itemListElement":[{"@type":"ListItem","position":1,"name":"In\u00edcio","item":"https:\/\/honda-automoveis.pt\/blog\/"},{"@type":"ListItem","position":2,"name":"Honda CR-V: principais carater\u00edsticas e vantagens"}]},{"@type":"Person","@id":"https:\/\/honda-automoveis.pt\/blog\/#\/schema\/person\/7f8ab873bdf8dbd771f0d57531954f87","name":"Honda Portugal Autom\u00f3veis","image":{"@type":"ImageObject","@id":"https:\/\/honda-automoveis.pt\/blog\/#personlogo","inLanguage":"pt-PT","url":"https:\/\/honda-automoveis.pt\/blog\/wp-content\/uploads\/2023\/06\/logo_perfil-150x150.png","contentUrl":"https:\/\/honda-automoveis.pt\/blog\/wp-content\/uploads\/2023\/06\/logo_perfil-150x150.png","caption":"Honda Portugal Autom\u00f3veis"},"description":"A Honda chegou a Portugal em 1968, preparada para conquistar os portugueses com a sua inovadora tecnologia e os melhores e mais fi\u00e1veis autom\u00f3veis. Com uma longa hist\u00f3ria de sucesso no nosso pa\u00eds, a Honda conquistou uma verdadeira comunidade de f\u00e3s, que reconhecem na marca a fiabilidade, seguran\u00e7a e tecnologia que nos caracterizam. A competi\u00e7\u00e3o e a performance est\u00e3o no nosso ADN e \u00e9 por isso que, diariamente, continuamos a trabalhar para que todas as viagens sejam verdadeiramente emocionantes.","url":"https:\/\/honda-automoveis.pt\/blog\/author\/honda-portugal\/"}]}},"_links":{"self":[{"href":"https:\/\/honda-automoveis.pt\/blog\/wp-json\/wp\/v2\/posts\/4042"}],"collection":[{"href":"https:\/\/honda-automoveis.pt\/blog\/wp-json\/wp\/v2\/posts"}],"about":[{"href":"https:\/\/honda-automoveis.pt\/blog\/wp-json\/wp\/v2\/types\/post"}],"author":[{"embeddable":true,"href":"https:\/\/honda-automoveis.pt\/blog\/wp-json\/wp\/v2\/users\/4"}],"replies":[{"embeddable":true,"href":"https:\/\/honda-automoveis.pt\/blog\/wp-json\/wp\/v2\/comments?post=4042"}],"version-history":[{"count":3,"href":"https:\/\/honda-automoveis.pt\/blog\/wp-json\/wp\/v2\/posts\/4042\/revisions"}],"predecessor-version":[{"id":4052,"href":"https:\/\/honda-automoveis.pt\/blog\/wp-json\/wp\/v2\/posts\/4042\/revisions\/4052"}],"wp:featuredmedia":[{"embeddable":true,"href":"https:\/\/honda-automoveis.pt\/blog\/wp-json\/wp\/v2\/media\/4057"}],"wp:attachment":[{"href":"https:\/\/honda-automoveis.pt\/blog\/wp-json\/wp\/v2\/media?parent=4042"}],"wp:term":[{"taxonomy":"category","embeddable":true,"href":"https:\/\/honda-automoveis.pt\/blog\/wp-json\/wp\/v2\/categories?post=4042"},{"taxonomy":"post_tag","embeddable":true,"href":"https:\/\/honda-automoveis.pt\/blog\/wp-json\/wp\/v2\/tags?post=4042"}],"curies":[{"name":"wp","href":"https:\/\/api.w.org\/{rel}","templated":true}]}}