{"id":40886,"date":"2021-03-17T16:57:06","date_gmt":"2021-03-17T16:57:06","guid":{"rendered":"https:\/\/honda-automoveis.pt\/blog\/?p=40886"},"modified":"2022-12-14T17:49:19","modified_gmt":"2022-12-14T17:49:19","slug":"primeiro-carro-eletrico","status":"publish","type":"post","link":"https:\/\/honda-automoveis.pt\/blog\/primeiro-carro-eletrico\/","title":{"rendered":"Guia completo para escolher o seu primeiro carro el\u00e9trico"},"content":{"rendered":"<p>Se est\u00e1 a planear a compra do seu <strong>primeiro carro el\u00e9trico<\/strong>, preparamos um guia que o vai ajudar a dar os primeiros passos no mundo da mobilidade com zero emiss\u00f5es!<\/p>\n<p>Saiba tudo sobre o funcionamento dos carros el\u00e9tricos, como se processa o carregamento, vantagens e desvantagens e ainda os aspetos que deve ter em conta ao escolher o seu <strong>primeiro carro el\u00e9trico<\/strong>.<\/p>\n<h2>O seu primeiro carro el\u00e9trico: um guia completo<\/h2>\n<h3>Como funciona um carro el\u00e9trico?<\/h3>\n<p>Os <strong><a href=\"https:\/\/honda-automoveis.pt\/pt\/carros\/honda-e\/\">ve\u00edculos 100% el\u00e9tricos<\/a> s\u00e3o carros movidos a energia el\u00e9trica<\/strong>, gerada por uma bateria que alimenta o carro, levando ao seu funcionamento. O facto de os carros el\u00e9tricos receberem a sua energia de uma <a href=\"https:\/\/honda-automoveis.pt\/blog\/reciclagem-de-baterias\/\">bateria<\/a> significa que s\u00e3o ve\u00edculos com zero emiss\u00f5es e um baixo impacto ambiental.<\/p>\n<p>Visto que a bateria \u00e9 o grande gerador de energia deste tipo de ve\u00edculos, ao comprar um carro el\u00e9trico dever\u00e1 saber como o pode carregar.<\/p>\n<h3>Como carregar um carro el\u00e9trico?<\/h3>\n<p>Para carregar o seu carro el\u00e9trico, tem duas op\u00e7\u00f5es: <strong>poder\u00e1 faz\u00ea-lo em casa ou em postos de carregamento p\u00fablicos e privados.<\/strong><\/p>\n<p><img loading=\"lazy\" class=\"alignnone size-full wp-image-40888\" src=\"https:\/\/honda-automoveis.pt\/blog\/wp-content\/uploads\/2021\/03\/honda-e-el\u00e9trico-a-carregar-1.jpg\" alt=\"Honda e el\u00e9trico a carregar\" width=\"1000\" height=\"667\" srcset=\"https:\/\/honda-automoveis.pt\/blog\/wp-content\/uploads\/2021\/03\/honda-e-el\u00e9trico-a-carregar-1.jpg 1000w, https:\/\/honda-automoveis.pt\/blog\/wp-content\/uploads\/2021\/03\/honda-e-el\u00e9trico-a-carregar-1-300x200.jpg 300w, https:\/\/honda-automoveis.pt\/blog\/wp-content\/uploads\/2021\/03\/honda-e-el\u00e9trico-a-carregar-1-768x512.jpg 768w\" sizes=\"(max-width: 1000px) 100vw, 1000px\" \/><\/p>\n<p>Para carregar o seu carro el\u00e9trico em casa, ir\u00e1 precisar de um cabo, se pretender utilizar uma tomada normal, ou ent\u00e3o uma <a href=\"https:\/\/honda-automoveis.pt\/blog\/wallbox-vantagens\/\">wallbox<\/a>. A wallbox \u00e9 um sistema que lhe permite um carregamento mais r\u00e1pido, visto que transmite uma maior pot\u00eancia de energia ao autom\u00f3vel, em compara\u00e7\u00e3o com as tomadas normais.<\/p>\n<p>Se optar por carregar o seu <strong>primeiro carro el\u00e9trico<\/strong> em postos de carregamento, saiba que existem dois tipos de postos: postos de carregamento r\u00e1pido (PCR), que permitem carregar ve\u00edculos el\u00e9tricos at\u00e9 22kW, e postos de carregamento normal (PCN) que permitem o carregamento de ve\u00edculos acima dos 22kW.<\/p>\n<p>Para utilizar estes postos de carregamento, ter\u00e1 de celebrar um contrato com um dos Comercializadores de Eletricidade para a Mobilidade El\u00e9trica (CEME), que lhe dar\u00e1 acesso a um cart\u00e3o de carregamento para os utilizar livremente. Dependendo do CEME que escolher, a forma de pagamento poder\u00e1 ser feita atrav\u00e9s de uma mensalidade ou a cada utiliza\u00e7\u00e3o.<\/p>\n<p><img loading=\"lazy\" class=\"alignnone size-full wp-image-40891\" src=\"https:\/\/honda-automoveis.pt\/blog\/wp-content\/uploads\/2021\/03\/honda-e-eletric-1.jpg\" alt=\"Honda e Carro El\u00e9trico\" width=\"1000\" height=\"663\" srcset=\"https:\/\/honda-automoveis.pt\/blog\/wp-content\/uploads\/2021\/03\/honda-e-eletric-1.jpg 1000w, https:\/\/honda-automoveis.pt\/blog\/wp-content\/uploads\/2021\/03\/honda-e-eletric-1-300x199.jpg 300w, https:\/\/honda-automoveis.pt\/blog\/wp-content\/uploads\/2021\/03\/honda-e-eletric-1-768x509.jpg 768w\" sizes=\"(max-width: 1000px) 100vw, 1000px\" \/><\/p>\n<h3>Vantagens dos carros el\u00e9tricos<\/h3>\n<p>Existem diversas vantagens associadas \u00e0 compra de carros el\u00e9tricos:<\/p>\n<p>&#8211; S\u00e3o carros com zero emiss\u00f5es poluentes, o que faz destes ve\u00edculos uma das melhores op\u00e7\u00f5es para uma mobilidade mais ecol\u00f3gica e sustent\u00e1vel.<\/p>\n<p>&#8211; Exigem menores cuidados de <a href=\"https:\/\/honda-automoveis.pt\/pt\/servicos\/manutencao\/\">manuten\u00e7\u00e3o<\/a> quando comparados com ve\u00edculos a combust\u00e3o. Isto deve-se ao facto dos seus componentes n\u00e3o se desgastarem com tanta facilidade, gra\u00e7as ao sistema el\u00e9trico que fornece a totalidade de energia a estes ve\u00edculos.<\/p>\n<p>&#8211; Poder\u00e1 beneficiar de diversos incentivos fiscais dados pelo governo.<\/p>\n<p>-O <a href=\"https:\/\/honda-automoveis.pt\/blog\/quanto-custa-carregar-carro-eletrico\/\">carregamento dos carros el\u00e9tricos<\/a> tem um custo bastante reduzido, quando comparado com os combust\u00edveis f\u00f3sseis. Para al\u00e9m disso, poder\u00e1 carregar o seu ve\u00edculo no conforto de sua casa, uma comodidade que n\u00e3o encontra nos ve\u00edculos a combust\u00e3o.<\/p>\n<h3>E existem mitos?<\/h3>\n<p>Perante todas as vantagens, existem alguns <a href=\"https:\/\/honda-automoveis.pt\/blog\/5-mitos-sobre-carros-eletricos-que-a-honda-o-ajuda-a-desmistificar\/\" target=\"_blank\" rel=\"noopener noreferrer\">mitos<\/a> e retic\u00eancias no momento de compra: o pre\u00e7o dos carros el\u00e9tricos continua ligeiramente elevado quando comparado com os carros h\u00edbridos ou a combust\u00e3o. No entanto, isto \u00e9 rapidamente desmistificado quando pensamos que os gastos com carregamento e manuten\u00e7\u00f5es s\u00e3o muito menores neste tipo de ve\u00edculos. Isto, associado aos benef\u00edcios garantidos pelo governo, faz com que o pre\u00e7o inicial do carro el\u00e9trico acabe por ser rapidamente compensado durante a sua utiliza\u00e7\u00e3o.<\/p>\n<p><img loading=\"lazy\" class=\"alignnone size-full wp-image-40889\" src=\"https:\/\/honda-automoveis.pt\/blog\/wp-content\/uploads\/2021\/03\/honda-e-carro-el\u00e9trico-amarelo.jpg\" alt=\"\" width=\"1000\" height=\"234\" srcset=\"https:\/\/honda-automoveis.pt\/blog\/wp-content\/uploads\/2021\/03\/honda-e-carro-el\u00e9trico-amarelo.jpg 1000w, https:\/\/honda-automoveis.pt\/blog\/wp-content\/uploads\/2021\/03\/honda-e-carro-el\u00e9trico-amarelo-300x70.jpg 300w, https:\/\/honda-automoveis.pt\/blog\/wp-content\/uploads\/2021\/03\/honda-e-carro-el\u00e9trico-amarelo-768x180.jpg 768w\" sizes=\"(max-width: 1000px) 100vw, 1000px\" \/><\/p>\n<h3>Como escolher o primeiro carro el\u00e9trico?<\/h3>\n<p>Quer esteja \u00e0 procura de <a href=\"https:\/\/honda-automoveis.pt\/blog\/carros-para-jovens\/\" target=\"_blank\" rel=\"noopener noreferrer\">carros para jovens<\/a>, ou queira trocar o seu carro a combust\u00e3o por um el\u00e9trico, deve sempre ter em conta alguns aspetos:<\/p>\n<p>&#8211; A autonomia do ve\u00edculo;<\/p>\n<p>&#8211; As tecnologias de seguran\u00e7a;<\/p>\n<p>&#8211; O espa\u00e7o interior;<\/p>\n<p>&#8211; Design exterior e interior.<\/p>\n<p><strong>Um dos carros que combina tudo isto \u00e9 o novo Honda e<\/strong>, uma escolha perfeita para primeiro carro el\u00e9trico!<\/p>\n<h2>Honda e: Um concept tornado realidade<\/h2>\n<p>Apesar de ter come\u00e7ado como um concept, o <a href=\"https:\/\/honda-automoveis.pt\/pt\/carros\/honda-e\/\" target=\"_blank\" rel=\"noopener noreferrer\">Honda e <\/a>rapidamente ganhou forma e \u00e9 uma \u00f3tima escolha para quem procura o seu <strong>primeiro carro el\u00e9trico<\/strong>. Com uma autonomia de 313 km\u2019s, em cidade, e a integra\u00e7\u00e3o das tecnologias de seguran\u00e7a <a href=\"https:\/\/honda-automoveis.pt\/blog\/sistemas-de-seguranca-honda-sensing\/\" target=\"_blank\" rel=\"noopener noreferrer\">Honda Sensing<\/a>, o Honda e garante-lhe uma condu\u00e7\u00e3o simples e segura, sem precisar de se preocupar com o carregamento em viagens mais longas. O seu espa\u00e7o interior foi concebido \u00e0 imagem de um lounge, com um espa\u00e7o consider\u00e1vel entre os seus bancos, e oferece um conforto excecional aos seus passageiros. Por fim, o seu design inconfund\u00edvel vai certamente surpreender e virar cabe\u00e7as quando o conduzir.<\/p>\n<p>Por tudo isto, e muito mais, o Honda e apresenta-se como uma \u00f3tima escolha para quem procura o seu <strong>primeiro carro el\u00e9trico<\/strong>. Comece a sua jornada na ecomobilidade com a <a href=\"https:\/\/honda-automoveis.pt\/\" target=\"_blank\" rel=\"noopener noreferrer\">Honda<\/a>!<\/p>\n","protected":false},"excerpt":{"rendered":"<p>Se est\u00e1 a planear a compra do seu primeiro carro el\u00e9trico, preparamos um guia que o vai ajudar a dar os primeiros passos no mundo da mobilidade com zero emiss\u00f5es! Saiba tudo sobre o funcionamento dos carros el\u00e9tricos, como se processa o carregamento, vantagens e desvantagens e ainda os aspetos que deve ter em conta <a href=\"https:\/\/honda-automoveis.pt\/blog\/primeiro-carro-eletrico\/\">(&hellip;)<\/a><\/p>\n","protected":false},"author":4,"featured_media":40894,"comment_status":"open","ping_status":"open","sticky":false,"template":"","format":"standard","meta":[],"categories":[16],"tags":[],"yoast_head":"<!-- This site is optimized with the Yoast SEO plugin v18.5 - https:\/\/yoast.com\/wordpress\/plugins\/seo\/ -->\n<title>Como escolher o primeiro carro el\u00e9trico | Honda Portugal<\/title>\n<meta name=\"description\" content=\"Est\u00e1 a planear comprar o seu primeiro carro el\u00e9trico? Preparamos para si um guia que o vai ajudar a entrar no mundo da mobilidade.\" \/>\n<meta name=\"robots\" content=\"index, follow, max-snippet:-1, max-image-preview:large, max-video-preview:-1\" \/>\n<link rel=\"canonical\" href=\"https:\/\/honda-automoveis.pt\/blog\/primeiro-carro-eletrico\/\" \/>\n<meta property=\"og:locale\" content=\"pt_PT\" \/>\n<meta property=\"og:type\" content=\"article\" \/>\n<meta property=\"og:title\" content=\"Como escolher o primeiro carro el\u00e9trico | Honda Portugal\" \/>\n<meta property=\"og:description\" content=\"Est\u00e1 a planear comprar o seu primeiro carro el\u00e9trico? Preparamos para si um guia que o vai ajudar a entrar no mundo da mobilidade.\" \/>\n<meta property=\"og:url\" content=\"https:\/\/honda-automoveis.pt\/blog\/primeiro-carro-eletrico\/\" \/>\n<meta property=\"og:site_name\" content=\"Honda Portugal\" \/>\n<meta property=\"article:published_time\" content=\"2021-03-17T16:57:06+00:00\" \/>\n<meta property=\"article:modified_time\" content=\"2022-12-14T17:49:19+00:00\" \/>\n<meta property=\"og:image\" content=\"https:\/\/honda-automoveis.pt\/blog\/wp-content\/uploads\/2021\/03\/Honda-e-el\u00e9trico.jpg\" \/>\n\t<meta property=\"og:image:width\" content=\"1000\" \/>\n\t<meta property=\"og:image:height\" content=\"667\" \/>\n\t<meta property=\"og:image:type\" content=\"image\/jpeg\" \/>\n<meta name=\"twitter:card\" content=\"summary_large_image\" \/>\n<meta name=\"twitter:label1\" content=\"Escrito por\" \/>\n\t<meta name=\"twitter:data1\" content=\"Honda Portugal Autom\u00f3veis\" \/>\n\t<meta name=\"twitter:label2\" content=\"Tempo estimado de leitura\" \/>\n\t<meta name=\"twitter:data2\" content=\"4 minutos\" \/>\n<script type=\"application\/ld+json\" class=\"yoast-schema-graph\">{\"@context\":\"https:\/\/schema.org\",\"@graph\":[{\"@type\":\"WebSite\",\"@id\":\"https:\/\/honda-automoveis.pt\/blog\/#website\",\"url\":\"https:\/\/honda-automoveis.pt\/blog\/\",\"name\":\"Honda Portugal\",\"description\":\"Dreamers&#039; Blog\",\"potentialAction\":[{\"@type\":\"SearchAction\",\"target\":{\"@type\":\"EntryPoint\",\"urlTemplate\":\"https:\/\/honda-automoveis.pt\/blog\/?s={search_term_string}\"},\"query-input\":\"required name=search_term_string\"}],\"inLanguage\":\"pt-PT\"},{\"@type\":\"ImageObject\",\"@id\":\"https:\/\/honda-automoveis.pt\/blog\/primeiro-carro-eletrico\/#primaryimage\",\"inLanguage\":\"pt-PT\",\"url\":\"https:\/\/honda-automoveis.pt\/blog\/wp-content\/uploads\/2021\/03\/Honda-e-el\u00e9trico.jpg\",\"contentUrl\":\"https:\/\/honda-automoveis.pt\/blog\/wp-content\/uploads\/2021\/03\/Honda-e-el\u00e9trico.jpg\",\"width\":1000,\"height\":667,\"caption\":\"Honda e na estrada\"},{\"@type\":\"WebPage\",\"@id\":\"https:\/\/honda-automoveis.pt\/blog\/primeiro-carro-eletrico\/#webpage\",\"url\":\"https:\/\/honda-automoveis.pt\/blog\/primeiro-carro-eletrico\/\",\"name\":\"Como escolher o primeiro carro el\u00e9trico | Honda Portugal\",\"isPartOf\":{\"@id\":\"https:\/\/honda-automoveis.pt\/blog\/#website\"},\"primaryImageOfPage\":{\"@id\":\"https:\/\/honda-automoveis.pt\/blog\/primeiro-carro-eletrico\/#primaryimage\"},\"datePublished\":\"2021-03-17T16:57:06+00:00\",\"dateModified\":\"2022-12-14T17:49:19+00:00\",\"author\":{\"@id\":\"https:\/\/honda-automoveis.pt\/blog\/#\/schema\/person\/7f8ab873bdf8dbd771f0d57531954f87\"},\"description\":\"Est\u00e1 a planear comprar o seu primeiro carro el\u00e9trico? Preparamos para si um guia que o vai ajudar a entrar no mundo da mobilidade.\",\"breadcrumb\":{\"@id\":\"https:\/\/honda-automoveis.pt\/blog\/primeiro-carro-eletrico\/#breadcrumb\"},\"inLanguage\":\"pt-PT\",\"potentialAction\":[{\"@type\":\"ReadAction\",\"target\":[\"https:\/\/honda-automoveis.pt\/blog\/primeiro-carro-eletrico\/\"]}]},{\"@type\":\"BreadcrumbList\",\"@id\":\"https:\/\/honda-automoveis.pt\/blog\/primeiro-carro-eletrico\/#breadcrumb\",\"itemListElement\":[{\"@type\":\"ListItem\",\"position\":1,\"name\":\"In\u00edcio\",\"item\":\"https:\/\/honda-automoveis.pt\/blog\/\"},{\"@type\":\"ListItem\",\"position\":2,\"name\":\"Guia completo para escolher o seu primeiro carro el\u00e9trico\"}]},{\"@type\":\"Person\",\"@id\":\"https:\/\/honda-automoveis.pt\/blog\/#\/schema\/person\/7f8ab873bdf8dbd771f0d57531954f87\",\"name\":\"Honda Portugal Autom\u00f3veis\",\"image\":{\"@type\":\"ImageObject\",\"@id\":\"https:\/\/honda-automoveis.pt\/blog\/#personlogo\",\"inLanguage\":\"pt-PT\",\"url\":\"https:\/\/honda-automoveis.pt\/blog\/wp-content\/uploads\/2023\/06\/logo_perfil-150x150.png\",\"contentUrl\":\"https:\/\/honda-automoveis.pt\/blog\/wp-content\/uploads\/2023\/06\/logo_perfil-150x150.png\",\"caption\":\"Honda Portugal Autom\u00f3veis\"},\"description\":\"A Honda chegou a Portugal em 1968, preparada para conquistar os portugueses com a sua inovadora tecnologia e os melhores e mais fi\u00e1veis autom\u00f3veis. Com uma longa hist\u00f3ria de sucesso no nosso pa\u00eds, a Honda conquistou uma verdadeira comunidade de f\u00e3s, que reconhecem na marca a fiabilidade, seguran\u00e7a e tecnologia que nos caracterizam. A competi\u00e7\u00e3o e a performance est\u00e3o no nosso ADN e \u00e9 por isso que, diariamente, continuamos a trabalhar para que todas as viagens sejam verdadeiramente emocionantes.\",\"url\":\"https:\/\/honda-automoveis.pt\/blog\/author\/honda-portugal\/\"}]}<\/script>\n<!-- \/ Yoast SEO plugin. -->","yoast_head_json":{"title":"Como escolher o primeiro carro el\u00e9trico | Honda Portugal","description":"Est\u00e1 a planear comprar o seu primeiro carro el\u00e9trico? Preparamos para si um guia que o vai ajudar a entrar no mundo da mobilidade.","robots":{"index":"index","follow":"follow","max-snippet":"max-snippet:-1","max-image-preview":"max-image-preview:large","max-video-preview":"max-video-preview:-1"},"canonical":"https:\/\/honda-automoveis.pt\/blog\/primeiro-carro-eletrico\/","og_locale":"pt_PT","og_type":"article","og_title":"Como escolher o primeiro carro el\u00e9trico | Honda Portugal","og_description":"Est\u00e1 a planear comprar o seu primeiro carro el\u00e9trico? Preparamos para si um guia que o vai ajudar a entrar no mundo da mobilidade.","og_url":"https:\/\/honda-automoveis.pt\/blog\/primeiro-carro-eletrico\/","og_site_name":"Honda Portugal","article_published_time":"2021-03-17T16:57:06+00:00","article_modified_time":"2022-12-14T17:49:19+00:00","og_image":[{"width":1000,"height":667,"url":"https:\/\/honda-automoveis.pt\/blog\/wp-content\/uploads\/2021\/03\/Honda-e-el\u00e9trico.jpg","type":"image\/jpeg"}],"twitter_card":"summary_large_image","twitter_misc":{"Escrito por":"Honda Portugal Autom\u00f3veis","Tempo estimado de leitura":"4 minutos"},"schema":{"@context":"https:\/\/schema.org","@graph":[{"@type":"WebSite","@id":"https:\/\/honda-automoveis.pt\/blog\/#website","url":"https:\/\/honda-automoveis.pt\/blog\/","name":"Honda Portugal","description":"Dreamers&#039; Blog","potentialAction":[{"@type":"SearchAction","target":{"@type":"EntryPoint","urlTemplate":"https:\/\/honda-automoveis.pt\/blog\/?s={search_term_string}"},"query-input":"required name=search_term_string"}],"inLanguage":"pt-PT"},{"@type":"ImageObject","@id":"https:\/\/honda-automoveis.pt\/blog\/primeiro-carro-eletrico\/#primaryimage","inLanguage":"pt-PT","url":"https:\/\/honda-automoveis.pt\/blog\/wp-content\/uploads\/2021\/03\/Honda-e-el\u00e9trico.jpg","contentUrl":"https:\/\/honda-automoveis.pt\/blog\/wp-content\/uploads\/2021\/03\/Honda-e-el\u00e9trico.jpg","width":1000,"height":667,"caption":"Honda e na estrada"},{"@type":"WebPage","@id":"https:\/\/honda-automoveis.pt\/blog\/primeiro-carro-eletrico\/#webpage","url":"https:\/\/honda-automoveis.pt\/blog\/primeiro-carro-eletrico\/","name":"Como escolher o primeiro carro el\u00e9trico | Honda Portugal","isPartOf":{"@id":"https:\/\/honda-automoveis.pt\/blog\/#website"},"primaryImageOfPage":{"@id":"https:\/\/honda-automoveis.pt\/blog\/primeiro-carro-eletrico\/#primaryimage"},"datePublished":"2021-03-17T16:57:06+00:00","dateModified":"2022-12-14T17:49:19+00:00","author":{"@id":"https:\/\/honda-automoveis.pt\/blog\/#\/schema\/person\/7f8ab873bdf8dbd771f0d57531954f87"},"description":"Est\u00e1 a planear comprar o seu primeiro carro el\u00e9trico? Preparamos para si um guia que o vai ajudar a entrar no mundo da mobilidade.","breadcrumb":{"@id":"https:\/\/honda-automoveis.pt\/blog\/primeiro-carro-eletrico\/#breadcrumb"},"inLanguage":"pt-PT","potentialAction":[{"@type":"ReadAction","target":["https:\/\/honda-automoveis.pt\/blog\/primeiro-carro-eletrico\/"]}]},{"@type":"BreadcrumbList","@id":"https:\/\/honda-automoveis.pt\/blog\/primeiro-carro-eletrico\/#breadcrumb","itemListElement":[{"@type":"ListItem","position":1,"name":"In\u00edcio","item":"https:\/\/honda-automoveis.pt\/blog\/"},{"@type":"ListItem","position":2,"name":"Guia completo para escolher o seu primeiro carro el\u00e9trico"}]},{"@type":"Person","@id":"https:\/\/honda-automoveis.pt\/blog\/#\/schema\/person\/7f8ab873bdf8dbd771f0d57531954f87","name":"Honda Portugal Autom\u00f3veis","image":{"@type":"ImageObject","@id":"https:\/\/honda-automoveis.pt\/blog\/#personlogo","inLanguage":"pt-PT","url":"https:\/\/honda-automoveis.pt\/blog\/wp-content\/uploads\/2023\/06\/logo_perfil-150x150.png","contentUrl":"https:\/\/honda-automoveis.pt\/blog\/wp-content\/uploads\/2023\/06\/logo_perfil-150x150.png","caption":"Honda Portugal Autom\u00f3veis"},"description":"A Honda chegou a Portugal em 1968, preparada para conquistar os portugueses com a sua inovadora tecnologia e os melhores e mais fi\u00e1veis autom\u00f3veis. Com uma longa hist\u00f3ria de sucesso no nosso pa\u00eds, a Honda conquistou uma verdadeira comunidade de f\u00e3s, que reconhecem na marca a fiabilidade, seguran\u00e7a e tecnologia que nos caracterizam. A competi\u00e7\u00e3o e a performance est\u00e3o no nosso ADN e \u00e9 por isso que, diariamente, continuamos a trabalhar para que todas as viagens sejam verdadeiramente emocionantes.","url":"https:\/\/honda-automoveis.pt\/blog\/author\/honda-portugal\/"}]}},"_links":{"self":[{"href":"https:\/\/honda-automoveis.pt\/blog\/wp-json\/wp\/v2\/posts\/40886"}],"collection":[{"href":"https:\/\/honda-automoveis.pt\/blog\/wp-json\/wp\/v2\/posts"}],"about":[{"href":"https:\/\/honda-automoveis.pt\/blog\/wp-json\/wp\/v2\/types\/post"}],"author":[{"embeddable":true,"href":"https:\/\/honda-automoveis.pt\/blog\/wp-json\/wp\/v2\/users\/4"}],"replies":[{"embeddable":true,"href":"https:\/\/honda-automoveis.pt\/blog\/wp-json\/wp\/v2\/comments?post=40886"}],"version-history":[{"count":5,"href":"https:\/\/honda-automoveis.pt\/blog\/wp-json\/wp\/v2\/posts\/40886\/revisions"}],"predecessor-version":[{"id":47203,"href":"https:\/\/honda-automoveis.pt\/blog\/wp-json\/wp\/v2\/posts\/40886\/revisions\/47203"}],"wp:featuredmedia":[{"embeddable":true,"href":"https:\/\/honda-automoveis.pt\/blog\/wp-json\/wp\/v2\/media\/40894"}],"wp:attachment":[{"href":"https:\/\/honda-automoveis.pt\/blog\/wp-json\/wp\/v2\/media?parent=40886"}],"wp:term":[{"taxonomy":"category","embeddable":true,"href":"https:\/\/honda-automoveis.pt\/blog\/wp-json\/wp\/v2\/categories?post=40886"},{"taxonomy":"post_tag","embeddable":true,"href":"https:\/\/honda-automoveis.pt\/blog\/wp-json\/wp\/v2\/tags?post=40886"}],"curies":[{"name":"wp","href":"https:\/\/api.w.org\/{rel}","templated":true}]}}