{"id":42148,"date":"2021-06-02T13:49:23","date_gmt":"2021-06-02T13:49:23","guid":{"rendered":"https:\/\/honda-automoveis.pt\/blog\/?p=42148"},"modified":"2021-12-21T17:08:00","modified_gmt":"2021-12-21T17:08:00","slug":"carro-100-eletrico","status":"publish","type":"post","link":"https:\/\/honda-automoveis.pt\/blog\/carro-100-eletrico\/","title":{"rendered":"Quais os benef\u00edcios de conduzir um carro 100% el\u00e9trico?"},"content":{"rendered":"<p>A transi\u00e7\u00e3o para uma mobilidade ecol\u00f3gica est\u00e1 a ser feita a um ritmo cada vez maior, tanto pelas marcas, que continuam a apostar em carros el\u00e9tricos, como pelos condutores, que come\u00e7am a incluir nas suas decis\u00f5es esses mesmos carros. Para quem procura mudar os seus h\u00e1bitos de mobilidade e reduzir a sua pegada de CO2, um <strong>carro 100% el\u00e9trico<\/strong> \u00e9 a melhor op\u00e7\u00e3o, e h\u00e1 cada vez mais motivos e benef\u00edcios para quem escolhe estes ve\u00edculos!<\/p>\n<p>Descubra quais e confira por si mesmo.<\/p>\n<h2>Carro 100% el\u00e9trico: conhe\u00e7a os benef\u00edcios<\/h2>\n<h3>Menos gastos com manuten\u00e7\u00e3o<\/h3>\n<p>Um <strong>carro 100% el\u00e9trico<\/strong> tem, por norma, menos componentes mec\u00e2nicos que um carro que utilize um motor a combust\u00e3o. Isto faz com que haja menos necessidade de <a href=\"https:\/\/honda-automoveis.pt\/pt\/servicos\/manutencao\/\">manuten\u00e7\u00e3o<\/a>, logo, menos custos com a mesma. No que toca \u00e0 manuten\u00e7\u00e3o de um carro el\u00e9trico, o elemento que vai precisar mais da sua aten\u00e7\u00e3o ser\u00e1 a bateria, o elemento central que fornece energia ao ve\u00edculo el\u00e9trico.<\/p>\n<h3><img loading=\"lazy\" class=\"alignnone size-full wp-image-40344\" src=\"https:\/\/honda-automoveis.pt\/blog\/wp-content\/uploads\/2021\/02\/honda-e-branco.jpg\" alt=\"Honda e na estrada\" width=\"1000\" height=\"695\" srcset=\"https:\/\/honda-automoveis.pt\/blog\/wp-content\/uploads\/2021\/02\/honda-e-branco.jpg 1000w, https:\/\/honda-automoveis.pt\/blog\/wp-content\/uploads\/2021\/02\/honda-e-branco-300x209.jpg 300w, https:\/\/honda-automoveis.pt\/blog\/wp-content\/uploads\/2021\/02\/honda-e-branco-768x534.jpg 768w\" sizes=\"(max-width: 1000px) 100vw, 1000px\" \/><\/h3>\n<h3>Poupan\u00e7a em Combust\u00edvel<\/h3>\n<p>O abastecimento \u00e9 uma das maiores despesas que os condutores t\u00eam com os seus autom\u00f3veis. No entanto, essa despesa \u00e9 muito menor para os condutores de <a href=\"https:\/\/honda-automoveis.pt\/pt\/carros\/honda-e\/\">carros el\u00e9tricos<\/a>.<\/p>\n<p>Vejamos um exemplo: imagine que quer carregar o Honda e em casa e que o custo kWh em sua casa \u00e9 de 0,16 c\u00eantimos por kWh. O Honda e vem equipado com uma bateria de 35,5 kWh, o que significa que, para carregar a bateria na sua totalidade, ir\u00e1 gastar apenas 5,68\u20ac, garantindo-lhe uma autonomia em cidade at\u00e9 313 quil\u00f3metros.<\/p>\n<p>Imaginando que o custo kWh na sua casa \u00e9 de 0,16 c\u00eantimos por kWh e que pretende carregar um\u00a0<a href=\"https:\/\/honda-automoveis.pt\/pt\/carros\/honda-e\/\">Honda e<\/a>\u00a0em casa. O Honda e vem equipado com uma bateria de 35,5 kWh. Para carregar totalmente a bateria deste autom\u00f3vel el\u00e9trico iria gastar apenas 5,68\u20ac, garantindo-lhe uma autonomia em cidade at\u00e9 313 quil\u00f3metros.<\/p>\n<p>No caso de um carro a gas\u00f3leo, para percorrer os mesmos 313 quil\u00f3metros, iria precisar, em m\u00e9dia, de 27\u20ac para abastecer o carro. No caso do ser um carro a gasolina, o valor sobe para 36\u20ac.<\/p>\n<h3>Apoios do Estado<\/h3>\n<p>Como parte da estrat\u00e9gia europeia para diminuir os n\u00edveis de emiss\u00f5es, o Governo Portugu\u00eas anuncia, todos os anos, um conjunto de incentivos monet\u00e1rios para a compra de ve\u00edculos el\u00e9tricos. Em 2021, esses<a href=\"https:\/\/honda-automoveis.pt\/blog\/incentivos-carros-eletricos-2021-2\/\" target=\"_blank\" rel=\"noopener noreferrer\"> incentivos<\/a> consistem num cheque de 3.000\u20ac para apoiar a compra de um ve\u00edculo el\u00e9trico ligeiro, com valor at\u00e9 62.500\u20ac.<\/p>\n<p>Se pretende candidatar-se a um destes apoios, poder\u00e1 faz\u00ea-lo atrav\u00e9s deste formul\u00e1rio e iniciar a sua jornada na mobilidade ecol\u00f3gica!<\/p>\n<div class=\"external_link\">\r\r\n            <a target=\"_blank\" href=\"https:\/\/honda-automoveis.pt\/pt\/carros\/honda-e\/\">\r\r\n                <div class=\"image-wrap\">\r\r\n                    <img src=\"https:\/\/honda-automoveis.pt\/blog\/wp-content\/uploads\/2021\/02\/honda-e-carregamento.jpg\">\r\r\n                <\/div>\r\r\n                <div class=\"text\">\r\r\n                    <div class=\"link-name\">Honda e<\/div>\r\r\n                    <div class=\"link-description\">Conhe\u00e7a o carro 100% el\u00e9trico da Honda<\/div>\r\r\n                    <div class=\"link-url\">https:\/\/honda-automoveis.pt\/pt\/carros\/honda-e\/<\/div>\r\r\n                <\/div>\r\r\n            <\/a>\r\r\n        <\/div>\n<h3>Condu\u00e7\u00e3o com Zero Emiss\u00f5es<\/h3>\n<p>Uma das raz\u00f5es mais l\u00f3gicas para optar por um <strong>ve\u00edculo 100% el\u00e9trico<\/strong> \u00e9 o facto de que estar\u00e1 a contribuir para o meio ambiente, ao conduzir um carro com zero emiss\u00f5es de CO2.<\/p>\n<h3>Tecnologia mais Avan\u00e7ada<\/h3>\n<p>Os carros el\u00e9tricos s\u00e3o, na sua maioria, ve\u00edculos recentes e constru\u00eddos com v\u00e1rias ferramentas tecnol\u00f3gicas avan\u00e7adas, desenhadas para ajudar o condutor enquanto este estiver dentro do ve\u00edculo. O Honda e, por exemplo, vem equipado com duas c\u00e2maras compactas laterais, que substituem os tradicionais espelhos retrovisores. Esta inova\u00e7\u00e3o tecnol\u00f3gica permite ao condutor ter uma vis\u00e3o mais abrangente e completa do exterior do carro, eliminando praticamente o perigo do \u201c\u00e2ngulo morto\u201d. O ve\u00edculo vem ainda equipado com uma c\u00e2mara retrovisora traseira, que substitui o espelho retrovisor central.<\/p>\n<p><img loading=\"lazy\" class=\"alignnone size-full wp-image-42151\" src=\"https:\/\/honda-automoveis.pt\/blog\/wp-content\/uploads\/2021\/06\/espelho-retrovisor.jpg\" alt=\"espelho retrovisor\" width=\"1000\" height=\"667\" srcset=\"https:\/\/honda-automoveis.pt\/blog\/wp-content\/uploads\/2021\/06\/espelho-retrovisor.jpg 1000w, https:\/\/honda-automoveis.pt\/blog\/wp-content\/uploads\/2021\/06\/espelho-retrovisor-300x200.jpg 300w, https:\/\/honda-automoveis.pt\/blog\/wp-content\/uploads\/2021\/06\/espelho-retrovisor-768x512.jpg 768w\" sizes=\"(max-width: 1000px) 100vw, 1000px\" \/><\/p>\n<h3>Mais Tranquilidade na Condu\u00e7\u00e3o<\/h3>\n<p>Uma das caracter\u00edsticas mais distintivas dos carros el\u00e9tricos \u00e9 o facto de estes n\u00e3o produzirem qualquer barulho no seu funcionamento. Isto vai permitir-lhe ter uma condu\u00e7\u00e3o mais tranquila, e ainda estar mais atento ao ambiente que o rodeia.<\/p>\n<h3>Carros com Design Moderno<\/h3>\n<p>A tecnologia 100% el\u00e9trica \u00e9 relativamente recente, o que significa que a maioria dos <strong>carros 100% el\u00e9tricos<\/strong>\u00a0possuem um design mais moderno. Um exemplo disso \u00e9 o Honda e, o ve\u00edculo el\u00e9trico da Honda, que tem arrecadado pr\u00e9mios de design em todo o mundo gra\u00e7as \u00e0s suas linhas minimalistas e futuristas. Com o Honda e, ter\u00e1 todos os olhos postos em si, e pelos melhores motivos.<\/p>\n","protected":false},"excerpt":{"rendered":"<p>A transi\u00e7\u00e3o para uma mobilidade ecol\u00f3gica est\u00e1 a ser feita a um ritmo cada vez maior, tanto pelas marcas, que continuam a apostar em carros el\u00e9tricos, como pelos condutores, que come\u00e7am a incluir nas suas decis\u00f5es esses mesmos carros. Para quem procura mudar os seus h\u00e1bitos de mobilidade e reduzir a sua pegada de CO2, <a href=\"https:\/\/honda-automoveis.pt\/blog\/carro-100-eletrico\/\">(&hellip;)<\/a><\/p>\n","protected":false},"author":4,"featured_media":38937,"comment_status":"open","ping_status":"open","sticky":false,"template":"","format":"standard","meta":[],"categories":[1],"tags":[],"yoast_head":"<!-- This site is optimized with the Yoast SEO plugin v18.5 - https:\/\/yoast.com\/wordpress\/plugins\/seo\/ -->\n<title>Carro 100% el\u00e9trico | Honda Portugal<\/title>\n<meta name=\"description\" content=\"Descubra os benef\u00edcios de conduzir um carro 100% el\u00e9trico e comece a sua transi\u00e7\u00e3o para uma mobilidade ecol\u00f3gica com a Honda.\" \/>\n<meta name=\"robots\" content=\"index, follow, max-snippet:-1, max-image-preview:large, max-video-preview:-1\" \/>\n<link rel=\"canonical\" href=\"https:\/\/honda-automoveis.pt\/blog\/carro-100-eletrico\/\" \/>\n<meta property=\"og:locale\" content=\"pt_PT\" \/>\n<meta property=\"og:type\" content=\"article\" \/>\n<meta property=\"og:title\" content=\"Carro 100% el\u00e9trico | Honda Portugal\" \/>\n<meta property=\"og:description\" content=\"Descubra os benef\u00edcios de conduzir um carro 100% el\u00e9trico e comece a sua transi\u00e7\u00e3o para uma mobilidade ecol\u00f3gica com a Honda.\" \/>\n<meta property=\"og:url\" content=\"https:\/\/honda-automoveis.pt\/blog\/carro-100-eletrico\/\" \/>\n<meta property=\"og:site_name\" content=\"Honda Portugal\" \/>\n<meta property=\"article:published_time\" content=\"2021-06-02T13:49:23+00:00\" \/>\n<meta property=\"article:modified_time\" content=\"2021-12-21T17:08:00+00:00\" \/>\n<meta property=\"og:image\" content=\"https:\/\/honda-automoveis.pt\/blog\/wp-content\/uploads\/2021\/02\/imposto-unico-automovel-condutora-de-honda-e-consulta-telem\u00f3vel.jpg\" \/>\n\t<meta property=\"og:image:width\" content=\"1000\" \/>\n\t<meta property=\"og:image:height\" content=\"667\" \/>\n\t<meta property=\"og:image:type\" content=\"image\/jpeg\" \/>\n<meta name=\"twitter:card\" content=\"summary_large_image\" \/>\n<meta name=\"twitter:label1\" content=\"Escrito por\" \/>\n\t<meta name=\"twitter:data1\" content=\"Honda Portugal Autom\u00f3veis\" \/>\n\t<meta name=\"twitter:label2\" content=\"Tempo estimado de leitura\" \/>\n\t<meta name=\"twitter:data2\" content=\"4 minutos\" \/>\n<script type=\"application\/ld+json\" class=\"yoast-schema-graph\">{\"@context\":\"https:\/\/schema.org\",\"@graph\":[{\"@type\":\"WebSite\",\"@id\":\"https:\/\/honda-automoveis.pt\/blog\/#website\",\"url\":\"https:\/\/honda-automoveis.pt\/blog\/\",\"name\":\"Honda Portugal\",\"description\":\"Dreamers&#039; Blog\",\"potentialAction\":[{\"@type\":\"SearchAction\",\"target\":{\"@type\":\"EntryPoint\",\"urlTemplate\":\"https:\/\/honda-automoveis.pt\/blog\/?s={search_term_string}\"},\"query-input\":\"required name=search_term_string\"}],\"inLanguage\":\"pt-PT\"},{\"@type\":\"ImageObject\",\"@id\":\"https:\/\/honda-automoveis.pt\/blog\/carro-100-eletrico\/#primaryimage\",\"inLanguage\":\"pt-PT\",\"url\":\"https:\/\/honda-automoveis.pt\/blog\/wp-content\/uploads\/2021\/02\/imposto-unico-automovel-condutora-de-honda-e-consulta-telem\u00f3vel.jpg\",\"contentUrl\":\"https:\/\/honda-automoveis.pt\/blog\/wp-content\/uploads\/2021\/02\/imposto-unico-automovel-condutora-de-honda-e-consulta-telem\u00f3vel.jpg\",\"width\":1000,\"height\":667,\"caption\":\"imposto unico automovel - condutora de honda e consulta telem\u00f3vel\"},{\"@type\":\"WebPage\",\"@id\":\"https:\/\/honda-automoveis.pt\/blog\/carro-100-eletrico\/#webpage\",\"url\":\"https:\/\/honda-automoveis.pt\/blog\/carro-100-eletrico\/\",\"name\":\"Carro 100% el\u00e9trico | Honda Portugal\",\"isPartOf\":{\"@id\":\"https:\/\/honda-automoveis.pt\/blog\/#website\"},\"primaryImageOfPage\":{\"@id\":\"https:\/\/honda-automoveis.pt\/blog\/carro-100-eletrico\/#primaryimage\"},\"datePublished\":\"2021-06-02T13:49:23+00:00\",\"dateModified\":\"2021-12-21T17:08:00+00:00\",\"author\":{\"@id\":\"https:\/\/honda-automoveis.pt\/blog\/#\/schema\/person\/7f8ab873bdf8dbd771f0d57531954f87\"},\"description\":\"Descubra os benef\u00edcios de conduzir um carro 100% el\u00e9trico e comece a sua transi\u00e7\u00e3o para uma mobilidade ecol\u00f3gica com a Honda.\",\"breadcrumb\":{\"@id\":\"https:\/\/honda-automoveis.pt\/blog\/carro-100-eletrico\/#breadcrumb\"},\"inLanguage\":\"pt-PT\",\"potentialAction\":[{\"@type\":\"ReadAction\",\"target\":[\"https:\/\/honda-automoveis.pt\/blog\/carro-100-eletrico\/\"]}]},{\"@type\":\"BreadcrumbList\",\"@id\":\"https:\/\/honda-automoveis.pt\/blog\/carro-100-eletrico\/#breadcrumb\",\"itemListElement\":[{\"@type\":\"ListItem\",\"position\":1,\"name\":\"In\u00edcio\",\"item\":\"https:\/\/honda-automoveis.pt\/blog\/\"},{\"@type\":\"ListItem\",\"position\":2,\"name\":\"Quais os benef\u00edcios de conduzir um carro 100% el\u00e9trico?\"}]},{\"@type\":\"Person\",\"@id\":\"https:\/\/honda-automoveis.pt\/blog\/#\/schema\/person\/7f8ab873bdf8dbd771f0d57531954f87\",\"name\":\"Honda Portugal Autom\u00f3veis\",\"image\":{\"@type\":\"ImageObject\",\"@id\":\"https:\/\/honda-automoveis.pt\/blog\/#personlogo\",\"inLanguage\":\"pt-PT\",\"url\":\"https:\/\/honda-automoveis.pt\/blog\/wp-content\/uploads\/2023\/06\/logo_perfil-150x150.png\",\"contentUrl\":\"https:\/\/honda-automoveis.pt\/blog\/wp-content\/uploads\/2023\/06\/logo_perfil-150x150.png\",\"caption\":\"Honda Portugal Autom\u00f3veis\"},\"description\":\"A Honda chegou a Portugal em 1968, preparada para conquistar os portugueses com a sua inovadora tecnologia e os melhores e mais fi\u00e1veis autom\u00f3veis. Com uma longa hist\u00f3ria de sucesso no nosso pa\u00eds, a Honda conquistou uma verdadeira comunidade de f\u00e3s, que reconhecem na marca a fiabilidade, seguran\u00e7a e tecnologia que nos caracterizam. A competi\u00e7\u00e3o e a performance est\u00e3o no nosso ADN e \u00e9 por isso que, diariamente, continuamos a trabalhar para que todas as viagens sejam verdadeiramente emocionantes.\",\"url\":\"https:\/\/honda-automoveis.pt\/blog\/author\/honda-portugal\/\"}]}<\/script>\n<!-- \/ Yoast SEO plugin. -->","yoast_head_json":{"title":"Carro 100% el\u00e9trico | Honda Portugal","description":"Descubra os benef\u00edcios de conduzir um carro 100% el\u00e9trico e comece a sua transi\u00e7\u00e3o para uma mobilidade ecol\u00f3gica com a Honda.","robots":{"index":"index","follow":"follow","max-snippet":"max-snippet:-1","max-image-preview":"max-image-preview:large","max-video-preview":"max-video-preview:-1"},"canonical":"https:\/\/honda-automoveis.pt\/blog\/carro-100-eletrico\/","og_locale":"pt_PT","og_type":"article","og_title":"Carro 100% el\u00e9trico | Honda Portugal","og_description":"Descubra os benef\u00edcios de conduzir um carro 100% el\u00e9trico e comece a sua transi\u00e7\u00e3o para uma mobilidade ecol\u00f3gica com a Honda.","og_url":"https:\/\/honda-automoveis.pt\/blog\/carro-100-eletrico\/","og_site_name":"Honda Portugal","article_published_time":"2021-06-02T13:49:23+00:00","article_modified_time":"2021-12-21T17:08:00+00:00","og_image":[{"width":1000,"height":667,"url":"https:\/\/honda-automoveis.pt\/blog\/wp-content\/uploads\/2021\/02\/imposto-unico-automovel-condutora-de-honda-e-consulta-telem\u00f3vel.jpg","type":"image\/jpeg"}],"twitter_card":"summary_large_image","twitter_misc":{"Escrito por":"Honda Portugal Autom\u00f3veis","Tempo estimado de leitura":"4 minutos"},"schema":{"@context":"https:\/\/schema.org","@graph":[{"@type":"WebSite","@id":"https:\/\/honda-automoveis.pt\/blog\/#website","url":"https:\/\/honda-automoveis.pt\/blog\/","name":"Honda Portugal","description":"Dreamers&#039; Blog","potentialAction":[{"@type":"SearchAction","target":{"@type":"EntryPoint","urlTemplate":"https:\/\/honda-automoveis.pt\/blog\/?s={search_term_string}"},"query-input":"required name=search_term_string"}],"inLanguage":"pt-PT"},{"@type":"ImageObject","@id":"https:\/\/honda-automoveis.pt\/blog\/carro-100-eletrico\/#primaryimage","inLanguage":"pt-PT","url":"https:\/\/honda-automoveis.pt\/blog\/wp-content\/uploads\/2021\/02\/imposto-unico-automovel-condutora-de-honda-e-consulta-telem\u00f3vel.jpg","contentUrl":"https:\/\/honda-automoveis.pt\/blog\/wp-content\/uploads\/2021\/02\/imposto-unico-automovel-condutora-de-honda-e-consulta-telem\u00f3vel.jpg","width":1000,"height":667,"caption":"imposto unico automovel - condutora de honda e consulta telem\u00f3vel"},{"@type":"WebPage","@id":"https:\/\/honda-automoveis.pt\/blog\/carro-100-eletrico\/#webpage","url":"https:\/\/honda-automoveis.pt\/blog\/carro-100-eletrico\/","name":"Carro 100% el\u00e9trico | Honda Portugal","isPartOf":{"@id":"https:\/\/honda-automoveis.pt\/blog\/#website"},"primaryImageOfPage":{"@id":"https:\/\/honda-automoveis.pt\/blog\/carro-100-eletrico\/#primaryimage"},"datePublished":"2021-06-02T13:49:23+00:00","dateModified":"2021-12-21T17:08:00+00:00","author":{"@id":"https:\/\/honda-automoveis.pt\/blog\/#\/schema\/person\/7f8ab873bdf8dbd771f0d57531954f87"},"description":"Descubra os benef\u00edcios de conduzir um carro 100% el\u00e9trico e comece a sua transi\u00e7\u00e3o para uma mobilidade ecol\u00f3gica com a Honda.","breadcrumb":{"@id":"https:\/\/honda-automoveis.pt\/blog\/carro-100-eletrico\/#breadcrumb"},"inLanguage":"pt-PT","potentialAction":[{"@type":"ReadAction","target":["https:\/\/honda-automoveis.pt\/blog\/carro-100-eletrico\/"]}]},{"@type":"BreadcrumbList","@id":"https:\/\/honda-automoveis.pt\/blog\/carro-100-eletrico\/#breadcrumb","itemListElement":[{"@type":"ListItem","position":1,"name":"In\u00edcio","item":"https:\/\/honda-automoveis.pt\/blog\/"},{"@type":"ListItem","position":2,"name":"Quais os benef\u00edcios de conduzir um carro 100% el\u00e9trico?"}]},{"@type":"Person","@id":"https:\/\/honda-automoveis.pt\/blog\/#\/schema\/person\/7f8ab873bdf8dbd771f0d57531954f87","name":"Honda Portugal Autom\u00f3veis","image":{"@type":"ImageObject","@id":"https:\/\/honda-automoveis.pt\/blog\/#personlogo","inLanguage":"pt-PT","url":"https:\/\/honda-automoveis.pt\/blog\/wp-content\/uploads\/2023\/06\/logo_perfil-150x150.png","contentUrl":"https:\/\/honda-automoveis.pt\/blog\/wp-content\/uploads\/2023\/06\/logo_perfil-150x150.png","caption":"Honda Portugal Autom\u00f3veis"},"description":"A Honda chegou a Portugal em 1968, preparada para conquistar os portugueses com a sua inovadora tecnologia e os melhores e mais fi\u00e1veis autom\u00f3veis. Com uma longa hist\u00f3ria de sucesso no nosso pa\u00eds, a Honda conquistou uma verdadeira comunidade de f\u00e3s, que reconhecem na marca a fiabilidade, seguran\u00e7a e tecnologia que nos caracterizam. A competi\u00e7\u00e3o e a performance est\u00e3o no nosso ADN e \u00e9 por isso que, diariamente, continuamos a trabalhar para que todas as viagens sejam verdadeiramente emocionantes.","url":"https:\/\/honda-automoveis.pt\/blog\/author\/honda-portugal\/"}]}},"_links":{"self":[{"href":"https:\/\/honda-automoveis.pt\/blog\/wp-json\/wp\/v2\/posts\/42148"}],"collection":[{"href":"https:\/\/honda-automoveis.pt\/blog\/wp-json\/wp\/v2\/posts"}],"about":[{"href":"https:\/\/honda-automoveis.pt\/blog\/wp-json\/wp\/v2\/types\/post"}],"author":[{"embeddable":true,"href":"https:\/\/honda-automoveis.pt\/blog\/wp-json\/wp\/v2\/users\/4"}],"replies":[{"embeddable":true,"href":"https:\/\/honda-automoveis.pt\/blog\/wp-json\/wp\/v2\/comments?post=42148"}],"version-history":[{"count":5,"href":"https:\/\/honda-automoveis.pt\/blog\/wp-json\/wp\/v2\/posts\/42148\/revisions"}],"predecessor-version":[{"id":47147,"href":"https:\/\/honda-automoveis.pt\/blog\/wp-json\/wp\/v2\/posts\/42148\/revisions\/47147"}],"wp:featuredmedia":[{"embeddable":true,"href":"https:\/\/honda-automoveis.pt\/blog\/wp-json\/wp\/v2\/media\/38937"}],"wp:attachment":[{"href":"https:\/\/honda-automoveis.pt\/blog\/wp-json\/wp\/v2\/media?parent=42148"}],"wp:term":[{"taxonomy":"category","embeddable":true,"href":"https:\/\/honda-automoveis.pt\/blog\/wp-json\/wp\/v2\/categories?post=42148"},{"taxonomy":"post_tag","embeddable":true,"href":"https:\/\/honda-automoveis.pt\/blog\/wp-json\/wp\/v2\/tags?post=42148"}],"curies":[{"name":"wp","href":"https:\/\/api.w.org\/{rel}","templated":true}]}}