{"id":42901,"date":"2021-08-19T10:01:03","date_gmt":"2021-08-19T10:01:03","guid":{"rendered":"https:\/\/honda-automoveis.pt\/blog\/?p=42901"},"modified":"2022-12-14T16:11:22","modified_gmt":"2022-12-14T16:11:22","slug":"locais-visitar-norte-de-portugal","status":"publish","type":"post","link":"https:\/\/honda-automoveis.pt\/blog\/locais-visitar-norte-de-portugal\/","title":{"rendered":"Locais a visitar no Norte de Portugal com um Honda e a partir do Porto"},"content":{"rendered":"<p>O calor do ver\u00e3o convida a praia, esplanadas e, claro, viagens! Portugal est\u00e1 na moda, e a Honda sabe disso, por isso preparamos para si um roteiro completo de<strong> 5 locais a visitar no Norte de Portugal<\/strong>, uma das regi\u00f5es mais completas do pa\u00eds, ao volante do seu companheiro de mobilidade el\u00e9trica: o Honda e!<\/p>\n<p>Aventure-se no asfalto e aproveite uma viagem 100% el\u00e9trica pelos caminhos do Norte de Portugal!<\/p>\n<h2>5 Locais a Visitar no Norte de Portugal com o Honda e<\/h2>\n<h3>Porto (0 KM)<\/h3>\n<p>A Invicta ser\u00e1 o quil\u00f3metro zero desta viagem, pela sua centralidade na regi\u00e3o Norte e, claro, pela sua beleza. Erguendo-se na margem do rio Douro, a cidade do Porto esconde nas suas ruas anos de hist\u00f3ria, o sorriso e simpatia dos seus habitantes e uma gastronomia que vai ficar na sua mem\u00f3ria.<\/p>\n<p>Enquanto estiver na capital do Norte, passe na Avenida dos Aliados e visite a esta\u00e7\u00e3o de S\u00e3o Bento. Des\u00e7a at\u00e9 \u00e0 zona da Ribeira e aprecie a paisagem com a Ponte de D. Lu\u00eds no horizonte. Pode ainda atravessar a ponte para Vila Nova de Gaia e aproveitar para visitar na margem do rio Douro as emblem\u00e1ticas caves de vinho do Porto, onde pode ter uma experi\u00eancia \u00fanica de cultura misturada com prazer.<\/p>\n<p><img loading=\"lazy\" class=\"alignnone wp-image-42928 size-ref_large\" src=\"https:\/\/honda-automoveis.pt\/blog\/wp-content\/uploads\/2021\/08\/ponte-d-luis-porto-1000x657.jpg\" alt=\"Ponte D. Luis Porto\" width=\"1000\" height=\"657\" \/><\/p>\n<p>Ao fim da tarde, aproveite para fazer a travessia junto ao rio at\u00e9 chegar \u00e0 Foz do Douro, onde pode aproveitar um maravilhoso final de tarde e ver o p\u00f4r-do-sol junto ao mar nas maravilhosas esplanadas \u00e0 beira mar.<\/p>\n<p>E antes de se sentar outra vez ao volante do seu Honda e em dire\u00e7\u00e3o ao pr\u00f3ximo destino, n\u00e3o se esque\u00e7a de provar a famosa Francesinha, um prato t\u00edpico da cidade que j\u00e1 corre as bocas do mundo.<\/p>\n<p><strong>Facilidade de encontrar postos carregamento: ALTA<\/strong><\/p>\n<p>Onde pode carregar o seu carro no Porto:<\/p>\n<ul>\n<li><strong>PRT-00086 &#8211; Rua Of\u00e9lia Diogo da Costa<\/strong><\/li>\n<li><strong>PRT-00081 &#8211; Rua de Cedofeita<\/strong><\/li>\n<\/ul>\n<h3>Braga (54 KM)<\/h3>\n<p>A cidade de Braga fica apenas a 1h do Porto e \u00e9 a terceira maior cidade do pa\u00eds. O seu passado \u00e9 extremamente religioso, e isso transparece pelo elevado n\u00famero de monumento religiosos que poder\u00e1 encontrar espalhados pela cidade. Visite o Jardim de Santa B\u00e1rbara e o Arco da Porta Nova, dois locais hist\u00f3ricos a n\u00e3o perder.<\/p>\n<p><img loading=\"lazy\" class=\"alignnone wp-image-42929 size-ref_large\" src=\"https:\/\/honda-automoveis.pt\/blog\/wp-content\/uploads\/2021\/08\/arco-porta-nova-braga-1000x657.jpg\" alt=\"Arco Porta Nova Braga\" width=\"1000\" height=\"657\" \/><\/p>\n<p>Para al\u00e9m do centro hist\u00f3rico, quando passar por Braga n\u00e3o pode deixar de visitar o Bom Jesus, um local de uma beleza natural incr\u00edvel e com uma vista privilegiada sobre a cidade.<\/p>\n<p><strong>Facilidade de encontrar postos carregamento: ALTA<\/strong><\/p>\n<p>Onde pode carregar o seu carro em Braga:<\/p>\n<ul>\n<li><strong>BRG-00002 &#8211;\u00a0 Rua dos Bombeiros Volunt\u00e1rios<\/strong><\/li>\n<li><strong>BRG-00006 &#8211;\u00a0 Rua Doutor Francisco Duarte<\/strong><\/li>\n<\/ul>\n<h3>Guimar\u00e3es (51 KM)<\/h3>\n<p>\u201cAqui Nasceu Portugal\u201d s\u00e3o tr\u00eas palavras que mostram o peso de todo o passado hist\u00f3rico de Guimar\u00e3es. Com tantos monumentos hist\u00f3ricos e sendo o seu apelido <em>o ber\u00e7o de Portugal<\/em>, foi considerado pela UNESCO como Patrim\u00f3nio Mundial.<\/p>\n<p>O Castelo de Guimar\u00e3es, o Pa\u00e7o dos Duques de Bragan\u00e7a e a Capela de S\u00e3o Miguel s\u00e3o de passagem obrigat\u00f3ria, tr\u00eas monumentos \u00e0 dist\u00e2ncia de uns passos.<\/p>\n<p><img loading=\"lazy\" class=\"alignnone wp-image-42930 size-ref_large\" src=\"https:\/\/honda-automoveis.pt\/blog\/wp-content\/uploads\/2021\/08\/castelo-guimar\u00e3es-1000x657.jpg\" alt=\"Castelo de Guimar\u00e3es\" width=\"1000\" height=\"657\" \/><\/p>\n<p>De seguida, poder\u00e1 visitar a inconfund\u00edvel Igreja de Nossa Senhora da Consola\u00e7\u00e3o e Santos Passos, que \u00e9 tamb\u00e9m um dos mais famosos locais de Guimar\u00e3es.<\/p>\n<p><strong>Facilidade de encontrar postos carregamento: ALTA<\/strong><\/p>\n<p>Onde pode carregar o seu carro em Guimar\u00e3es:<\/p>\n<ul>\n<li><strong>GMR-00005 &#8211; Avenida Dom Afonso Henriques<\/strong><\/li>\n<li><strong>GMR-00014 &#8211; Doutor Alfredo Pimenta<\/strong><\/li>\n<\/ul>\n<h3>Ger\u00eas (100KM)<\/h3>\n<p>Se procura um escape para a vida agitada da cidade, o Ger\u00eas \u00e9 o local ideal para visitar no Norte de Portugal. Montanhas e vegeta\u00e7\u00e3o at\u00e9 perder de vista, cascatas escondidas em cada recanto, e uma beleza natural de cortar a respira\u00e7\u00e3o.<\/p>\n<p>&nbsp;<\/p>\n<p><img loading=\"lazy\" class=\"alignnone wp-image-42932 size-ref_large\" src=\"https:\/\/honda-automoveis.pt\/blog\/wp-content\/uploads\/2021\/08\/ger\u00eas-montanhas-1000x657.jpg\" alt=\"Ger\u00eas\" width=\"1000\" height=\"657\" \/><\/p>\n<p>A Cascata Portela do Homem e a Cascata de Pinc\u00e3es s\u00e3o duas das muitas piscinas naturais que s\u00e3o formadas por toda a natureza envolvente do Parque Natural da Peneda &#8211; Ger\u00eas.<\/p>\n<p>Com toda a beleza natural que o Ger\u00eas tem para oferecer, aconselhamos a que passe l\u00e1 pelo menos uma noite, para que possa aproveitar todas as paisagens e para fazer alguns desportos aqu\u00e1ticos, se assim o quiser.<\/p>\n<p>Ao visitar o Ger\u00eas, dever\u00e1 ter em aten\u00e7\u00e3o de que estar\u00e1 no meio da natureza, onde poder\u00e1 ser dif\u00edcil encontrar um local para carregar o seu Honda e. Assim, certifique-se de que faz um carregamento extra no percurso at\u00e9 ao Ger\u00eas e tamb\u00e9m no caminho de volta, para uma viagem mais descansada!<\/p>\n<p><strong>Facilidade de encontrar postos carregamento: BAIXA<\/strong><\/p>\n<p>Onde pode carregar o seu carro em Ger\u00eas:<\/p>\n<ul>\n<li><strong>TBR-00001 &#8211; Lugar de Paredes<\/strong><\/li>\n<\/ul>\n<h3>Chaves (121 KM)<\/h3>\n<p>A pr\u00f3xima etapa \u00e9 Chaves, com paragem obrigat\u00f3ria em Vidago e Pedras Salgadas, conhecendo assim os recantos do nosso pa\u00eds.<\/p>\n<p>Uma p\u00e9rola escondida na regi\u00e3o transmontana, a cidade de Chaves \u00e9 o in\u00edcio de uma das rotas portuguesas mais populares: a Rota N2, uma das maiores estradas do mundo que liga a Chaves a Faro, ao longo de quase 739 km\u2019s.<\/p>\n<p><img loading=\"lazy\" class=\"alignnone wp-image-42933 size-ref_large\" src=\"https:\/\/honda-automoveis.pt\/blog\/wp-content\/uploads\/2021\/08\/cidade-de-chaves-ponte-romana-1000x657.jpg\" alt=\"Ponte Romana de Chaves\" width=\"1000\" height=\"657\" \/><\/p>\n<p>Em Chaves poder\u00e1 encontrar vest\u00edgios da ocupa\u00e7\u00e3o Romana, incluindo um complexo de termas que \u00e9 um dos cinco complexos deste g\u00e9nero mais bem preservados do mundo, e ainda muralhas dos tempos medievais. Poder\u00e1 apreciar toda esta hist\u00f3ria com um Pastel de Chaves na m\u00e3o, para aproveitar ainda mais a sua visita.<\/p>\n<p><strong>Facilidade de encontrar postos carregamento: M\u00c9DIA<\/strong><\/p>\n<p>Onde pode carregar o seu carro em Chaves:<\/p>\n<ul>\n<li><strong>CHV-00001 &#8211; Terreiro da Cavalaria<\/strong><\/li>\n<\/ul>\n<p><strong>Visitar o Norte de Portugal com um <em>Honda e<\/em>? Claro que sim!<\/strong><\/p>\n<p>Com tantos <strong>locais para visitar no Norte de Portugal<\/strong>, o dif\u00edcil vai ser escolher! Qualquer uma destas cidades \u00e9 facilmente acess\u00edvel ao volante de um <em>Honda e<\/em>, com uma autonomia combinada que poder\u00e1 ir at\u00e9 aos 220 km\u2019s.<\/p>\n<p><img loading=\"lazy\" class=\"alignnone wp-image-40344 size-ref_large\" src=\"https:\/\/honda-automoveis.pt\/blog\/wp-content\/uploads\/2021\/02\/honda-e-branco-1000x657.jpg\" alt=\"Honda e na estrada\" width=\"1000\" height=\"657\" \/><\/p>\n<p>Para planear ainda melhor as suas viagens e certificar-se de que o seu <a href=\"https:\/\/honda-automoveis.pt\/pt\/carros\/honda-e\/\" target=\"_blank\" rel=\"noopener noreferrer\">Honda e<\/a> tem sempre a bateria carregada, use uma app para encontrar postos de carregamento. Este tipo de apps ir\u00e1 permitir-lhe saber onde poder\u00e1 encontrar os postos de carregamento em cada cidade e durante o percurso.<\/p>\n<p>S\u00e3o estas algumas das apps que poder\u00e1 utilizar:<\/p>\n<ul>\n<li><a href=\"https:\/\/company.plugshare.com\/plugshare.html\">PlugShare App<\/a><\/li>\n<li><a href=\"https:\/\/www.miio.pt\/\">App miio <\/a><\/li>\n<li><a href=\"https:\/\/www.mobie.pt\/\">App da Rede Mobi.e <\/a><\/li>\n<\/ul>\n<p>Poder\u00e1 tamb\u00e9m consultar junto dos hot\u00e9is em que ficar hospedado se disponibilizam carregamento para os h\u00f3spedes.<\/p>\n<h3>Conhe\u00e7a o Carro 100% el\u00e9trico da Honda<\/h3>\n<p>Linhas modernas, tecnologia inovadora e um motor 100% el\u00e9trico: o <em>Honda e<\/em> ganhou um lugar de destaque n\u00e3o s\u00f3 na gama de carros ecol\u00f3gicos da Honda como tamb\u00e9m em todo o mundo ao ser galardoado <a href=\"https:\/\/hondanews.eu\/pt\/pt\/cars\/media\/pressreleases\/319080\/honda-e-e-o-primeiro-automovel-japones-a-conquistar-o-premio-carro-do-ano-na-alemanha\" target=\"_blank\" rel=\"noopener noreferrer\">carro do ano 2021 na Alemanha<\/a>. A mobilidade mais ecol\u00f3gica junta-se assim \u00e0 emo\u00e7\u00e3o da condu\u00e7\u00e3o da Honda para lhe trazer o melhor dos dois mundos. Sabia mais sobre o Honda e junte-se a n\u00f3s por um futuro mais sustent\u00e1vel na mobilidade.<\/p>\n<p>&nbsp;<\/p>\n","protected":false},"excerpt":{"rendered":"<p>O calor do ver\u00e3o convida a praia, esplanadas e, claro, viagens! Portugal est\u00e1 na moda, e a Honda sabe disso, por isso preparamos para si um roteiro completo de 5 locais a visitar no Norte de Portugal, uma das regi\u00f5es mais completas do pa\u00eds, ao volante do seu companheiro de mobilidade el\u00e9trica: o Honda e! <a href=\"https:\/\/honda-automoveis.pt\/blog\/locais-visitar-norte-de-portugal\/\">(&hellip;)<\/a><\/p>\n","protected":false},"author":4,"featured_media":42934,"comment_status":"open","ping_status":"open","sticky":false,"template":"","format":"standard","meta":[],"categories":[16],"tags":[],"yoast_head":"<!-- This site is optimized with the Yoast SEO plugin v18.5 - https:\/\/yoast.com\/wordpress\/plugins\/seo\/ -->\n<title>Locais a visitar no Norte de Portugal com um Honda e | Honda Portugal<\/title>\n<meta name=\"description\" content=\"Conhe\u00e7a Portugal com um Honda e! Descubra quais os melhores locais a visitar no Norte de Portuga ao volante do carro 100% el\u00e9trico da Honda.\" \/>\n<meta name=\"robots\" content=\"index, follow, max-snippet:-1, max-image-preview:large, max-video-preview:-1\" \/>\n<link rel=\"canonical\" href=\"https:\/\/honda-automoveis.pt\/blog\/locais-visitar-norte-de-portugal\/\" \/>\n<meta property=\"og:locale\" content=\"pt_PT\" \/>\n<meta property=\"og:type\" content=\"article\" \/>\n<meta property=\"og:title\" content=\"Locais a visitar no Norte de Portugal com um Honda e | Honda Portugal\" \/>\n<meta property=\"og:description\" content=\"Conhe\u00e7a Portugal com um Honda e! Descubra quais os melhores locais a visitar no Norte de Portuga ao volante do carro 100% el\u00e9trico da Honda.\" \/>\n<meta property=\"og:url\" content=\"https:\/\/honda-automoveis.pt\/blog\/locais-visitar-norte-de-portugal\/\" \/>\n<meta property=\"og:site_name\" content=\"Honda Portugal\" \/>\n<meta property=\"article:published_time\" content=\"2021-08-19T10:01:03+00:00\" \/>\n<meta property=\"article:modified_time\" content=\"2022-12-14T16:11:22+00:00\" \/>\n<meta property=\"og:image\" content=\"https:\/\/honda-automoveis.pt\/blog\/wp-content\/uploads\/2021\/08\/honda-e-carro-el\u00e9trico-amarelos.jpg\" \/>\n\t<meta property=\"og:image:width\" content=\"1000\" \/>\n\t<meta property=\"og:image:height\" content=\"667\" \/>\n\t<meta property=\"og:image:type\" content=\"image\/jpeg\" \/>\n<meta name=\"twitter:card\" content=\"summary_large_image\" \/>\n<meta name=\"twitter:label1\" content=\"Escrito por\" \/>\n\t<meta name=\"twitter:data1\" content=\"Honda Portugal Autom\u00f3veis\" \/>\n\t<meta name=\"twitter:label2\" content=\"Tempo estimado de leitura\" \/>\n\t<meta name=\"twitter:data2\" content=\"6 minutos\" \/>\n<script type=\"application\/ld+json\" class=\"yoast-schema-graph\">{\"@context\":\"https:\/\/schema.org\",\"@graph\":[{\"@type\":\"WebSite\",\"@id\":\"https:\/\/honda-automoveis.pt\/blog\/#website\",\"url\":\"https:\/\/honda-automoveis.pt\/blog\/\",\"name\":\"Honda Portugal\",\"description\":\"Dreamers&#039; Blog\",\"potentialAction\":[{\"@type\":\"SearchAction\",\"target\":{\"@type\":\"EntryPoint\",\"urlTemplate\":\"https:\/\/honda-automoveis.pt\/blog\/?s={search_term_string}\"},\"query-input\":\"required name=search_term_string\"}],\"inLanguage\":\"pt-PT\"},{\"@type\":\"ImageObject\",\"@id\":\"https:\/\/honda-automoveis.pt\/blog\/locais-visitar-norte-de-portugal\/#primaryimage\",\"inLanguage\":\"pt-PT\",\"url\":\"https:\/\/honda-automoveis.pt\/blog\/wp-content\/uploads\/2021\/08\/honda-e-carro-el\u00e9trico-amarelos.jpg\",\"contentUrl\":\"https:\/\/honda-automoveis.pt\/blog\/wp-content\/uploads\/2021\/08\/honda-e-carro-el\u00e9trico-amarelos.jpg\",\"width\":1000,\"height\":667,\"caption\":\"Honda e amarelo\"},{\"@type\":\"WebPage\",\"@id\":\"https:\/\/honda-automoveis.pt\/blog\/locais-visitar-norte-de-portugal\/#webpage\",\"url\":\"https:\/\/honda-automoveis.pt\/blog\/locais-visitar-norte-de-portugal\/\",\"name\":\"Locais a visitar no Norte de Portugal com um Honda e | Honda Portugal\",\"isPartOf\":{\"@id\":\"https:\/\/honda-automoveis.pt\/blog\/#website\"},\"primaryImageOfPage\":{\"@id\":\"https:\/\/honda-automoveis.pt\/blog\/locais-visitar-norte-de-portugal\/#primaryimage\"},\"datePublished\":\"2021-08-19T10:01:03+00:00\",\"dateModified\":\"2022-12-14T16:11:22+00:00\",\"author\":{\"@id\":\"https:\/\/honda-automoveis.pt\/blog\/#\/schema\/person\/7f8ab873bdf8dbd771f0d57531954f87\"},\"description\":\"Conhe\u00e7a Portugal com um Honda e! Descubra quais os melhores locais a visitar no Norte de Portuga ao volante do carro 100% el\u00e9trico da Honda.\",\"breadcrumb\":{\"@id\":\"https:\/\/honda-automoveis.pt\/blog\/locais-visitar-norte-de-portugal\/#breadcrumb\"},\"inLanguage\":\"pt-PT\",\"potentialAction\":[{\"@type\":\"ReadAction\",\"target\":[\"https:\/\/honda-automoveis.pt\/blog\/locais-visitar-norte-de-portugal\/\"]}]},{\"@type\":\"BreadcrumbList\",\"@id\":\"https:\/\/honda-automoveis.pt\/blog\/locais-visitar-norte-de-portugal\/#breadcrumb\",\"itemListElement\":[{\"@type\":\"ListItem\",\"position\":1,\"name\":\"In\u00edcio\",\"item\":\"https:\/\/honda-automoveis.pt\/blog\/\"},{\"@type\":\"ListItem\",\"position\":2,\"name\":\"Locais a visitar no Norte de Portugal com um Honda e a partir do Porto\"}]},{\"@type\":\"Person\",\"@id\":\"https:\/\/honda-automoveis.pt\/blog\/#\/schema\/person\/7f8ab873bdf8dbd771f0d57531954f87\",\"name\":\"Honda Portugal Autom\u00f3veis\",\"image\":{\"@type\":\"ImageObject\",\"@id\":\"https:\/\/honda-automoveis.pt\/blog\/#personlogo\",\"inLanguage\":\"pt-PT\",\"url\":\"https:\/\/honda-automoveis.pt\/blog\/wp-content\/uploads\/2023\/06\/logo_perfil-150x150.png\",\"contentUrl\":\"https:\/\/honda-automoveis.pt\/blog\/wp-content\/uploads\/2023\/06\/logo_perfil-150x150.png\",\"caption\":\"Honda Portugal Autom\u00f3veis\"},\"description\":\"A Honda chegou a Portugal em 1968, preparada para conquistar os portugueses com a sua inovadora tecnologia e os melhores e mais fi\u00e1veis autom\u00f3veis. Com uma longa hist\u00f3ria de sucesso no nosso pa\u00eds, a Honda conquistou uma verdadeira comunidade de f\u00e3s, que reconhecem na marca a fiabilidade, seguran\u00e7a e tecnologia que nos caracterizam. A competi\u00e7\u00e3o e a performance est\u00e3o no nosso ADN e \u00e9 por isso que, diariamente, continuamos a trabalhar para que todas as viagens sejam verdadeiramente emocionantes.\",\"url\":\"https:\/\/honda-automoveis.pt\/blog\/author\/honda-portugal\/\"}]}<\/script>\n<!-- \/ Yoast SEO plugin. -->","yoast_head_json":{"title":"Locais a visitar no Norte de Portugal com um Honda e | Honda Portugal","description":"Conhe\u00e7a Portugal com um Honda e! Descubra quais os melhores locais a visitar no Norte de Portuga ao volante do carro 100% el\u00e9trico da Honda.","robots":{"index":"index","follow":"follow","max-snippet":"max-snippet:-1","max-image-preview":"max-image-preview:large","max-video-preview":"max-video-preview:-1"},"canonical":"https:\/\/honda-automoveis.pt\/blog\/locais-visitar-norte-de-portugal\/","og_locale":"pt_PT","og_type":"article","og_title":"Locais a visitar no Norte de Portugal com um Honda e | Honda Portugal","og_description":"Conhe\u00e7a Portugal com um Honda e! Descubra quais os melhores locais a visitar no Norte de Portuga ao volante do carro 100% el\u00e9trico da Honda.","og_url":"https:\/\/honda-automoveis.pt\/blog\/locais-visitar-norte-de-portugal\/","og_site_name":"Honda Portugal","article_published_time":"2021-08-19T10:01:03+00:00","article_modified_time":"2022-12-14T16:11:22+00:00","og_image":[{"width":1000,"height":667,"url":"https:\/\/honda-automoveis.pt\/blog\/wp-content\/uploads\/2021\/08\/honda-e-carro-el\u00e9trico-amarelos.jpg","type":"image\/jpeg"}],"twitter_card":"summary_large_image","twitter_misc":{"Escrito por":"Honda Portugal Autom\u00f3veis","Tempo estimado de leitura":"6 minutos"},"schema":{"@context":"https:\/\/schema.org","@graph":[{"@type":"WebSite","@id":"https:\/\/honda-automoveis.pt\/blog\/#website","url":"https:\/\/honda-automoveis.pt\/blog\/","name":"Honda Portugal","description":"Dreamers&#039; Blog","potentialAction":[{"@type":"SearchAction","target":{"@type":"EntryPoint","urlTemplate":"https:\/\/honda-automoveis.pt\/blog\/?s={search_term_string}"},"query-input":"required name=search_term_string"}],"inLanguage":"pt-PT"},{"@type":"ImageObject","@id":"https:\/\/honda-automoveis.pt\/blog\/locais-visitar-norte-de-portugal\/#primaryimage","inLanguage":"pt-PT","url":"https:\/\/honda-automoveis.pt\/blog\/wp-content\/uploads\/2021\/08\/honda-e-carro-el\u00e9trico-amarelos.jpg","contentUrl":"https:\/\/honda-automoveis.pt\/blog\/wp-content\/uploads\/2021\/08\/honda-e-carro-el\u00e9trico-amarelos.jpg","width":1000,"height":667,"caption":"Honda e amarelo"},{"@type":"WebPage","@id":"https:\/\/honda-automoveis.pt\/blog\/locais-visitar-norte-de-portugal\/#webpage","url":"https:\/\/honda-automoveis.pt\/blog\/locais-visitar-norte-de-portugal\/","name":"Locais a visitar no Norte de Portugal com um Honda e | Honda Portugal","isPartOf":{"@id":"https:\/\/honda-automoveis.pt\/blog\/#website"},"primaryImageOfPage":{"@id":"https:\/\/honda-automoveis.pt\/blog\/locais-visitar-norte-de-portugal\/#primaryimage"},"datePublished":"2021-08-19T10:01:03+00:00","dateModified":"2022-12-14T16:11:22+00:00","author":{"@id":"https:\/\/honda-automoveis.pt\/blog\/#\/schema\/person\/7f8ab873bdf8dbd771f0d57531954f87"},"description":"Conhe\u00e7a Portugal com um Honda e! Descubra quais os melhores locais a visitar no Norte de Portuga ao volante do carro 100% el\u00e9trico da Honda.","breadcrumb":{"@id":"https:\/\/honda-automoveis.pt\/blog\/locais-visitar-norte-de-portugal\/#breadcrumb"},"inLanguage":"pt-PT","potentialAction":[{"@type":"ReadAction","target":["https:\/\/honda-automoveis.pt\/blog\/locais-visitar-norte-de-portugal\/"]}]},{"@type":"BreadcrumbList","@id":"https:\/\/honda-automoveis.pt\/blog\/locais-visitar-norte-de-portugal\/#breadcrumb","itemListElement":[{"@type":"ListItem","position":1,"name":"In\u00edcio","item":"https:\/\/honda-automoveis.pt\/blog\/"},{"@type":"ListItem","position":2,"name":"Locais a visitar no Norte de Portugal com um Honda e a partir do Porto"}]},{"@type":"Person","@id":"https:\/\/honda-automoveis.pt\/blog\/#\/schema\/person\/7f8ab873bdf8dbd771f0d57531954f87","name":"Honda Portugal Autom\u00f3veis","image":{"@type":"ImageObject","@id":"https:\/\/honda-automoveis.pt\/blog\/#personlogo","inLanguage":"pt-PT","url":"https:\/\/honda-automoveis.pt\/blog\/wp-content\/uploads\/2023\/06\/logo_perfil-150x150.png","contentUrl":"https:\/\/honda-automoveis.pt\/blog\/wp-content\/uploads\/2023\/06\/logo_perfil-150x150.png","caption":"Honda Portugal Autom\u00f3veis"},"description":"A Honda chegou a Portugal em 1968, preparada para conquistar os portugueses com a sua inovadora tecnologia e os melhores e mais fi\u00e1veis autom\u00f3veis. Com uma longa hist\u00f3ria de sucesso no nosso pa\u00eds, a Honda conquistou uma verdadeira comunidade de f\u00e3s, que reconhecem na marca a fiabilidade, seguran\u00e7a e tecnologia que nos caracterizam. A competi\u00e7\u00e3o e a performance est\u00e3o no nosso ADN e \u00e9 por isso que, diariamente, continuamos a trabalhar para que todas as viagens sejam verdadeiramente emocionantes.","url":"https:\/\/honda-automoveis.pt\/blog\/author\/honda-portugal\/"}]}},"_links":{"self":[{"href":"https:\/\/honda-automoveis.pt\/blog\/wp-json\/wp\/v2\/posts\/42901"}],"collection":[{"href":"https:\/\/honda-automoveis.pt\/blog\/wp-json\/wp\/v2\/posts"}],"about":[{"href":"https:\/\/honda-automoveis.pt\/blog\/wp-json\/wp\/v2\/types\/post"}],"author":[{"embeddable":true,"href":"https:\/\/honda-automoveis.pt\/blog\/wp-json\/wp\/v2\/users\/4"}],"replies":[{"embeddable":true,"href":"https:\/\/honda-automoveis.pt\/blog\/wp-json\/wp\/v2\/comments?post=42901"}],"version-history":[{"count":5,"href":"https:\/\/honda-automoveis.pt\/blog\/wp-json\/wp\/v2\/posts\/42901\/revisions"}],"predecessor-version":[{"id":45030,"href":"https:\/\/honda-automoveis.pt\/blog\/wp-json\/wp\/v2\/posts\/42901\/revisions\/45030"}],"wp:featuredmedia":[{"embeddable":true,"href":"https:\/\/honda-automoveis.pt\/blog\/wp-json\/wp\/v2\/media\/42934"}],"wp:attachment":[{"href":"https:\/\/honda-automoveis.pt\/blog\/wp-json\/wp\/v2\/media?parent=42901"}],"wp:term":[{"taxonomy":"category","embeddable":true,"href":"https:\/\/honda-automoveis.pt\/blog\/wp-json\/wp\/v2\/categories?post=42901"},{"taxonomy":"post_tag","embeddable":true,"href":"https:\/\/honda-automoveis.pt\/blog\/wp-json\/wp\/v2\/tags?post=42901"}],"curies":[{"name":"wp","href":"https:\/\/api.w.org\/{rel}","templated":true}]}}