{"id":43331,"date":"2021-09-08T10:00:35","date_gmt":"2021-09-08T10:00:35","guid":{"rendered":"https:\/\/honda-automoveis.pt\/blog\/?p=43331"},"modified":"2021-12-29T11:06:28","modified_gmt":"2021-12-29T11:06:28","slug":"garantia-automovel-usado","status":"publish","type":"post","link":"https:\/\/honda-automoveis.pt\/blog\/garantia-automovel-usado\/","title":{"rendered":"Garantia de um autom\u00f3vel usado: qual o per\u00edodo m\u00ednimo?"},"content":{"rendered":"<p>Quando um condutor adquire uma viatura nova, sabe que tem direito a um per\u00edodo de garantia definida pela marca. Mas no caso da <strong>garantia de um autom\u00f3vel usado<\/strong>, como funciona?<\/p>\n<p>Saiba tudo sobre a garantia de autom\u00f3veis usados e descubra ainda o porqu\u00ea de a <a href=\"https:\/\/honda-automoveis.pt\/\" target=\"_blank\" rel=\"noopener noreferrer\">Honda<\/a> ter a melhor garantia autom\u00f3vel do mercado.<\/p>\n<h2>Qual o per\u00edodo m\u00ednimo da garantia de um autom\u00f3vel usado?<\/h2>\n<p>A primeira coisa que deve saber \u00e9 que s\u00f3 conseguir\u00e1 acionar a garantia de um autom\u00f3vel usado se o comprar num local de venda profissional, como \u00e9 o caso dos concession\u00e1rios Honda. Se comprar um autom\u00f3vel usado a um particular, n\u00e3o ter\u00e1 direito a nenhuma garantia autom\u00f3vel.<\/p>\n<p><img loading=\"lazy\" class=\"alignnone size-full wp-image-41785\" src=\"https:\/\/honda-automoveis.pt\/blog\/wp-content\/uploads\/2021\/04\/honda-jazz-hybrid-reciclagem-baterias.jpg\" alt=\"honda jazz hybrid\" width=\"1000\" height=\"667\" srcset=\"https:\/\/honda-automoveis.pt\/blog\/wp-content\/uploads\/2021\/04\/honda-jazz-hybrid-reciclagem-baterias.jpg 1000w, https:\/\/honda-automoveis.pt\/blog\/wp-content\/uploads\/2021\/04\/honda-jazz-hybrid-reciclagem-baterias-300x200.jpg 300w, https:\/\/honda-automoveis.pt\/blog\/wp-content\/uploads\/2021\/04\/honda-jazz-hybrid-reciclagem-baterias-768x512.jpg 768w\" sizes=\"(max-width: 1000px) 100vw, 1000px\" \/><\/p>\n<p>Assim, neste caso, iremos focar-nos na compra de autom\u00f3vel atrav\u00e9s de um agente profissional. Nestes casos, o per\u00edodo de garantia legal de um usado ou semi-novo \u00e9 de 2 anos (prazo esse que pode ser reduzido para 1 ano, em caso de acordo escrito com a entidade vendedora).<\/p>\n<h2>E no caso da garantia dos usados e semi-novos Honda?<\/h2>\n<p>Na Honda, encontra <a href=\"https:\/\/oportunidades.honda-automoveis.pt\/viaturas\/inicio\" target=\"_blank\" rel=\"noopener noreferrer\">usados e semi-novos<\/a> com vantagens no seu per\u00edodo de garantia! Poder\u00e1 contar com 5 anos de garantia, independentemente do ano da matr\u00edcula.<\/p>\n<h2>O que inclui a garantia de um autom\u00f3vel usado Honda?<\/h2>\n<p>Na Honda, tratamos o seu ve\u00edculo usado como novo, para que se possa focar na experi\u00eancia de condu\u00e7\u00e3o sem preocupa\u00e7\u00f5es. Assim, a nossa garantia para um autom\u00f3vel usado inclui:<\/p>\n<ul>\n<li>Desempanagem no local;<\/li>\n<li>Reboque;<\/li>\n<li>Despesas de estrada em hotel;<\/li>\n<li>Repatriamento;<\/li>\n<li>Ve\u00edculo de substitui\u00e7\u00e3o;<\/li>\n<li>Envio de pe\u00e7as de substitui\u00e7\u00e3o;<\/li>\n<li>Adiantamento de cau\u00e7\u00f5es.<\/li>\n<\/ul>\n<p>Estes itens est\u00e3o sujeitos a termos e condi\u00e7\u00f5es especificas. Estes detalhes est\u00e3o dispon\u00edveis nas condi\u00e7\u00f5es de garantia presentes no programa Honda Assistance que acompanha os documentos do seu Honda.<\/p>\n<p>A garantia de <a href=\"https:\/\/honda-automoveis.pt\/pt\/carros\/\" target=\"_blank\" rel=\"noopener noreferrer\">autom\u00f3veis Honda<\/a> conta com outras especificidades que o ir\u00e3o ajudar a cuidar do seu carro de forma f\u00e1cil e segura. S\u00e3o elas:<\/p>\n<h3>Garantia Pintura\/Anticorros\u00e3o Superficial<\/h3>\n<p>Cobre os eventuais defeitos de pintura e corros\u00e3o superficial que possam aparecer nas superf\u00edcies pintadas vis\u00edveis, durante um per\u00edodo de 3 anos e sem limite de quil\u00f3metros.<\/p>\n<h3>Garantia Anticorros\u00e3o Estrutural<\/h3>\n<p>Cobre os defeitos relacionados com corros\u00e3o proveniente do interior da estrutura do autom\u00f3vel durante um per\u00edodo de 12 anos, sem limite de quil\u00f3metros.<\/p>\n<h3>Garantia Anticorros\u00e3o do Chassis<\/h3>\n<p>Cobre as avarias provocadas por perfura\u00e7\u00e3o devido a corros\u00e3o em componentes espec\u00edficos, durante um per\u00edodo de 10 anos, sem limite de quilometragem.<\/p>\n<h3>Garantia do Sistema de Escape<\/h3>\n<p>N\u00e3o \u00e9 expect\u00e1vel ser necess\u00e1rio ativar a garantia do seu sistema de escape no prazo de 5 anos, n\u00e3o devendo possuir perfura\u00e7\u00f5es vis\u00edveis provocadas por corros\u00e3o. Isto inclui o coletor, os tubos, silenciadores e o conversor catal\u00edtico, mas exclui as prote\u00e7\u00f5es t\u00e9rmicas em redor do conversor catal\u00edtico.<\/p>\n<h3>Garantia do Grupo Motriz El\u00e9trico<\/h3>\n<p>Esta garantia aplica-se ao Honda e ao sistema i-MMD em alguns ve\u00edculos. A Honda garante que o grupo motriz do ve\u00edculo Honda especificado no certificado de garantia est\u00e1 isento de defeitos de material e de fabrico durante um per\u00edodo de 5 anos ou 100 000 km, conforme o que ocorrer primeiro, a partir da data do in\u00edcio da garantia.<\/p>\n<h3>Garantia da Bateria de Alta Tens\u00e3o<\/h3>\n<p>A Honda garante que a bateria de alta tens\u00e3o do Honda e, especificada no certificado de garantia, est\u00e1 isenta de defeitos de fabrico durante um per\u00edodo de 8 anos ou 160 000 km com uma capacidade de 70%, conforme o que ocorrer primeiro, a partir da data de in\u00edcio da garantia.<\/p>\n<p><img loading=\"lazy\" class=\"alignnone size-full wp-image-28569\" src=\"https:\/\/honda-automoveis.pt\/blog\/wp-content\/uploads\/2020\/12\/honda-jazz-hybrid-lan\u00e7ado-2020.jpg\" alt=\"honda jazz hybrid estacionado na estrada\" width=\"1000\" height=\"666\" srcset=\"https:\/\/honda-automoveis.pt\/blog\/wp-content\/uploads\/2020\/12\/honda-jazz-hybrid-lan\u00e7ado-2020.jpg 1000w, https:\/\/honda-automoveis.pt\/blog\/wp-content\/uploads\/2020\/12\/honda-jazz-hybrid-lan\u00e7ado-2020-300x200.jpg 300w, https:\/\/honda-automoveis.pt\/blog\/wp-content\/uploads\/2020\/12\/honda-jazz-hybrid-lan\u00e7ado-2020-768x511.jpg 768w\" sizes=\"(max-width: 1000px) 100vw, 1000px\" \/><\/p>\n<h3>Conhe\u00e7a as Oportunidades Honda<\/h3>\n<p>Comprar um ve\u00edculo usado ou semi-novo com a Honda tem vantagens que v\u00e3o muito al\u00e9m da garantia! Visite a nossa p\u00e1gina de oportunidades e comprove por si mesmo.<\/p>\n<div class=\"external_link\">\r\r\n            <a target=\"_blank\" href=\"https:\/\/oportunidades.honda-automoveis.pt\/viaturas\/inicio\">\r\r\n                <div class=\"image-wrap\">\r\r\n                    <img src=\"https:\/\/honda-automoveis.pt\/blog\/wp-content\/uploads\/2021\/07\/honda-e-eletrico.jpg\">\r\r\n                <\/div>\r\r\n                <div class=\"text\">\r\r\n                    <div class=\"link-name\">Oportunidades Honda<\/div>\r\r\n                    <div class=\"link-description\">Carros usados e semi-novos aos melhores pre\u00e7os! Saiba mais<\/div>\r\r\n                    <div class=\"link-url\">https:\/\/oportunidades.honda-automoveis.pt\/viaturas\/inicio<\/div>\r\r\n                <\/div>\r\r\n            <\/a>\r\r\n        <\/div>\n","protected":false},"excerpt":{"rendered":"<p>Quando um condutor adquire uma viatura nova, sabe que tem direito a um per\u00edodo de garantia definida pela marca. Mas no caso da garantia de um autom\u00f3vel usado, como funciona? Saiba tudo sobre a garantia de autom\u00f3veis usados e descubra ainda o porqu\u00ea de a Honda ter a melhor garantia autom\u00f3vel do mercado. Qual o <a href=\"https:\/\/honda-automoveis.pt\/blog\/garantia-automovel-usado\/\">(&hellip;)<\/a><\/p>\n","protected":false},"author":4,"featured_media":43333,"comment_status":"open","ping_status":"open","sticky":false,"template":"","format":"standard","meta":[],"categories":[84],"tags":[],"yoast_head":"<!-- This site is optimized with the Yoast SEO plugin v18.5 - https:\/\/yoast.com\/wordpress\/plugins\/seo\/ -->\n<title>Garantia de um autom\u00f3vel usado tem per\u00edodo m\u00ednimo? | Honda Portugal<\/title>\n<meta name=\"description\" content=\"Conhece as condi\u00e7\u00f5es de garantia de um autom\u00f3vel usado? Se n\u00e3o, leia o nosso artigo e conhe\u00e7a a melhor garantia do mercado, para ve\u00edculos usados e novos!\" \/>\n<meta name=\"robots\" content=\"index, follow, max-snippet:-1, max-image-preview:large, max-video-preview:-1\" \/>\n<link rel=\"canonical\" href=\"https:\/\/honda-automoveis.pt\/blog\/garantia-automovel-usado\/\" \/>\n<meta property=\"og:locale\" content=\"pt_PT\" \/>\n<meta property=\"og:type\" content=\"article\" \/>\n<meta property=\"og:title\" content=\"Garantia de um autom\u00f3vel usado tem per\u00edodo m\u00ednimo? | Honda Portugal\" \/>\n<meta property=\"og:description\" content=\"Conhece as condi\u00e7\u00f5es de garantia de um autom\u00f3vel usado? Se n\u00e3o, leia o nosso artigo e conhe\u00e7a a melhor garantia do mercado, para ve\u00edculos usados e novos!\" \/>\n<meta property=\"og:url\" content=\"https:\/\/honda-automoveis.pt\/blog\/garantia-automovel-usado\/\" \/>\n<meta property=\"og:site_name\" content=\"Honda Portugal\" \/>\n<meta property=\"article:published_time\" content=\"2021-09-08T10:00:35+00:00\" \/>\n<meta property=\"article:modified_time\" content=\"2021-12-29T11:06:28+00:00\" \/>\n<meta property=\"og:image\" content=\"https:\/\/honda-automoveis.pt\/blog\/wp-content\/uploads\/2021\/09\/honda-jazz-hybrid-branco.jpg\" \/>\n\t<meta property=\"og:image:width\" content=\"1000\" \/>\n\t<meta property=\"og:image:height\" content=\"667\" \/>\n\t<meta property=\"og:image:type\" content=\"image\/jpeg\" \/>\n<meta name=\"twitter:card\" content=\"summary_large_image\" \/>\n<meta name=\"twitter:label1\" content=\"Escrito por\" \/>\n\t<meta name=\"twitter:data1\" content=\"Honda Portugal Autom\u00f3veis\" \/>\n\t<meta name=\"twitter:label2\" content=\"Tempo estimado de leitura\" \/>\n\t<meta name=\"twitter:data2\" content=\"3 minutos\" \/>\n<script type=\"application\/ld+json\" class=\"yoast-schema-graph\">{\"@context\":\"https:\/\/schema.org\",\"@graph\":[{\"@type\":\"WebSite\",\"@id\":\"https:\/\/honda-automoveis.pt\/blog\/#website\",\"url\":\"https:\/\/honda-automoveis.pt\/blog\/\",\"name\":\"Honda Portugal\",\"description\":\"Dreamers&#039; Blog\",\"potentialAction\":[{\"@type\":\"SearchAction\",\"target\":{\"@type\":\"EntryPoint\",\"urlTemplate\":\"https:\/\/honda-automoveis.pt\/blog\/?s={search_term_string}\"},\"query-input\":\"required name=search_term_string\"}],\"inLanguage\":\"pt-PT\"},{\"@type\":\"ImageObject\",\"@id\":\"https:\/\/honda-automoveis.pt\/blog\/garantia-automovel-usado\/#primaryimage\",\"inLanguage\":\"pt-PT\",\"url\":\"https:\/\/honda-automoveis.pt\/blog\/wp-content\/uploads\/2021\/09\/honda-jazz-hybrid-branco.jpg\",\"contentUrl\":\"https:\/\/honda-automoveis.pt\/blog\/wp-content\/uploads\/2021\/09\/honda-jazz-hybrid-branco.jpg\",\"width\":1000,\"height\":667,\"caption\":\"Honda Jazz branco na estrada\"},{\"@type\":\"WebPage\",\"@id\":\"https:\/\/honda-automoveis.pt\/blog\/garantia-automovel-usado\/#webpage\",\"url\":\"https:\/\/honda-automoveis.pt\/blog\/garantia-automovel-usado\/\",\"name\":\"Garantia de um autom\u00f3vel usado tem per\u00edodo m\u00ednimo? | Honda Portugal\",\"isPartOf\":{\"@id\":\"https:\/\/honda-automoveis.pt\/blog\/#website\"},\"primaryImageOfPage\":{\"@id\":\"https:\/\/honda-automoveis.pt\/blog\/garantia-automovel-usado\/#primaryimage\"},\"datePublished\":\"2021-09-08T10:00:35+00:00\",\"dateModified\":\"2021-12-29T11:06:28+00:00\",\"author\":{\"@id\":\"https:\/\/honda-automoveis.pt\/blog\/#\/schema\/person\/7f8ab873bdf8dbd771f0d57531954f87\"},\"description\":\"Conhece as condi\u00e7\u00f5es de garantia de um autom\u00f3vel usado? Se n\u00e3o, leia o nosso artigo e conhe\u00e7a a melhor garantia do mercado, para ve\u00edculos usados e novos!\",\"breadcrumb\":{\"@id\":\"https:\/\/honda-automoveis.pt\/blog\/garantia-automovel-usado\/#breadcrumb\"},\"inLanguage\":\"pt-PT\",\"potentialAction\":[{\"@type\":\"ReadAction\",\"target\":[\"https:\/\/honda-automoveis.pt\/blog\/garantia-automovel-usado\/\"]}]},{\"@type\":\"BreadcrumbList\",\"@id\":\"https:\/\/honda-automoveis.pt\/blog\/garantia-automovel-usado\/#breadcrumb\",\"itemListElement\":[{\"@type\":\"ListItem\",\"position\":1,\"name\":\"In\u00edcio\",\"item\":\"https:\/\/honda-automoveis.pt\/blog\/\"},{\"@type\":\"ListItem\",\"position\":2,\"name\":\"Garantia de um autom\u00f3vel usado: qual o per\u00edodo m\u00ednimo?\"}]},{\"@type\":\"Person\",\"@id\":\"https:\/\/honda-automoveis.pt\/blog\/#\/schema\/person\/7f8ab873bdf8dbd771f0d57531954f87\",\"name\":\"Honda Portugal Autom\u00f3veis\",\"image\":{\"@type\":\"ImageObject\",\"@id\":\"https:\/\/honda-automoveis.pt\/blog\/#personlogo\",\"inLanguage\":\"pt-PT\",\"url\":\"https:\/\/honda-automoveis.pt\/blog\/wp-content\/uploads\/2023\/06\/logo_perfil-150x150.png\",\"contentUrl\":\"https:\/\/honda-automoveis.pt\/blog\/wp-content\/uploads\/2023\/06\/logo_perfil-150x150.png\",\"caption\":\"Honda Portugal Autom\u00f3veis\"},\"description\":\"A Honda chegou a Portugal em 1968, preparada para conquistar os portugueses com a sua inovadora tecnologia e os melhores e mais fi\u00e1veis autom\u00f3veis. Com uma longa hist\u00f3ria de sucesso no nosso pa\u00eds, a Honda conquistou uma verdadeira comunidade de f\u00e3s, que reconhecem na marca a fiabilidade, seguran\u00e7a e tecnologia que nos caracterizam. A competi\u00e7\u00e3o e a performance est\u00e3o no nosso ADN e \u00e9 por isso que, diariamente, continuamos a trabalhar para que todas as viagens sejam verdadeiramente emocionantes.\",\"url\":\"https:\/\/honda-automoveis.pt\/blog\/author\/honda-portugal\/\"}]}<\/script>\n<!-- \/ Yoast SEO plugin. -->","yoast_head_json":{"title":"Garantia de um autom\u00f3vel usado tem per\u00edodo m\u00ednimo? | Honda Portugal","description":"Conhece as condi\u00e7\u00f5es de garantia de um autom\u00f3vel usado? Se n\u00e3o, leia o nosso artigo e conhe\u00e7a a melhor garantia do mercado, para ve\u00edculos usados e novos!","robots":{"index":"index","follow":"follow","max-snippet":"max-snippet:-1","max-image-preview":"max-image-preview:large","max-video-preview":"max-video-preview:-1"},"canonical":"https:\/\/honda-automoveis.pt\/blog\/garantia-automovel-usado\/","og_locale":"pt_PT","og_type":"article","og_title":"Garantia de um autom\u00f3vel usado tem per\u00edodo m\u00ednimo? | Honda Portugal","og_description":"Conhece as condi\u00e7\u00f5es de garantia de um autom\u00f3vel usado? Se n\u00e3o, leia o nosso artigo e conhe\u00e7a a melhor garantia do mercado, para ve\u00edculos usados e novos!","og_url":"https:\/\/honda-automoveis.pt\/blog\/garantia-automovel-usado\/","og_site_name":"Honda Portugal","article_published_time":"2021-09-08T10:00:35+00:00","article_modified_time":"2021-12-29T11:06:28+00:00","og_image":[{"width":1000,"height":667,"url":"https:\/\/honda-automoveis.pt\/blog\/wp-content\/uploads\/2021\/09\/honda-jazz-hybrid-branco.jpg","type":"image\/jpeg"}],"twitter_card":"summary_large_image","twitter_misc":{"Escrito por":"Honda Portugal Autom\u00f3veis","Tempo estimado de leitura":"3 minutos"},"schema":{"@context":"https:\/\/schema.org","@graph":[{"@type":"WebSite","@id":"https:\/\/honda-automoveis.pt\/blog\/#website","url":"https:\/\/honda-automoveis.pt\/blog\/","name":"Honda Portugal","description":"Dreamers&#039; Blog","potentialAction":[{"@type":"SearchAction","target":{"@type":"EntryPoint","urlTemplate":"https:\/\/honda-automoveis.pt\/blog\/?s={search_term_string}"},"query-input":"required name=search_term_string"}],"inLanguage":"pt-PT"},{"@type":"ImageObject","@id":"https:\/\/honda-automoveis.pt\/blog\/garantia-automovel-usado\/#primaryimage","inLanguage":"pt-PT","url":"https:\/\/honda-automoveis.pt\/blog\/wp-content\/uploads\/2021\/09\/honda-jazz-hybrid-branco.jpg","contentUrl":"https:\/\/honda-automoveis.pt\/blog\/wp-content\/uploads\/2021\/09\/honda-jazz-hybrid-branco.jpg","width":1000,"height":667,"caption":"Honda Jazz branco na estrada"},{"@type":"WebPage","@id":"https:\/\/honda-automoveis.pt\/blog\/garantia-automovel-usado\/#webpage","url":"https:\/\/honda-automoveis.pt\/blog\/garantia-automovel-usado\/","name":"Garantia de um autom\u00f3vel usado tem per\u00edodo m\u00ednimo? | Honda Portugal","isPartOf":{"@id":"https:\/\/honda-automoveis.pt\/blog\/#website"},"primaryImageOfPage":{"@id":"https:\/\/honda-automoveis.pt\/blog\/garantia-automovel-usado\/#primaryimage"},"datePublished":"2021-09-08T10:00:35+00:00","dateModified":"2021-12-29T11:06:28+00:00","author":{"@id":"https:\/\/honda-automoveis.pt\/blog\/#\/schema\/person\/7f8ab873bdf8dbd771f0d57531954f87"},"description":"Conhece as condi\u00e7\u00f5es de garantia de um autom\u00f3vel usado? Se n\u00e3o, leia o nosso artigo e conhe\u00e7a a melhor garantia do mercado, para ve\u00edculos usados e novos!","breadcrumb":{"@id":"https:\/\/honda-automoveis.pt\/blog\/garantia-automovel-usado\/#breadcrumb"},"inLanguage":"pt-PT","potentialAction":[{"@type":"ReadAction","target":["https:\/\/honda-automoveis.pt\/blog\/garantia-automovel-usado\/"]}]},{"@type":"BreadcrumbList","@id":"https:\/\/honda-automoveis.pt\/blog\/garantia-automovel-usado\/#breadcrumb","itemListElement":[{"@type":"ListItem","position":1,"name":"In\u00edcio","item":"https:\/\/honda-automoveis.pt\/blog\/"},{"@type":"ListItem","position":2,"name":"Garantia de um autom\u00f3vel usado: qual o per\u00edodo m\u00ednimo?"}]},{"@type":"Person","@id":"https:\/\/honda-automoveis.pt\/blog\/#\/schema\/person\/7f8ab873bdf8dbd771f0d57531954f87","name":"Honda Portugal Autom\u00f3veis","image":{"@type":"ImageObject","@id":"https:\/\/honda-automoveis.pt\/blog\/#personlogo","inLanguage":"pt-PT","url":"https:\/\/honda-automoveis.pt\/blog\/wp-content\/uploads\/2023\/06\/logo_perfil-150x150.png","contentUrl":"https:\/\/honda-automoveis.pt\/blog\/wp-content\/uploads\/2023\/06\/logo_perfil-150x150.png","caption":"Honda Portugal Autom\u00f3veis"},"description":"A Honda chegou a Portugal em 1968, preparada para conquistar os portugueses com a sua inovadora tecnologia e os melhores e mais fi\u00e1veis autom\u00f3veis. Com uma longa hist\u00f3ria de sucesso no nosso pa\u00eds, a Honda conquistou uma verdadeira comunidade de f\u00e3s, que reconhecem na marca a fiabilidade, seguran\u00e7a e tecnologia que nos caracterizam. A competi\u00e7\u00e3o e a performance est\u00e3o no nosso ADN e \u00e9 por isso que, diariamente, continuamos a trabalhar para que todas as viagens sejam verdadeiramente emocionantes.","url":"https:\/\/honda-automoveis.pt\/blog\/author\/honda-portugal\/"}]}},"_links":{"self":[{"href":"https:\/\/honda-automoveis.pt\/blog\/wp-json\/wp\/v2\/posts\/43331"}],"collection":[{"href":"https:\/\/honda-automoveis.pt\/blog\/wp-json\/wp\/v2\/posts"}],"about":[{"href":"https:\/\/honda-automoveis.pt\/blog\/wp-json\/wp\/v2\/types\/post"}],"author":[{"embeddable":true,"href":"https:\/\/honda-automoveis.pt\/blog\/wp-json\/wp\/v2\/users\/4"}],"replies":[{"embeddable":true,"href":"https:\/\/honda-automoveis.pt\/blog\/wp-json\/wp\/v2\/comments?post=43331"}],"version-history":[{"count":8,"href":"https:\/\/honda-automoveis.pt\/blog\/wp-json\/wp\/v2\/posts\/43331\/revisions"}],"predecessor-version":[{"id":47159,"href":"https:\/\/honda-automoveis.pt\/blog\/wp-json\/wp\/v2\/posts\/43331\/revisions\/47159"}],"wp:featuredmedia":[{"embeddable":true,"href":"https:\/\/honda-automoveis.pt\/blog\/wp-json\/wp\/v2\/media\/43333"}],"wp:attachment":[{"href":"https:\/\/honda-automoveis.pt\/blog\/wp-json\/wp\/v2\/media?parent=43331"}],"wp:term":[{"taxonomy":"category","embeddable":true,"href":"https:\/\/honda-automoveis.pt\/blog\/wp-json\/wp\/v2\/categories?post=43331"},{"taxonomy":"post_tag","embeddable":true,"href":"https:\/\/honda-automoveis.pt\/blog\/wp-json\/wp\/v2\/tags?post=43331"}],"curies":[{"name":"wp","href":"https:\/\/api.w.org\/{rel}","templated":true}]}}