{"id":4572,"date":"2020-07-30T17:20:45","date_gmt":"2020-07-30T17:20:45","guid":{"rendered":"https:\/\/honda-automoveis.pt\/blog\/?p=4572"},"modified":"2023-02-13T17:34:22","modified_gmt":"2023-02-13T17:34:22","slug":"estrada-nacional-2-o-que-visitar-onde-dormir-e-comer","status":"publish","type":"post","link":"https:\/\/honda-automoveis.pt\/blog\/estrada-nacional-2-o-que-visitar-onde-dormir-e-comer\/","title":{"rendered":"Estrada Nacional 2: Descubra tudo"},"content":{"rendered":"<p><span data-contrast=\"auto\">A maior estrada nacional da Europa e no p\u00f3dio das maiores do mundo, \u00e9 portuguesa, a inconfund\u00edvel <\/span><b><span data-contrast=\"auto\">Estrada Nacional 2<\/span><\/b><span data-contrast=\"auto\">. S\u00e3o 738 km de hist\u00f3rias por entre as quais encontramos rios e serra, vilas e cidades, e um incont\u00e1vel n\u00famero de pontos de interesse. Prontos para arrancar?\u00a0\u00a0<\/span><span data-ccp-props=\"{&quot;201341983&quot;:0,&quot;335559739&quot;:160,&quot;335559740&quot;:252}\">\u00a0<\/span><\/p>\n<p><span data-contrast=\"auto\">A Nacional 2 distingue-se pelos sabores tipicamente portugueses, pelas paisagens \u00fanicas e pelo seu inconfund\u00edvel patrim\u00f3nio arquitet\u00f3nico. Aqui, o convite \u00e9 um apelo a todas as sensa\u00e7\u00f5es. Na mem\u00f3ria n\u00e3o ficam apenas as paisagens bonitas, a viagem \u00e9 tamb\u00e9m feita pelas pessoas com quem nos cruzamos. Como se de casa se tratasse, a hospitalidade e gentileza do povo portugu\u00eas n\u00e3o passam despercebidas.\u00a0\u00a0<\/span><span data-ccp-props=\"{&quot;201341983&quot;:0,&quot;335559739&quot;:160,&quot;335559740&quot;:252}\">\u00a0<\/span><\/p>\n<h3><b><span data-contrast=\"auto\">Onde saborear Portugal na N2 <\/span><\/b><span data-ccp-props=\"{&quot;201341983&quot;:0,&quot;335559739&quot;:160,&quot;335559740&quot;:252}\">\u00a0<\/span><\/h3>\n<p><span data-contrast=\"auto\">A viagem pelos sabores de Portugal ao longo da Estrada Nacional 2 n\u00e3o pode faltar. As paragens para recarregar baterias, s\u00e3o obrigat\u00f3rias, por isso, damos-lhe a conhecer a nossa sele\u00e7\u00e3o de restaurantes que tem de descobrir.\u00a0<\/span><span data-ccp-props=\"{&quot;201341983&quot;:0,&quot;335559739&quot;:160,&quot;335559740&quot;:252}\">\u00a0<\/span><\/p>\n<p><span data-contrast=\"auto\">Pens\u00e3o Fl\u00e1via \u2013 Chaves<\/span><span data-ccp-props=\"{&quot;201341983&quot;:0,&quot;335559739&quot;:160,&quot;335559740&quot;:252}\">\u00a0<\/span><\/p>\n<p><span data-contrast=\"auto\">Taberna do Talasnal \u2013 Lous\u00e3<\/span><span data-ccp-props=\"{&quot;201341983&quot;:0,&quot;335559739&quot;:160,&quot;335559740&quot;:252}\">\u00a0<\/span><\/p>\n<p><span data-contrast=\"auto\">Sabores no Forno \u2013 Vila Real<\/span><span data-ccp-props=\"{&quot;201341983&quot;:0,&quot;335559739&quot;:160,&quot;335559740&quot;:252}\">\u00a0<\/span><\/p>\n<p><span data-contrast=\"auto\">Muralha da S\u00e9 \u2013 Viseu\u00a0<\/span><span data-ccp-props=\"{&quot;201341983&quot;:0,&quot;335559739&quot;:160,&quot;335559740&quot;:252}\">\u00a0<\/span><\/p>\n<p><span data-contrast=\"auto\">Restaurante Santa Isabel \u2013 Abrantes\u00a0<\/span><span data-ccp-props=\"{&quot;201341983&quot;:0,&quot;335559739&quot;:160,&quot;335559740&quot;:252}\">\u00a0<\/span><\/p>\n<p><span data-contrast=\"auto\">Petisqueira Alentejana \u2013 Ponte de Sor<\/span><span data-ccp-props=\"{&quot;201341983&quot;:0,&quot;335559739&quot;:160,&quot;335559740&quot;:252}\">\u00a0<\/span><\/p>\n<p><span data-contrast=\"auto\">Castro verde \u2013 A Cavalari\u00e7a<\/span><span data-ccp-props=\"{&quot;201341983&quot;:0,&quot;335559739&quot;:160,&quot;335559740&quot;:252}\">\u00a0<\/span><\/p>\n<p><span data-contrast=\"auto\">Fio d\u2019Azeite \u2013 Aljustrel\u00a0<\/span><span data-ccp-props=\"{&quot;201341983&quot;:0,&quot;335559739&quot;:160,&quot;335559740&quot;:252}\">\u00a0<\/span><\/p>\n<p><span data-contrast=\"auto\">\u00c0 do Pinto &#8211; Faro<\/span><span data-ccp-props=\"{&quot;201341983&quot;:0,&quot;335559739&quot;:160,&quot;335559740&quot;:252}\">\u00a0<\/span><\/p>\n<h3><b><span data-contrast=\"auto\">Onde pernoitar na N2<\/span><\/b><span data-ccp-props=\"{&quot;201341983&quot;:0,&quot;335559739&quot;:160,&quot;335559740&quot;:252}\">\u00a0<\/span><\/h3>\n<p><span data-contrast=\"auto\">Depois da busca di\u00e1ria por aventura, quando chega \u00e0 noite, um s\u00edtio calmo \u00e9 o ideal para repor baterias. Tudo isto para que, no dia seguinte, tenha o n\u00edvel certo de energia para novas descobertas.\u00a0<\/span><span data-ccp-props=\"{&quot;201341983&quot;:0,&quot;335559739&quot;:160,&quot;335559740&quot;:252}\">\u00a0<\/span><\/p>\n<p><span data-contrast=\"auto\">Forte de S\u00e3o Francisco \u2013 Chaves\u00a0<\/span><span data-ccp-props=\"{&quot;201341983&quot;:0,&quot;335559739&quot;:160,&quot;335559740&quot;:252}\">\u00a0<\/span><\/p>\n<p><span data-contrast=\"auto\">Vila Real Loft 360\u00ba &#8211; Vila Real\u00a0<\/span><span data-ccp-props=\"{&quot;201341983&quot;:0,&quot;335559739&quot;:160,&quot;335559740&quot;:252}\">\u00a0<\/span><\/p>\n<p><span data-contrast=\"auto\">Original Douro Hotel \u2013 Peso da R\u00e9gua<\/span><span data-ccp-props=\"{&quot;201341983&quot;:0,&quot;335559739&quot;:160,&quot;335559740&quot;:252}\">\u00a0<\/span><\/p>\n<p><span data-contrast=\"auto\">Six Senses Douro Valley &#8211; Lamego<\/span><span data-ccp-props=\"{&quot;201341983&quot;:0,&quot;335559739&quot;:160,&quot;335559740&quot;:252}\">\u00a0<\/span><\/p>\n<p><span data-contrast=\"auto\">Bemyguest \u2013 Viseu\u00a0<\/span><span data-ccp-props=\"{&quot;201341983&quot;:0,&quot;335559739&quot;:160,&quot;335559740&quot;:252}\">\u00a0<\/span><\/p>\n<p><span data-contrast=\"auto\">Casa da Cerejinha \u2013 G\u00f3is\u00a0<\/span><span data-ccp-props=\"{&quot;201341983&quot;:0,&quot;335559739&quot;:160,&quot;335559740&quot;:252}\">\u00a0<\/span><\/p>\n<p><span data-contrast=\"auto\">Casal da Corti\u00e7ada \u2013 Sert\u00e3\u00a0<\/span><span data-ccp-props=\"{&quot;201341983&quot;:0,&quot;335559739&quot;:160,&quot;335559740&quot;:252}\">\u00a0<\/span><\/p>\n<p><span data-contrast=\"auto\">Quinta da Eira Velha \u2013 Abrantes\u00a0<\/span><span data-ccp-props=\"{&quot;201341983&quot;:0,&quot;335559739&quot;:160,&quot;335559740&quot;:252}\">\u00a0<\/span><\/p>\n<p><span data-contrast=\"auto\">Monte Chala\u00e7a &#8211; Ferreira do Alentejo\u00a0\u00a0<\/span><span data-ccp-props=\"{&quot;201341983&quot;:0,&quot;335559739&quot;:160,&quot;335559740&quot;:252}\">\u00a0<\/span><\/p>\n<p><span data-contrast=\"auto\">Eva Sense \u2013 Faro<\/span><\/p>\n<p><img loading=\"lazy\" class=\"alignnone size-full wp-image-48661\" src=\"https:\/\/honda-automoveis.pt\/blog\/wp-content\/uploads\/2023\/02\/EN2_Imagem-Texto_1.jpg\" alt=\"interior Honda\" width=\"1000\" height=\"667\" srcset=\"https:\/\/honda-automoveis.pt\/blog\/wp-content\/uploads\/2023\/02\/EN2_Imagem-Texto_1.jpg 1000w, https:\/\/honda-automoveis.pt\/blog\/wp-content\/uploads\/2023\/02\/EN2_Imagem-Texto_1-300x200.jpg 300w, https:\/\/honda-automoveis.pt\/blog\/wp-content\/uploads\/2023\/02\/EN2_Imagem-Texto_1-768x512.jpg 768w\" sizes=\"(max-width: 1000px) 100vw, 1000px\" \/><\/p>\n<h3><b><span data-contrast=\"auto\">738 km de patrim\u00f3nio<\/span><\/b><span data-ccp-props=\"{&quot;201341983&quot;:0,&quot;335559739&quot;:160,&quot;335559740&quot;:252}\">\u00a0<\/span><\/h3>\n<p><span data-contrast=\"auto\">A cada peda\u00e7o que conhece do interior de Portugal, este fica mais seu. O interior n\u00e3o se poupa nas surpresas que lhe reserva. Fazer a Estrada Nacional 2 proporciona momentos e descobertas inesquec\u00edveis. Se tiver a oportunidade, n\u00e3o a deixe escapar. Ao longo do caminho, visite:\u00a0<\/span><span data-ccp-props=\"{&quot;201341983&quot;:0,&quot;335559739&quot;:160,&quot;335559740&quot;:252}\">\u00a0<\/span><\/p>\n<p><span data-contrast=\"auto\">Chaves \u2013 Ponte de Trajano; Castelo de Chaves; Pra\u00e7a de Cam\u00f5es; Museu de Arte Contempor\u00e2nea Nadir Afonso; Parque Pedras Salgadas;<\/span><span data-ccp-props=\"{&quot;201341983&quot;:0,&quot;335559739&quot;:160,&quot;335559740&quot;:252}\">\u00a0<\/span><\/p>\n<p><span data-contrast=\"auto\">Vila Real \u2013 Parque Natural do Alv\u00e3o; Funda\u00e7\u00e3o da Casa de Mateus; S\u00e9 Catedral de Vila Real; Jardim da Universidade de Tr\u00e1s-os-Montes;\u00a0<\/span><span data-ccp-props=\"{&quot;201341983&quot;:0,&quot;335559739&quot;:160,&quot;335559740&quot;:252}\">\u00a0<\/span><\/p>\n<p><span data-contrast=\"auto\">Peso da R\u00e9gua \u2013 Museu do Douro; Miradouro de S\u00e3o Leonardo de Galafura; Quinta do Vallado;<\/span><span data-ccp-props=\"{&quot;201341983&quot;:0,&quot;335559739&quot;:160,&quot;335559740&quot;:252}\">\u00a0<\/span><\/p>\n<p><span data-contrast=\"auto\">Lamego \u2013 Santu\u00e1rio Nossa Senhora dos Rem\u00e9dios; Catedral de Lamego; Quinta da Pacheca; Caves da Raposeira;\u00a0<\/span><span data-ccp-props=\"{&quot;201341983&quot;:0,&quot;335559739&quot;:160,&quot;335559740&quot;:252}\">\u00a0<\/span><\/p>\n<p><span data-contrast=\"auto\">Viseu \u2013 S\u00e9 Catedral de Viseu; Museu Gr\u00e3o Vasco; Porta dos Cavaleiros; Est\u00e1tua e Cava de Viriato; Ecopista do D\u00e3o;\u00a0<\/span><span data-ccp-props=\"{&quot;201341983&quot;:0,&quot;335559739&quot;:160,&quot;335559740&quot;:252}\">\u00a0<\/span><\/p>\n<p><span data-contrast=\"auto\">Penacova \u2013 Moinhos de Gavinhos; F\u00e1brica das Caldas de Penacova;<\/span><span data-ccp-props=\"{&quot;201341983&quot;:0,&quot;335559739&quot;:160,&quot;335559740&quot;:252}\">\u00a0<\/span><\/p>\n<p><span data-contrast=\"auto\">Lous\u00e3 \u2013 Castelo de Lous\u00e3; Cascata Pedra da Ferida; baloi\u00e7o de Trevim; Candal; Talasnal;<\/span><span data-ccp-props=\"{&quot;201341983&quot;:0,&quot;335559739&quot;:160,&quot;335559740&quot;:252}\">\u00a0<\/span><\/p>\n<p><span data-contrast=\"auto\">Pedrog\u00e3o Grande \u2013 Museu de arte Sacra; Museu Pedro Cruz; Igreja Nossa Sra. da Assun\u00e7\u00e3o; Ilha dos Padr\u00f5es;<\/span><span data-ccp-props=\"{&quot;201341983&quot;:0,&quot;335559739&quot;:160,&quot;335559740&quot;:252}\">\u00a0<\/span><\/p>\n<p><span data-contrast=\"auto\">Pedrog\u00e3o Pequeno \u2013 Barragem de Cabril; Praia Fluvial do Cabril; Ponte Filipina;<\/span><span data-ccp-props=\"{&quot;201341983&quot;:0,&quot;335559739&quot;:160,&quot;335559740&quot;:252}\">\u00a0<\/span><\/p>\n<p><span data-contrast=\"auto\">Abrantes \u2013 Parque Urbano de Abrantes de S\u00e3o Louren\u00e7o; Ponte de Abrantes; Castelo de Abrantes; Castelo de Almourol;\u00a0<\/span><span data-ccp-props=\"{&quot;201341983&quot;:0,&quot;335559739&quot;:160,&quot;335559740&quot;:252}\">\u00a0<\/span><\/p>\n<p><span data-contrast=\"auto\">Ponte de Sor: Ponte Pedonal; Centro de Artes e Cultura; Retas Sul do Tejo; Moinhos Tramaga;<\/span><span data-ccp-props=\"{&quot;201341983&quot;:0,&quot;335559739&quot;:160,&quot;335559740&quot;:252}\">\u00a0<\/span><\/p>\n<p><span data-contrast=\"auto\">Brotas \u2013Santu\u00e1rio de Nossa Senhora das Brotas; Torre das \u00c1guias;\u00a0<\/span><span data-ccp-props=\"{&quot;201341983&quot;:0,&quot;335559739&quot;:160,&quot;335559740&quot;:252}\">\u00a0<\/span><\/p>\n<p><span data-contrast=\"auto\">Ferreira do Alentejo \u2013 Capela do Calv\u00e1rio; Museu Municipal; Alc\u00e1\u00e7ovas;<\/span><span data-ccp-props=\"{&quot;201341983&quot;:0,&quot;335559739&quot;:160,&quot;335559740&quot;:252}\">\u00a0<\/span><\/p>\n<p><span data-contrast=\"auto\">Aljustrel \u2013 Ermida de Nossa Senhora da Assun\u00e7\u00e3o; Minas Aljustrel; Ru\u00ednas Romanas de Pis\u00f5es; Miradouros;<\/span><span data-ccp-props=\"{&quot;201341983&quot;:0,&quot;335559739&quot;:160,&quot;335559740&quot;:252}\">\u00a0<\/span><\/p>\n<p><span data-contrast=\"auto\">Castro Verde \u2013 Ermida de Nossa Senhora de Aracelis; Museu da Ruralidade; Igreja de Nossa Senhora dos Rem\u00e9dios;\u00a0<\/span><span data-ccp-props=\"{&quot;201341983&quot;:0,&quot;335559739&quot;:160,&quot;335559740&quot;:252}\">\u00a0<\/span><\/p>\n<p><span data-contrast=\"auto\">Faro \u2013 Cidade Velha; Pal\u00e1cio do Visconde de Estoi; Igreja do Carmo; S\u00e9 Catedral de Faro; Teatro Lethes; Museu Mar\u00edtimo Almirante Ramalho Ortig\u00e3o.<\/span><\/p>\n<p><img loading=\"lazy\" class=\"alignnone size-full wp-image-48660\" src=\"https:\/\/honda-automoveis.pt\/blog\/wp-content\/uploads\/2023\/02\/EN2_Imagem-texto_2.jpg\" alt=\"interior Honda\" width=\"1000\" height=\"667\" srcset=\"https:\/\/honda-automoveis.pt\/blog\/wp-content\/uploads\/2023\/02\/EN2_Imagem-texto_2.jpg 1000w, https:\/\/honda-automoveis.pt\/blog\/wp-content\/uploads\/2023\/02\/EN2_Imagem-texto_2-300x200.jpg 300w, https:\/\/honda-automoveis.pt\/blog\/wp-content\/uploads\/2023\/02\/EN2_Imagem-texto_2-768x512.jpg 768w\" sizes=\"(max-width: 1000px) 100vw, 1000px\" \/><\/p>\n<h2><b><span data-contrast=\"auto\">Viajar em estradas nacionais\u00a0<\/span><\/b><span data-ccp-props=\"{&quot;201341983&quot;:0,&quot;335559739&quot;:160,&quot;335559740&quot;:252}\">\u00a0<\/span><\/h2>\n<p><span data-contrast=\"auto\">Antes de partir \u00e0 aventura, planeie a sua viagem. Esta inicia-se a partir do momento que escolhe o seu companheiro. N\u00e3o se esque\u00e7a, escolha um <\/span><a href=\"https:\/\/honda-automoveis.pt\/blog\/descubra-como-escolher-um-carro-bom-para-viajar\/\" target=\"_blank\" rel=\"noopener\"><span data-contrast=\"none\">carro bom para viajar<\/span><\/a><span data-contrast=\"auto\">.<\/span><span data-ccp-props=\"{&quot;201341983&quot;:0,&quot;335559739&quot;:160,&quot;335559740&quot;:252}\">\u00a0<\/span><\/p>\n<p><span data-contrast=\"auto\">Planear fazer a Estrada Nacional 2, vai muito al\u00e9m de escolher onde dormir e comer. H\u00e1 cuidados a ter com manuten\u00e7\u00e3o do seu carro. No entanto, n\u00e3o se preocupe, a<\/span><span data-contrast=\"auto\">\u00a0dos ve\u00edculos Honda h\u00e1 muito \u00e9 conhecida. Se os nossos carros conseguem finalizar um <\/span><a href=\"https:\/\/honda-automoveis.pt\/blog\/honda-jazz-um-carro-economico-no-rally-mongol\/\" target=\"_blank\" rel=\"noopener\"><span data-contrast=\"none\">Rally de 17.000 km<\/span><\/a><span data-contrast=\"auto\">, a N2 n\u00e3o ser\u00e1 problema.\u00a0<\/span><span data-ccp-props=\"{&quot;201341983&quot;:0,&quot;335559739&quot;:160,&quot;335559740&quot;:252}\">\u00a0<\/span><\/p>\n<p><span data-contrast=\"auto\">Todo este planeamento compensa, assim que se faz \u00e0 estrada. As vantagens de viajar pelas estradas nacionais e regionais s\u00e3o in\u00fameras. Al\u00e9m de permitirem mais paragens pelo caminho, atravessam v\u00e1rios pontos de interesse culturais e regionais. E com a Honda como companheiro ideal, melhor ainda.\u00a0<\/span><span data-ccp-props=\"{&quot;201341983&quot;:0,&quot;335559739&quot;:160,&quot;335559740&quot;:252}\">\u00a0<\/span><\/p>\n","protected":false},"excerpt":{"rendered":"<p>A Estrada Nacional 2 celebra 75 anos, enquanto marco no desenvolvimento do interior de Portugal. Fa\u00e7a-se \u00e0 estrada e descubra tudo o que pode visitar na N2.<\/p>\n","protected":false},"author":4,"featured_media":48673,"comment_status":"open","ping_status":"open","sticky":false,"template":"","format":"standard","meta":[],"categories":[86,1],"tags":[155,87,207],"yoast_head":"<!-- This site is optimized with the Yoast SEO plugin v18.5 - https:\/\/yoast.com\/wordpress\/plugins\/seo\/ -->\n<title>Estrada Nacional 2: o que visitar, onde dormir e comer \u2013 Honda<\/title>\n<meta name=\"description\" content=\"Quer passar f\u00e9rias em Portugal, mas est\u00e1 sem ideias? Temos o plano ideal para os aventureiros. Descubra tudo neste artigo Honda.\" \/>\n<meta name=\"robots\" content=\"index, follow, max-snippet:-1, max-image-preview:large, max-video-preview:-1\" \/>\n<link rel=\"canonical\" href=\"https:\/\/honda-automoveis.pt\/blog\/estrada-nacional-2-o-que-visitar-onde-dormir-e-comer\/\" \/>\n<meta property=\"og:locale\" content=\"pt_PT\" \/>\n<meta property=\"og:type\" content=\"article\" \/>\n<meta property=\"og:title\" content=\"Estrada Nacional 2: o que visitar, onde dormir e comer\" \/>\n<meta property=\"og:description\" content=\"A Estrada Nacional 2 celebra 75 anos, enquanto marco no desenvolvimento do interior de Portugal. Fa\u00e7a-se \u00e0 estrada e descubra tudo o que pode visitar na N2.\" \/>\n<meta property=\"og:url\" content=\"https:\/\/honda-automoveis.pt\/blog\/estrada-nacional-2-o-que-visitar-onde-dormir-e-comer\/\" \/>\n<meta property=\"og:site_name\" content=\"Honda Portugal\" \/>\n<meta property=\"article:published_time\" content=\"2020-07-30T17:20:45+00:00\" \/>\n<meta property=\"article:modified_time\" content=\"2023-02-13T17:34:22+00:00\" \/>\n<meta property=\"og:image\" content=\"https:\/\/honda-automoveis.pt\/blog\/wp-content\/uploads\/2020\/07\/imagem_destaque_EN2.jpg\" \/>\n\t<meta property=\"og:image:width\" content=\"884\" \/>\n\t<meta property=\"og:image:height\" content=\"552\" \/>\n\t<meta property=\"og:image:type\" content=\"image\/jpeg\" \/>\n<meta name=\"twitter:card\" content=\"summary_large_image\" \/>\n<meta name=\"twitter:label1\" content=\"Escrito por\" \/>\n\t<meta name=\"twitter:data1\" content=\"Honda Portugal Autom\u00f3veis\" \/>\n\t<meta name=\"twitter:label2\" content=\"Tempo estimado de leitura\" \/>\n\t<meta name=\"twitter:data2\" content=\"5 minutos\" \/>\n<script type=\"application\/ld+json\" class=\"yoast-schema-graph\">{\"@context\":\"https:\/\/schema.org\",\"@graph\":[{\"@type\":\"WebSite\",\"@id\":\"https:\/\/honda-automoveis.pt\/blog\/#website\",\"url\":\"https:\/\/honda-automoveis.pt\/blog\/\",\"name\":\"Honda Portugal\",\"description\":\"Dreamers&#039; Blog\",\"potentialAction\":[{\"@type\":\"SearchAction\",\"target\":{\"@type\":\"EntryPoint\",\"urlTemplate\":\"https:\/\/honda-automoveis.pt\/blog\/?s={search_term_string}\"},\"query-input\":\"required name=search_term_string\"}],\"inLanguage\":\"pt-PT\"},{\"@type\":\"ImageObject\",\"@id\":\"https:\/\/honda-automoveis.pt\/blog\/estrada-nacional-2-o-que-visitar-onde-dormir-e-comer\/#primaryimage\",\"inLanguage\":\"pt-PT\",\"url\":\"https:\/\/honda-automoveis.pt\/blog\/wp-content\/uploads\/2020\/07\/imagem_destaque_EN2.jpg\",\"contentUrl\":\"https:\/\/honda-automoveis.pt\/blog\/wp-content\/uploads\/2020\/07\/imagem_destaque_EN2.jpg\",\"width\":884,\"height\":552,\"caption\":\"Honda\"},{\"@type\":\"WebPage\",\"@id\":\"https:\/\/honda-automoveis.pt\/blog\/estrada-nacional-2-o-que-visitar-onde-dormir-e-comer\/#webpage\",\"url\":\"https:\/\/honda-automoveis.pt\/blog\/estrada-nacional-2-o-que-visitar-onde-dormir-e-comer\/\",\"name\":\"Estrada Nacional 2: o que visitar, onde dormir e comer \u2013 Honda\",\"isPartOf\":{\"@id\":\"https:\/\/honda-automoveis.pt\/blog\/#website\"},\"primaryImageOfPage\":{\"@id\":\"https:\/\/honda-automoveis.pt\/blog\/estrada-nacional-2-o-que-visitar-onde-dormir-e-comer\/#primaryimage\"},\"datePublished\":\"2020-07-30T17:20:45+00:00\",\"dateModified\":\"2023-02-13T17:34:22+00:00\",\"author\":{\"@id\":\"https:\/\/honda-automoveis.pt\/blog\/#\/schema\/person\/7f8ab873bdf8dbd771f0d57531954f87\"},\"description\":\"Quer passar f\u00e9rias em Portugal, mas est\u00e1 sem ideias? Temos o plano ideal para os aventureiros. Descubra tudo neste artigo Honda.\",\"breadcrumb\":{\"@id\":\"https:\/\/honda-automoveis.pt\/blog\/estrada-nacional-2-o-que-visitar-onde-dormir-e-comer\/#breadcrumb\"},\"inLanguage\":\"pt-PT\",\"potentialAction\":[{\"@type\":\"ReadAction\",\"target\":[\"https:\/\/honda-automoveis.pt\/blog\/estrada-nacional-2-o-que-visitar-onde-dormir-e-comer\/\"]}]},{\"@type\":\"BreadcrumbList\",\"@id\":\"https:\/\/honda-automoveis.pt\/blog\/estrada-nacional-2-o-que-visitar-onde-dormir-e-comer\/#breadcrumb\",\"itemListElement\":[{\"@type\":\"ListItem\",\"position\":1,\"name\":\"In\u00edcio\",\"item\":\"https:\/\/honda-automoveis.pt\/blog\/\"},{\"@type\":\"ListItem\",\"position\":2,\"name\":\"Estrada Nacional 2: Descubra tudo\"}]},{\"@type\":\"Person\",\"@id\":\"https:\/\/honda-automoveis.pt\/blog\/#\/schema\/person\/7f8ab873bdf8dbd771f0d57531954f87\",\"name\":\"Honda Portugal Autom\u00f3veis\",\"image\":{\"@type\":\"ImageObject\",\"@id\":\"https:\/\/honda-automoveis.pt\/blog\/#personlogo\",\"inLanguage\":\"pt-PT\",\"url\":\"https:\/\/honda-automoveis.pt\/blog\/wp-content\/uploads\/2023\/06\/logo_perfil-150x150.png\",\"contentUrl\":\"https:\/\/honda-automoveis.pt\/blog\/wp-content\/uploads\/2023\/06\/logo_perfil-150x150.png\",\"caption\":\"Honda Portugal Autom\u00f3veis\"},\"description\":\"A Honda chegou a Portugal em 1968, preparada para conquistar os portugueses com a sua inovadora tecnologia e os melhores e mais fi\u00e1veis autom\u00f3veis. Com uma longa hist\u00f3ria de sucesso no nosso pa\u00eds, a Honda conquistou uma verdadeira comunidade de f\u00e3s, que reconhecem na marca a fiabilidade, seguran\u00e7a e tecnologia que nos caracterizam. A competi\u00e7\u00e3o e a performance est\u00e3o no nosso ADN e \u00e9 por isso que, diariamente, continuamos a trabalhar para que todas as viagens sejam verdadeiramente emocionantes.\",\"url\":\"https:\/\/honda-automoveis.pt\/blog\/author\/honda-portugal\/\"}]}<\/script>\n<!-- \/ Yoast SEO plugin. -->","yoast_head_json":{"title":"Estrada Nacional 2: o que visitar, onde dormir e comer \u2013 Honda","description":"Quer passar f\u00e9rias em Portugal, mas est\u00e1 sem ideias? Temos o plano ideal para os aventureiros. Descubra tudo neste artigo Honda.","robots":{"index":"index","follow":"follow","max-snippet":"max-snippet:-1","max-image-preview":"max-image-preview:large","max-video-preview":"max-video-preview:-1"},"canonical":"https:\/\/honda-automoveis.pt\/blog\/estrada-nacional-2-o-que-visitar-onde-dormir-e-comer\/","og_locale":"pt_PT","og_type":"article","og_title":"Estrada Nacional 2: o que visitar, onde dormir e comer","og_description":"A Estrada Nacional 2 celebra 75 anos, enquanto marco no desenvolvimento do interior de Portugal. Fa\u00e7a-se \u00e0 estrada e descubra tudo o que pode visitar na N2.","og_url":"https:\/\/honda-automoveis.pt\/blog\/estrada-nacional-2-o-que-visitar-onde-dormir-e-comer\/","og_site_name":"Honda Portugal","article_published_time":"2020-07-30T17:20:45+00:00","article_modified_time":"2023-02-13T17:34:22+00:00","og_image":[{"width":884,"height":552,"url":"https:\/\/honda-automoveis.pt\/blog\/wp-content\/uploads\/2020\/07\/imagem_destaque_EN2.jpg","type":"image\/jpeg"}],"twitter_card":"summary_large_image","twitter_misc":{"Escrito por":"Honda Portugal Autom\u00f3veis","Tempo estimado de leitura":"5 minutos"},"schema":{"@context":"https:\/\/schema.org","@graph":[{"@type":"WebSite","@id":"https:\/\/honda-automoveis.pt\/blog\/#website","url":"https:\/\/honda-automoveis.pt\/blog\/","name":"Honda Portugal","description":"Dreamers&#039; Blog","potentialAction":[{"@type":"SearchAction","target":{"@type":"EntryPoint","urlTemplate":"https:\/\/honda-automoveis.pt\/blog\/?s={search_term_string}"},"query-input":"required name=search_term_string"}],"inLanguage":"pt-PT"},{"@type":"ImageObject","@id":"https:\/\/honda-automoveis.pt\/blog\/estrada-nacional-2-o-que-visitar-onde-dormir-e-comer\/#primaryimage","inLanguage":"pt-PT","url":"https:\/\/honda-automoveis.pt\/blog\/wp-content\/uploads\/2020\/07\/imagem_destaque_EN2.jpg","contentUrl":"https:\/\/honda-automoveis.pt\/blog\/wp-content\/uploads\/2020\/07\/imagem_destaque_EN2.jpg","width":884,"height":552,"caption":"Honda"},{"@type":"WebPage","@id":"https:\/\/honda-automoveis.pt\/blog\/estrada-nacional-2-o-que-visitar-onde-dormir-e-comer\/#webpage","url":"https:\/\/honda-automoveis.pt\/blog\/estrada-nacional-2-o-que-visitar-onde-dormir-e-comer\/","name":"Estrada Nacional 2: o que visitar, onde dormir e comer \u2013 Honda","isPartOf":{"@id":"https:\/\/honda-automoveis.pt\/blog\/#website"},"primaryImageOfPage":{"@id":"https:\/\/honda-automoveis.pt\/blog\/estrada-nacional-2-o-que-visitar-onde-dormir-e-comer\/#primaryimage"},"datePublished":"2020-07-30T17:20:45+00:00","dateModified":"2023-02-13T17:34:22+00:00","author":{"@id":"https:\/\/honda-automoveis.pt\/blog\/#\/schema\/person\/7f8ab873bdf8dbd771f0d57531954f87"},"description":"Quer passar f\u00e9rias em Portugal, mas est\u00e1 sem ideias? Temos o plano ideal para os aventureiros. Descubra tudo neste artigo Honda.","breadcrumb":{"@id":"https:\/\/honda-automoveis.pt\/blog\/estrada-nacional-2-o-que-visitar-onde-dormir-e-comer\/#breadcrumb"},"inLanguage":"pt-PT","potentialAction":[{"@type":"ReadAction","target":["https:\/\/honda-automoveis.pt\/blog\/estrada-nacional-2-o-que-visitar-onde-dormir-e-comer\/"]}]},{"@type":"BreadcrumbList","@id":"https:\/\/honda-automoveis.pt\/blog\/estrada-nacional-2-o-que-visitar-onde-dormir-e-comer\/#breadcrumb","itemListElement":[{"@type":"ListItem","position":1,"name":"In\u00edcio","item":"https:\/\/honda-automoveis.pt\/blog\/"},{"@type":"ListItem","position":2,"name":"Estrada Nacional 2: Descubra tudo"}]},{"@type":"Person","@id":"https:\/\/honda-automoveis.pt\/blog\/#\/schema\/person\/7f8ab873bdf8dbd771f0d57531954f87","name":"Honda Portugal Autom\u00f3veis","image":{"@type":"ImageObject","@id":"https:\/\/honda-automoveis.pt\/blog\/#personlogo","inLanguage":"pt-PT","url":"https:\/\/honda-automoveis.pt\/blog\/wp-content\/uploads\/2023\/06\/logo_perfil-150x150.png","contentUrl":"https:\/\/honda-automoveis.pt\/blog\/wp-content\/uploads\/2023\/06\/logo_perfil-150x150.png","caption":"Honda Portugal Autom\u00f3veis"},"description":"A Honda chegou a Portugal em 1968, preparada para conquistar os portugueses com a sua inovadora tecnologia e os melhores e mais fi\u00e1veis autom\u00f3veis. Com uma longa hist\u00f3ria de sucesso no nosso pa\u00eds, a Honda conquistou uma verdadeira comunidade de f\u00e3s, que reconhecem na marca a fiabilidade, seguran\u00e7a e tecnologia que nos caracterizam. A competi\u00e7\u00e3o e a performance est\u00e3o no nosso ADN e \u00e9 por isso que, diariamente, continuamos a trabalhar para que todas as viagens sejam verdadeiramente emocionantes.","url":"https:\/\/honda-automoveis.pt\/blog\/author\/honda-portugal\/"}]}},"_links":{"self":[{"href":"https:\/\/honda-automoveis.pt\/blog\/wp-json\/wp\/v2\/posts\/4572"}],"collection":[{"href":"https:\/\/honda-automoveis.pt\/blog\/wp-json\/wp\/v2\/posts"}],"about":[{"href":"https:\/\/honda-automoveis.pt\/blog\/wp-json\/wp\/v2\/types\/post"}],"author":[{"embeddable":true,"href":"https:\/\/honda-automoveis.pt\/blog\/wp-json\/wp\/v2\/users\/4"}],"replies":[{"embeddable":true,"href":"https:\/\/honda-automoveis.pt\/blog\/wp-json\/wp\/v2\/comments?post=4572"}],"version-history":[{"count":5,"href":"https:\/\/honda-automoveis.pt\/blog\/wp-json\/wp\/v2\/posts\/4572\/revisions"}],"predecessor-version":[{"id":48672,"href":"https:\/\/honda-automoveis.pt\/blog\/wp-json\/wp\/v2\/posts\/4572\/revisions\/48672"}],"wp:featuredmedia":[{"embeddable":true,"href":"https:\/\/honda-automoveis.pt\/blog\/wp-json\/wp\/v2\/media\/48673"}],"wp:attachment":[{"href":"https:\/\/honda-automoveis.pt\/blog\/wp-json\/wp\/v2\/media?parent=4572"}],"wp:term":[{"taxonomy":"category","embeddable":true,"href":"https:\/\/honda-automoveis.pt\/blog\/wp-json\/wp\/v2\/categories?post=4572"},{"taxonomy":"post_tag","embeddable":true,"href":"https:\/\/honda-automoveis.pt\/blog\/wp-json\/wp\/v2\/tags?post=4572"}],"curies":[{"name":"wp","href":"https:\/\/api.w.org\/{rel}","templated":true}]}}