{"id":47149,"date":"2021-12-22T16:24:10","date_gmt":"2021-12-22T16:24:10","guid":{"rendered":"https:\/\/honda-automoveis.pt\/blog\/?p=47149"},"modified":"2021-12-28T15:36:24","modified_gmt":"2021-12-28T15:36:24","slug":"seguro-automovel-contra-todos-os-riscos","status":"publish","type":"post","link":"https:\/\/honda-automoveis.pt\/blog\/seguro-automovel-contra-todos-os-riscos\/","title":{"rendered":"Seguro autom\u00f3vel contra todos os riscos: 3 aspetos a considerar na hora de escolher"},"content":{"rendered":"<p>Quando se compra um autom\u00f3vel, a contrata\u00e7\u00e3o do seguro \u00e9 uma das prioridades. O seguro autom\u00f3vel \u00e9 obrigat\u00f3rio para todos os ve\u00edculos com motor, existindo dois tipos de seguro: o seguro de responsabilidade civil, vulgo \u201ccontra terceiros\u201d, e o <strong>seguro autom\u00f3vel contra todos os riscos<\/strong>. Vamos explorar que aspetos considerar na contrata\u00e7\u00e3o deste \u00faltimo.<\/p>\n<h2>Conhe\u00e7a as diferen\u00e7as entre os tipos de seguros<\/h2>\n<p>O que distingue o seguro de responsabilidade civil do <strong>seguro autom\u00f3vel contra todos os riscos?<\/strong> O primeiro cobre todos os elementos m\u00ednimos obrigat\u00f3rios por lei. O segundo, e aquele que destacamos neste artigo, \u00e9 o seguro com o m\u00e1ximo de coberturas poss\u00edveis.<\/p>\n<p>Note que um seguro \u201ccontra todos os riscos\u201d n\u00e3o \u00e9 um termo 100% verdadeiro. Mesmo dentro destes contratos de seguro, h\u00e1 v\u00e1rios tipos de cobertura a considerar.<\/p>\n<h2>Como escolher um seguro autom\u00f3vel contra todos os riscos: 3 crit\u00e9rios fundamentais<\/h2>\n<p>Para melhor escolher um seguro, deve come\u00e7ar por avaliar as suas necessidades e, sobretudo neste contexto de seguro contra todos os riscos, avaliar bem que cobertura adicional ao seguro obrigat\u00f3rio vai precisar de contratar. Considere as suas necessidades nestes 4 pontos.<\/p>\n<h3>1. Valor do autom\u00f3vel<\/h3>\n<p>Este \u00e9 um crit\u00e9rio fundamental a ter em conta quando se escolhe um seguro. Um condutor que investe num carro novo, sobretudo se for um autom\u00f3vel com um pre\u00e7o mais elevado, deve pensar em contratar um seguro mais abrangente, pelo menos durante os primeiros anos do autom\u00f3vel.<\/p>\n<h3>2. Uso dado ao autom\u00f3vel<\/h3>\n<p>O <strong>seguro autom\u00f3vel contra todos os riscos<\/strong> e a escolha das respetivas coberturas tamb\u00e9m vai depender do uso que der ao seu carro. Um carro de garagem que fa\u00e7a poucos quil\u00f3metros por dia estar\u00e1, provavelmente, maioritariamente assegurado com um seguro de responsabilidade civil.<\/p>\n<p>Um autom\u00f3vel que fa\u00e7a muitos quil\u00f3metros por dia est\u00e1 mais sujeito a acidentes e outros problemas, pelo que pode fazer sentido contratar um seguro que abranja mais situa\u00e7\u00f5es de risco.<\/p>\n<h3>3. Zona em que reside<\/h3>\n<p>Porque \u00e9 que a zona de resid\u00eancia \u00e9 um fator t\u00e3o importante quando se considera um <strong>seguro autom\u00f3vel contra todos os riscos<\/strong>? Porque este tipo de seguro protege-o contra, por exemplo, condicionantes meteorol\u00f3gicas ou roubos e quebra isolada de vidros.<\/p>\n<p>Se o condutor residir numa \u00e1rea que costuma ser fustigada por inc\u00eandios florestais, que \u00e9 propensa a cheias, furac\u00f5es ou outros fen\u00f3menos naturais, faz sentido contratar um seguro mais completo.<\/p>\n<p>Outra situa\u00e7\u00e3o em que este tipo de prote\u00e7\u00e3o \u00e9 \u00fatil, \u00e9 no caso de n\u00e3o estacionar o carro numa garagem ou de se deslocar frequentemente em zonas perigosas ou onde ocorram furtos e\/ou vandalismo com frequ\u00eancia.<\/p>\n<p>O seguro contra todos os riscos tamb\u00e9m \u00e9 \u00fatil no sentido de cobrir os danos feitos pelo pr\u00f3prio e a quebra isolada de vidros.<\/p>\n<h2>Explore a gama Honda<\/h2>\n<p>Antes da aquisi\u00e7\u00e3o de um seguro, a escolha do carro \u00e9 a primeira grande decis\u00e3o. Aproveite para explorar a gama da Honda, como o\u00a0<a href=\"https:\/\/honda-automoveis.pt\/pt\/carros\/honda-e\/\">Honda e<\/a>, o\u00a0<a href=\"https:\/\/honda-automoveis.pt\/pt\/carros\/jazz-hybrid\/\">Honda Jazz Hybrid<\/a>, o\u00a0<a href=\"https:\/\/honda-automoveis.pt\/pt\/carros\/crosstar-hybrid\/\">Honda Jazz Crosstar Hybrid<\/a>, o ic\u00f3nico <a href=\"https:\/\/honda-automoveis.pt\/pt\/carros\/civic-5-portas\/\">Honda Civic<\/a> e o <a href=\"https:\/\/honda-automoveis.pt\/pt\/carros\/crv-hybrid\/\">Honda CR-V<\/a>.<\/p>\n<p>Descubra a nossa <a href=\"https:\/\/honda-automoveis.pt\/pt\/carros\/\">gama<\/a> completa e d\u00ea mais emo\u00e7\u00e3o \u00e0 sua vida, ao volante de um Honda.<\/p>\n<p>&nbsp;<\/p>\n<p><strong>\u00a0<\/strong><\/p>\n<p>&nbsp;<\/p>\n","protected":false},"excerpt":{"rendered":"<p>Quando se compra um autom\u00f3vel, a contrata\u00e7\u00e3o do seguro \u00e9 uma das prioridades. O seguro autom\u00f3vel \u00e9 obrigat\u00f3rio para todos os ve\u00edculos com motor, existindo dois tipos de seguro: o seguro de responsabilidade civil, vulgo \u201ccontra terceiros\u201d, e o seguro autom\u00f3vel contra todos os riscos. Vamos explorar que aspetos considerar na contrata\u00e7\u00e3o deste \u00faltimo. Conhe\u00e7a <a href=\"https:\/\/honda-automoveis.pt\/blog\/seguro-automovel-contra-todos-os-riscos\/\">(&hellip;)<\/a><\/p>\n","protected":false},"author":4,"featured_media":41785,"comment_status":"open","ping_status":"open","sticky":false,"template":"","format":"standard","meta":[],"categories":[1],"tags":[],"yoast_head":"<!-- This site is optimized with the Yoast SEO plugin v18.5 - https:\/\/yoast.com\/wordpress\/plugins\/seo\/ -->\n<title>Seguro autom\u00f3vel contra todos os riscos | Honda Portugal<\/title>\n<meta name=\"description\" content=\"Saiba quais s\u00e3o os crit\u00e9rios mais importantes a considerar, se est\u00e1 a pensar contratar um seguro autom\u00f3vel contra todos os riscos.\" \/>\n<meta name=\"robots\" content=\"index, follow, max-snippet:-1, max-image-preview:large, max-video-preview:-1\" \/>\n<link rel=\"canonical\" href=\"https:\/\/honda-automoveis.pt\/blog\/seguro-automovel-contra-todos-os-riscos\/\" \/>\n<meta property=\"og:locale\" content=\"pt_PT\" \/>\n<meta property=\"og:type\" content=\"article\" \/>\n<meta property=\"og:title\" content=\"Seguro autom\u00f3vel contra todos os riscos | Honda Portugal\" \/>\n<meta property=\"og:description\" content=\"Saiba quais s\u00e3o os crit\u00e9rios mais importantes a considerar, se est\u00e1 a pensar contratar um seguro autom\u00f3vel contra todos os riscos.\" \/>\n<meta property=\"og:url\" content=\"https:\/\/honda-automoveis.pt\/blog\/seguro-automovel-contra-todos-os-riscos\/\" \/>\n<meta property=\"og:site_name\" content=\"Honda Portugal\" \/>\n<meta property=\"article:published_time\" content=\"2021-12-22T16:24:10+00:00\" \/>\n<meta property=\"article:modified_time\" content=\"2021-12-28T15:36:24+00:00\" \/>\n<meta property=\"og:image\" content=\"https:\/\/honda-automoveis.pt\/blog\/wp-content\/uploads\/2021\/04\/honda-jazz-hybrid-reciclagem-baterias.jpg\" \/>\n\t<meta property=\"og:image:width\" content=\"1000\" \/>\n\t<meta property=\"og:image:height\" content=\"667\" \/>\n\t<meta property=\"og:image:type\" content=\"image\/jpeg\" \/>\n<meta name=\"twitter:card\" content=\"summary_large_image\" \/>\n<meta name=\"twitter:label1\" content=\"Escrito por\" \/>\n\t<meta name=\"twitter:data1\" content=\"Honda Portugal Autom\u00f3veis\" \/>\n\t<meta name=\"twitter:label2\" content=\"Tempo estimado de leitura\" \/>\n\t<meta name=\"twitter:data2\" content=\"3 minutos\" \/>\n<script type=\"application\/ld+json\" class=\"yoast-schema-graph\">{\"@context\":\"https:\/\/schema.org\",\"@graph\":[{\"@type\":\"WebSite\",\"@id\":\"https:\/\/honda-automoveis.pt\/blog\/#website\",\"url\":\"https:\/\/honda-automoveis.pt\/blog\/\",\"name\":\"Honda Portugal\",\"description\":\"Dreamers&#039; Blog\",\"potentialAction\":[{\"@type\":\"SearchAction\",\"target\":{\"@type\":\"EntryPoint\",\"urlTemplate\":\"https:\/\/honda-automoveis.pt\/blog\/?s={search_term_string}\"},\"query-input\":\"required name=search_term_string\"}],\"inLanguage\":\"pt-PT\"},{\"@type\":\"ImageObject\",\"@id\":\"https:\/\/honda-automoveis.pt\/blog\/seguro-automovel-contra-todos-os-riscos\/#primaryimage\",\"inLanguage\":\"pt-PT\",\"url\":\"https:\/\/honda-automoveis.pt\/blog\/wp-content\/uploads\/2021\/04\/honda-jazz-hybrid-reciclagem-baterias.jpg\",\"contentUrl\":\"https:\/\/honda-automoveis.pt\/blog\/wp-content\/uploads\/2021\/04\/honda-jazz-hybrid-reciclagem-baterias.jpg\",\"width\":1000,\"height\":667,\"caption\":\"Mulher a sair do Honda Jazz Hybrid\"},{\"@type\":\"WebPage\",\"@id\":\"https:\/\/honda-automoveis.pt\/blog\/seguro-automovel-contra-todos-os-riscos\/#webpage\",\"url\":\"https:\/\/honda-automoveis.pt\/blog\/seguro-automovel-contra-todos-os-riscos\/\",\"name\":\"Seguro autom\u00f3vel contra todos os riscos | Honda Portugal\",\"isPartOf\":{\"@id\":\"https:\/\/honda-automoveis.pt\/blog\/#website\"},\"primaryImageOfPage\":{\"@id\":\"https:\/\/honda-automoveis.pt\/blog\/seguro-automovel-contra-todos-os-riscos\/#primaryimage\"},\"datePublished\":\"2021-12-22T16:24:10+00:00\",\"dateModified\":\"2021-12-28T15:36:24+00:00\",\"author\":{\"@id\":\"https:\/\/honda-automoveis.pt\/blog\/#\/schema\/person\/7f8ab873bdf8dbd771f0d57531954f87\"},\"description\":\"Saiba quais s\u00e3o os crit\u00e9rios mais importantes a considerar, se est\u00e1 a pensar contratar um seguro autom\u00f3vel contra todos os riscos.\",\"breadcrumb\":{\"@id\":\"https:\/\/honda-automoveis.pt\/blog\/seguro-automovel-contra-todos-os-riscos\/#breadcrumb\"},\"inLanguage\":\"pt-PT\",\"potentialAction\":[{\"@type\":\"ReadAction\",\"target\":[\"https:\/\/honda-automoveis.pt\/blog\/seguro-automovel-contra-todos-os-riscos\/\"]}]},{\"@type\":\"BreadcrumbList\",\"@id\":\"https:\/\/honda-automoveis.pt\/blog\/seguro-automovel-contra-todos-os-riscos\/#breadcrumb\",\"itemListElement\":[{\"@type\":\"ListItem\",\"position\":1,\"name\":\"In\u00edcio\",\"item\":\"https:\/\/honda-automoveis.pt\/blog\/\"},{\"@type\":\"ListItem\",\"position\":2,\"name\":\"Seguro autom\u00f3vel contra todos os riscos: 3 aspetos a considerar na hora de escolher\"}]},{\"@type\":\"Person\",\"@id\":\"https:\/\/honda-automoveis.pt\/blog\/#\/schema\/person\/7f8ab873bdf8dbd771f0d57531954f87\",\"name\":\"Honda Portugal Autom\u00f3veis\",\"image\":{\"@type\":\"ImageObject\",\"@id\":\"https:\/\/honda-automoveis.pt\/blog\/#personlogo\",\"inLanguage\":\"pt-PT\",\"url\":\"https:\/\/honda-automoveis.pt\/blog\/wp-content\/uploads\/2023\/06\/logo_perfil-150x150.png\",\"contentUrl\":\"https:\/\/honda-automoveis.pt\/blog\/wp-content\/uploads\/2023\/06\/logo_perfil-150x150.png\",\"caption\":\"Honda Portugal Autom\u00f3veis\"},\"description\":\"A Honda chegou a Portugal em 1968, preparada para conquistar os portugueses com a sua inovadora tecnologia e os melhores e mais fi\u00e1veis autom\u00f3veis. Com uma longa hist\u00f3ria de sucesso no nosso pa\u00eds, a Honda conquistou uma verdadeira comunidade de f\u00e3s, que reconhecem na marca a fiabilidade, seguran\u00e7a e tecnologia que nos caracterizam. A competi\u00e7\u00e3o e a performance est\u00e3o no nosso ADN e \u00e9 por isso que, diariamente, continuamos a trabalhar para que todas as viagens sejam verdadeiramente emocionantes.\",\"url\":\"https:\/\/honda-automoveis.pt\/blog\/author\/honda-portugal\/\"}]}<\/script>\n<!-- \/ Yoast SEO plugin. -->","yoast_head_json":{"title":"Seguro autom\u00f3vel contra todos os riscos | Honda Portugal","description":"Saiba quais s\u00e3o os crit\u00e9rios mais importantes a considerar, se est\u00e1 a pensar contratar um seguro autom\u00f3vel contra todos os riscos.","robots":{"index":"index","follow":"follow","max-snippet":"max-snippet:-1","max-image-preview":"max-image-preview:large","max-video-preview":"max-video-preview:-1"},"canonical":"https:\/\/honda-automoveis.pt\/blog\/seguro-automovel-contra-todos-os-riscos\/","og_locale":"pt_PT","og_type":"article","og_title":"Seguro autom\u00f3vel contra todos os riscos | Honda Portugal","og_description":"Saiba quais s\u00e3o os crit\u00e9rios mais importantes a considerar, se est\u00e1 a pensar contratar um seguro autom\u00f3vel contra todos os riscos.","og_url":"https:\/\/honda-automoveis.pt\/blog\/seguro-automovel-contra-todos-os-riscos\/","og_site_name":"Honda Portugal","article_published_time":"2021-12-22T16:24:10+00:00","article_modified_time":"2021-12-28T15:36:24+00:00","og_image":[{"width":1000,"height":667,"url":"https:\/\/honda-automoveis.pt\/blog\/wp-content\/uploads\/2021\/04\/honda-jazz-hybrid-reciclagem-baterias.jpg","type":"image\/jpeg"}],"twitter_card":"summary_large_image","twitter_misc":{"Escrito por":"Honda Portugal Autom\u00f3veis","Tempo estimado de leitura":"3 minutos"},"schema":{"@context":"https:\/\/schema.org","@graph":[{"@type":"WebSite","@id":"https:\/\/honda-automoveis.pt\/blog\/#website","url":"https:\/\/honda-automoveis.pt\/blog\/","name":"Honda Portugal","description":"Dreamers&#039; Blog","potentialAction":[{"@type":"SearchAction","target":{"@type":"EntryPoint","urlTemplate":"https:\/\/honda-automoveis.pt\/blog\/?s={search_term_string}"},"query-input":"required name=search_term_string"}],"inLanguage":"pt-PT"},{"@type":"ImageObject","@id":"https:\/\/honda-automoveis.pt\/blog\/seguro-automovel-contra-todos-os-riscos\/#primaryimage","inLanguage":"pt-PT","url":"https:\/\/honda-automoveis.pt\/blog\/wp-content\/uploads\/2021\/04\/honda-jazz-hybrid-reciclagem-baterias.jpg","contentUrl":"https:\/\/honda-automoveis.pt\/blog\/wp-content\/uploads\/2021\/04\/honda-jazz-hybrid-reciclagem-baterias.jpg","width":1000,"height":667,"caption":"Mulher a sair do Honda Jazz Hybrid"},{"@type":"WebPage","@id":"https:\/\/honda-automoveis.pt\/blog\/seguro-automovel-contra-todos-os-riscos\/#webpage","url":"https:\/\/honda-automoveis.pt\/blog\/seguro-automovel-contra-todos-os-riscos\/","name":"Seguro autom\u00f3vel contra todos os riscos | Honda Portugal","isPartOf":{"@id":"https:\/\/honda-automoveis.pt\/blog\/#website"},"primaryImageOfPage":{"@id":"https:\/\/honda-automoveis.pt\/blog\/seguro-automovel-contra-todos-os-riscos\/#primaryimage"},"datePublished":"2021-12-22T16:24:10+00:00","dateModified":"2021-12-28T15:36:24+00:00","author":{"@id":"https:\/\/honda-automoveis.pt\/blog\/#\/schema\/person\/7f8ab873bdf8dbd771f0d57531954f87"},"description":"Saiba quais s\u00e3o os crit\u00e9rios mais importantes a considerar, se est\u00e1 a pensar contratar um seguro autom\u00f3vel contra todos os riscos.","breadcrumb":{"@id":"https:\/\/honda-automoveis.pt\/blog\/seguro-automovel-contra-todos-os-riscos\/#breadcrumb"},"inLanguage":"pt-PT","potentialAction":[{"@type":"ReadAction","target":["https:\/\/honda-automoveis.pt\/blog\/seguro-automovel-contra-todos-os-riscos\/"]}]},{"@type":"BreadcrumbList","@id":"https:\/\/honda-automoveis.pt\/blog\/seguro-automovel-contra-todos-os-riscos\/#breadcrumb","itemListElement":[{"@type":"ListItem","position":1,"name":"In\u00edcio","item":"https:\/\/honda-automoveis.pt\/blog\/"},{"@type":"ListItem","position":2,"name":"Seguro autom\u00f3vel contra todos os riscos: 3 aspetos a considerar na hora de escolher"}]},{"@type":"Person","@id":"https:\/\/honda-automoveis.pt\/blog\/#\/schema\/person\/7f8ab873bdf8dbd771f0d57531954f87","name":"Honda Portugal Autom\u00f3veis","image":{"@type":"ImageObject","@id":"https:\/\/honda-automoveis.pt\/blog\/#personlogo","inLanguage":"pt-PT","url":"https:\/\/honda-automoveis.pt\/blog\/wp-content\/uploads\/2023\/06\/logo_perfil-150x150.png","contentUrl":"https:\/\/honda-automoveis.pt\/blog\/wp-content\/uploads\/2023\/06\/logo_perfil-150x150.png","caption":"Honda Portugal Autom\u00f3veis"},"description":"A Honda chegou a Portugal em 1968, preparada para conquistar os portugueses com a sua inovadora tecnologia e os melhores e mais fi\u00e1veis autom\u00f3veis. Com uma longa hist\u00f3ria de sucesso no nosso pa\u00eds, a Honda conquistou uma verdadeira comunidade de f\u00e3s, que reconhecem na marca a fiabilidade, seguran\u00e7a e tecnologia que nos caracterizam. A competi\u00e7\u00e3o e a performance est\u00e3o no nosso ADN e \u00e9 por isso que, diariamente, continuamos a trabalhar para que todas as viagens sejam verdadeiramente emocionantes.","url":"https:\/\/honda-automoveis.pt\/blog\/author\/honda-portugal\/"}]}},"_links":{"self":[{"href":"https:\/\/honda-automoveis.pt\/blog\/wp-json\/wp\/v2\/posts\/47149"}],"collection":[{"href":"https:\/\/honda-automoveis.pt\/blog\/wp-json\/wp\/v2\/posts"}],"about":[{"href":"https:\/\/honda-automoveis.pt\/blog\/wp-json\/wp\/v2\/types\/post"}],"author":[{"embeddable":true,"href":"https:\/\/honda-automoveis.pt\/blog\/wp-json\/wp\/v2\/users\/4"}],"replies":[{"embeddable":true,"href":"https:\/\/honda-automoveis.pt\/blog\/wp-json\/wp\/v2\/comments?post=47149"}],"version-history":[{"count":3,"href":"https:\/\/honda-automoveis.pt\/blog\/wp-json\/wp\/v2\/posts\/47149\/revisions"}],"predecessor-version":[{"id":47153,"href":"https:\/\/honda-automoveis.pt\/blog\/wp-json\/wp\/v2\/posts\/47149\/revisions\/47153"}],"wp:featuredmedia":[{"embeddable":true,"href":"https:\/\/honda-automoveis.pt\/blog\/wp-json\/wp\/v2\/media\/41785"}],"wp:attachment":[{"href":"https:\/\/honda-automoveis.pt\/blog\/wp-json\/wp\/v2\/media?parent=47149"}],"wp:term":[{"taxonomy":"category","embeddable":true,"href":"https:\/\/honda-automoveis.pt\/blog\/wp-json\/wp\/v2\/categories?post=47149"},{"taxonomy":"post_tag","embeddable":true,"href":"https:\/\/honda-automoveis.pt\/blog\/wp-json\/wp\/v2\/tags?post=47149"}],"curies":[{"name":"wp","href":"https:\/\/api.w.org\/{rel}","templated":true}]}}