{"id":47296,"date":"2022-02-02T15:17:54","date_gmt":"2022-02-02T15:17:54","guid":{"rendered":"https:\/\/honda-automoveis.pt\/blog\/?p=47296"},"modified":"2022-12-14T18:10:15","modified_gmt":"2022-12-14T18:10:15","slug":"honda-jazz-small-car-of-the-year","status":"publish","type":"post","link":"https:\/\/honda-automoveis.pt\/blog\/honda-jazz-small-car-of-the-year\/","title":{"rendered":"Honda Jazz vence pr\u00e9mio \u201cSmall Car of the Year\u201d nos \u201cWhat Car? Car of the Year Awards 2022\u201d"},"content":{"rendered":"<p>O Honda Jazz Hybrid continua a somar pontos e foi reconhecido num dos mais reconhecidos pr\u00e9mios da ind\u00fastria autom\u00f3vel. O Honda Jazz Hybrid venceu o t\u00edtulo de <strong>\u201cSmall Car of the Year\u201d <\/strong>nos<strong> \u201cWhat Car? Car of the Year Awards\u201d<\/strong>.<\/p>\n<p>Superando a concorr\u00eancia, o Honda Jazz \u00e9 um carro citadino com muitos recursos, incluindo uma grande capacidade de carga de at\u00e9 1205 litros com a funcionalidade bancos m\u00e1gicos da Honda, e um sistema de infoentretenimento com integra\u00e7\u00e3o perfeita de smartphone atrav\u00e9s de Apple CarPlay e Android Auto.<\/p>\n<h2>\u201cSmall Car of the Year\u201d &#8211; \u201cWhat Car? Car of the Year Awards 2022\u201d<\/h2>\n<p>Para ser eleg\u00edvel aos <a href=\"https:\/\/www.whatcar.com\/awards\/new-car-awards\" target=\"_blank\" rel=\"nofollow noopener noreferrer\">\u201cWhat Car? Car of the Year Awards 2022\u201d<\/a>, um candidato tem de ser testado em v\u00e1rios pontos, tanto nas estradas brit\u00e2nicas, como na pista de testes da publica\u00e7\u00e3o \u201cWhat Car?\u201d.<\/p>\n<p>Steve Huntingford, editor da \u201cWhat Car?\u201d, comentou a atribui\u00e7\u00e3o do pr\u00e9mio <strong>\u201cSmall Car of the Year\u201d<\/strong> ao Honda Jazz Hybrid: \u201co Honda Jazz \u00e9 um carro compacto que parece grande, n\u00e3o s\u00f3 pela quantidade de espa\u00e7o que tem, mas tamb\u00e9m pelo conforto e requinte que oferece.\u201d<\/p>\n<p>\u201cO interior tamb\u00e9m \u00e9 incrivelmente cuidadosamente projetado, com detalhes inteligentes para facilitar a vida do utilizador. (\u2026) a sua tecnologia h\u00edbrida permite que consuma menos combust\u00edvel, principalmente na cidade\u201d, concluiu.<\/p>\n<p>A combina\u00e7\u00e3o vencedora de conforto, conveni\u00eancia e conectividade do Jazz, \u00e9 combinada com tecnologias sofisticadas, como o sistema e:HEV exclusivo da Honda, que oferece uma experi\u00eancia <a href=\"https:\/\/honda-automoveis.pt\/blog\/melhores-hibridos\/\">h\u00edbrida<\/a> completa com desempenho eficiente e din\u00e2mico.<\/p>\n<p>Se para o seu dia a dia precisa de um autom\u00f3vel de dimens\u00f5es citadinas, \u00e1gil de conduzir, f\u00e1cil de estacionar mas l\u00edder no seu segmento em espa\u00e7o interior, o nosso\u00a0<a href=\"https:\/\/honda-automoveis.pt\/pt\/carros\/jazz-hybrid\/\">Honda Jazz Hybrid<\/a>\u00a0parece-nos o mais adequado para si.<\/p>\n","protected":false},"excerpt":{"rendered":"<p>O Honda Jazz Hybrid continua a somar pontos e foi reconhecido num dos mais reconhecidos pr\u00e9mios da ind\u00fastria autom\u00f3vel. O Honda Jazz Hybrid venceu o t\u00edtulo de \u201cSmall Car of the Year\u201d nos \u201cWhat Car? Car of the Year Awards\u201d. Superando a concorr\u00eancia, o Honda Jazz \u00e9 um carro citadino com muitos recursos, incluindo uma <a href=\"https:\/\/honda-automoveis.pt\/blog\/honda-jazz-small-car-of-the-year\/\">(&hellip;)<\/a><\/p>\n","protected":false},"author":4,"featured_media":47297,"comment_status":"open","ping_status":"open","sticky":false,"template":"","format":"standard","meta":[],"categories":[1],"tags":[],"yoast_head":"<!-- This site is optimized with the Yoast SEO plugin v18.5 - https:\/\/yoast.com\/wordpress\/plugins\/seo\/ -->\n<title>\u201cSmall Car of the Year\u201d: Honda Jazz | Honda Portugal<\/title>\n<meta name=\"description\" content=\"O Honda Jazz Hybrid venceu o t\u00edtulo de \u201cSmall Car of the Year\u201d nos \u201cWhat Car? Car of the Year Awards\u201d, come\u00e7ando 2022 da melhor maneira.\" \/>\n<meta name=\"robots\" content=\"index, follow, max-snippet:-1, max-image-preview:large, max-video-preview:-1\" \/>\n<link rel=\"canonical\" href=\"https:\/\/honda-automoveis.pt\/blog\/honda-jazz-small-car-of-the-year\/\" \/>\n<meta property=\"og:locale\" content=\"pt_PT\" \/>\n<meta property=\"og:type\" content=\"article\" \/>\n<meta property=\"og:title\" content=\"\u201cSmall Car of the Year\u201d: Honda Jazz | Honda Portugal\" \/>\n<meta property=\"og:description\" content=\"O Honda Jazz Hybrid venceu o t\u00edtulo de \u201cSmall Car of the Year\u201d nos \u201cWhat Car? Car of the Year Awards\u201d, come\u00e7ando 2022 da melhor maneira.\" \/>\n<meta property=\"og:url\" content=\"https:\/\/honda-automoveis.pt\/blog\/honda-jazz-small-car-of-the-year\/\" \/>\n<meta property=\"og:site_name\" content=\"Honda Portugal\" \/>\n<meta property=\"article:published_time\" content=\"2022-02-02T15:17:54+00:00\" \/>\n<meta property=\"article:modified_time\" content=\"2022-12-14T18:10:15+00:00\" \/>\n<meta property=\"og:image\" content=\"https:\/\/honda-automoveis.pt\/blog\/wp-content\/uploads\/2022\/02\/Honda-Jazz-Hybrid-conquista-pr\u00e9mio-de-carro-citadino-do-ano-2022-pela-revista-What-Car.jpg\" \/>\n\t<meta property=\"og:image:width\" content=\"1000\" \/>\n\t<meta property=\"og:image:height\" content=\"666\" \/>\n\t<meta property=\"og:image:type\" content=\"image\/jpeg\" \/>\n<meta name=\"twitter:card\" content=\"summary_large_image\" \/>\n<meta name=\"twitter:label1\" content=\"Escrito por\" \/>\n\t<meta name=\"twitter:data1\" content=\"Honda Portugal Autom\u00f3veis\" \/>\n\t<meta name=\"twitter:label2\" content=\"Tempo estimado de leitura\" \/>\n\t<meta name=\"twitter:data2\" content=\"2 minutos\" \/>\n<script type=\"application\/ld+json\" class=\"yoast-schema-graph\">{\"@context\":\"https:\/\/schema.org\",\"@graph\":[{\"@type\":\"WebSite\",\"@id\":\"https:\/\/honda-automoveis.pt\/blog\/#website\",\"url\":\"https:\/\/honda-automoveis.pt\/blog\/\",\"name\":\"Honda Portugal\",\"description\":\"Dreamers&#039; Blog\",\"potentialAction\":[{\"@type\":\"SearchAction\",\"target\":{\"@type\":\"EntryPoint\",\"urlTemplate\":\"https:\/\/honda-automoveis.pt\/blog\/?s={search_term_string}\"},\"query-input\":\"required name=search_term_string\"}],\"inLanguage\":\"pt-PT\"},{\"@type\":\"ImageObject\",\"@id\":\"https:\/\/honda-automoveis.pt\/blog\/honda-jazz-small-car-of-the-year\/#primaryimage\",\"inLanguage\":\"pt-PT\",\"url\":\"https:\/\/honda-automoveis.pt\/blog\/wp-content\/uploads\/2022\/02\/Honda-Jazz-Hybrid-conquista-pr\u00e9mio-de-carro-citadino-do-ano-2022-pela-revista-What-Car.jpg\",\"contentUrl\":\"https:\/\/honda-automoveis.pt\/blog\/wp-content\/uploads\/2022\/02\/Honda-Jazz-Hybrid-conquista-pr\u00e9mio-de-carro-citadino-do-ano-2022-pela-revista-What-Car.jpg\",\"width\":1000,\"height\":666,\"caption\":\"jazz hybrid Small Car of the Year\"},{\"@type\":\"WebPage\",\"@id\":\"https:\/\/honda-automoveis.pt\/blog\/honda-jazz-small-car-of-the-year\/#webpage\",\"url\":\"https:\/\/honda-automoveis.pt\/blog\/honda-jazz-small-car-of-the-year\/\",\"name\":\"\u201cSmall Car of the Year\u201d: Honda Jazz | Honda Portugal\",\"isPartOf\":{\"@id\":\"https:\/\/honda-automoveis.pt\/blog\/#website\"},\"primaryImageOfPage\":{\"@id\":\"https:\/\/honda-automoveis.pt\/blog\/honda-jazz-small-car-of-the-year\/#primaryimage\"},\"datePublished\":\"2022-02-02T15:17:54+00:00\",\"dateModified\":\"2022-12-14T18:10:15+00:00\",\"author\":{\"@id\":\"https:\/\/honda-automoveis.pt\/blog\/#\/schema\/person\/7f8ab873bdf8dbd771f0d57531954f87\"},\"description\":\"O Honda Jazz Hybrid venceu o t\u00edtulo de \u201cSmall Car of the Year\u201d nos \u201cWhat Car? Car of the Year Awards\u201d, come\u00e7ando 2022 da melhor maneira.\",\"breadcrumb\":{\"@id\":\"https:\/\/honda-automoveis.pt\/blog\/honda-jazz-small-car-of-the-year\/#breadcrumb\"},\"inLanguage\":\"pt-PT\",\"potentialAction\":[{\"@type\":\"ReadAction\",\"target\":[\"https:\/\/honda-automoveis.pt\/blog\/honda-jazz-small-car-of-the-year\/\"]}]},{\"@type\":\"BreadcrumbList\",\"@id\":\"https:\/\/honda-automoveis.pt\/blog\/honda-jazz-small-car-of-the-year\/#breadcrumb\",\"itemListElement\":[{\"@type\":\"ListItem\",\"position\":1,\"name\":\"In\u00edcio\",\"item\":\"https:\/\/honda-automoveis.pt\/blog\/\"},{\"@type\":\"ListItem\",\"position\":2,\"name\":\"Honda Jazz vence pr\u00e9mio \u201cSmall Car of the Year\u201d nos \u201cWhat Car? Car of the Year Awards 2022\u201d\"}]},{\"@type\":\"Person\",\"@id\":\"https:\/\/honda-automoveis.pt\/blog\/#\/schema\/person\/7f8ab873bdf8dbd771f0d57531954f87\",\"name\":\"Honda Portugal Autom\u00f3veis\",\"image\":{\"@type\":\"ImageObject\",\"@id\":\"https:\/\/honda-automoveis.pt\/blog\/#personlogo\",\"inLanguage\":\"pt-PT\",\"url\":\"https:\/\/honda-automoveis.pt\/blog\/wp-content\/uploads\/2023\/06\/logo_perfil-150x150.png\",\"contentUrl\":\"https:\/\/honda-automoveis.pt\/blog\/wp-content\/uploads\/2023\/06\/logo_perfil-150x150.png\",\"caption\":\"Honda Portugal Autom\u00f3veis\"},\"description\":\"A Honda chegou a Portugal em 1968, preparada para conquistar os portugueses com a sua inovadora tecnologia e os melhores e mais fi\u00e1veis autom\u00f3veis. Com uma longa hist\u00f3ria de sucesso no nosso pa\u00eds, a Honda conquistou uma verdadeira comunidade de f\u00e3s, que reconhecem na marca a fiabilidade, seguran\u00e7a e tecnologia que nos caracterizam. A competi\u00e7\u00e3o e a performance est\u00e3o no nosso ADN e \u00e9 por isso que, diariamente, continuamos a trabalhar para que todas as viagens sejam verdadeiramente emocionantes.\",\"url\":\"https:\/\/honda-automoveis.pt\/blog\/author\/honda-portugal\/\"}]}<\/script>\n<!-- \/ Yoast SEO plugin. -->","yoast_head_json":{"title":"\u201cSmall Car of the Year\u201d: Honda Jazz | Honda Portugal","description":"O Honda Jazz Hybrid venceu o t\u00edtulo de \u201cSmall Car of the Year\u201d nos \u201cWhat Car? Car of the Year Awards\u201d, come\u00e7ando 2022 da melhor maneira.","robots":{"index":"index","follow":"follow","max-snippet":"max-snippet:-1","max-image-preview":"max-image-preview:large","max-video-preview":"max-video-preview:-1"},"canonical":"https:\/\/honda-automoveis.pt\/blog\/honda-jazz-small-car-of-the-year\/","og_locale":"pt_PT","og_type":"article","og_title":"\u201cSmall Car of the Year\u201d: Honda Jazz | Honda Portugal","og_description":"O Honda Jazz Hybrid venceu o t\u00edtulo de \u201cSmall Car of the Year\u201d nos \u201cWhat Car? Car of the Year Awards\u201d, come\u00e7ando 2022 da melhor maneira.","og_url":"https:\/\/honda-automoveis.pt\/blog\/honda-jazz-small-car-of-the-year\/","og_site_name":"Honda Portugal","article_published_time":"2022-02-02T15:17:54+00:00","article_modified_time":"2022-12-14T18:10:15+00:00","og_image":[{"width":1000,"height":666,"url":"https:\/\/honda-automoveis.pt\/blog\/wp-content\/uploads\/2022\/02\/Honda-Jazz-Hybrid-conquista-pr\u00e9mio-de-carro-citadino-do-ano-2022-pela-revista-What-Car.jpg","type":"image\/jpeg"}],"twitter_card":"summary_large_image","twitter_misc":{"Escrito por":"Honda Portugal Autom\u00f3veis","Tempo estimado de leitura":"2 minutos"},"schema":{"@context":"https:\/\/schema.org","@graph":[{"@type":"WebSite","@id":"https:\/\/honda-automoveis.pt\/blog\/#website","url":"https:\/\/honda-automoveis.pt\/blog\/","name":"Honda Portugal","description":"Dreamers&#039; Blog","potentialAction":[{"@type":"SearchAction","target":{"@type":"EntryPoint","urlTemplate":"https:\/\/honda-automoveis.pt\/blog\/?s={search_term_string}"},"query-input":"required name=search_term_string"}],"inLanguage":"pt-PT"},{"@type":"ImageObject","@id":"https:\/\/honda-automoveis.pt\/blog\/honda-jazz-small-car-of-the-year\/#primaryimage","inLanguage":"pt-PT","url":"https:\/\/honda-automoveis.pt\/blog\/wp-content\/uploads\/2022\/02\/Honda-Jazz-Hybrid-conquista-pr\u00e9mio-de-carro-citadino-do-ano-2022-pela-revista-What-Car.jpg","contentUrl":"https:\/\/honda-automoveis.pt\/blog\/wp-content\/uploads\/2022\/02\/Honda-Jazz-Hybrid-conquista-pr\u00e9mio-de-carro-citadino-do-ano-2022-pela-revista-What-Car.jpg","width":1000,"height":666,"caption":"jazz hybrid Small Car of the Year"},{"@type":"WebPage","@id":"https:\/\/honda-automoveis.pt\/blog\/honda-jazz-small-car-of-the-year\/#webpage","url":"https:\/\/honda-automoveis.pt\/blog\/honda-jazz-small-car-of-the-year\/","name":"\u201cSmall Car of the Year\u201d: Honda Jazz | Honda Portugal","isPartOf":{"@id":"https:\/\/honda-automoveis.pt\/blog\/#website"},"primaryImageOfPage":{"@id":"https:\/\/honda-automoveis.pt\/blog\/honda-jazz-small-car-of-the-year\/#primaryimage"},"datePublished":"2022-02-02T15:17:54+00:00","dateModified":"2022-12-14T18:10:15+00:00","author":{"@id":"https:\/\/honda-automoveis.pt\/blog\/#\/schema\/person\/7f8ab873bdf8dbd771f0d57531954f87"},"description":"O Honda Jazz Hybrid venceu o t\u00edtulo de \u201cSmall Car of the Year\u201d nos \u201cWhat Car? Car of the Year Awards\u201d, come\u00e7ando 2022 da melhor maneira.","breadcrumb":{"@id":"https:\/\/honda-automoveis.pt\/blog\/honda-jazz-small-car-of-the-year\/#breadcrumb"},"inLanguage":"pt-PT","potentialAction":[{"@type":"ReadAction","target":["https:\/\/honda-automoveis.pt\/blog\/honda-jazz-small-car-of-the-year\/"]}]},{"@type":"BreadcrumbList","@id":"https:\/\/honda-automoveis.pt\/blog\/honda-jazz-small-car-of-the-year\/#breadcrumb","itemListElement":[{"@type":"ListItem","position":1,"name":"In\u00edcio","item":"https:\/\/honda-automoveis.pt\/blog\/"},{"@type":"ListItem","position":2,"name":"Honda Jazz vence pr\u00e9mio \u201cSmall Car of the Year\u201d nos \u201cWhat Car? Car of the Year Awards 2022\u201d"}]},{"@type":"Person","@id":"https:\/\/honda-automoveis.pt\/blog\/#\/schema\/person\/7f8ab873bdf8dbd771f0d57531954f87","name":"Honda Portugal Autom\u00f3veis","image":{"@type":"ImageObject","@id":"https:\/\/honda-automoveis.pt\/blog\/#personlogo","inLanguage":"pt-PT","url":"https:\/\/honda-automoveis.pt\/blog\/wp-content\/uploads\/2023\/06\/logo_perfil-150x150.png","contentUrl":"https:\/\/honda-automoveis.pt\/blog\/wp-content\/uploads\/2023\/06\/logo_perfil-150x150.png","caption":"Honda Portugal Autom\u00f3veis"},"description":"A Honda chegou a Portugal em 1968, preparada para conquistar os portugueses com a sua inovadora tecnologia e os melhores e mais fi\u00e1veis autom\u00f3veis. Com uma longa hist\u00f3ria de sucesso no nosso pa\u00eds, a Honda conquistou uma verdadeira comunidade de f\u00e3s, que reconhecem na marca a fiabilidade, seguran\u00e7a e tecnologia que nos caracterizam. A competi\u00e7\u00e3o e a performance est\u00e3o no nosso ADN e \u00e9 por isso que, diariamente, continuamos a trabalhar para que todas as viagens sejam verdadeiramente emocionantes.","url":"https:\/\/honda-automoveis.pt\/blog\/author\/honda-portugal\/"}]}},"_links":{"self":[{"href":"https:\/\/honda-automoveis.pt\/blog\/wp-json\/wp\/v2\/posts\/47296"}],"collection":[{"href":"https:\/\/honda-automoveis.pt\/blog\/wp-json\/wp\/v2\/posts"}],"about":[{"href":"https:\/\/honda-automoveis.pt\/blog\/wp-json\/wp\/v2\/types\/post"}],"author":[{"embeddable":true,"href":"https:\/\/honda-automoveis.pt\/blog\/wp-json\/wp\/v2\/users\/4"}],"replies":[{"embeddable":true,"href":"https:\/\/honda-automoveis.pt\/blog\/wp-json\/wp\/v2\/comments?post=47296"}],"version-history":[{"count":3,"href":"https:\/\/honda-automoveis.pt\/blog\/wp-json\/wp\/v2\/posts\/47296\/revisions"}],"predecessor-version":[{"id":47300,"href":"https:\/\/honda-automoveis.pt\/blog\/wp-json\/wp\/v2\/posts\/47296\/revisions\/47300"}],"wp:featuredmedia":[{"embeddable":true,"href":"https:\/\/honda-automoveis.pt\/blog\/wp-json\/wp\/v2\/media\/47297"}],"wp:attachment":[{"href":"https:\/\/honda-automoveis.pt\/blog\/wp-json\/wp\/v2\/media?parent=47296"}],"wp:term":[{"taxonomy":"category","embeddable":true,"href":"https:\/\/honda-automoveis.pt\/blog\/wp-json\/wp\/v2\/categories?post=47296"},{"taxonomy":"post_tag","embeddable":true,"href":"https:\/\/honda-automoveis.pt\/blog\/wp-json\/wp\/v2\/tags?post=47296"}],"curies":[{"name":"wp","href":"https:\/\/api.w.org\/{rel}","templated":true}]}}