{"id":47812,"date":"2022-09-14T08:38:53","date_gmt":"2022-09-14T08:38:53","guid":{"rendered":"https:\/\/honda-automoveis.pt\/blog\/?p=47812"},"modified":"2022-09-15T14:03:28","modified_gmt":"2022-09-15T14:03:28","slug":"poluicao-carros","status":"publish","type":"post","link":"https:\/\/honda-automoveis.pt\/blog\/poluicao-carros\/","title":{"rendered":"Ve\u00edculos Ecol\u00f3gicos s\u00e3o a solu\u00e7\u00e3o para a polui\u00e7\u00e3o dos carros?"},"content":{"rendered":"<p><span style=\"font-weight: 400;\">Quando se pensa no que os fabricantes de autom\u00f3veis podem fazer para ajudar o ambiente, o pensamento imediato pode ser &#8220;melhorar a efici\u00eancia do combust\u00edvel&#8221; ou &#8220;desenvolver alternativas \u00e0 gasolina&#8221;. Ambos s\u00e3o importantes para reduzir as emiss\u00f5es de CO2, que contribuem para as altera\u00e7\u00f5es clim\u00e1ticas. \u00c9 por isso que a Honda se preocupa em desenvolver ve\u00edculos com zero emiss\u00f5es e tecnologia h\u00edbrida melhorada, de modo a poder responder ao desafio de reduzir as emiss\u00f5es e a <\/span><b>polui\u00e7\u00e3o dos carros<\/b><span style=\"font-weight: 400;\">.\u00a0<\/span><\/p>\n<p><span style=\"font-weight: 400;\">Mas reduzir o impacto ambiental dos carros, incluindo o CO2, n\u00e3o se trata apenas de melhorar a efici\u00eancia do combust\u00edvel. Faz parte tamb\u00e9m pensar e conceber autom\u00f3veis que privilegiam a diminui\u00e7\u00e3o da polui\u00e7\u00e3o. Como? Atrav\u00e9s da prolifera\u00e7\u00e3o dos ve\u00edculos ecol\u00f3gicos. E nisso, a Honda \u00e9 especialista. Descubra mais sobre alguns dos nossos <\/span><a href=\"https:\/\/honda-automoveis.pt\/blog\/qual-o-melhor-suv-para-si\/\" target=\"_blank\" rel=\"noopener\"><span style=\"font-weight: 400;\">carros ecol\u00f3gicos<\/span><\/a><span style=\"font-weight: 400;\"> aqui.<\/span><\/p>\n<p><img loading=\"lazy\" class=\"alignnone size-full wp-image-47814\" src=\"https:\/\/honda-automoveis.pt\/blog\/wp-content\/uploads\/2022\/09\/22YM-HR-V_1000x667.jpg\" alt=\"Homem a p\u00e9 junto a um Honda HR-V estacionado na cidade\" width=\"1000\" height=\"667\" srcset=\"https:\/\/honda-automoveis.pt\/blog\/wp-content\/uploads\/2022\/09\/22YM-HR-V_1000x667.jpg 1000w, https:\/\/honda-automoveis.pt\/blog\/wp-content\/uploads\/2022\/09\/22YM-HR-V_1000x667-300x200.jpg 300w, https:\/\/honda-automoveis.pt\/blog\/wp-content\/uploads\/2022\/09\/22YM-HR-V_1000x667-768x512.jpg 768w\" sizes=\"(max-width: 1000px) 100vw, 1000px\" \/><\/p>\n<h2><b>Polui\u00e7\u00e3o dos Carros: quais as principais solu\u00e7\u00f5es da Honda?<\/b><\/h2>\n<p><span style=\"font-weight: 400;\">Desde 2001 que a Honda estabeleceu metas que levaram a uma redu\u00e7\u00e3o em cerca de 30% nas emiss\u00f5es de CO2 dos seus autom\u00f3veis. No entanto, a principal meta prende-se com 2050: reduzir as emiss\u00f5es em 50% e ter toda a frota eletrificada.<\/span><\/p>\n<p><span style=\"font-weight: 400;\">Uma das decis\u00f5es mais importantes da Honda, para diminuir a polui\u00e7\u00e3o dos carros, foi ter abandonado totalmente a produ\u00e7\u00e3o de motores a dois tempos, conhecidos por terem emiss\u00f5es poluentes que excediam as dos motores a quatro tempos.\u00a0<\/span><\/p>\n<p><span style=\"font-weight: 400;\">Na d\u00e9cada de 1970, a Honda desenvolveu o conceituado motor CVCC (Compound Vortex Controlled Combustion), que reduzia a quantidade de mon\u00f3xido de carbono, hidrocarboneto e de emiss\u00f5es de \u00f3xido de azoto (NOx) para a atmosfera, fazendo da Honda a primeira fabricante de autom\u00f3veis a cumprir a \u201cLei do Ar Limpo\u201d, nos EUA. Descubra mais sobre esta e outras <\/span><a href=\"https:\/\/honda-automoveis.pt\/blog\/factos-sobre-honda-que-desconhece\/\" target=\"_blank\" rel=\"noopener\"><span style=\"font-weight: 400;\">inova\u00e7\u00f5es da Honda<\/span><\/a><span style=\"font-weight: 400;\">.<\/span><\/p>\n<p><span style=\"font-weight: 400;\">A marca continuava na demanda de n\u00e3o s\u00f3 aumentar cada vez mais a efici\u00eancia dos seus motores, mas tamb\u00e9m de ter um papel ativo enquanto solu\u00e7\u00e3o para a redu\u00e7\u00e3o da polui\u00e7\u00e3o dos carros. Uma tecnologia simb\u00f3lica nesta \u00e1rea \u00e9 a &#8220;Honda e:TECHNOLOGY&#8221;, um conjunto de tecnologias de eletrifica\u00e7\u00e3o da Honda, que pretendem conduzir a uma sociedade neutra em carbono e diminuir assim a polui\u00e7\u00e3o dos ve\u00edculos.\u00a0<\/span><\/p>\n<p><span style=\"font-weight: 400;\">Alguns exemplos pr\u00e1ticos desta tecnologia podem ser encontrados na nossa gama e:TECHNOLOGY, que integra modelos como o <\/span><a href=\"https:\/\/honda-automoveis.pt\/pt\/carros\/honda-e\/\" target=\"_blank\" rel=\"noopener\"><span style=\"font-weight: 400;\">Honda e<\/span><\/a><span style=\"font-weight: 400;\">, o <\/span><a href=\"https:\/\/honda-automoveis.pt\/pt\/carros\/jazz-hybrid\/\" target=\"_blank\" rel=\"noopener\"><span style=\"font-weight: 400;\">Jazz Hybrid<\/span><\/a><span style=\"font-weight: 400;\"> e a vers\u00e3o especial Honda <\/span><a href=\"https:\/\/honda-automoveis.pt\/pt\/carros\/crosstar-hybrid\/\" target=\"_blank\" rel=\"noopener\"><span style=\"font-weight: 400;\">Jazz Crosstar<\/span><\/a><span style=\"font-weight: 400;\">. Leia mais aqui sobre <\/span><a href=\"https:\/\/honda-automoveis.pt\/blog\/honda-apresenta-a-gama-etechnology\/\" target=\"_blank\" rel=\"noopener\"><span style=\"font-weight: 400;\">esta gama<\/span><\/a><span style=\"font-weight: 400;\"> e outras inova\u00e7\u00f5es que fazem parte desta tecnologia.<\/span><\/p>\n<p><img loading=\"lazy\" class=\"alignnone size-full wp-image-47815\" src=\"https:\/\/honda-automoveis.pt\/blog\/wp-content\/uploads\/2022\/09\/22YM-HR-V_1000x667_2.jpg\" alt=\"Honda e a ser carregado no exterior da casa\" width=\"1000\" height=\"667\" srcset=\"https:\/\/honda-automoveis.pt\/blog\/wp-content\/uploads\/2022\/09\/22YM-HR-V_1000x667_2.jpg 1000w, https:\/\/honda-automoveis.pt\/blog\/wp-content\/uploads\/2022\/09\/22YM-HR-V_1000x667_2-300x200.jpg 300w, https:\/\/honda-automoveis.pt\/blog\/wp-content\/uploads\/2022\/09\/22YM-HR-V_1000x667_2-768x512.jpg 768w\" sizes=\"(max-width: 1000px) 100vw, 1000px\" \/><\/p>\n<h2><b>Carros ecol\u00f3gicos s\u00e3o uma alternativa?<\/b><\/h2>\n<p><span style=\"font-weight: 400;\">Optar por motoriza\u00e7\u00f5es ecol\u00f3gicas ajuda, definitivamente, a diminuir a polui\u00e7\u00e3o dos carros.\u00a0 Os transportes s\u00e3o respons\u00e1veis por 30% das emiss\u00f5es de CO2 na Uni\u00e3o Europeia, 72% dos quais s\u00e3o provenientes de transportes rodovi\u00e1rios.\u00a0<\/span><\/p>\n<p><span style=\"font-weight: 400;\">Ao alterarmos pequenos passos da nossa rotina, j\u00e1 estamos a contribuir para um ambiente mais saud\u00e1vel. S\u00e3o eles:<\/span><\/p>\n<ul>\n<li style=\"font-weight: 400;\" aria-level=\"1\"><span style=\"font-weight: 400;\">Utilizar transportes p\u00fablicos em vez do carro a combust\u00e3o;<\/span><\/li>\n<li style=\"font-weight: 400;\" aria-level=\"1\"><span style=\"font-weight: 400;\">Partilhar boleias com colegas de trabalho, reduzindo assim o n\u00famero de autom\u00f3veis em circula\u00e7\u00e3o;<\/span><\/li>\n<li style=\"font-weight: 400;\" aria-level=\"1\"><span style=\"font-weight: 400;\">Optar por transportes alternativos como a bicicleta ou a trotinete el\u00e9trica, para curtas dist\u00e2ncias.<\/span><\/li>\n<\/ul>\n<p><span style=\"font-weight: 400;\">No entanto, n\u00e3o sendo poss\u00edvel optar por nenhuma destas alternativas, avan\u00e7ar para a aquisi\u00e7\u00e3o de um carro el\u00e9trico ou h\u00edbrido \u00e9, sem d\u00favida, uma alternativa para ajudar a reduzir a sua pegada ecol\u00f3gica e consequente a polui\u00e7\u00e3o autom\u00f3vel.<\/span><\/p>\n<p><span style=\"font-weight: 400;\">No caso dos carros h\u00edbridos, como o nosso <\/span><a href=\"https:\/\/honda-automoveis.pt\/pt\/carros\/hrv-hybrid\/\" target=\"_blank\" rel=\"noopener\"><span style=\"font-weight: 400;\">Honda HR-V Hybrid<\/span><\/a><span style=\"font-weight: 400;\">, as emiss\u00f5es s\u00e3o consideravelmente mais baixas, por estes ve\u00edculos recorrerem a mais do que um motor para circularem: possuem uma bateria el\u00e9trica e um motor para gasolina ou diesel, permitindo uma gest\u00e3o mais eficiente dos recursos e uma maior poupan\u00e7a em combust\u00edvel.\u00a0<\/span><\/p>\n<p><span style=\"font-weight: 400;\">J\u00e1 no caso dos carros el\u00e9tricos, como o <\/span><a href=\"https:\/\/honda-automoveis.pt\/blog\/honda-e-carro-eletrico-citadino\/\" target=\"_blank\" rel=\"noopener\"><span style=\"font-weight: 400;\">Honda e<\/span><\/a><span style=\"font-weight: 400;\">, estes n\u00e3o possuem um motor a combust\u00e3o, movendo-se integralmente gra\u00e7as \u00e0 energia el\u00e9trica, ou seja: n\u00e3o existem emiss\u00f5es de CO2 na utiliza\u00e7\u00e3o deste tipo de autom\u00f3veis. Atrav\u00e9s de eficientes tecnologias, como a travagem regenerativa, conseguem prolongar a dura\u00e7\u00e3o da autonomia da bateria, j\u00e1 que usam a travagem para recarregar a mesma. Descubra aqui as principais <\/span><a href=\"https:\/\/honda-automoveis.pt\/blog\/diferenca-entre-carros-hibridos-eletricos\/\" target=\"_blank\" rel=\"noopener\"><span style=\"font-weight: 400;\">diferen\u00e7as entre os carros ecol\u00f3gicos<\/span><\/a><span style=\"font-weight: 400;\">.\u00a0<\/span><\/p>\n<p><span style=\"font-weight: 400;\">Por isso, ao optar por um carro h\u00edbrido ou el\u00e9trico est\u00e1 a contribuir para a diminui\u00e7\u00e3o da polui\u00e7\u00e3o dos carros, mas ainda tem outras vantagens como:<\/span><\/p>\n<ol>\n<li style=\"font-weight: 400;\" aria-level=\"1\"><span style=\"font-weight: 400;\">Poupan\u00e7a de combust\u00edvel;<\/span><\/li>\n<li style=\"font-weight: 400;\" aria-level=\"1\"><span style=\"font-weight: 400;\">Boa performance garantida, com entrega imediata de pot\u00eancia;<\/span><\/li>\n<li style=\"font-weight: 400;\" aria-level=\"1\"><span style=\"font-weight: 400;\">Condu\u00e7\u00e3o com menos ru\u00eddo;<\/span><\/li>\n<li style=\"font-weight: 400;\" aria-level=\"1\"><span style=\"font-weight: 400;\">Apoios do estado para a aquisi\u00e7\u00e3o de um destes ve\u00edculos.<\/span><\/li>\n<\/ol>\n<p><span style=\"font-weight: 400;\">Agora que j\u00e1 sabe como ajudar o ambiente, porque n\u00e3o <\/span><a href=\"https:\/\/honda-automoveis.pt\/pt\/configurador\/\" target=\"_blank\" rel=\"noopener\"><span style=\"font-weight: 400;\">configurar o seu Honda<\/span><\/a><span style=\"font-weight: 400;\"> preferido \u00e0 medida das suas necessidades?\u00a0<\/span><\/p>\n","protected":false},"excerpt":{"rendered":"<p>Quando se pensa no que os fabricantes de autom\u00f3veis podem fazer para ajudar o ambiente, o pensamento imediato pode ser &#8220;melhorar a efici\u00eancia do combust\u00edvel&#8221; ou &#8220;desenvolver alternativas \u00e0 gasolina&#8221;. Ambos s\u00e3o importantes para reduzir as emiss\u00f5es de CO2, que contribuem para as altera\u00e7\u00f5es clim\u00e1ticas. \u00c9 por isso que a Honda se preocupa em desenvolver <a href=\"https:\/\/honda-automoveis.pt\/blog\/poluicao-carros\/\">(&hellip;)<\/a><\/p>\n","protected":false},"author":4,"featured_media":47813,"comment_status":"open","ping_status":"open","sticky":false,"template":"","format":"standard","meta":[],"categories":[1],"tags":[],"yoast_head":"<!-- This site is optimized with the Yoast SEO plugin v18.5 - https:\/\/yoast.com\/wordpress\/plugins\/seo\/ -->\n<title>Polui\u00e7\u00e3o dos carros: ser\u00e3o os ecol\u00f3gicos a solu\u00e7\u00e3o? | Honda Portugal<\/title>\n<meta name=\"description\" content=\"Maior consci\u00eancia ecol\u00f3gica e novas frotas el\u00e9tricas e h\u00edbridas a acompanhar: ser\u00e1 esta a solu\u00e7\u00e3o para a polui\u00e7\u00e3o dos carros? Descubra tudo aqui.\" \/>\n<meta name=\"robots\" content=\"index, follow, max-snippet:-1, max-image-preview:large, max-video-preview:-1\" \/>\n<link rel=\"canonical\" href=\"https:\/\/honda-automoveis.pt\/blog\/poluicao-carros\/\" \/>\n<meta property=\"og:locale\" content=\"pt_PT\" \/>\n<meta property=\"og:type\" content=\"article\" \/>\n<meta property=\"og:title\" content=\"Polui\u00e7\u00e3o dos carros: ser\u00e3o os ecol\u00f3gicos a solu\u00e7\u00e3o? | Honda Portugal\" \/>\n<meta property=\"og:description\" content=\"Maior consci\u00eancia ecol\u00f3gica e novas frotas el\u00e9tricas e h\u00edbridas a acompanhar: ser\u00e1 esta a solu\u00e7\u00e3o para a polui\u00e7\u00e3o dos carros? Descubra tudo aqui.\" \/>\n<meta property=\"og:url\" content=\"https:\/\/honda-automoveis.pt\/blog\/poluicao-carros\/\" \/>\n<meta property=\"og:site_name\" content=\"Honda Portugal\" \/>\n<meta property=\"article:published_time\" content=\"2022-09-14T08:38:53+00:00\" \/>\n<meta property=\"article:modified_time\" content=\"2022-09-15T14:03:28+00:00\" \/>\n<meta property=\"og:image\" content=\"https:\/\/honda-automoveis.pt\/blog\/wp-content\/uploads\/2022\/09\/22YM-HR-V.jpg\" \/>\n\t<meta property=\"og:image:width\" content=\"884\" \/>\n\t<meta property=\"og:image:height\" content=\"552\" \/>\n\t<meta property=\"og:image:type\" content=\"image\/jpeg\" \/>\n<meta name=\"twitter:card\" content=\"summary_large_image\" \/>\n<meta name=\"twitter:label1\" content=\"Escrito por\" \/>\n\t<meta name=\"twitter:data1\" content=\"Honda Portugal Autom\u00f3veis\" \/>\n\t<meta name=\"twitter:label2\" content=\"Tempo estimado de leitura\" \/>\n\t<meta name=\"twitter:data2\" content=\"5 minutos\" \/>\n<script type=\"application\/ld+json\" class=\"yoast-schema-graph\">{\"@context\":\"https:\/\/schema.org\",\"@graph\":[{\"@type\":\"WebSite\",\"@id\":\"https:\/\/honda-automoveis.pt\/blog\/#website\",\"url\":\"https:\/\/honda-automoveis.pt\/blog\/\",\"name\":\"Honda Portugal\",\"description\":\"Dreamers&#039; Blog\",\"potentialAction\":[{\"@type\":\"SearchAction\",\"target\":{\"@type\":\"EntryPoint\",\"urlTemplate\":\"https:\/\/honda-automoveis.pt\/blog\/?s={search_term_string}\"},\"query-input\":\"required name=search_term_string\"}],\"inLanguage\":\"pt-PT\"},{\"@type\":\"ImageObject\",\"@id\":\"https:\/\/honda-automoveis.pt\/blog\/poluicao-carros\/#primaryimage\",\"inLanguage\":\"pt-PT\",\"url\":\"https:\/\/honda-automoveis.pt\/blog\/wp-content\/uploads\/2022\/09\/22YM-HR-V.jpg\",\"contentUrl\":\"https:\/\/honda-automoveis.pt\/blog\/wp-content\/uploads\/2022\/09\/22YM-HR-V.jpg\",\"width\":884,\"height\":552,\"caption\":\"Honda HR-V na cidade\"},{\"@type\":\"WebPage\",\"@id\":\"https:\/\/honda-automoveis.pt\/blog\/poluicao-carros\/#webpage\",\"url\":\"https:\/\/honda-automoveis.pt\/blog\/poluicao-carros\/\",\"name\":\"Polui\u00e7\u00e3o dos carros: ser\u00e3o os ecol\u00f3gicos a solu\u00e7\u00e3o? | Honda Portugal\",\"isPartOf\":{\"@id\":\"https:\/\/honda-automoveis.pt\/blog\/#website\"},\"primaryImageOfPage\":{\"@id\":\"https:\/\/honda-automoveis.pt\/blog\/poluicao-carros\/#primaryimage\"},\"datePublished\":\"2022-09-14T08:38:53+00:00\",\"dateModified\":\"2022-09-15T14:03:28+00:00\",\"author\":{\"@id\":\"https:\/\/honda-automoveis.pt\/blog\/#\/schema\/person\/7f8ab873bdf8dbd771f0d57531954f87\"},\"description\":\"Maior consci\u00eancia ecol\u00f3gica e novas frotas el\u00e9tricas e h\u00edbridas a acompanhar: ser\u00e1 esta a solu\u00e7\u00e3o para a polui\u00e7\u00e3o dos carros? Descubra tudo aqui.\",\"breadcrumb\":{\"@id\":\"https:\/\/honda-automoveis.pt\/blog\/poluicao-carros\/#breadcrumb\"},\"inLanguage\":\"pt-PT\",\"potentialAction\":[{\"@type\":\"ReadAction\",\"target\":[\"https:\/\/honda-automoveis.pt\/blog\/poluicao-carros\/\"]}]},{\"@type\":\"BreadcrumbList\",\"@id\":\"https:\/\/honda-automoveis.pt\/blog\/poluicao-carros\/#breadcrumb\",\"itemListElement\":[{\"@type\":\"ListItem\",\"position\":1,\"name\":\"In\u00edcio\",\"item\":\"https:\/\/honda-automoveis.pt\/blog\/\"},{\"@type\":\"ListItem\",\"position\":2,\"name\":\"Ve\u00edculos Ecol\u00f3gicos s\u00e3o a solu\u00e7\u00e3o para a polui\u00e7\u00e3o dos carros?\"}]},{\"@type\":\"Person\",\"@id\":\"https:\/\/honda-automoveis.pt\/blog\/#\/schema\/person\/7f8ab873bdf8dbd771f0d57531954f87\",\"name\":\"Honda Portugal Autom\u00f3veis\",\"image\":{\"@type\":\"ImageObject\",\"@id\":\"https:\/\/honda-automoveis.pt\/blog\/#personlogo\",\"inLanguage\":\"pt-PT\",\"url\":\"https:\/\/honda-automoveis.pt\/blog\/wp-content\/uploads\/2023\/06\/logo_perfil-150x150.png\",\"contentUrl\":\"https:\/\/honda-automoveis.pt\/blog\/wp-content\/uploads\/2023\/06\/logo_perfil-150x150.png\",\"caption\":\"Honda Portugal Autom\u00f3veis\"},\"description\":\"A Honda chegou a Portugal em 1968, preparada para conquistar os portugueses com a sua inovadora tecnologia e os melhores e mais fi\u00e1veis autom\u00f3veis. Com uma longa hist\u00f3ria de sucesso no nosso pa\u00eds, a Honda conquistou uma verdadeira comunidade de f\u00e3s, que reconhecem na marca a fiabilidade, seguran\u00e7a e tecnologia que nos caracterizam. A competi\u00e7\u00e3o e a performance est\u00e3o no nosso ADN e \u00e9 por isso que, diariamente, continuamos a trabalhar para que todas as viagens sejam verdadeiramente emocionantes.\",\"url\":\"https:\/\/honda-automoveis.pt\/blog\/author\/honda-portugal\/\"}]}<\/script>\n<!-- \/ Yoast SEO plugin. -->","yoast_head_json":{"title":"Polui\u00e7\u00e3o dos carros: ser\u00e3o os ecol\u00f3gicos a solu\u00e7\u00e3o? | Honda Portugal","description":"Maior consci\u00eancia ecol\u00f3gica e novas frotas el\u00e9tricas e h\u00edbridas a acompanhar: ser\u00e1 esta a solu\u00e7\u00e3o para a polui\u00e7\u00e3o dos carros? Descubra tudo aqui.","robots":{"index":"index","follow":"follow","max-snippet":"max-snippet:-1","max-image-preview":"max-image-preview:large","max-video-preview":"max-video-preview:-1"},"canonical":"https:\/\/honda-automoveis.pt\/blog\/poluicao-carros\/","og_locale":"pt_PT","og_type":"article","og_title":"Polui\u00e7\u00e3o dos carros: ser\u00e3o os ecol\u00f3gicos a solu\u00e7\u00e3o? | Honda Portugal","og_description":"Maior consci\u00eancia ecol\u00f3gica e novas frotas el\u00e9tricas e h\u00edbridas a acompanhar: ser\u00e1 esta a solu\u00e7\u00e3o para a polui\u00e7\u00e3o dos carros? Descubra tudo aqui.","og_url":"https:\/\/honda-automoveis.pt\/blog\/poluicao-carros\/","og_site_name":"Honda Portugal","article_published_time":"2022-09-14T08:38:53+00:00","article_modified_time":"2022-09-15T14:03:28+00:00","og_image":[{"width":884,"height":552,"url":"https:\/\/honda-automoveis.pt\/blog\/wp-content\/uploads\/2022\/09\/22YM-HR-V.jpg","type":"image\/jpeg"}],"twitter_card":"summary_large_image","twitter_misc":{"Escrito por":"Honda Portugal Autom\u00f3veis","Tempo estimado de leitura":"5 minutos"},"schema":{"@context":"https:\/\/schema.org","@graph":[{"@type":"WebSite","@id":"https:\/\/honda-automoveis.pt\/blog\/#website","url":"https:\/\/honda-automoveis.pt\/blog\/","name":"Honda Portugal","description":"Dreamers&#039; Blog","potentialAction":[{"@type":"SearchAction","target":{"@type":"EntryPoint","urlTemplate":"https:\/\/honda-automoveis.pt\/blog\/?s={search_term_string}"},"query-input":"required name=search_term_string"}],"inLanguage":"pt-PT"},{"@type":"ImageObject","@id":"https:\/\/honda-automoveis.pt\/blog\/poluicao-carros\/#primaryimage","inLanguage":"pt-PT","url":"https:\/\/honda-automoveis.pt\/blog\/wp-content\/uploads\/2022\/09\/22YM-HR-V.jpg","contentUrl":"https:\/\/honda-automoveis.pt\/blog\/wp-content\/uploads\/2022\/09\/22YM-HR-V.jpg","width":884,"height":552,"caption":"Honda HR-V na cidade"},{"@type":"WebPage","@id":"https:\/\/honda-automoveis.pt\/blog\/poluicao-carros\/#webpage","url":"https:\/\/honda-automoveis.pt\/blog\/poluicao-carros\/","name":"Polui\u00e7\u00e3o dos carros: ser\u00e3o os ecol\u00f3gicos a solu\u00e7\u00e3o? | Honda Portugal","isPartOf":{"@id":"https:\/\/honda-automoveis.pt\/blog\/#website"},"primaryImageOfPage":{"@id":"https:\/\/honda-automoveis.pt\/blog\/poluicao-carros\/#primaryimage"},"datePublished":"2022-09-14T08:38:53+00:00","dateModified":"2022-09-15T14:03:28+00:00","author":{"@id":"https:\/\/honda-automoveis.pt\/blog\/#\/schema\/person\/7f8ab873bdf8dbd771f0d57531954f87"},"description":"Maior consci\u00eancia ecol\u00f3gica e novas frotas el\u00e9tricas e h\u00edbridas a acompanhar: ser\u00e1 esta a solu\u00e7\u00e3o para a polui\u00e7\u00e3o dos carros? Descubra tudo aqui.","breadcrumb":{"@id":"https:\/\/honda-automoveis.pt\/blog\/poluicao-carros\/#breadcrumb"},"inLanguage":"pt-PT","potentialAction":[{"@type":"ReadAction","target":["https:\/\/honda-automoveis.pt\/blog\/poluicao-carros\/"]}]},{"@type":"BreadcrumbList","@id":"https:\/\/honda-automoveis.pt\/blog\/poluicao-carros\/#breadcrumb","itemListElement":[{"@type":"ListItem","position":1,"name":"In\u00edcio","item":"https:\/\/honda-automoveis.pt\/blog\/"},{"@type":"ListItem","position":2,"name":"Ve\u00edculos Ecol\u00f3gicos s\u00e3o a solu\u00e7\u00e3o para a polui\u00e7\u00e3o dos carros?"}]},{"@type":"Person","@id":"https:\/\/honda-automoveis.pt\/blog\/#\/schema\/person\/7f8ab873bdf8dbd771f0d57531954f87","name":"Honda Portugal Autom\u00f3veis","image":{"@type":"ImageObject","@id":"https:\/\/honda-automoveis.pt\/blog\/#personlogo","inLanguage":"pt-PT","url":"https:\/\/honda-automoveis.pt\/blog\/wp-content\/uploads\/2023\/06\/logo_perfil-150x150.png","contentUrl":"https:\/\/honda-automoveis.pt\/blog\/wp-content\/uploads\/2023\/06\/logo_perfil-150x150.png","caption":"Honda Portugal Autom\u00f3veis"},"description":"A Honda chegou a Portugal em 1968, preparada para conquistar os portugueses com a sua inovadora tecnologia e os melhores e mais fi\u00e1veis autom\u00f3veis. Com uma longa hist\u00f3ria de sucesso no nosso pa\u00eds, a Honda conquistou uma verdadeira comunidade de f\u00e3s, que reconhecem na marca a fiabilidade, seguran\u00e7a e tecnologia que nos caracterizam. A competi\u00e7\u00e3o e a performance est\u00e3o no nosso ADN e \u00e9 por isso que, diariamente, continuamos a trabalhar para que todas as viagens sejam verdadeiramente emocionantes.","url":"https:\/\/honda-automoveis.pt\/blog\/author\/honda-portugal\/"}]}},"_links":{"self":[{"href":"https:\/\/honda-automoveis.pt\/blog\/wp-json\/wp\/v2\/posts\/47812"}],"collection":[{"href":"https:\/\/honda-automoveis.pt\/blog\/wp-json\/wp\/v2\/posts"}],"about":[{"href":"https:\/\/honda-automoveis.pt\/blog\/wp-json\/wp\/v2\/types\/post"}],"author":[{"embeddable":true,"href":"https:\/\/honda-automoveis.pt\/blog\/wp-json\/wp\/v2\/users\/4"}],"replies":[{"embeddable":true,"href":"https:\/\/honda-automoveis.pt\/blog\/wp-json\/wp\/v2\/comments?post=47812"}],"version-history":[{"count":3,"href":"https:\/\/honda-automoveis.pt\/blog\/wp-json\/wp\/v2\/posts\/47812\/revisions"}],"predecessor-version":[{"id":47823,"href":"https:\/\/honda-automoveis.pt\/blog\/wp-json\/wp\/v2\/posts\/47812\/revisions\/47823"}],"wp:featuredmedia":[{"embeddable":true,"href":"https:\/\/honda-automoveis.pt\/blog\/wp-json\/wp\/v2\/media\/47813"}],"wp:attachment":[{"href":"https:\/\/honda-automoveis.pt\/blog\/wp-json\/wp\/v2\/media?parent=47812"}],"wp:term":[{"taxonomy":"category","embeddable":true,"href":"https:\/\/honda-automoveis.pt\/blog\/wp-json\/wp\/v2\/categories?post=47812"},{"taxonomy":"post_tag","embeddable":true,"href":"https:\/\/honda-automoveis.pt\/blog\/wp-json\/wp\/v2\/tags?post=47812"}],"curies":[{"name":"wp","href":"https:\/\/api.w.org\/{rel}","templated":true}]}}