{"id":48404,"date":"2022-10-06T08:58:33","date_gmt":"2022-10-06T08:58:33","guid":{"rendered":"https:\/\/honda-automoveis.pt\/blog\/?p=48404"},"modified":"2022-10-06T08:58:33","modified_gmt":"2022-10-06T08:58:33","slug":"imposto-automovel","status":"publish","type":"post","link":"https:\/\/honda-automoveis.pt\/blog\/imposto-automovel\/","title":{"rendered":"Quem autom\u00f3vel tem, imposto autom\u00f3vel paga."},"content":{"rendered":"<p><a href=\"https:\/\/honda-automoveis.pt\/blog\/imposto-unico-automovel\/\" target=\"_blank\" rel=\"noopener\"><span data-contrast=\"none\">Imposto \u00danico de Circula\u00e7\u00e3o (IUC)<\/span><\/a><b><span data-contrast=\"auto\">,<\/span><\/b><span data-contrast=\"auto\"> j\u00e1 ouviu falar deste <\/span><b><span data-contrast=\"auto\">imposto autom\u00f3vel<\/span><\/b><span data-contrast=\"auto\">? Ter um carro \u00e9 uma comodidade de v\u00e1rias fam\u00edlias portuguesas. No entanto, um autom\u00f3vel traz um conjunto de despesas que \u00e9 preciso conhecer bem para uma melhor gest\u00e3o do or\u00e7amento mensal. Para al\u00e9m dos encargos existentes com combust\u00edvel e manuten\u00e7\u00e3o, h\u00e1 alguns impostos que n\u00e3o se conseguem contornar. O IUC \u00e9 um desses impostos.\u00a0<\/span><span data-ccp-props=\"{&quot;201341983&quot;:0,&quot;335559739&quot;:0,&quot;335559740&quot;:360}\">\u00a0<\/span><\/p>\n<h2><b><span data-contrast=\"auto\">O que \u00e9 e para que serve o Imposto \u00danico de Circula\u00e7\u00e3o? <\/span><\/b><span data-ccp-props=\"{&quot;201341983&quot;:0,&quot;335559739&quot;:0,&quot;335559740&quot;:240}\">\u00a0<\/span><\/h2>\n<p><span data-contrast=\"auto\">O IUC \u00e9 um <\/span><b><span data-contrast=\"auto\">imposto autom\u00f3vel <\/span><\/b><span data-contrast=\"auto\">que se paga uma \u00fanica vez por ano e cuja cria\u00e7\u00e3o extinguiu outros impostos: o Imposto Municipal sobre Ve\u00edculos, Imposto de Circula\u00e7\u00e3o e o Imposto de Camionagem.\u00a0<\/span><span data-ccp-props=\"{&quot;201341983&quot;:0,&quot;335559739&quot;:0,&quot;335559740&quot;:360}\">\u00a0<\/span><\/p>\n<p><span data-contrast=\"auto\">Criado para compensar os custos ambientais e vi\u00e1rios provocados pela circula\u00e7\u00e3o constante dos ve\u00edculos, o seu pagamento cabe ao propriet\u00e1rio, isto \u00e9, \u00e0 pessoa (singular ou coletiva) em nome da qual est\u00e1 registada a propriedade do ve\u00edculo sujeito a este imposto.<\/span><span data-ccp-props=\"{&quot;201341983&quot;:0,&quot;335559739&quot;:0,&quot;335559740&quot;:360}\">\u00a0<\/span><\/p>\n<p><span data-contrast=\"auto\">Se tem um carro em seu nome, j\u00e1 sabe que anualmente ter\u00e1 de pagar este<\/span><b><span data-contrast=\"auto\"> imposto autom\u00f3vel,<\/span><\/b><span data-contrast=\"auto\"> mesmo que n\u00e3o fa\u00e7a uso do seu ve\u00edculo.\u00a0<\/span><span data-ccp-props=\"{&quot;201341983&quot;:0,&quot;335559739&quot;:0,&quot;335559740&quot;:360}\">\u00a0<\/span><\/p>\n<p><span data-ccp-props=\"{&quot;201341983&quot;:0,&quot;335559739&quot;:0,&quot;335559740&quot;:360}\"><img loading=\"lazy\" class=\"alignnone size-full wp-image-48407\" src=\"https:\/\/honda-automoveis.pt\/blog\/wp-content\/uploads\/2022\/10\/Imagem_texto_3.jpg\" alt=\"imposto autom\u00f3vel: Homem a conduzir carro Honda\u00a0\" width=\"1000\" height=\"667\" srcset=\"https:\/\/honda-automoveis.pt\/blog\/wp-content\/uploads\/2022\/10\/Imagem_texto_3.jpg 1000w, https:\/\/honda-automoveis.pt\/blog\/wp-content\/uploads\/2022\/10\/Imagem_texto_3-300x200.jpg 300w, https:\/\/honda-automoveis.pt\/blog\/wp-content\/uploads\/2022\/10\/Imagem_texto_3-768x512.jpg 768w\" sizes=\"(max-width: 1000px) 100vw, 1000px\" \/><\/span><\/p>\n<h2><b><span data-contrast=\"auto\">Imposto autom\u00f3vel: quanto tem de pagar?<\/span><\/b><span data-ccp-props=\"{&quot;201341983&quot;:0,&quot;335559739&quot;:0,&quot;335559740&quot;:360}\">\u00a0<\/span><\/h2>\n<p><span data-contrast=\"auto\">Cada categoria de ve\u00edculo tem as suas pr\u00f3prias taxas e diferentes par\u00e2metros de c\u00e1lculo. As taxas atualizadas do IUC para cada categoria de ve\u00edculo podem ser consultadas no <\/span><a href=\"https:\/\/info.portaldasfinancas.gov.pt\/pt\/informacao_fiscal\/codigos_tributarios\/iuc\/Pages\/codigo-do-iuc-indice.aspx\" target=\"_blank\" rel=\"noopener\"><span data-contrast=\"none\">C\u00f3digo do IUC<\/span><\/a><span data-contrast=\"auto\">,<\/span><span data-contrast=\"auto\">\u00a0no Portal das Finan\u00e7as.\u00a0<\/span><span data-ccp-props=\"{&quot;201341983&quot;:0,&quot;335559739&quot;:0,&quot;335559740&quot;:360}\">\u00a0<\/span><\/p>\n<p><span data-contrast=\"auto\">No c\u00e1lculo do valor do<\/span><b><span data-contrast=\"auto\"> Imposto \u00danico Autom\u00f3vel <\/span><\/b><span data-contrast=\"auto\">ou<\/span><b><span data-contrast=\"auto\"> Imposto \u00danico de Circula\u00e7\u00e3o<\/span><\/b><span data-contrast=\"auto\">, h\u00e1 v\u00e1rios fatores a considerar:<\/span><span data-ccp-props=\"{&quot;201341983&quot;:0,&quot;335559739&quot;:0,&quot;335559740&quot;:360}\">\u00a0<\/span><\/p>\n<p><span data-contrast=\"auto\">&#8211; Quanto maior for a cilindrada do motor e as emiss\u00f5es CO2 (quando aplic\u00e1vel), maior \u00e9 o valor a pagar;<\/span><span data-ccp-props=\"{&quot;201341983&quot;:0,&quot;335559739&quot;:0,&quot;335559740&quot;:360}\">\u00a0<\/span><\/p>\n<p><span data-contrast=\"auto\">&#8211; O valor varia consoante o tipo de combust\u00edvel: carros a gas\u00f3leo pagam ligeiramente mais, quando comparados com carros a gasolina, por exemplo.\u00a0<\/span><span data-ccp-props=\"{&quot;201341983&quot;:0,&quot;335559739&quot;:0,&quot;335559740&quot;:360}\">\u00a0<\/span><\/p>\n<p><span data-contrast=\"auto\">&#8211; Quanto mais recente for a matr\u00edcula, maior o valor do IUC a ser pago.<\/span><span data-ccp-props=\"{&quot;201341983&quot;:0,&quot;335559739&quot;:0,&quot;335559740&quot;:360}\">\u00a0<\/span><\/p>\n<h2><b><span data-contrast=\"auto\">At\u00e9 quando e onde pode ser pago?<\/span><\/b><span data-ccp-props=\"{&quot;201341983&quot;:0,&quot;335559739&quot;:0,&quot;335559740&quot;:360}\">\u00a0<\/span><\/h2>\n<p><span data-contrast=\"auto\">Quem tem um carro, n\u00e3o tem como evitar este <\/span><b><span data-contrast=\"auto\">imposto autom\u00f3vel<\/span><\/b><span data-contrast=\"auto\">, deve pagar o Imposto \u00danico de Circula\u00e7\u00e3o todos os anos, at\u00e9 ao \u00faltimo dia do m\u00eas do anivers\u00e1rio da matr\u00edcula.\u00a0<\/span><span data-ccp-props=\"{&quot;201341983&quot;:0,&quot;335559739&quot;:0,&quot;335559740&quot;:360}\">\u00a0<\/span><\/p>\n<p><span data-contrast=\"auto\">O pagamento deste imposto dura at\u00e9 ao cancelamento da matr\u00edcula ou do registo em virtude de abate e pode ser efetuado no Portal das Finan\u00e7as (MB Way), no Multibanco, no site do seu banco (homebanking) ou nos CTT\/Correios.<\/span><span data-ccp-props=\"{&quot;201341983&quot;:0,&quot;335559739&quot;:0,&quot;335559740&quot;:360}\">\u00a0<\/span><\/p>\n<p><img loading=\"lazy\" class=\"alignnone size-full wp-image-48406\" src=\"https:\/\/honda-automoveis.pt\/blog\/wp-content\/uploads\/2022\/10\/Imagem_texto.jpg\" alt=\"mulher com crian\u00e7as perto de um carro Honda HR-V\" width=\"1000\" height=\"667\" srcset=\"https:\/\/honda-automoveis.pt\/blog\/wp-content\/uploads\/2022\/10\/Imagem_texto.jpg 1000w, https:\/\/honda-automoveis.pt\/blog\/wp-content\/uploads\/2022\/10\/Imagem_texto-300x200.jpg 300w, https:\/\/honda-automoveis.pt\/blog\/wp-content\/uploads\/2022\/10\/Imagem_texto-768x512.jpg 768w\" sizes=\"(max-width: 1000px) 100vw, 1000px\" \/><\/p>\n<h2><b><span data-contrast=\"auto\">IUC: uma regra com isen\u00e7\u00f5es. Conhe\u00e7a-as.<\/span><\/b><span data-ccp-props=\"{&quot;201341983&quot;:0,&quot;335559739&quot;:0,&quot;335559740&quot;:360}\">\u00a0<\/span><\/h2>\n<p><span data-contrast=\"auto\">Embora o Imposto \u00fanico de Circula\u00e7\u00e3o seja obrigat\u00f3rio, h\u00e1 algumas exce\u00e7\u00f5es a esta regra. Consulte a lista abaixo e descubra se j\u00e1 est\u00e1 a poupar.<\/span><span data-ccp-props=\"{&quot;201341983&quot;:0,&quot;335559739&quot;:0,&quot;335559740&quot;:360}\">\u00a0<\/span><\/p>\n<p><span data-contrast=\"auto\">Assim, est\u00e3o isentos do pagamento de IUC:<\/span><span data-ccp-props=\"{&quot;201341983&quot;:0,&quot;335559739&quot;:0,&quot;335559740&quot;:360}\">\u00a0<\/span><\/p>\n<p><span data-contrast=\"auto\">-Pessoas com defici\u00eancia cujo grau de incapacidade seja igual ou superior a 60% em rela\u00e7\u00e3o a ve\u00edculos da categoria B que possuam n\u00edvel de emiss\u00e3o de CO2 NEDC at\u00e9 180 g\/km ou a ou um n\u00edvel de emiss\u00e3o de CO2 WLTP at\u00e9 205 g\/km ou a ve\u00edculos das categorias A e E. A isen\u00e7\u00e3o de cidad\u00e3os portadores de defici\u00eancia s\u00f3 pode ser usufru\u00edda por cada benefici\u00e1rio em rela\u00e7\u00e3o a um ve\u00edculo e \u00e9 reconhecida, anualmente, em qualquer servi\u00e7o de finan\u00e7as. A isen\u00e7\u00e3o tem um limite de 240 euros;<\/span><span data-ccp-props=\"{&quot;201341983&quot;:0,&quot;335559739&quot;:0,&quot;335559740&quot;:360}\">\u00a0<\/span><\/p>\n<p><span data-contrast=\"auto\">-Pessoas coletivas de utilidade p\u00fablica e institui\u00e7\u00f5es particulares de solidariedade social;<\/span><span data-ccp-props=\"{&quot;201341983&quot;:0,&quot;335559739&quot;:0,&quot;335559740&quot;:360}\">\u00a0<\/span><\/p>\n<p><span data-contrast=\"auto\">-Ve\u00edculos da administra\u00e7\u00e3o central, regional, local e das for\u00e7as militares e de seguran\u00e7a, bem como os ve\u00edculos adquiridos pelas associa\u00e7\u00f5es humanit\u00e1rias de bombeiros ou c\u00e2maras municipais para o cumprimento das miss\u00f5es de prote\u00e7\u00e3o, socorro, assist\u00eancia, apoio e combate a inc\u00eandios, atribu\u00eddas aos seus corpos de bombeiros;<\/span><span data-ccp-props=\"{&quot;201341983&quot;:0,&quot;335559739&quot;:0,&quot;335559740&quot;:360}\">\u00a0<\/span><\/p>\n<p><span data-contrast=\"auto\">-Autom\u00f3veis e motociclos da propriedade de Estados estrangeiros;<\/span><span data-ccp-props=\"{&quot;201341983&quot;:0,&quot;335559739&quot;:0,&quot;335559740&quot;:360}\">\u00a0<\/span><\/p>\n<p><span data-contrast=\"auto\">-Autom\u00f3veis e motociclos que, tendo mais de 30 anos e constituindo pe\u00e7as de museus p\u00fablicos, s\u00f3 ocasionalmente sejam objeto de uso e n\u00e3o efetuem desloca\u00e7\u00f5es anuais superiores a 500 quil\u00f3metros;<\/span><span data-ccp-props=\"{&quot;201341983&quot;:0,&quot;335559739&quot;:0,&quot;335559740&quot;:360}\">\u00a0<\/span><\/p>\n<p><span data-contrast=\"auto\">-Ve\u00edculos das categorias A, C, D e E que, tendo mais de 30 anos e sendo considerados de interesse hist\u00f3rico pelas entidades competentes, s\u00f3 ocasionalmente sejam objeto de uso e n\u00e3o efetuem desloca\u00e7\u00f5es anuais superiores a 500 quil\u00f3metros;<\/span><span data-ccp-props=\"{&quot;201341983&quot;:0,&quot;335559739&quot;:0,&quot;335559740&quot;:360}\">\u00a0<\/span><\/p>\n<p><span data-contrast=\"auto\">-Ve\u00edculos n\u00e3o motorizados, exclusivamente el\u00e9tricos ou movidos a energias renov\u00e1veis n\u00e3o combust\u00edveis;<\/span><span data-ccp-props=\"{&quot;201341983&quot;:0,&quot;335559739&quot;:0,&quot;335559740&quot;:360}\">\u00a0<\/span><\/p>\n<p><span data-contrast=\"auto\">-Ambul\u00e2ncias, ve\u00edculos funer\u00e1rios e tratores agr\u00edcolas;<\/span><span data-ccp-props=\"{&quot;201341983&quot;:0,&quot;335559739&quot;:0,&quot;335559740&quot;:360}\">\u00a0<\/span><\/p>\n<p><span data-contrast=\"auto\">-T\u00e1xis matriculados depois de Julho 2007 que possuam um n\u00edvel de emiss\u00e3o de CO2 NEDC at\u00e9 180 g\/km ou um n\u00edvel de emiss\u00e3o de CO2WLTP at\u00e9 205 g\/km, e t\u00e1xis matriculados antes de Junho de 2007.<\/span><span data-ccp-props=\"{&quot;201341983&quot;:0,&quot;335559739&quot;:0,&quot;335559740&quot;:360}\">\u00a0<\/span><\/p>\n<p><span data-ccp-props=\"{&quot;201341983&quot;:0,&quot;335559739&quot;:0,&quot;335559740&quot;:360}\"><img loading=\"lazy\" class=\"alignnone size-full wp-image-48408\" src=\"https:\/\/honda-automoveis.pt\/blog\/wp-content\/uploads\/2022\/10\/Imagem_texto_1.jpg\" alt=\"mulher a olhar para um Honda HR-V\u00a0\" width=\"1000\" height=\"667\" srcset=\"https:\/\/honda-automoveis.pt\/blog\/wp-content\/uploads\/2022\/10\/Imagem_texto_1.jpg 1000w, https:\/\/honda-automoveis.pt\/blog\/wp-content\/uploads\/2022\/10\/Imagem_texto_1-300x200.jpg 300w, https:\/\/honda-automoveis.pt\/blog\/wp-content\/uploads\/2022\/10\/Imagem_texto_1-768x512.jpg 768w\" sizes=\"(max-width: 1000px) 100vw, 1000px\" \/><\/span><\/p>\n<h2><b><span data-contrast=\"auto\">Como pedir a isen\u00e7\u00e3o do Imposto \u00danico de Circula\u00e7\u00e3o?<\/span><\/b><span data-ccp-props=\"{&quot;201341983&quot;:0,&quot;335559739&quot;:0,&quot;335559740&quot;:360}\">\u00a0<\/span><\/h2>\n<p><span data-contrast=\"auto\">Se faz parte do grupo de pessoas isentas do pagamento do Imposto \u00danico de Circula\u00e7\u00e3o, eis o que precisa de fazer:\u00a0\u00a0<\/span><span data-ccp-props=\"{&quot;201341983&quot;:0,&quot;335559739&quot;:0,&quot;335559740&quot;:360}\">\u00a0<\/span><\/p>\n<p><span data-contrast=\"auto\">&#8211; Pessoas com grau de incapacidade superior a 60%<\/span><span data-ccp-props=\"{&quot;201341983&quot;:0,&quot;335559739&quot;:0,&quot;335559740&quot;:360}\">\u00a0<\/span><\/p>\n<p><span data-contrast=\"auto\">Se for o seu caso, deve fazer o pedido no servi\u00e7o de finan\u00e7as ou no Portal das Finan\u00e7as. Para que o mesmo seja aceite, a informa\u00e7\u00e3o relativa \u00e0 incapacidade ter\u00e1 de constar previamente na Autoridade Tribut\u00e1ria (AT).\u00a0<\/span><span data-ccp-props=\"{&quot;201341983&quot;:0,&quot;335559739&quot;:0,&quot;335559740&quot;:360}\">\u00a0<\/span><\/p>\n<p><span data-contrast=\"auto\">Beneficiando da isen\u00e7\u00e3o, a mesma ser\u00e1 v\u00e1lida desde primeiro ano em que tiver o ve\u00edculo, mantendo-se nos anos seguintes, at\u00e9 trocar de viatura.<\/span><span data-ccp-props=\"{&quot;201341983&quot;:0,&quot;335559739&quot;:0,&quot;335559740&quot;:360}\">\u00a0<\/span><\/p>\n<p><span data-contrast=\"auto\">&#8211; Exce\u00e7\u00f5es relativas ao tipo e categoria dos ve\u00edculos<\/span><span data-ccp-props=\"{&quot;201341983&quot;:0,&quot;335559739&quot;:0,&quot;335559740&quot;:360}\">\u00a0<\/span><\/p>\n<p><span data-contrast=\"auto\">Esta isen\u00e7\u00e3o \u00e9 autom\u00e1tica, pois ao registar o seu ve\u00edculo, a Autoridade Tribut\u00e1ria tem o registo das caracter\u00edsticas do ve\u00edculo e se deve ou n\u00e3o pagar imposto.\u00a0<\/span><span data-ccp-props=\"{&quot;201341983&quot;:0,&quot;335559739&quot;:0,&quot;335559740&quot;:360}\">\u00a0<\/span><\/p>\n<p><span data-contrast=\"auto\">Acompanhe as not\u00edcias <\/span><a href=\"https:\/\/honda-automoveis.pt\/\" target=\"_blank\" rel=\"noopener\"><span data-contrast=\"none\">Honda <\/span><\/a><span data-contrast=\"auto\">e<\/span> <a href=\"https:\/\/honda-automoveis.pt\/blog\/\" target=\"_blank\" rel=\"noopener\"><span data-contrast=\"none\">Honda Dreamer\u2019s Blog<\/span><\/a><span data-contrast=\"auto\">, onde se pode manter atualizado sobre as obriga\u00e7\u00f5es fiscais enquanto propriet\u00e1rio.<\/span><span data-ccp-props=\"{&quot;201341983&quot;:0,&quot;335559739&quot;:0,&quot;335559740&quot;:360}\">\u00a0<\/span><\/p>\n","protected":false},"excerpt":{"rendered":"<p>Imposto \u00danico de Circula\u00e7\u00e3o (IUC), j\u00e1 ouviu falar deste imposto autom\u00f3vel? Ter um carro \u00e9 uma comodidade de v\u00e1rias fam\u00edlias portuguesas. No entanto, um autom\u00f3vel traz um conjunto de despesas que \u00e9 preciso conhecer bem para uma melhor gest\u00e3o do or\u00e7amento mensal. Para al\u00e9m dos encargos existentes com combust\u00edvel e manuten\u00e7\u00e3o, h\u00e1 alguns impostos que <a href=\"https:\/\/honda-automoveis.pt\/blog\/imposto-automovel\/\">(&hellip;)<\/a><\/p>\n","protected":false},"author":4,"featured_media":48405,"comment_status":"open","ping_status":"open","sticky":false,"template":"","format":"standard","meta":[],"categories":[1],"tags":[],"yoast_head":"<!-- This site is optimized with the Yoast SEO plugin v18.5 - https:\/\/yoast.com\/wordpress\/plugins\/seo\/ -->\n<title>Quem autom\u00f3vel tem, imposto autom\u00f3vel paga. | Honda Portugal Imposto Autom\u00f3vel: tudo o que precisa saber | Honda Portugal<\/title>\n<meta name=\"description\" content=\"Sabe porque \u00e9 que tem de pagar o imposto autom\u00f3vel mais famoso de Portugal: IUC - Imposto \u00danico de Circula\u00e7\u00e3o? N\u00f3s explicamos tudo.\" \/>\n<meta name=\"robots\" content=\"index, follow, max-snippet:-1, max-image-preview:large, max-video-preview:-1\" \/>\n<link rel=\"canonical\" href=\"https:\/\/honda-automoveis.pt\/blog\/imposto-automovel\/\" \/>\n<meta property=\"og:locale\" content=\"pt_PT\" \/>\n<meta property=\"og:type\" content=\"article\" \/>\n<meta property=\"og:title\" content=\"Quem autom\u00f3vel tem, imposto autom\u00f3vel paga. | Honda Portugal Imposto Autom\u00f3vel: tudo o que precisa saber | Honda Portugal\" \/>\n<meta property=\"og:description\" content=\"Sabe porque \u00e9 que tem de pagar o imposto autom\u00f3vel mais famoso de Portugal: IUC - Imposto \u00danico de Circula\u00e7\u00e3o? N\u00f3s explicamos tudo.\" \/>\n<meta property=\"og:url\" content=\"https:\/\/honda-automoveis.pt\/blog\/imposto-automovel\/\" \/>\n<meta property=\"og:site_name\" content=\"Honda Portugal\" \/>\n<meta property=\"article:published_time\" content=\"2022-10-06T08:58:33+00:00\" \/>\n<meta property=\"og:image\" content=\"https:\/\/honda-automoveis.pt\/blog\/wp-content\/uploads\/2022\/10\/Imagem-destaque.jpg\" \/>\n\t<meta property=\"og:image:width\" content=\"884\" \/>\n\t<meta property=\"og:image:height\" content=\"552\" \/>\n\t<meta property=\"og:image:type\" content=\"image\/jpeg\" \/>\n<meta name=\"twitter:card\" content=\"summary_large_image\" \/>\n<meta name=\"twitter:label1\" content=\"Escrito por\" \/>\n\t<meta name=\"twitter:data1\" content=\"Honda Portugal Autom\u00f3veis\" \/>\n\t<meta name=\"twitter:label2\" content=\"Tempo estimado de leitura\" \/>\n\t<meta name=\"twitter:data2\" content=\"6 minutos\" \/>\n<script type=\"application\/ld+json\" class=\"yoast-schema-graph\">{\"@context\":\"https:\/\/schema.org\",\"@graph\":[{\"@type\":\"WebSite\",\"@id\":\"https:\/\/honda-automoveis.pt\/blog\/#website\",\"url\":\"https:\/\/honda-automoveis.pt\/blog\/\",\"name\":\"Honda Portugal\",\"description\":\"Dreamers&#039; Blog\",\"potentialAction\":[{\"@type\":\"SearchAction\",\"target\":{\"@type\":\"EntryPoint\",\"urlTemplate\":\"https:\/\/honda-automoveis.pt\/blog\/?s={search_term_string}\"},\"query-input\":\"required name=search_term_string\"}],\"inLanguage\":\"pt-PT\"},{\"@type\":\"ImageObject\",\"@id\":\"https:\/\/honda-automoveis.pt\/blog\/imposto-automovel\/#primaryimage\",\"inLanguage\":\"pt-PT\",\"url\":\"https:\/\/honda-automoveis.pt\/blog\/wp-content\/uploads\/2022\/10\/Imagem-destaque.jpg\",\"contentUrl\":\"https:\/\/honda-automoveis.pt\/blog\/wp-content\/uploads\/2022\/10\/Imagem-destaque.jpg\",\"width\":884,\"height\":552,\"caption\":\"imposto autom\u00f3vel: carro Honda HR-V\"},{\"@type\":\"WebPage\",\"@id\":\"https:\/\/honda-automoveis.pt\/blog\/imposto-automovel\/#webpage\",\"url\":\"https:\/\/honda-automoveis.pt\/blog\/imposto-automovel\/\",\"name\":\"Quem autom\u00f3vel tem, imposto autom\u00f3vel paga. | Honda Portugal Imposto Autom\u00f3vel: tudo o que precisa saber | Honda Portugal\",\"isPartOf\":{\"@id\":\"https:\/\/honda-automoveis.pt\/blog\/#website\"},\"primaryImageOfPage\":{\"@id\":\"https:\/\/honda-automoveis.pt\/blog\/imposto-automovel\/#primaryimage\"},\"datePublished\":\"2022-10-06T08:58:33+00:00\",\"dateModified\":\"2022-10-06T08:58:33+00:00\",\"author\":{\"@id\":\"https:\/\/honda-automoveis.pt\/blog\/#\/schema\/person\/7f8ab873bdf8dbd771f0d57531954f87\"},\"description\":\"Sabe porque \u00e9 que tem de pagar o imposto autom\u00f3vel mais famoso de Portugal: IUC - Imposto \u00danico de Circula\u00e7\u00e3o? N\u00f3s explicamos tudo.\",\"breadcrumb\":{\"@id\":\"https:\/\/honda-automoveis.pt\/blog\/imposto-automovel\/#breadcrumb\"},\"inLanguage\":\"pt-PT\",\"potentialAction\":[{\"@type\":\"ReadAction\",\"target\":[\"https:\/\/honda-automoveis.pt\/blog\/imposto-automovel\/\"]}]},{\"@type\":\"BreadcrumbList\",\"@id\":\"https:\/\/honda-automoveis.pt\/blog\/imposto-automovel\/#breadcrumb\",\"itemListElement\":[{\"@type\":\"ListItem\",\"position\":1,\"name\":\"In\u00edcio\",\"item\":\"https:\/\/honda-automoveis.pt\/blog\/\"},{\"@type\":\"ListItem\",\"position\":2,\"name\":\"Quem autom\u00f3vel tem, imposto autom\u00f3vel paga.\"}]},{\"@type\":\"Person\",\"@id\":\"https:\/\/honda-automoveis.pt\/blog\/#\/schema\/person\/7f8ab873bdf8dbd771f0d57531954f87\",\"name\":\"Honda Portugal Autom\u00f3veis\",\"image\":{\"@type\":\"ImageObject\",\"@id\":\"https:\/\/honda-automoveis.pt\/blog\/#personlogo\",\"inLanguage\":\"pt-PT\",\"url\":\"https:\/\/honda-automoveis.pt\/blog\/wp-content\/uploads\/2023\/06\/logo_perfil-150x150.png\",\"contentUrl\":\"https:\/\/honda-automoveis.pt\/blog\/wp-content\/uploads\/2023\/06\/logo_perfil-150x150.png\",\"caption\":\"Honda Portugal Autom\u00f3veis\"},\"description\":\"A Honda chegou a Portugal em 1968, preparada para conquistar os portugueses com a sua inovadora tecnologia e os melhores e mais fi\u00e1veis autom\u00f3veis. Com uma longa hist\u00f3ria de sucesso no nosso pa\u00eds, a Honda conquistou uma verdadeira comunidade de f\u00e3s, que reconhecem na marca a fiabilidade, seguran\u00e7a e tecnologia que nos caracterizam. A competi\u00e7\u00e3o e a performance est\u00e3o no nosso ADN e \u00e9 por isso que, diariamente, continuamos a trabalhar para que todas as viagens sejam verdadeiramente emocionantes.\",\"url\":\"https:\/\/honda-automoveis.pt\/blog\/author\/honda-portugal\/\"}]}<\/script>\n<!-- \/ Yoast SEO plugin. -->","yoast_head_json":{"title":"Quem autom\u00f3vel tem, imposto autom\u00f3vel paga. | Honda Portugal Imposto Autom\u00f3vel: tudo o que precisa saber | Honda Portugal","description":"Sabe porque \u00e9 que tem de pagar o imposto autom\u00f3vel mais famoso de Portugal: IUC - Imposto \u00danico de Circula\u00e7\u00e3o? N\u00f3s explicamos tudo.","robots":{"index":"index","follow":"follow","max-snippet":"max-snippet:-1","max-image-preview":"max-image-preview:large","max-video-preview":"max-video-preview:-1"},"canonical":"https:\/\/honda-automoveis.pt\/blog\/imposto-automovel\/","og_locale":"pt_PT","og_type":"article","og_title":"Quem autom\u00f3vel tem, imposto autom\u00f3vel paga. | Honda Portugal Imposto Autom\u00f3vel: tudo o que precisa saber | Honda Portugal","og_description":"Sabe porque \u00e9 que tem de pagar o imposto autom\u00f3vel mais famoso de Portugal: IUC - Imposto \u00danico de Circula\u00e7\u00e3o? N\u00f3s explicamos tudo.","og_url":"https:\/\/honda-automoveis.pt\/blog\/imposto-automovel\/","og_site_name":"Honda Portugal","article_published_time":"2022-10-06T08:58:33+00:00","og_image":[{"width":884,"height":552,"url":"https:\/\/honda-automoveis.pt\/blog\/wp-content\/uploads\/2022\/10\/Imagem-destaque.jpg","type":"image\/jpeg"}],"twitter_card":"summary_large_image","twitter_misc":{"Escrito por":"Honda Portugal Autom\u00f3veis","Tempo estimado de leitura":"6 minutos"},"schema":{"@context":"https:\/\/schema.org","@graph":[{"@type":"WebSite","@id":"https:\/\/honda-automoveis.pt\/blog\/#website","url":"https:\/\/honda-automoveis.pt\/blog\/","name":"Honda Portugal","description":"Dreamers&#039; Blog","potentialAction":[{"@type":"SearchAction","target":{"@type":"EntryPoint","urlTemplate":"https:\/\/honda-automoveis.pt\/blog\/?s={search_term_string}"},"query-input":"required name=search_term_string"}],"inLanguage":"pt-PT"},{"@type":"ImageObject","@id":"https:\/\/honda-automoveis.pt\/blog\/imposto-automovel\/#primaryimage","inLanguage":"pt-PT","url":"https:\/\/honda-automoveis.pt\/blog\/wp-content\/uploads\/2022\/10\/Imagem-destaque.jpg","contentUrl":"https:\/\/honda-automoveis.pt\/blog\/wp-content\/uploads\/2022\/10\/Imagem-destaque.jpg","width":884,"height":552,"caption":"imposto autom\u00f3vel: carro Honda HR-V"},{"@type":"WebPage","@id":"https:\/\/honda-automoveis.pt\/blog\/imposto-automovel\/#webpage","url":"https:\/\/honda-automoveis.pt\/blog\/imposto-automovel\/","name":"Quem autom\u00f3vel tem, imposto autom\u00f3vel paga. | Honda Portugal Imposto Autom\u00f3vel: tudo o que precisa saber | Honda Portugal","isPartOf":{"@id":"https:\/\/honda-automoveis.pt\/blog\/#website"},"primaryImageOfPage":{"@id":"https:\/\/honda-automoveis.pt\/blog\/imposto-automovel\/#primaryimage"},"datePublished":"2022-10-06T08:58:33+00:00","dateModified":"2022-10-06T08:58:33+00:00","author":{"@id":"https:\/\/honda-automoveis.pt\/blog\/#\/schema\/person\/7f8ab873bdf8dbd771f0d57531954f87"},"description":"Sabe porque \u00e9 que tem de pagar o imposto autom\u00f3vel mais famoso de Portugal: IUC - Imposto \u00danico de Circula\u00e7\u00e3o? N\u00f3s explicamos tudo.","breadcrumb":{"@id":"https:\/\/honda-automoveis.pt\/blog\/imposto-automovel\/#breadcrumb"},"inLanguage":"pt-PT","potentialAction":[{"@type":"ReadAction","target":["https:\/\/honda-automoveis.pt\/blog\/imposto-automovel\/"]}]},{"@type":"BreadcrumbList","@id":"https:\/\/honda-automoveis.pt\/blog\/imposto-automovel\/#breadcrumb","itemListElement":[{"@type":"ListItem","position":1,"name":"In\u00edcio","item":"https:\/\/honda-automoveis.pt\/blog\/"},{"@type":"ListItem","position":2,"name":"Quem autom\u00f3vel tem, imposto autom\u00f3vel paga."}]},{"@type":"Person","@id":"https:\/\/honda-automoveis.pt\/blog\/#\/schema\/person\/7f8ab873bdf8dbd771f0d57531954f87","name":"Honda Portugal Autom\u00f3veis","image":{"@type":"ImageObject","@id":"https:\/\/honda-automoveis.pt\/blog\/#personlogo","inLanguage":"pt-PT","url":"https:\/\/honda-automoveis.pt\/blog\/wp-content\/uploads\/2023\/06\/logo_perfil-150x150.png","contentUrl":"https:\/\/honda-automoveis.pt\/blog\/wp-content\/uploads\/2023\/06\/logo_perfil-150x150.png","caption":"Honda Portugal Autom\u00f3veis"},"description":"A Honda chegou a Portugal em 1968, preparada para conquistar os portugueses com a sua inovadora tecnologia e os melhores e mais fi\u00e1veis autom\u00f3veis. Com uma longa hist\u00f3ria de sucesso no nosso pa\u00eds, a Honda conquistou uma verdadeira comunidade de f\u00e3s, que reconhecem na marca a fiabilidade, seguran\u00e7a e tecnologia que nos caracterizam. A competi\u00e7\u00e3o e a performance est\u00e3o no nosso ADN e \u00e9 por isso que, diariamente, continuamos a trabalhar para que todas as viagens sejam verdadeiramente emocionantes.","url":"https:\/\/honda-automoveis.pt\/blog\/author\/honda-portugal\/"}]}},"_links":{"self":[{"href":"https:\/\/honda-automoveis.pt\/blog\/wp-json\/wp\/v2\/posts\/48404"}],"collection":[{"href":"https:\/\/honda-automoveis.pt\/blog\/wp-json\/wp\/v2\/posts"}],"about":[{"href":"https:\/\/honda-automoveis.pt\/blog\/wp-json\/wp\/v2\/types\/post"}],"author":[{"embeddable":true,"href":"https:\/\/honda-automoveis.pt\/blog\/wp-json\/wp\/v2\/users\/4"}],"replies":[{"embeddable":true,"href":"https:\/\/honda-automoveis.pt\/blog\/wp-json\/wp\/v2\/comments?post=48404"}],"version-history":[{"count":1,"href":"https:\/\/honda-automoveis.pt\/blog\/wp-json\/wp\/v2\/posts\/48404\/revisions"}],"predecessor-version":[{"id":48409,"href":"https:\/\/honda-automoveis.pt\/blog\/wp-json\/wp\/v2\/posts\/48404\/revisions\/48409"}],"wp:featuredmedia":[{"embeddable":true,"href":"https:\/\/honda-automoveis.pt\/blog\/wp-json\/wp\/v2\/media\/48405"}],"wp:attachment":[{"href":"https:\/\/honda-automoveis.pt\/blog\/wp-json\/wp\/v2\/media?parent=48404"}],"wp:term":[{"taxonomy":"category","embeddable":true,"href":"https:\/\/honda-automoveis.pt\/blog\/wp-json\/wp\/v2\/categories?post=48404"},{"taxonomy":"post_tag","embeddable":true,"href":"https:\/\/honda-automoveis.pt\/blog\/wp-json\/wp\/v2\/tags?post=48404"}],"curies":[{"name":"wp","href":"https:\/\/api.w.org\/{rel}","templated":true}]}}