{"id":48681,"date":"2023-02-23T14:15:06","date_gmt":"2023-02-23T14:15:06","guid":{"rendered":"https:\/\/honda-automoveis.pt\/blog\/?p=48681"},"modified":"2023-02-23T14:15:37","modified_gmt":"2023-02-23T14:15:37","slug":"honda-type-r-25-anos","status":"publish","type":"post","link":"https:\/\/honda-automoveis.pt\/blog\/honda-type-r-25-anos\/","title":{"rendered":"A nova gera\u00e7\u00e3o de uma lenda: Honda Type R 25 anos"},"content":{"rendered":"<p><span data-contrast=\"none\">Leve, r\u00e1pido e aerodin\u00e2mico. A nova gera\u00e7\u00e3o do Honda Civic Type R, mais evolu\u00eddo do que nunca, chegou para celebrar os 25 anos deste \u00edcone. Uma lenda que nasce e renasce sempre com o mesmo desejo: redefinir a verdadeira performance desportiva.\u00a0<\/span><span data-ccp-props=\"{&quot;201341983&quot;:0,&quot;335551550&quot;:6,&quot;335551620&quot;:6,&quot;335559739&quot;:160,&quot;335559740&quot;:259}\">\u00a0<\/span><\/p>\n<p><span data-contrast=\"none\">Como prova disto, o Type R venceu, pela segunda vez, o pr\u00e9mio \u201cBest Car to Buy\u201d. Aqui, \u00e9 reconhecido o ve\u00edculo de luxo ou performance que mais surpreende os entusiastas, com base na performance, acelera\u00e7\u00e3o e experi\u00eancia de condu\u00e7\u00e3o. O vencedor s\u00f3 podia ser um.<\/span><span data-ccp-props=\"{&quot;201341983&quot;:0,&quot;335551550&quot;:6,&quot;335551620&quot;:6,&quot;335559739&quot;:160,&quot;335559740&quot;:259}\">\u00a0<\/span><\/p>\n<h2><b><span data-contrast=\"none\">Desenhado para grandes emo\u00e7\u00f5es<\/span><\/b><span data-ccp-props=\"{&quot;201341983&quot;:0,&quot;335551550&quot;:6,&quot;335551620&quot;:6,&quot;335559739&quot;:160,&quot;335559740&quot;:259}\">\u00a0<\/span><\/h2>\n<p><span data-contrast=\"none\">As caracter\u00edsticas do Type R n\u00e3o escondem a sua inten\u00e7\u00e3o. Desde as entradas de ar dianteiras que ajudam no arrefecimento dos trav\u00f5es e do motor, ao spoiler traseiro que aumenta o downforce em velocidades elevadas. Cada pormenor foi pensado para otimizar a din\u00e2mica do carro. Conhe\u00e7a todos os detalhes que o tornam t\u00e3o \u00fanico e irreverente.\u00a0<\/span><span data-ccp-props=\"{&quot;201341983&quot;:0,&quot;335551550&quot;:6,&quot;335551620&quot;:6,&quot;335559739&quot;:160,&quot;335559740&quot;:259}\">\u00a0<\/span><\/p>\n<p><img loading=\"lazy\" class=\"alignnone size-full wp-image-48682\" src=\"https:\/\/honda-automoveis.pt\/blog\/wp-content\/uploads\/2023\/02\/imagem-texto-4.jpg\" alt=\"traseira Honda Type R\" width=\"1000\" height=\"667\" srcset=\"https:\/\/honda-automoveis.pt\/blog\/wp-content\/uploads\/2023\/02\/imagem-texto-4.jpg 1000w, https:\/\/honda-automoveis.pt\/blog\/wp-content\/uploads\/2023\/02\/imagem-texto-4-300x200.jpg 300w, https:\/\/honda-automoveis.pt\/blog\/wp-content\/uploads\/2023\/02\/imagem-texto-4-768x512.jpg 768w\" sizes=\"(max-width: 1000px) 100vw, 1000px\" \/><\/p>\n<h3><b><span data-contrast=\"none\">Performance poderosa <\/span><\/b><span data-ccp-props=\"{&quot;201341983&quot;:0,&quot;335551550&quot;:6,&quot;335551620&quot;:6,&quot;335559739&quot;:160,&quot;335559740&quot;:259}\">\u00a0<\/span><\/h3>\n<p><span data-contrast=\"none\">I<\/span><span data-contrast=\"none\">ncr<\/span><span data-contrast=\"none\">ivelmente r\u00e1pido e poderoso, o novo Type R \u00e9 alimentado por um motor de 2.0 litros turbo que oferece 329cv de pot\u00eancia e 420Nm de bin\u00e1rio m\u00e1ximo, atingindo uma velocidade m\u00e1xima de 275 km\/h. A min\u00facia dedicada ao seu desenvolvimento permite que o Type R alcance uma poderosa acelera\u00e7\u00e3o que vai dos 0 aos 100km\/h em apenas 5,4 segundos. Com m\u00e1xima agilidade e<\/span> <span data-contrast=\"none\">performance.\u00a0<\/span><span data-ccp-props=\"{&quot;201341983&quot;:0,&quot;335551550&quot;:6,&quot;335551620&quot;:6,&quot;335559739&quot;:160,&quot;335559740&quot;:259}\">\u00a0<\/span><\/p>\n<p><span data-contrast=\"none\">Uma experi\u00eancia de condu\u00e7\u00e3o inquestionavelmente \u00fanica, gra\u00e7as \u00e0 sua transmiss\u00e3o manual de 6 velocidades e aos 4 modos de condu\u00e7\u00e3o dispon\u00edveis.<\/span><span data-ccp-props=\"{&quot;201341983&quot;:0,&quot;335551550&quot;:6,&quot;335551620&quot;:6,&quot;335559739&quot;:160,&quot;335559740&quot;:259}\">\u00a0<\/span><\/p>\n<p><span data-ccp-props=\"{&quot;201341983&quot;:0,&quot;335551550&quot;:6,&quot;335551620&quot;:6,&quot;335559739&quot;:160,&quot;335559740&quot;:259}\"> <img loading=\"lazy\" class=\"alignnone size-full wp-image-48685\" src=\"https:\/\/honda-automoveis.pt\/blog\/wp-content\/uploads\/2023\/02\/imagem-texto-1.jpg\" alt=\"caixa de velocidades Type R\" width=\"1000\" height=\"667\" srcset=\"https:\/\/honda-automoveis.pt\/blog\/wp-content\/uploads\/2023\/02\/imagem-texto-1.jpg 1000w, https:\/\/honda-automoveis.pt\/blog\/wp-content\/uploads\/2023\/02\/imagem-texto-1-300x200.jpg 300w, https:\/\/honda-automoveis.pt\/blog\/wp-content\/uploads\/2023\/02\/imagem-texto-1-768x512.jpg 768w\" sizes=\"(max-width: 1000px) 100vw, 1000px\" \/><\/span><\/p>\n<h3><b><span data-contrast=\"none\">Experi\u00eancia interior imersiva <\/span><\/b><span data-ccp-props=\"{&quot;201341983&quot;:0,&quot;335551550&quot;:6,&quot;335551620&quot;:6,&quot;335559739&quot;:160,&quot;335559740&quot;:259}\">\u00a0<\/span><\/h3>\n<p><span data-contrast=\"none\">Os pequenos detalhes fazem a diferen\u00e7a. E no novo Honda Civic Type R, nenhum ficou esquecido. Desde o design das sa\u00eddas de ar do ar condicionado em favos de mel aos pedais desportivos, h\u00e1 toda uma harmonia dos diferentes componentes, que n\u00e3o acontece por acaso. Tudo foi projetado para garantir uma experi\u00eancia de condu\u00e7\u00e3o imersiva<\/span><span data-contrast=\"none\">.<\/span><span data-ccp-props=\"{&quot;201341983&quot;:0,&quot;335551550&quot;:6,&quot;335551620&quot;:6,&quot;335559739&quot;:160,&quot;335559740&quot;:259}\">\u00a0<\/span><\/p>\n<p><span data-ccp-props=\"{&quot;201341983&quot;:0,&quot;335551550&quot;:6,&quot;335551620&quot;:6,&quot;335559739&quot;:160,&quot;335559740&quot;:259}\"> <img loading=\"lazy\" class=\"alignnone size-full wp-image-48684\" src=\"https:\/\/honda-automoveis.pt\/blog\/wp-content\/uploads\/2023\/02\/imagem-texto-2.jpg\" alt=\"Bancos desportivos Type R\" width=\"1000\" height=\"667\" srcset=\"https:\/\/honda-automoveis.pt\/blog\/wp-content\/uploads\/2023\/02\/imagem-texto-2.jpg 1000w, https:\/\/honda-automoveis.pt\/blog\/wp-content\/uploads\/2023\/02\/imagem-texto-2-300x200.jpg 300w, https:\/\/honda-automoveis.pt\/blog\/wp-content\/uploads\/2023\/02\/imagem-texto-2-768x512.jpg 768w\" sizes=\"(max-width: 1000px) 100vw, 1000px\" \/><\/span><\/p>\n<h3><b><span data-contrast=\"none\">Ainda mais rapidez\u00a0<\/span><\/b><span data-ccp-props=\"{&quot;201341983&quot;:0,&quot;335551550&quot;:6,&quot;335551620&quot;:6,&quot;335559739&quot;:160,&quot;335559740&quot;:259}\">\u00a0<\/span><\/h3>\n<p><span data-contrast=\"none\">O novo Type R segue uma longa linha de modelos ic\u00f4nicos que elevaram o n\u00edvel de desempenho dos carros desportivos com tra\u00e7\u00e3o dianteira. \u00c9 dif\u00edcil melhorar o que j\u00e1 \u00e9 bom, mas com base nas capacidades do modelo anterior, o modelo de \u00faltima gera\u00e7\u00e3o incorpora novos materiais, mais leves, um maior desempenho do motor e din\u00e2mica de condu\u00e7\u00e3o melhorada. Assim, conseguimos oferecer ainda mais rapidez e dinamismo.<\/span><span data-ccp-props=\"{&quot;201341983&quot;:0,&quot;335551550&quot;:6,&quot;335551620&quot;:6,&quot;335559739&quot;:160,&quot;335559740&quot;:259}\">\u00a0<\/span><\/p>\n<p><span data-ccp-props=\"{&quot;201341983&quot;:0,&quot;335551550&quot;:6,&quot;335551620&quot;:6,&quot;335559739&quot;:160,&quot;335559740&quot;:259}\"> <img loading=\"lazy\" class=\"alignnone size-full wp-image-48683\" src=\"https:\/\/honda-automoveis.pt\/blog\/wp-content\/uploads\/2023\/02\/imagem-texto-3.jpg\" alt=\"interior Honda Type R\" width=\"1000\" height=\"667\" srcset=\"https:\/\/honda-automoveis.pt\/blog\/wp-content\/uploads\/2023\/02\/imagem-texto-3.jpg 1000w, https:\/\/honda-automoveis.pt\/blog\/wp-content\/uploads\/2023\/02\/imagem-texto-3-300x200.jpg 300w, https:\/\/honda-automoveis.pt\/blog\/wp-content\/uploads\/2023\/02\/imagem-texto-3-768x512.jpg 768w\" sizes=\"(max-width: 1000px) 100vw, 1000px\" \/><\/span><\/p>\n<h3><b><span data-contrast=\"none\">Pensado para a competi\u00e7\u00e3o<\/span><\/b><span data-ccp-props=\"{&quot;201341983&quot;:0,&quot;335551550&quot;:6,&quot;335551620&quot;:6,&quot;335559739&quot;:160,&quot;335559740&quot;:259}\">\u00a0<\/span><\/h3>\n<p><span data-contrast=\"none\">A seguir as pisadas da gera\u00e7\u00e3o anterior, o novo Honda Civic Type R, ainda antes de ser oficialmente revelado, j\u00e1 estava a bater recordes. No circuito de Suzuka, \u201croubou\u201d o lugar ao seu antecessor e conquistou o t\u00edtulo de tra\u00e7\u00e3o dianteira mais r\u00e1pida daquele tra\u00e7ado. A 11\u00aa gera\u00e7\u00e3o do Type R precisou de 2 minutos e 23,120 segundos para percorrer todo o circuito. A diferen\u00e7a foi de quase 1 segundo, comparativamente ao recorde anterior. Assim, n\u00e3o \u00e9 de surpreender que em Portugal todas as viaturas tenham esgotado em apenas 72 horas.\u00a0<\/span><span data-ccp-props=\"{&quot;201341983&quot;:0,&quot;335551550&quot;:6,&quot;335551620&quot;:6,&quot;335559739&quot;:160,&quot;335559740&quot;:259}\">\u00a0<\/span><\/p>\n<p><span data-contrast=\"none\">No novo Honda Civic Type R encontra o prazer numa condu\u00e7\u00e3o din\u00e2mica e perfeitamente equilibrada.\u00a0 Afinal, com a nova gera\u00e7\u00e3o do Type R, o poder est\u00e1 no equil\u00edbrio.<\/span><span data-ccp-props=\"{&quot;201341983&quot;:0,&quot;335551550&quot;:6,&quot;335551620&quot;:6,&quot;335559739&quot;:160,&quot;335559740&quot;:259}\">\u00a0<\/span><\/p>\n","protected":false},"excerpt":{"rendered":"<p>Leve, r\u00e1pido e aerodin\u00e2mico. A nova gera\u00e7\u00e3o do Honda Civic Type R, mais evolu\u00eddo do que nunca, chegou para celebrar os 25 anos deste \u00edcone. Uma lenda que nasce e renasce sempre com o mesmo desejo: redefinir a verdadeira performance desportiva.\u00a0\u00a0 Como prova disto, o Type R venceu, pela segunda vez, o pr\u00e9mio \u201cBest Car <a href=\"https:\/\/honda-automoveis.pt\/blog\/honda-type-r-25-anos\/\">(&hellip;)<\/a><\/p>\n","protected":false},"author":4,"featured_media":48686,"comment_status":"open","ping_status":"open","sticky":false,"template":"","format":"standard","meta":[],"categories":[16],"tags":[],"yoast_head":"<!-- This site is optimized with the Yoast SEO plugin v18.5 - https:\/\/yoast.com\/wordpress\/plugins\/seo\/ -->\n<title>25 anos de Honda Type R: celebrados com uma nova gera\u00e7\u00e3o - Honda<\/title>\n<meta name=\"description\" content=\"A redefini\u00e7\u00e3o de um \u00edcone. Conhe\u00e7a a nova gera\u00e7\u00e3o do lend\u00e1rio Honda Civic Type R e renda-se ao poder da rapidez.\" \/>\n<meta name=\"robots\" content=\"index, follow, max-snippet:-1, max-image-preview:large, max-video-preview:-1\" \/>\n<link rel=\"canonical\" href=\"https:\/\/honda-automoveis.pt\/blog\/honda-type-r-25-anos\/\" \/>\n<meta property=\"og:locale\" content=\"pt_PT\" \/>\n<meta property=\"og:type\" content=\"article\" \/>\n<meta property=\"og:title\" content=\"25 anos de Honda Type R: celebrados com uma nova gera\u00e7\u00e3o - Honda\" \/>\n<meta property=\"og:description\" content=\"A redefini\u00e7\u00e3o de um \u00edcone. Conhe\u00e7a a nova gera\u00e7\u00e3o do lend\u00e1rio Honda Civic Type R e renda-se ao poder da rapidez.\" \/>\n<meta property=\"og:url\" content=\"https:\/\/honda-automoveis.pt\/blog\/honda-type-r-25-anos\/\" \/>\n<meta property=\"og:site_name\" content=\"Honda Portugal\" \/>\n<meta property=\"article:published_time\" content=\"2023-02-23T14:15:06+00:00\" \/>\n<meta property=\"article:modified_time\" content=\"2023-02-23T14:15:37+00:00\" \/>\n<meta property=\"og:image\" content=\"https:\/\/honda-automoveis.pt\/blog\/wp-content\/uploads\/2023\/02\/imagem-destaque.jpg\" \/>\n\t<meta property=\"og:image:width\" content=\"884\" \/>\n\t<meta property=\"og:image:height\" content=\"552\" \/>\n\t<meta property=\"og:image:type\" content=\"image\/jpeg\" \/>\n<meta name=\"twitter:card\" content=\"summary_large_image\" \/>\n<meta name=\"twitter:label1\" content=\"Escrito por\" \/>\n\t<meta name=\"twitter:data1\" content=\"Honda Portugal Autom\u00f3veis\" \/>\n\t<meta name=\"twitter:label2\" content=\"Tempo estimado de leitura\" \/>\n\t<meta name=\"twitter:data2\" content=\"4 minutos\" \/>\n<script type=\"application\/ld+json\" class=\"yoast-schema-graph\">{\"@context\":\"https:\/\/schema.org\",\"@graph\":[{\"@type\":\"WebSite\",\"@id\":\"https:\/\/honda-automoveis.pt\/blog\/#website\",\"url\":\"https:\/\/honda-automoveis.pt\/blog\/\",\"name\":\"Honda Portugal\",\"description\":\"Dreamers&#039; Blog\",\"potentialAction\":[{\"@type\":\"SearchAction\",\"target\":{\"@type\":\"EntryPoint\",\"urlTemplate\":\"https:\/\/honda-automoveis.pt\/blog\/?s={search_term_string}\"},\"query-input\":\"required name=search_term_string\"}],\"inLanguage\":\"pt-PT\"},{\"@type\":\"ImageObject\",\"@id\":\"https:\/\/honda-automoveis.pt\/blog\/honda-type-r-25-anos\/#primaryimage\",\"inLanguage\":\"pt-PT\",\"url\":\"https:\/\/honda-automoveis.pt\/blog\/wp-content\/uploads\/2023\/02\/imagem-destaque.jpg\",\"contentUrl\":\"https:\/\/honda-automoveis.pt\/blog\/wp-content\/uploads\/2023\/02\/imagem-destaque.jpg\",\"width\":884,\"height\":552,\"caption\":\"Honda Type R na estrada\"},{\"@type\":\"WebPage\",\"@id\":\"https:\/\/honda-automoveis.pt\/blog\/honda-type-r-25-anos\/#webpage\",\"url\":\"https:\/\/honda-automoveis.pt\/blog\/honda-type-r-25-anos\/\",\"name\":\"25 anos de Honda Type R: celebrados com uma nova gera\u00e7\u00e3o - Honda\",\"isPartOf\":{\"@id\":\"https:\/\/honda-automoveis.pt\/blog\/#website\"},\"primaryImageOfPage\":{\"@id\":\"https:\/\/honda-automoveis.pt\/blog\/honda-type-r-25-anos\/#primaryimage\"},\"datePublished\":\"2023-02-23T14:15:06+00:00\",\"dateModified\":\"2023-02-23T14:15:37+00:00\",\"author\":{\"@id\":\"https:\/\/honda-automoveis.pt\/blog\/#\/schema\/person\/7f8ab873bdf8dbd771f0d57531954f87\"},\"description\":\"A redefini\u00e7\u00e3o de um \u00edcone. Conhe\u00e7a a nova gera\u00e7\u00e3o do lend\u00e1rio Honda Civic Type R e renda-se ao poder da rapidez.\",\"breadcrumb\":{\"@id\":\"https:\/\/honda-automoveis.pt\/blog\/honda-type-r-25-anos\/#breadcrumb\"},\"inLanguage\":\"pt-PT\",\"potentialAction\":[{\"@type\":\"ReadAction\",\"target\":[\"https:\/\/honda-automoveis.pt\/blog\/honda-type-r-25-anos\/\"]}]},{\"@type\":\"BreadcrumbList\",\"@id\":\"https:\/\/honda-automoveis.pt\/blog\/honda-type-r-25-anos\/#breadcrumb\",\"itemListElement\":[{\"@type\":\"ListItem\",\"position\":1,\"name\":\"In\u00edcio\",\"item\":\"https:\/\/honda-automoveis.pt\/blog\/\"},{\"@type\":\"ListItem\",\"position\":2,\"name\":\"A nova gera\u00e7\u00e3o de uma lenda: Honda Type R 25 anos\"}]},{\"@type\":\"Person\",\"@id\":\"https:\/\/honda-automoveis.pt\/blog\/#\/schema\/person\/7f8ab873bdf8dbd771f0d57531954f87\",\"name\":\"Honda Portugal Autom\u00f3veis\",\"image\":{\"@type\":\"ImageObject\",\"@id\":\"https:\/\/honda-automoveis.pt\/blog\/#personlogo\",\"inLanguage\":\"pt-PT\",\"url\":\"https:\/\/honda-automoveis.pt\/blog\/wp-content\/uploads\/2023\/06\/logo_perfil-150x150.png\",\"contentUrl\":\"https:\/\/honda-automoveis.pt\/blog\/wp-content\/uploads\/2023\/06\/logo_perfil-150x150.png\",\"caption\":\"Honda Portugal Autom\u00f3veis\"},\"description\":\"A Honda chegou a Portugal em 1968, preparada para conquistar os portugueses com a sua inovadora tecnologia e os melhores e mais fi\u00e1veis autom\u00f3veis. Com uma longa hist\u00f3ria de sucesso no nosso pa\u00eds, a Honda conquistou uma verdadeira comunidade de f\u00e3s, que reconhecem na marca a fiabilidade, seguran\u00e7a e tecnologia que nos caracterizam. A competi\u00e7\u00e3o e a performance est\u00e3o no nosso ADN e \u00e9 por isso que, diariamente, continuamos a trabalhar para que todas as viagens sejam verdadeiramente emocionantes.\",\"url\":\"https:\/\/honda-automoveis.pt\/blog\/author\/honda-portugal\/\"}]}<\/script>\n<!-- \/ Yoast SEO plugin. -->","yoast_head_json":{"title":"25 anos de Honda Type R: celebrados com uma nova gera\u00e7\u00e3o - Honda","description":"A redefini\u00e7\u00e3o de um \u00edcone. Conhe\u00e7a a nova gera\u00e7\u00e3o do lend\u00e1rio Honda Civic Type R e renda-se ao poder da rapidez.","robots":{"index":"index","follow":"follow","max-snippet":"max-snippet:-1","max-image-preview":"max-image-preview:large","max-video-preview":"max-video-preview:-1"},"canonical":"https:\/\/honda-automoveis.pt\/blog\/honda-type-r-25-anos\/","og_locale":"pt_PT","og_type":"article","og_title":"25 anos de Honda Type R: celebrados com uma nova gera\u00e7\u00e3o - Honda","og_description":"A redefini\u00e7\u00e3o de um \u00edcone. Conhe\u00e7a a nova gera\u00e7\u00e3o do lend\u00e1rio Honda Civic Type R e renda-se ao poder da rapidez.","og_url":"https:\/\/honda-automoveis.pt\/blog\/honda-type-r-25-anos\/","og_site_name":"Honda Portugal","article_published_time":"2023-02-23T14:15:06+00:00","article_modified_time":"2023-02-23T14:15:37+00:00","og_image":[{"width":884,"height":552,"url":"https:\/\/honda-automoveis.pt\/blog\/wp-content\/uploads\/2023\/02\/imagem-destaque.jpg","type":"image\/jpeg"}],"twitter_card":"summary_large_image","twitter_misc":{"Escrito por":"Honda Portugal Autom\u00f3veis","Tempo estimado de leitura":"4 minutos"},"schema":{"@context":"https:\/\/schema.org","@graph":[{"@type":"WebSite","@id":"https:\/\/honda-automoveis.pt\/blog\/#website","url":"https:\/\/honda-automoveis.pt\/blog\/","name":"Honda Portugal","description":"Dreamers&#039; Blog","potentialAction":[{"@type":"SearchAction","target":{"@type":"EntryPoint","urlTemplate":"https:\/\/honda-automoveis.pt\/blog\/?s={search_term_string}"},"query-input":"required name=search_term_string"}],"inLanguage":"pt-PT"},{"@type":"ImageObject","@id":"https:\/\/honda-automoveis.pt\/blog\/honda-type-r-25-anos\/#primaryimage","inLanguage":"pt-PT","url":"https:\/\/honda-automoveis.pt\/blog\/wp-content\/uploads\/2023\/02\/imagem-destaque.jpg","contentUrl":"https:\/\/honda-automoveis.pt\/blog\/wp-content\/uploads\/2023\/02\/imagem-destaque.jpg","width":884,"height":552,"caption":"Honda Type R na estrada"},{"@type":"WebPage","@id":"https:\/\/honda-automoveis.pt\/blog\/honda-type-r-25-anos\/#webpage","url":"https:\/\/honda-automoveis.pt\/blog\/honda-type-r-25-anos\/","name":"25 anos de Honda Type R: celebrados com uma nova gera\u00e7\u00e3o - Honda","isPartOf":{"@id":"https:\/\/honda-automoveis.pt\/blog\/#website"},"primaryImageOfPage":{"@id":"https:\/\/honda-automoveis.pt\/blog\/honda-type-r-25-anos\/#primaryimage"},"datePublished":"2023-02-23T14:15:06+00:00","dateModified":"2023-02-23T14:15:37+00:00","author":{"@id":"https:\/\/honda-automoveis.pt\/blog\/#\/schema\/person\/7f8ab873bdf8dbd771f0d57531954f87"},"description":"A redefini\u00e7\u00e3o de um \u00edcone. Conhe\u00e7a a nova gera\u00e7\u00e3o do lend\u00e1rio Honda Civic Type R e renda-se ao poder da rapidez.","breadcrumb":{"@id":"https:\/\/honda-automoveis.pt\/blog\/honda-type-r-25-anos\/#breadcrumb"},"inLanguage":"pt-PT","potentialAction":[{"@type":"ReadAction","target":["https:\/\/honda-automoveis.pt\/blog\/honda-type-r-25-anos\/"]}]},{"@type":"BreadcrumbList","@id":"https:\/\/honda-automoveis.pt\/blog\/honda-type-r-25-anos\/#breadcrumb","itemListElement":[{"@type":"ListItem","position":1,"name":"In\u00edcio","item":"https:\/\/honda-automoveis.pt\/blog\/"},{"@type":"ListItem","position":2,"name":"A nova gera\u00e7\u00e3o de uma lenda: Honda Type R 25 anos"}]},{"@type":"Person","@id":"https:\/\/honda-automoveis.pt\/blog\/#\/schema\/person\/7f8ab873bdf8dbd771f0d57531954f87","name":"Honda Portugal Autom\u00f3veis","image":{"@type":"ImageObject","@id":"https:\/\/honda-automoveis.pt\/blog\/#personlogo","inLanguage":"pt-PT","url":"https:\/\/honda-automoveis.pt\/blog\/wp-content\/uploads\/2023\/06\/logo_perfil-150x150.png","contentUrl":"https:\/\/honda-automoveis.pt\/blog\/wp-content\/uploads\/2023\/06\/logo_perfil-150x150.png","caption":"Honda Portugal Autom\u00f3veis"},"description":"A Honda chegou a Portugal em 1968, preparada para conquistar os portugueses com a sua inovadora tecnologia e os melhores e mais fi\u00e1veis autom\u00f3veis. Com uma longa hist\u00f3ria de sucesso no nosso pa\u00eds, a Honda conquistou uma verdadeira comunidade de f\u00e3s, que reconhecem na marca a fiabilidade, seguran\u00e7a e tecnologia que nos caracterizam. A competi\u00e7\u00e3o e a performance est\u00e3o no nosso ADN e \u00e9 por isso que, diariamente, continuamos a trabalhar para que todas as viagens sejam verdadeiramente emocionantes.","url":"https:\/\/honda-automoveis.pt\/blog\/author\/honda-portugal\/"}]}},"_links":{"self":[{"href":"https:\/\/honda-automoveis.pt\/blog\/wp-json\/wp\/v2\/posts\/48681"}],"collection":[{"href":"https:\/\/honda-automoveis.pt\/blog\/wp-json\/wp\/v2\/posts"}],"about":[{"href":"https:\/\/honda-automoveis.pt\/blog\/wp-json\/wp\/v2\/types\/post"}],"author":[{"embeddable":true,"href":"https:\/\/honda-automoveis.pt\/blog\/wp-json\/wp\/v2\/users\/4"}],"replies":[{"embeddable":true,"href":"https:\/\/honda-automoveis.pt\/blog\/wp-json\/wp\/v2\/comments?post=48681"}],"version-history":[{"count":1,"href":"https:\/\/honda-automoveis.pt\/blog\/wp-json\/wp\/v2\/posts\/48681\/revisions"}],"predecessor-version":[{"id":48687,"href":"https:\/\/honda-automoveis.pt\/blog\/wp-json\/wp\/v2\/posts\/48681\/revisions\/48687"}],"wp:featuredmedia":[{"embeddable":true,"href":"https:\/\/honda-automoveis.pt\/blog\/wp-json\/wp\/v2\/media\/48686"}],"wp:attachment":[{"href":"https:\/\/honda-automoveis.pt\/blog\/wp-json\/wp\/v2\/media?parent=48681"}],"wp:term":[{"taxonomy":"category","embeddable":true,"href":"https:\/\/honda-automoveis.pt\/blog\/wp-json\/wp\/v2\/categories?post=48681"},{"taxonomy":"post_tag","embeddable":true,"href":"https:\/\/honda-automoveis.pt\/blog\/wp-json\/wp\/v2\/tags?post=48681"}],"curies":[{"name":"wp","href":"https:\/\/api.w.org\/{rel}","templated":true}]}}