{"id":48727,"date":"2023-04-13T10:11:39","date_gmt":"2023-04-13T10:11:39","guid":{"rendered":"https:\/\/honda-automoveis.pt\/blog\/?p=48727"},"modified":"2023-04-13T10:11:39","modified_gmt":"2023-04-13T10:11:39","slug":"suv-compacto-2023","status":"publish","type":"post","link":"https:\/\/honda-automoveis.pt\/blog\/suv-compacto-2023\/","title":{"rendered":"SUV compacto: uma escolha perfeita em todas as frentes."},"content":{"rendered":"<p><span class=\"TextRun SCXW120767845 BCX9\" lang=\"PT-PT\" xml:lang=\"PT-PT\" data-contrast=\"none\"><span class=\"NormalTextRun SCXW120767845 BCX9\">Ter um <\/span><\/span><span class=\"TextRun MacChromeBold SCXW120767845 BCX9\" lang=\"PT-PT\" xml:lang=\"PT-PT\" data-contrast=\"none\"><span class=\"NormalTextRun SCXW120767845 BCX9\">SUV <\/span><span class=\"NormalTextRun SCXW120767845 BCX9\">c<\/span><span class=\"NormalTextRun SCXW120767845 BCX9\">ompacto<\/span><\/span><span class=\"TextRun SCXW120767845 BCX9\" lang=\"PT-PT\" xml:lang=\"PT-PT\" data-contrast=\"none\"><span class=\"NormalTextRun SCXW120767845 BCX9\">, \u00e9 sin\u00f3nimo de ter um carro confi\u00e1vel, que tem \u00f3tima performance em todas as frentes &#8211; estrada, cidade e campo &#8211; e cujo investimento garante a sua qualidade. Talvez por isso, atualmente os <\/span><\/span><span class=\"TextRun MacChromeBold SCXW120767845 BCX9\" lang=\"PT-PT\" xml:lang=\"PT-PT\" data-contrast=\"none\"><span class=\"NormalTextRun SCXW120767845 BCX9\">SUV compactos <\/span><\/span><span class=\"TextRun SCXW120767845 BCX9\" lang=\"PT-PT\" xml:lang=\"PT-PT\" data-contrast=\"none\"><span class=\"NormalTextRun SCXW120767845 BCX9\">estejam nos lugares cimeiros de escolha dos consumidores, principalmente fam\u00edlias. A sua versatilidade torna-o na escolha perfeita para quem enfrenta o dia-a-dia na cidade, mas tamb\u00e9m para aquelas viagens mais longas em estrada, a solo ou em fam\u00edlia. Espa\u00e7o, seguran\u00e7a e versatilidade est\u00e3o reunidos num s\u00f3 ve\u00edculo, pronto para ir consigo onde for preciso. E quando a estas caracter\u00edsticas se junta a tecnologia h\u00edbrida, o resultado anda perto da perfei\u00e7\u00e3o.<\/span><\/span><span class=\"EOP SCXW120767845 BCX9\" data-ccp-props=\"{&quot;201341983&quot;:0,&quot;335551550&quot;:6,&quot;335551620&quot;:6,&quot;335559739&quot;:0,&quot;335559740&quot;:240}\">\u00a0<\/span><\/p>\n<h2><span class=\"TextRun MacChromeBold SCXW238726570 BCX9\" lang=\"PT-PT\" xml:lang=\"PT-PT\" data-contrast=\"none\"><span class=\"NormalTextRun SCXW238726570 BCX9\">Escolher o SUV compacto perfeito para si.<\/span><\/span><\/h2>\n<p><span class=\"TextRun SCXW202983512 BCX9\" lang=\"PT-PT\" xml:lang=\"PT-PT\" data-contrast=\"none\"><span class=\"NormalTextRun SCXW202983512 BCX9\">Ao escolher um SUV compacto dever\u00e1 ter em conta v\u00e1rios fatores que podem influenciar a sua decis\u00e3o, como a dimens\u00e3o do autom\u00f3vel, a sua efici\u00eancia e, claro, nunca descurando dos n\u00edveis de seguran\u00e7a. As vari\u00e1veis devem ter em conta as diferentes exig\u00eancias da sua vida pessoal e profissional e as necessidades di\u00e1rias que tem para o seu autom\u00f3vel. O tamanho da sua fam\u00edlia e a quantidade de viagens que tem de fazer diariamente, podem ser fatores fundamentais no momento da escolha.<\/span><\/span><span class=\"EOP SCXW202983512 BCX9\" data-ccp-props=\"{&quot;201341983&quot;:0,&quot;335551550&quot;:6,&quot;335551620&quot;:6,&quot;335559739&quot;:0,&quot;335559740&quot;:240}\">\u00a0<\/span><\/p>\n<p><img loading=\"lazy\" class=\"alignnone size-full wp-image-48729\" src=\"https:\/\/honda-automoveis.pt\/blog\/wp-content\/uploads\/2023\/04\/20452-SUV-Compacto-texto-01.jpg\" alt=\"Honda SUV compacto\" width=\"1000\" height=\"667\" srcset=\"https:\/\/honda-automoveis.pt\/blog\/wp-content\/uploads\/2023\/04\/20452-SUV-Compacto-texto-01.jpg 1000w, https:\/\/honda-automoveis.pt\/blog\/wp-content\/uploads\/2023\/04\/20452-SUV-Compacto-texto-01-300x200.jpg 300w, https:\/\/honda-automoveis.pt\/blog\/wp-content\/uploads\/2023\/04\/20452-SUV-Compacto-texto-01-768x512.jpg 768w\" sizes=\"(max-width: 1000px) 100vw, 1000px\" \/><\/p>\n<h3><span class=\"NormalTextRun SCXW102899687 BCX9\">Honda HR-V <\/span><span class=\"NormalTextRun SpellingErrorV2Themed SCXW102899687 BCX9\">Hybrid<\/span><span class=\"NormalTextRun SCXW102899687 BCX9\">. Um <\/span><span class=\"NormalTextRun SCXW102899687 BCX9\">SUV compacto s\u00f3 no nome. Grande no que \u00e9 importante.<\/span><\/h3>\n<p><span class=\"TextRun SCXW30093168 BCX9\" lang=\"PT-PT\" xml:lang=\"PT-PT\" data-contrast=\"none\"><span class=\"NormalTextRun SCXW30093168 BCX9\">Na Honda, criar um <\/span><\/span><span class=\"TextRun MacChromeBold SCXW30093168 BCX9\" lang=\"PT-PT\" xml:lang=\"PT-PT\" data-contrast=\"none\"><span class=\"NormalTextRun SCXW30093168 BCX9\">SUV compacto<\/span><\/span><span class=\"TextRun SCXW30093168 BCX9\" lang=\"PT-PT\" xml:lang=\"PT-PT\" data-contrast=\"none\"><span class=\"NormalTextRun SCXW30093168 BCX9\"> \u00e9 ir de encontro aos n\u00edveis de qualidade, conforto e seguran\u00e7a que colocamos em todos os nossos modelos. Escolher um <\/span><\/span><span class=\"TextRun MacChromeBold SCXW30093168 BCX9\" lang=\"PT-PT\" xml:lang=\"PT-PT\" data-contrast=\"none\"><span class=\"NormalTextRun SCXW30093168 BCX9\">SUV compacto<\/span><\/span><span class=\"TextRun SCXW30093168 BCX9\" lang=\"PT-PT\" xml:lang=\"PT-PT\" data-contrast=\"none\"><span class=\"NormalTextRun SCXW30093168 BCX9\"> da Honda \u00e9 escolher espa\u00e7o tanto para os passageiros como para a bagagem. \u00c9 escolher, tamb\u00e9m, um design impressionante e desempenho excecional.<\/span> <span class=\"NormalTextRun SCXW30093168 BCX9\">\u00c9 estar seguro gra\u00e7as \u00e0 sua tecnologia inovadora. \u00c9 escolher efici\u00eancia h\u00edbrida excecional e uma garantia de 5 anos, sem limite de quil\u00f3metros.\u00a0<\/span><\/span><span class=\"EOP SCXW30093168 BCX9\" data-ccp-props=\"{&quot;201341983&quot;:0,&quot;335551550&quot;:6,&quot;335551620&quot;:6,&quot;335559739&quot;:0,&quot;335559740&quot;:240}\">\u00a0<\/span><\/p>\n<p><b><span data-contrast=\"none\">Honda HR-V Hybrid<\/span><\/b><span data-ccp-props=\"{&quot;201341983&quot;:0,&quot;335551550&quot;:6,&quot;335551620&quot;:6,&quot;335559739&quot;:0,&quot;335559740&quot;:240}\">\u00a0<\/span><\/p>\n<p><b><span data-contrast=\"none\">Vers\u00e1til<\/span><\/b><span data-ccp-props=\"{&quot;201341983&quot;:0,&quot;335551550&quot;:6,&quot;335551620&quot;:6,&quot;335559739&quot;:0,&quot;335559740&quot;:240}\">\u00a0<\/span><\/p>\n<p><span data-contrast=\"none\">Perfeito na cidade, no campo, e na estrada. O Honda HR-V Hybrid vem equipado com a<\/span> <span data-contrast=\"none\">tecnologia inteligente e:HEV full hybrid que seleciona automaticamente o modo de condu\u00e7\u00e3o adequado a cada momento. O m\u00e1ximo rendimento e robustez em todas as situa\u00e7\u00f5es. Um autom\u00f3vel que vai, literalmente, consigo para todo o lado.<\/span><span data-ccp-props=\"{&quot;201341983&quot;:0,&quot;335551550&quot;:6,&quot;335551620&quot;:6,&quot;335559739&quot;:0,&quot;335559740&quot;:240}\">\u00a0<\/span><\/p>\n<p><b><span data-contrast=\"none\">Espa\u00e7oso<\/span><\/b><span data-ccp-props=\"{&quot;201341983&quot;:0,&quot;335551550&quot;:6,&quot;335551620&quot;:6,&quot;335559739&quot;:0,&quot;335559740&quot;:240}\">\u00a0<\/span><\/p>\n<p><span data-contrast=\"none\">O seu interior espa\u00e7oso e din\u00e2mico deixa para tr\u00e1s qualquer quest\u00e3o relacionada com espa\u00e7o. Gra\u00e7as aos <\/span><a href=\"https:\/\/honda-automoveis.pt\/blog\/bancos-magicos-honda\/\" target=\"_blank\" rel=\"noopener\"><span data-contrast=\"none\">bancos m\u00e1gicos<\/span><\/a><span data-contrast=\"none\"> reclin\u00e1veis, consegue triplicar o espa\u00e7o de bagageira que se expande at\u00e9 aos 1305 litros de capacidade.<\/span><span data-ccp-props=\"{&quot;201341983&quot;:0,&quot;335551550&quot;:6,&quot;335551620&quot;:6,&quot;335559739&quot;:0,&quot;335559740&quot;:240}\">\u00a0<\/span><\/p>\n<p><img loading=\"lazy\" class=\"alignnone size-full wp-image-48730\" src=\"https:\/\/honda-automoveis.pt\/blog\/wp-content\/uploads\/2023\/04\/20452-SUV-Compacto-texto-02.jpg\" alt=\"Honda SUV compacto\" width=\"1000\" height=\"667\" srcset=\"https:\/\/honda-automoveis.pt\/blog\/wp-content\/uploads\/2023\/04\/20452-SUV-Compacto-texto-02.jpg 1000w, https:\/\/honda-automoveis.pt\/blog\/wp-content\/uploads\/2023\/04\/20452-SUV-Compacto-texto-02-300x200.jpg 300w, https:\/\/honda-automoveis.pt\/blog\/wp-content\/uploads\/2023\/04\/20452-SUV-Compacto-texto-02-768x512.jpg 768w\" sizes=\"(max-width: 1000px) 100vw, 1000px\" \/><\/p>\n<p><b><span data-contrast=\"none\">Eficiente<\/span><\/b><span data-ccp-props=\"{&quot;201341983&quot;:0,&quot;335551550&quot;:6,&quot;335551620&quot;:6,&quot;335559739&quot;:0,&quot;335559740&quot;:240}\">\u00a0<\/span><\/p>\n<p><span data-contrast=\"none\">A sua tecnologia h\u00edbrida revolucion\u00e1ria Honda e:HEV, com dois motores, combina a m\u00e1xima efici\u00eancia com grande redu\u00e7\u00e3o de emiss\u00f5es.<\/span><span data-ccp-props=\"{&quot;201341983&quot;:0,&quot;335551550&quot;:6,&quot;335551620&quot;:6,&quot;335559739&quot;:0,&quot;335559740&quot;:240}\">\u00a0<\/span><\/p>\n<p><b><span data-contrast=\"none\">Seguro<\/span><\/b><span data-ccp-props=\"{&quot;201341983&quot;:0,&quot;335551550&quot;:6,&quot;335551620&quot;:6,&quot;335559739&quot;:0,&quot;335559740&quot;:240}\">\u00a0<\/span><\/p>\n<p><span data-contrast=\"none\">Dos autom\u00f3veis mais seguros do mercado gra\u00e7as ao conjunto de tecnologias de seguran\u00e7a inteligentes do sistema <\/span><a href=\"https:\/\/honda-automoveis.pt\/blog\/sistemas-seguranca-honda-sensing\/\" target=\"_blank\" rel=\"noopener\"><span data-contrast=\"none\">Honda SENSING<\/span><\/a><span data-contrast=\"none\">, como, por exemplo, o sistema de travagem ativa em cidade (CTBA).<\/span><span data-ccp-props=\"{&quot;201341983&quot;:0,&quot;335551550&quot;:6,&quot;335551620&quot;:6,&quot;335559739&quot;:0,&quot;335559740&quot;:240}\">\u00a0<\/span><\/p>\n<p><b><span data-contrast=\"none\">Impressionante<\/span><\/b><span data-ccp-props=\"{&quot;201341983&quot;:0,&quot;335551550&quot;:6,&quot;335551620&quot;:6,&quot;335559739&quot;:0,&quot;335559740&quot;:240}\">\u00a0<\/span><\/p>\n<p><span data-contrast=\"none\">Um design atraente, onde linhas modernas e premium convivem num autom\u00f3vel elegante com uma personalidade desportiva e irreverente.<\/span><span data-ccp-props=\"{&quot;201341983&quot;:0,&quot;335551550&quot;:6,&quot;335551620&quot;:6,&quot;335559739&quot;:0,&quot;335559740&quot;:240}\">\u00a0<\/span><\/p>\n","protected":false},"excerpt":{"rendered":"<p>Ter um SUV compacto, \u00e9 sin\u00f3nimo de ter um carro confi\u00e1vel, que tem \u00f3tima performance em todas as frentes &#8211; estrada, cidade e campo &#8211; e cujo investimento garante a sua qualidade. Talvez por isso, atualmente os SUV compactos estejam nos lugares cimeiros de escolha dos consumidores, principalmente fam\u00edlias. A sua versatilidade torna-o na escolha <a href=\"https:\/\/honda-automoveis.pt\/blog\/suv-compacto-2023\/\">(&hellip;)<\/a><\/p>\n","protected":false},"author":4,"featured_media":48728,"comment_status":"open","ping_status":"open","sticky":false,"template":"","format":"standard","meta":[],"categories":[16],"tags":[],"yoast_head":"<!-- This site is optimized with the Yoast SEO plugin v18.5 - https:\/\/yoast.com\/wordpress\/plugins\/seo\/ -->\n<title>Porque \u00e9 que tanta gente prefere um SUV compacto.<\/title>\n<meta name=\"description\" content=\"Saiba os segredos que fazem dos SUV compactos, os autom\u00f3veis mais escolhido pelas fam\u00edlias.\" \/>\n<meta name=\"robots\" content=\"index, follow, max-snippet:-1, max-image-preview:large, max-video-preview:-1\" \/>\n<link rel=\"canonical\" href=\"https:\/\/honda-automoveis.pt\/blog\/suv-compacto-2023\/\" \/>\n<meta property=\"og:locale\" content=\"pt_PT\" \/>\n<meta property=\"og:type\" content=\"article\" \/>\n<meta property=\"og:title\" content=\"Porque \u00e9 que tanta gente prefere um SUV compacto.\" \/>\n<meta property=\"og:description\" content=\"Saiba os segredos que fazem dos SUV compactos, os autom\u00f3veis mais escolhido pelas fam\u00edlias.\" \/>\n<meta property=\"og:url\" content=\"https:\/\/honda-automoveis.pt\/blog\/suv-compacto-2023\/\" \/>\n<meta property=\"og:site_name\" content=\"Honda Portugal\" \/>\n<meta property=\"article:published_time\" content=\"2023-04-13T10:11:39+00:00\" \/>\n<meta property=\"og:image\" content=\"https:\/\/honda-automoveis.pt\/blog\/wp-content\/uploads\/2023\/04\/20452-SUV-Compacto-destaque.jpg\" \/>\n\t<meta property=\"og:image:width\" content=\"884\" \/>\n\t<meta property=\"og:image:height\" content=\"552\" \/>\n\t<meta property=\"og:image:type\" content=\"image\/jpeg\" \/>\n<meta name=\"twitter:card\" content=\"summary_large_image\" \/>\n<meta name=\"twitter:label1\" content=\"Escrito por\" \/>\n\t<meta name=\"twitter:data1\" content=\"Honda Portugal Autom\u00f3veis\" \/>\n\t<meta name=\"twitter:label2\" content=\"Tempo estimado de leitura\" \/>\n\t<meta name=\"twitter:data2\" content=\"3 minutos\" \/>\n<script type=\"application\/ld+json\" class=\"yoast-schema-graph\">{\"@context\":\"https:\/\/schema.org\",\"@graph\":[{\"@type\":\"WebSite\",\"@id\":\"https:\/\/honda-automoveis.pt\/blog\/#website\",\"url\":\"https:\/\/honda-automoveis.pt\/blog\/\",\"name\":\"Honda Portugal\",\"description\":\"Dreamers&#039; Blog\",\"potentialAction\":[{\"@type\":\"SearchAction\",\"target\":{\"@type\":\"EntryPoint\",\"urlTemplate\":\"https:\/\/honda-automoveis.pt\/blog\/?s={search_term_string}\"},\"query-input\":\"required name=search_term_string\"}],\"inLanguage\":\"pt-PT\"},{\"@type\":\"ImageObject\",\"@id\":\"https:\/\/honda-automoveis.pt\/blog\/suv-compacto-2023\/#primaryimage\",\"inLanguage\":\"pt-PT\",\"url\":\"https:\/\/honda-automoveis.pt\/blog\/wp-content\/uploads\/2023\/04\/20452-SUV-Compacto-destaque.jpg\",\"contentUrl\":\"https:\/\/honda-automoveis.pt\/blog\/wp-content\/uploads\/2023\/04\/20452-SUV-Compacto-destaque.jpg\",\"width\":884,\"height\":552,\"caption\":\"Honda SUV compacto\"},{\"@type\":\"WebPage\",\"@id\":\"https:\/\/honda-automoveis.pt\/blog\/suv-compacto-2023\/#webpage\",\"url\":\"https:\/\/honda-automoveis.pt\/blog\/suv-compacto-2023\/\",\"name\":\"Porque \u00e9 que tanta gente prefere um SUV compacto.\",\"isPartOf\":{\"@id\":\"https:\/\/honda-automoveis.pt\/blog\/#website\"},\"primaryImageOfPage\":{\"@id\":\"https:\/\/honda-automoveis.pt\/blog\/suv-compacto-2023\/#primaryimage\"},\"datePublished\":\"2023-04-13T10:11:39+00:00\",\"dateModified\":\"2023-04-13T10:11:39+00:00\",\"author\":{\"@id\":\"https:\/\/honda-automoveis.pt\/blog\/#\/schema\/person\/7f8ab873bdf8dbd771f0d57531954f87\"},\"description\":\"Saiba os segredos que fazem dos SUV compactos, os autom\u00f3veis mais escolhido pelas fam\u00edlias.\",\"breadcrumb\":{\"@id\":\"https:\/\/honda-automoveis.pt\/blog\/suv-compacto-2023\/#breadcrumb\"},\"inLanguage\":\"pt-PT\",\"potentialAction\":[{\"@type\":\"ReadAction\",\"target\":[\"https:\/\/honda-automoveis.pt\/blog\/suv-compacto-2023\/\"]}]},{\"@type\":\"BreadcrumbList\",\"@id\":\"https:\/\/honda-automoveis.pt\/blog\/suv-compacto-2023\/#breadcrumb\",\"itemListElement\":[{\"@type\":\"ListItem\",\"position\":1,\"name\":\"In\u00edcio\",\"item\":\"https:\/\/honda-automoveis.pt\/blog\/\"},{\"@type\":\"ListItem\",\"position\":2,\"name\":\"SUV compacto: uma escolha perfeita em todas as frentes.\"}]},{\"@type\":\"Person\",\"@id\":\"https:\/\/honda-automoveis.pt\/blog\/#\/schema\/person\/7f8ab873bdf8dbd771f0d57531954f87\",\"name\":\"Honda Portugal Autom\u00f3veis\",\"image\":{\"@type\":\"ImageObject\",\"@id\":\"https:\/\/honda-automoveis.pt\/blog\/#personlogo\",\"inLanguage\":\"pt-PT\",\"url\":\"https:\/\/honda-automoveis.pt\/blog\/wp-content\/uploads\/2023\/06\/logo_perfil-150x150.png\",\"contentUrl\":\"https:\/\/honda-automoveis.pt\/blog\/wp-content\/uploads\/2023\/06\/logo_perfil-150x150.png\",\"caption\":\"Honda Portugal Autom\u00f3veis\"},\"description\":\"A Honda chegou a Portugal em 1968, preparada para conquistar os portugueses com a sua inovadora tecnologia e os melhores e mais fi\u00e1veis autom\u00f3veis. Com uma longa hist\u00f3ria de sucesso no nosso pa\u00eds, a Honda conquistou uma verdadeira comunidade de f\u00e3s, que reconhecem na marca a fiabilidade, seguran\u00e7a e tecnologia que nos caracterizam. A competi\u00e7\u00e3o e a performance est\u00e3o no nosso ADN e \u00e9 por isso que, diariamente, continuamos a trabalhar para que todas as viagens sejam verdadeiramente emocionantes.\",\"url\":\"https:\/\/honda-automoveis.pt\/blog\/author\/honda-portugal\/\"}]}<\/script>\n<!-- \/ Yoast SEO plugin. -->","yoast_head_json":{"title":"Porque \u00e9 que tanta gente prefere um SUV compacto.","description":"Saiba os segredos que fazem dos SUV compactos, os autom\u00f3veis mais escolhido pelas fam\u00edlias.","robots":{"index":"index","follow":"follow","max-snippet":"max-snippet:-1","max-image-preview":"max-image-preview:large","max-video-preview":"max-video-preview:-1"},"canonical":"https:\/\/honda-automoveis.pt\/blog\/suv-compacto-2023\/","og_locale":"pt_PT","og_type":"article","og_title":"Porque \u00e9 que tanta gente prefere um SUV compacto.","og_description":"Saiba os segredos que fazem dos SUV compactos, os autom\u00f3veis mais escolhido pelas fam\u00edlias.","og_url":"https:\/\/honda-automoveis.pt\/blog\/suv-compacto-2023\/","og_site_name":"Honda Portugal","article_published_time":"2023-04-13T10:11:39+00:00","og_image":[{"width":884,"height":552,"url":"https:\/\/honda-automoveis.pt\/blog\/wp-content\/uploads\/2023\/04\/20452-SUV-Compacto-destaque.jpg","type":"image\/jpeg"}],"twitter_card":"summary_large_image","twitter_misc":{"Escrito por":"Honda Portugal Autom\u00f3veis","Tempo estimado de leitura":"3 minutos"},"schema":{"@context":"https:\/\/schema.org","@graph":[{"@type":"WebSite","@id":"https:\/\/honda-automoveis.pt\/blog\/#website","url":"https:\/\/honda-automoveis.pt\/blog\/","name":"Honda Portugal","description":"Dreamers&#039; Blog","potentialAction":[{"@type":"SearchAction","target":{"@type":"EntryPoint","urlTemplate":"https:\/\/honda-automoveis.pt\/blog\/?s={search_term_string}"},"query-input":"required name=search_term_string"}],"inLanguage":"pt-PT"},{"@type":"ImageObject","@id":"https:\/\/honda-automoveis.pt\/blog\/suv-compacto-2023\/#primaryimage","inLanguage":"pt-PT","url":"https:\/\/honda-automoveis.pt\/blog\/wp-content\/uploads\/2023\/04\/20452-SUV-Compacto-destaque.jpg","contentUrl":"https:\/\/honda-automoveis.pt\/blog\/wp-content\/uploads\/2023\/04\/20452-SUV-Compacto-destaque.jpg","width":884,"height":552,"caption":"Honda SUV compacto"},{"@type":"WebPage","@id":"https:\/\/honda-automoveis.pt\/blog\/suv-compacto-2023\/#webpage","url":"https:\/\/honda-automoveis.pt\/blog\/suv-compacto-2023\/","name":"Porque \u00e9 que tanta gente prefere um SUV compacto.","isPartOf":{"@id":"https:\/\/honda-automoveis.pt\/blog\/#website"},"primaryImageOfPage":{"@id":"https:\/\/honda-automoveis.pt\/blog\/suv-compacto-2023\/#primaryimage"},"datePublished":"2023-04-13T10:11:39+00:00","dateModified":"2023-04-13T10:11:39+00:00","author":{"@id":"https:\/\/honda-automoveis.pt\/blog\/#\/schema\/person\/7f8ab873bdf8dbd771f0d57531954f87"},"description":"Saiba os segredos que fazem dos SUV compactos, os autom\u00f3veis mais escolhido pelas fam\u00edlias.","breadcrumb":{"@id":"https:\/\/honda-automoveis.pt\/blog\/suv-compacto-2023\/#breadcrumb"},"inLanguage":"pt-PT","potentialAction":[{"@type":"ReadAction","target":["https:\/\/honda-automoveis.pt\/blog\/suv-compacto-2023\/"]}]},{"@type":"BreadcrumbList","@id":"https:\/\/honda-automoveis.pt\/blog\/suv-compacto-2023\/#breadcrumb","itemListElement":[{"@type":"ListItem","position":1,"name":"In\u00edcio","item":"https:\/\/honda-automoveis.pt\/blog\/"},{"@type":"ListItem","position":2,"name":"SUV compacto: uma escolha perfeita em todas as frentes."}]},{"@type":"Person","@id":"https:\/\/honda-automoveis.pt\/blog\/#\/schema\/person\/7f8ab873bdf8dbd771f0d57531954f87","name":"Honda Portugal Autom\u00f3veis","image":{"@type":"ImageObject","@id":"https:\/\/honda-automoveis.pt\/blog\/#personlogo","inLanguage":"pt-PT","url":"https:\/\/honda-automoveis.pt\/blog\/wp-content\/uploads\/2023\/06\/logo_perfil-150x150.png","contentUrl":"https:\/\/honda-automoveis.pt\/blog\/wp-content\/uploads\/2023\/06\/logo_perfil-150x150.png","caption":"Honda Portugal Autom\u00f3veis"},"description":"A Honda chegou a Portugal em 1968, preparada para conquistar os portugueses com a sua inovadora tecnologia e os melhores e mais fi\u00e1veis autom\u00f3veis. Com uma longa hist\u00f3ria de sucesso no nosso pa\u00eds, a Honda conquistou uma verdadeira comunidade de f\u00e3s, que reconhecem na marca a fiabilidade, seguran\u00e7a e tecnologia que nos caracterizam. A competi\u00e7\u00e3o e a performance est\u00e3o no nosso ADN e \u00e9 por isso que, diariamente, continuamos a trabalhar para que todas as viagens sejam verdadeiramente emocionantes.","url":"https:\/\/honda-automoveis.pt\/blog\/author\/honda-portugal\/"}]}},"_links":{"self":[{"href":"https:\/\/honda-automoveis.pt\/blog\/wp-json\/wp\/v2\/posts\/48727"}],"collection":[{"href":"https:\/\/honda-automoveis.pt\/blog\/wp-json\/wp\/v2\/posts"}],"about":[{"href":"https:\/\/honda-automoveis.pt\/blog\/wp-json\/wp\/v2\/types\/post"}],"author":[{"embeddable":true,"href":"https:\/\/honda-automoveis.pt\/blog\/wp-json\/wp\/v2\/users\/4"}],"replies":[{"embeddable":true,"href":"https:\/\/honda-automoveis.pt\/blog\/wp-json\/wp\/v2\/comments?post=48727"}],"version-history":[{"count":1,"href":"https:\/\/honda-automoveis.pt\/blog\/wp-json\/wp\/v2\/posts\/48727\/revisions"}],"predecessor-version":[{"id":48731,"href":"https:\/\/honda-automoveis.pt\/blog\/wp-json\/wp\/v2\/posts\/48727\/revisions\/48731"}],"wp:featuredmedia":[{"embeddable":true,"href":"https:\/\/honda-automoveis.pt\/blog\/wp-json\/wp\/v2\/media\/48728"}],"wp:attachment":[{"href":"https:\/\/honda-automoveis.pt\/blog\/wp-json\/wp\/v2\/media?parent=48727"}],"wp:term":[{"taxonomy":"category","embeddable":true,"href":"https:\/\/honda-automoveis.pt\/blog\/wp-json\/wp\/v2\/categories?post=48727"},{"taxonomy":"post_tag","embeddable":true,"href":"https:\/\/honda-automoveis.pt\/blog\/wp-json\/wp\/v2\/tags?post=48727"}],"curies":[{"name":"wp","href":"https:\/\/api.w.org\/{rel}","templated":true}]}}