{"id":48806,"date":"2023-07-13T09:02:12","date_gmt":"2023-07-13T09:02:12","guid":{"rendered":"https:\/\/honda-automoveis.pt\/blog\/?p=48806"},"modified":"2023-07-13T09:03:47","modified_gmt":"2023-07-13T09:03:47","slug":"suv-eletricos","status":"publish","type":"post","link":"https:\/\/honda-automoveis.pt\/blog\/suv-eletricos\/","title":{"rendered":"Afinal, quais as vantagens dos SUV el\u00e9tricos?"},"content":{"rendered":"<p><span style=\"font-weight: 400;\">Os carros de motoriza\u00e7\u00e3o el\u00e9trica t\u00eam movido cada vez mais pessoas a trocar os ve\u00edculos a combust\u00e3o pelos carregamentos. A redu\u00e7\u00e3o de custos, os incentivos fiscais ou a sustentabilidade, s\u00e3o apenas alguns dos benef\u00edcios que poder\u00e1 usufruir se adquirir um carro el\u00e9trico. Descubra tudo sobre <\/span><b>SUV el\u00e9tricos <\/b><span style=\"font-weight: 400;\">neste artigo.\u00a0<\/span><\/p>\n<h2><b>Caracter\u00edsticas SUV el\u00e9tricos\u00a0<\/b><\/h2>\n<p><span style=\"font-weight: 400;\">O mercado dos autom\u00f3veis el\u00e9tricos continua a crescer. Mas afinal, qual a causa deste crescimento? Podemos considerar o aumento da consci\u00eancia ambiental como um dos grandes impulsionadores. Al\u00e9m disso, a evolu\u00e7\u00e3o da tecnologia e a crescente procura por responder a todas as necessidades dos clientes, em termos de autonomia, desempenho ou velocidade de carregamento, justificam tamb\u00e9m a sua procura.<\/span><\/p>\n<p><span style=\"font-weight: 400;\">Na verdade, conduzir um el\u00e9trico s\u00f3 traz vantagens. A par da consci\u00eancia ambiental, a economia de tempo e dinheiro, para quem conduz em cidade, s\u00e3o tamb\u00e9m fatores decisivos no momento de adquirir um carro. Num SUV el\u00e9trico, encontra tudo isso. <\/span><\/p>\n<h2><b>Vantagens SUV el\u00e9tricos<\/b><\/h2>\n<h3><b>Mais autonomia e mais espa\u00e7o<\/b><\/h3>\n<p><span style=\"font-weight: 400;\">Com o n\u00edvel de autonomia cada vez mais altos, atingimos um patamar em que o condutor de um carro el\u00e9trico passa a ter tranquilidade nas suas desloca\u00e7\u00f5es. Valores superiores a 350kms, faz com que estes sejam uma op\u00e7\u00e3o, associados a valores de tempo cada vez mais curtos de carregamento. O formato SUV permite associar os seus valores de espa\u00e7o, visibilidade, posi\u00e7\u00e3o de condu\u00e7\u00e3o e estilo de vida mais ativo a um preocupa\u00e7\u00e3o ambiental sem compromissos com modelos eletrificados. O novo <\/span><a href=\"https:\/\/honda-automoveis.pt\/\"><span style=\"font-weight: 400;\">Honda<\/span><\/a><span style=\"font-weight: 400;\"> e:Ny1 el\u00e9trico, junta o melhor dos dois mundos. Autonomia tranquilizante at\u00e9 412kms em ciclo combinado WLTP e espa\u00e7o para toda a sua fam\u00edlia em formato SUV. Assim, tem espa\u00e7o para todas as viagens em fam\u00edlia e mais algumas.\u00a0<\/span><\/p>\n<h3><b>Menores custos de manuten\u00e7\u00e3o<\/b><\/h3>\n<p><span style=\"font-weight: 400;\">Os ve\u00edculos el\u00e9tricos, t\u00eam menos componentes de desgaste r\u00e1pido em compara\u00e7\u00e3o aos ve\u00edculos convencionais. Assim, existe uma redu\u00e7\u00e3o significativa de custos, relativos \u00e0 normal manuten\u00e7\u00e3o de um motor a combust\u00e3o, como os filtros de combust\u00edvel e \u00f3leo, velas de igni\u00e7\u00e3o, pist\u00f5es, correias de distribui\u00e7\u00e3o, entre outros.\u00a0<\/span><\/p>\n<p><img loading=\"lazy\" class=\"alignnone size-full wp-image-48807\" src=\"https:\/\/honda-automoveis.pt\/blog\/wp-content\/uploads\/2023\/07\/Imagens_Texto_2.jpg\" alt=\"Honda 2:Ny1 carregamento\" width=\"1000\" height=\"667\" srcset=\"https:\/\/honda-automoveis.pt\/blog\/wp-content\/uploads\/2023\/07\/Imagens_Texto_2.jpg 1000w, https:\/\/honda-automoveis.pt\/blog\/wp-content\/uploads\/2023\/07\/Imagens_Texto_2-300x200.jpg 300w, https:\/\/honda-automoveis.pt\/blog\/wp-content\/uploads\/2023\/07\/Imagens_Texto_2-768x512.jpg 768w\" sizes=\"(max-width: 1000px) 100vw, 1000px\" \/><\/p>\n<h3><b>Mais benef\u00edcios fiscais<\/b><\/h3>\n<p><span style=\"font-weight: 400;\">\u00c0 evidente poupan\u00e7a de combust\u00edvel e manuten\u00e7\u00e3o, juntam-se ainda os benef\u00edcios fiscais. Os propriet\u00e1rios de carros el\u00e9tricos pagam menos impostos. Isto devido \u00e0 isen\u00e7\u00e3o de Imposto sobre Ve\u00edculos (ISV) e de Imposto \u00danico de Circula\u00e7\u00e3o (IUC). As empresas tamb\u00e9m beneficiam, uma vez que os ve\u00edculos el\u00e9tricos s\u00e3o isentos de tributa\u00e7\u00e3o aut\u00f3noma em sede de Imposto sobre o Rendimento das Pessoas Coletivas (IRC) e o Imposto sobre o Valor Acrescentado (IVA) \u00e9 dedut\u00edvel.<\/span><\/p>\n<p><img loading=\"lazy\" class=\"alignnone size-full wp-image-48808\" src=\"https:\/\/honda-automoveis.pt\/blog\/wp-content\/uploads\/2023\/07\/Imagens_Texto.jpg\" alt=\"interior do Honda 2:Ny1 \" width=\"1000\" height=\"667\" srcset=\"https:\/\/honda-automoveis.pt\/blog\/wp-content\/uploads\/2023\/07\/Imagens_Texto.jpg 1000w, https:\/\/honda-automoveis.pt\/blog\/wp-content\/uploads\/2023\/07\/Imagens_Texto-300x200.jpg 300w, https:\/\/honda-automoveis.pt\/blog\/wp-content\/uploads\/2023\/07\/Imagens_Texto-768x512.jpg 768w\" sizes=\"(max-width: 1000px) 100vw, 1000px\" \/><\/p>\n<h3><b>Novo Honda e:Ny1<\/b><\/h3>\n<p><span style=\"font-weight: 400;\">Chegou o novo <\/span><a href=\"https:\/\/campanhas.honda-automoveis.pt\/novo-eny1-100-eletrico\/?_gl=1*1wzw5eh*_ga*NDQwOTQyMTk4LjE2NjA3MzI4NjI.*_ga_SVWHPWKK80*MTY4OTE2OTk0MS40OTMuMS4xNjg5MTY5OTQzLjU4LjAuMA..\"><span style=\"font-weight: 400;\">Honda e:Ny1\u00a0<\/span><\/a><span style=\"font-weight: 400;\">100% el\u00e9trico, onde a intelig\u00eancia de um el\u00e9trico se cruza com a eleg\u00e2ncia de um SUV. E o resultado n\u00e3o podia ser melhor. O <\/span><a href=\"https:\/\/honda-automoveis.pt\/pt\/carros\/novo-eny1-100-eletrico\/\"><span style=\"font-weight: 400;\">e:Ny1<\/span><\/a><span style=\"font-weight: 400;\"> combina uma condu\u00e7\u00e3o sem emiss\u00f5es com um desempenho entusiasmante. Com um carregamento at\u00e9 80% em aproximadamente 45 minutos, um espa\u00e7o interior para os seus ocupantes surpreendente e uma bagageira espa\u00e7osa, est\u00e1 preparado para aventuras inesquec\u00edveis em fam\u00edlia. Deixe-se encantar pela ousadia do exterior e a sofistica\u00e7\u00e3o do interior.\u00a0<\/span><\/p>\n<p><span style=\"font-weight: 400;\">Se viu as suas necessidades serem expostas neste artigo, agora j\u00e1 tem a resposta. J\u00e1 sabe do que precisa. \u00c9 de um SUV el\u00e9trico. As vantagens n\u00e3o deixam enganar, fa\u00e7a a mudan\u00e7a que lhe vai tornar a vida mais f\u00e1cil.\u00a0 <\/span><\/p>\n","protected":false},"excerpt":{"rendered":"<p>Os carros de motoriza\u00e7\u00e3o el\u00e9trica t\u00eam movido cada vez mais pessoas a trocar os ve\u00edculos a combust\u00e3o pelos carregamentos. A redu\u00e7\u00e3o de custos, os incentivos fiscais ou a sustentabilidade, s\u00e3o apenas alguns dos benef\u00edcios que poder\u00e1 usufruir se adquirir um carro el\u00e9trico. Descubra tudo sobre SUV el\u00e9tricos neste artigo.\u00a0 Caracter\u00edsticas SUV el\u00e9tricos\u00a0 O mercado dos <a href=\"https:\/\/honda-automoveis.pt\/blog\/suv-eletricos\/\">(&hellip;)<\/a><\/p>\n","protected":false},"author":4,"featured_media":48810,"comment_status":"open","ping_status":"open","sticky":false,"template":"","format":"standard","meta":[],"categories":[84],"tags":[],"yoast_head":"<!-- This site is optimized with the Yoast SEO plugin v18.5 - https:\/\/yoast.com\/wordpress\/plugins\/seo\/ -->\n<title>SUV el\u00e9tricos: saiba tudo | Honda Portugal<\/title>\n<meta name=\"description\" content=\"A redu\u00e7\u00e3o de custos e os incentivos fiscais, s\u00e3o apenas alguns dos benef\u00edcios que poder\u00e1 usufruir se adquirir um carro el\u00e9trico. Saiba mais.\" \/>\n<meta name=\"robots\" content=\"index, follow, max-snippet:-1, max-image-preview:large, max-video-preview:-1\" \/>\n<link rel=\"canonical\" href=\"https:\/\/honda-automoveis.pt\/blog\/suv-eletricos\/\" \/>\n<meta property=\"og:locale\" content=\"pt_PT\" \/>\n<meta property=\"og:type\" content=\"article\" \/>\n<meta property=\"og:title\" content=\"SUV el\u00e9tricos: saiba tudo | Honda Portugal\" \/>\n<meta property=\"og:description\" content=\"A redu\u00e7\u00e3o de custos e os incentivos fiscais, s\u00e3o apenas alguns dos benef\u00edcios que poder\u00e1 usufruir se adquirir um carro el\u00e9trico. Saiba mais.\" \/>\n<meta property=\"og:url\" content=\"https:\/\/honda-automoveis.pt\/blog\/suv-eletricos\/\" \/>\n<meta property=\"og:site_name\" content=\"Honda Portugal\" \/>\n<meta property=\"article:published_time\" content=\"2023-07-13T09:02:12+00:00\" \/>\n<meta property=\"article:modified_time\" content=\"2023-07-13T09:03:47+00:00\" \/>\n<meta property=\"og:image\" content=\"https:\/\/honda-automoveis.pt\/blog\/wp-content\/uploads\/2023\/07\/destaque.jpg\" \/>\n\t<meta property=\"og:image:width\" content=\"884\" \/>\n\t<meta property=\"og:image:height\" content=\"552\" \/>\n\t<meta property=\"og:image:type\" content=\"image\/jpeg\" \/>\n<meta name=\"twitter:card\" content=\"summary_large_image\" \/>\n<meta name=\"twitter:label1\" content=\"Escrito por\" \/>\n\t<meta name=\"twitter:data1\" content=\"Honda Portugal Autom\u00f3veis\" \/>\n\t<meta name=\"twitter:label2\" content=\"Tempo estimado de leitura\" \/>\n\t<meta name=\"twitter:data2\" content=\"4 minutos\" \/>\n<script type=\"application\/ld+json\" class=\"yoast-schema-graph\">{\"@context\":\"https:\/\/schema.org\",\"@graph\":[{\"@type\":\"WebSite\",\"@id\":\"https:\/\/honda-automoveis.pt\/blog\/#website\",\"url\":\"https:\/\/honda-automoveis.pt\/blog\/\",\"name\":\"Honda Portugal\",\"description\":\"Dreamers&#039; Blog\",\"potentialAction\":[{\"@type\":\"SearchAction\",\"target\":{\"@type\":\"EntryPoint\",\"urlTemplate\":\"https:\/\/honda-automoveis.pt\/blog\/?s={search_term_string}\"},\"query-input\":\"required name=search_term_string\"}],\"inLanguage\":\"pt-PT\"},{\"@type\":\"ImageObject\",\"@id\":\"https:\/\/honda-automoveis.pt\/blog\/suv-eletricos\/#primaryimage\",\"inLanguage\":\"pt-PT\",\"url\":\"https:\/\/honda-automoveis.pt\/blog\/wp-content\/uploads\/2023\/07\/destaque.jpg\",\"contentUrl\":\"https:\/\/honda-automoveis.pt\/blog\/wp-content\/uploads\/2023\/07\/destaque.jpg\",\"width\":884,\"height\":552},{\"@type\":\"WebPage\",\"@id\":\"https:\/\/honda-automoveis.pt\/blog\/suv-eletricos\/#webpage\",\"url\":\"https:\/\/honda-automoveis.pt\/blog\/suv-eletricos\/\",\"name\":\"SUV el\u00e9tricos: saiba tudo | Honda Portugal\",\"isPartOf\":{\"@id\":\"https:\/\/honda-automoveis.pt\/blog\/#website\"},\"primaryImageOfPage\":{\"@id\":\"https:\/\/honda-automoveis.pt\/blog\/suv-eletricos\/#primaryimage\"},\"datePublished\":\"2023-07-13T09:02:12+00:00\",\"dateModified\":\"2023-07-13T09:03:47+00:00\",\"author\":{\"@id\":\"https:\/\/honda-automoveis.pt\/blog\/#\/schema\/person\/7f8ab873bdf8dbd771f0d57531954f87\"},\"description\":\"A redu\u00e7\u00e3o de custos e os incentivos fiscais, s\u00e3o apenas alguns dos benef\u00edcios que poder\u00e1 usufruir se adquirir um carro el\u00e9trico. Saiba mais.\",\"breadcrumb\":{\"@id\":\"https:\/\/honda-automoveis.pt\/blog\/suv-eletricos\/#breadcrumb\"},\"inLanguage\":\"pt-PT\",\"potentialAction\":[{\"@type\":\"ReadAction\",\"target\":[\"https:\/\/honda-automoveis.pt\/blog\/suv-eletricos\/\"]}]},{\"@type\":\"BreadcrumbList\",\"@id\":\"https:\/\/honda-automoveis.pt\/blog\/suv-eletricos\/#breadcrumb\",\"itemListElement\":[{\"@type\":\"ListItem\",\"position\":1,\"name\":\"In\u00edcio\",\"item\":\"https:\/\/honda-automoveis.pt\/blog\/\"},{\"@type\":\"ListItem\",\"position\":2,\"name\":\"Afinal, quais as vantagens dos SUV el\u00e9tricos?\"}]},{\"@type\":\"Person\",\"@id\":\"https:\/\/honda-automoveis.pt\/blog\/#\/schema\/person\/7f8ab873bdf8dbd771f0d57531954f87\",\"name\":\"Honda Portugal Autom\u00f3veis\",\"image\":{\"@type\":\"ImageObject\",\"@id\":\"https:\/\/honda-automoveis.pt\/blog\/#personlogo\",\"inLanguage\":\"pt-PT\",\"url\":\"https:\/\/honda-automoveis.pt\/blog\/wp-content\/uploads\/2023\/06\/logo_perfil-150x150.png\",\"contentUrl\":\"https:\/\/honda-automoveis.pt\/blog\/wp-content\/uploads\/2023\/06\/logo_perfil-150x150.png\",\"caption\":\"Honda Portugal Autom\u00f3veis\"},\"description\":\"A Honda chegou a Portugal em 1968, preparada para conquistar os portugueses com a sua inovadora tecnologia e os melhores e mais fi\u00e1veis autom\u00f3veis. Com uma longa hist\u00f3ria de sucesso no nosso pa\u00eds, a Honda conquistou uma verdadeira comunidade de f\u00e3s, que reconhecem na marca a fiabilidade, seguran\u00e7a e tecnologia que nos caracterizam. A competi\u00e7\u00e3o e a performance est\u00e3o no nosso ADN e \u00e9 por isso que, diariamente, continuamos a trabalhar para que todas as viagens sejam verdadeiramente emocionantes.\",\"url\":\"https:\/\/honda-automoveis.pt\/blog\/author\/honda-portugal\/\"}]}<\/script>\n<!-- \/ Yoast SEO plugin. -->","yoast_head_json":{"title":"SUV el\u00e9tricos: saiba tudo | Honda Portugal","description":"A redu\u00e7\u00e3o de custos e os incentivos fiscais, s\u00e3o apenas alguns dos benef\u00edcios que poder\u00e1 usufruir se adquirir um carro el\u00e9trico. Saiba mais.","robots":{"index":"index","follow":"follow","max-snippet":"max-snippet:-1","max-image-preview":"max-image-preview:large","max-video-preview":"max-video-preview:-1"},"canonical":"https:\/\/honda-automoveis.pt\/blog\/suv-eletricos\/","og_locale":"pt_PT","og_type":"article","og_title":"SUV el\u00e9tricos: saiba tudo | Honda Portugal","og_description":"A redu\u00e7\u00e3o de custos e os incentivos fiscais, s\u00e3o apenas alguns dos benef\u00edcios que poder\u00e1 usufruir se adquirir um carro el\u00e9trico. Saiba mais.","og_url":"https:\/\/honda-automoveis.pt\/blog\/suv-eletricos\/","og_site_name":"Honda Portugal","article_published_time":"2023-07-13T09:02:12+00:00","article_modified_time":"2023-07-13T09:03:47+00:00","og_image":[{"width":884,"height":552,"url":"https:\/\/honda-automoveis.pt\/blog\/wp-content\/uploads\/2023\/07\/destaque.jpg","type":"image\/jpeg"}],"twitter_card":"summary_large_image","twitter_misc":{"Escrito por":"Honda Portugal Autom\u00f3veis","Tempo estimado de leitura":"4 minutos"},"schema":{"@context":"https:\/\/schema.org","@graph":[{"@type":"WebSite","@id":"https:\/\/honda-automoveis.pt\/blog\/#website","url":"https:\/\/honda-automoveis.pt\/blog\/","name":"Honda Portugal","description":"Dreamers&#039; Blog","potentialAction":[{"@type":"SearchAction","target":{"@type":"EntryPoint","urlTemplate":"https:\/\/honda-automoveis.pt\/blog\/?s={search_term_string}"},"query-input":"required name=search_term_string"}],"inLanguage":"pt-PT"},{"@type":"ImageObject","@id":"https:\/\/honda-automoveis.pt\/blog\/suv-eletricos\/#primaryimage","inLanguage":"pt-PT","url":"https:\/\/honda-automoveis.pt\/blog\/wp-content\/uploads\/2023\/07\/destaque.jpg","contentUrl":"https:\/\/honda-automoveis.pt\/blog\/wp-content\/uploads\/2023\/07\/destaque.jpg","width":884,"height":552},{"@type":"WebPage","@id":"https:\/\/honda-automoveis.pt\/blog\/suv-eletricos\/#webpage","url":"https:\/\/honda-automoveis.pt\/blog\/suv-eletricos\/","name":"SUV el\u00e9tricos: saiba tudo | Honda Portugal","isPartOf":{"@id":"https:\/\/honda-automoveis.pt\/blog\/#website"},"primaryImageOfPage":{"@id":"https:\/\/honda-automoveis.pt\/blog\/suv-eletricos\/#primaryimage"},"datePublished":"2023-07-13T09:02:12+00:00","dateModified":"2023-07-13T09:03:47+00:00","author":{"@id":"https:\/\/honda-automoveis.pt\/blog\/#\/schema\/person\/7f8ab873bdf8dbd771f0d57531954f87"},"description":"A redu\u00e7\u00e3o de custos e os incentivos fiscais, s\u00e3o apenas alguns dos benef\u00edcios que poder\u00e1 usufruir se adquirir um carro el\u00e9trico. Saiba mais.","breadcrumb":{"@id":"https:\/\/honda-automoveis.pt\/blog\/suv-eletricos\/#breadcrumb"},"inLanguage":"pt-PT","potentialAction":[{"@type":"ReadAction","target":["https:\/\/honda-automoveis.pt\/blog\/suv-eletricos\/"]}]},{"@type":"BreadcrumbList","@id":"https:\/\/honda-automoveis.pt\/blog\/suv-eletricos\/#breadcrumb","itemListElement":[{"@type":"ListItem","position":1,"name":"In\u00edcio","item":"https:\/\/honda-automoveis.pt\/blog\/"},{"@type":"ListItem","position":2,"name":"Afinal, quais as vantagens dos SUV el\u00e9tricos?"}]},{"@type":"Person","@id":"https:\/\/honda-automoveis.pt\/blog\/#\/schema\/person\/7f8ab873bdf8dbd771f0d57531954f87","name":"Honda Portugal Autom\u00f3veis","image":{"@type":"ImageObject","@id":"https:\/\/honda-automoveis.pt\/blog\/#personlogo","inLanguage":"pt-PT","url":"https:\/\/honda-automoveis.pt\/blog\/wp-content\/uploads\/2023\/06\/logo_perfil-150x150.png","contentUrl":"https:\/\/honda-automoveis.pt\/blog\/wp-content\/uploads\/2023\/06\/logo_perfil-150x150.png","caption":"Honda Portugal Autom\u00f3veis"},"description":"A Honda chegou a Portugal em 1968, preparada para conquistar os portugueses com a sua inovadora tecnologia e os melhores e mais fi\u00e1veis autom\u00f3veis. Com uma longa hist\u00f3ria de sucesso no nosso pa\u00eds, a Honda conquistou uma verdadeira comunidade de f\u00e3s, que reconhecem na marca a fiabilidade, seguran\u00e7a e tecnologia que nos caracterizam. A competi\u00e7\u00e3o e a performance est\u00e3o no nosso ADN e \u00e9 por isso que, diariamente, continuamos a trabalhar para que todas as viagens sejam verdadeiramente emocionantes.","url":"https:\/\/honda-automoveis.pt\/blog\/author\/honda-portugal\/"}]}},"_links":{"self":[{"href":"https:\/\/honda-automoveis.pt\/blog\/wp-json\/wp\/v2\/posts\/48806"}],"collection":[{"href":"https:\/\/honda-automoveis.pt\/blog\/wp-json\/wp\/v2\/posts"}],"about":[{"href":"https:\/\/honda-automoveis.pt\/blog\/wp-json\/wp\/v2\/types\/post"}],"author":[{"embeddable":true,"href":"https:\/\/honda-automoveis.pt\/blog\/wp-json\/wp\/v2\/users\/4"}],"replies":[{"embeddable":true,"href":"https:\/\/honda-automoveis.pt\/blog\/wp-json\/wp\/v2\/comments?post=48806"}],"version-history":[{"count":4,"href":"https:\/\/honda-automoveis.pt\/blog\/wp-json\/wp\/v2\/posts\/48806\/revisions"}],"predecessor-version":[{"id":48813,"href":"https:\/\/honda-automoveis.pt\/blog\/wp-json\/wp\/v2\/posts\/48806\/revisions\/48813"}],"wp:featuredmedia":[{"embeddable":true,"href":"https:\/\/honda-automoveis.pt\/blog\/wp-json\/wp\/v2\/media\/48810"}],"wp:attachment":[{"href":"https:\/\/honda-automoveis.pt\/blog\/wp-json\/wp\/v2\/media?parent=48806"}],"wp:term":[{"taxonomy":"category","embeddable":true,"href":"https:\/\/honda-automoveis.pt\/blog\/wp-json\/wp\/v2\/categories?post=48806"},{"taxonomy":"post_tag","embeddable":true,"href":"https:\/\/honda-automoveis.pt\/blog\/wp-json\/wp\/v2\/tags?post=48806"}],"curies":[{"name":"wp","href":"https:\/\/api.w.org\/{rel}","templated":true}]}}