{"id":48831,"date":"2023-08-10T16:01:14","date_gmt":"2023-08-10T16:01:14","guid":{"rendered":"https:\/\/honda-automoveis.pt\/blog\/?p=48831"},"modified":"2023-08-11T09:14:35","modified_gmt":"2023-08-11T09:14:35","slug":"e-ny1","status":"publish","type":"post","link":"https:\/\/honda-automoveis.pt\/blog\/e-ny1\/","title":{"rendered":"e:Ny1: O poder da exclusividade num SUV 100% el\u00e9trico"},"content":{"rendered":"<p>Alguma vez sentiu o poder da exclusividade? O novo <a href=\"https:\/\/honda-automoveis.pt\/pt\/carros\/novo-eny1-100-eletrico\/?utm_source=site&amp;utm_medium=blog&amp;utm_term=&amp;utm_content=artigo&amp;utm_campaign=novo-eny1-100-eletrico-ago-23\" target=\"_blank\" rel=\"noopener\"><strong>e:Ny1<\/strong><\/a> \u00e9 mais do que um SUV, \u00e9 um carro \u00fanico com caracter\u00edsticas distintas que vai despertar a aten\u00e7\u00e3o por onde passa. N\u00e3o \u00e9 segredo para ningu\u00e9m que a ind\u00fastria autom\u00f3vel se tem reinventado, com solu\u00e7\u00f5es que andam lado a lado com a sustentabilidade. A Honda, com o exclusivo <strong>e:Ny1<\/strong>, 100% el\u00e9trico, d\u00e1 mais um passo na procura por solu\u00e7\u00f5es mais sustent\u00e1veis e amigas do ambiente.<\/p>\n<p>Quer conduzir o futuro da mobilidade el\u00e9trica com uma viatura distinta? Saiba todas as caracter\u00edsticas deste ve\u00edculo, uma op\u00e7\u00e3o atraente para os consumidores preocupados com o meio ambiente e que valorizam o design, o conforto e a confiabilidade da marca.<\/p>\n<h2><strong>e:Ny1 o futuro da mobilidade el\u00e9trica<\/strong><\/h2>\n<p>O <a href=\"https:\/\/campanhas.honda-automoveis.pt\/novo-eny1-100-eletrico\/?utm_source=site&amp;utm_medium=blog&amp;utm_term=&amp;utm_content=artigo&amp;utm_campaign=novo-eny1-100-eletrico-ago-23\" target=\"_blank\" rel=\"noopener\"><strong>e:Ny1<\/strong><\/a> abre-lhe as portas para uma experi\u00eancia \u00fanica, 100% el\u00e9trica. Com uma condu\u00e7\u00e3o suave e refinada, este SUV tem um estilo \u00fanico, que representa a exclusividade. Um design arrojado e inovador, que reinventa o estilo coup\u00e9.<\/p>\n<p>A autonomia \u00e9 um ponto chave para qualquer ve\u00edculo el\u00e9trico e o novo SUV n\u00e3o dececiona neste requisito. Equipado com uma bateria de alta capacidade e efici\u00eancia energ\u00e9tica, o modelo pode percorrer longas dist\u00e2ncias com uma \u00fanica carga. Al\u00e9m disso, conta com tecnologias avan\u00e7adas de recarga r\u00e1pida, tornando-o ainda mais pr\u00e1tico para o dia a dia.<\/p>\n<p><img loading=\"lazy\" class=\"alignnone size-full wp-image-48832\" src=\"https:\/\/honda-automoveis.pt\/blog\/wp-content\/uploads\/2023\/08\/1-texto.jpg\" alt=\":Ny1 a carregar\" width=\"1000\" height=\"667\" srcset=\"https:\/\/honda-automoveis.pt\/blog\/wp-content\/uploads\/2023\/08\/1-texto.jpg 1000w, https:\/\/honda-automoveis.pt\/blog\/wp-content\/uploads\/2023\/08\/1-texto-300x200.jpg 300w, https:\/\/honda-automoveis.pt\/blog\/wp-content\/uploads\/2023\/08\/1-texto-768x512.jpg 768w\" sizes=\"(max-width: 1000px) 100vw, 1000px\" \/><\/p>\n<h2><strong>Vantagens do e:Ny1, SUV 100% el\u00e9trico<\/strong><\/h2>\n<p>Os consumidores podem usufruir de diversas vantagens que v\u00e3o al\u00e9m da sustentabilidade. Design, conforto, fiabilidade da marca e solu\u00e7\u00e3o eletrificada, s\u00e3o das principais.<\/p>\n<h3><strong>Design do SUV e:Ny1<\/strong><\/h3>\n<p>Com um formato SUV\/Coup\u00e9, o <strong>e:Ny1<\/strong> \u00e9 uma viatura distinta, diferente das viaturas dispon\u00edveis no mercado, com espa\u00e7o para toda a fam\u00edlia. O <strong>e:Ny1<\/strong> tem um design \u00fanico e especial, pensado para quem gosta de sentir exclusividade.<\/p>\n<h3><strong>Conforto do e:Ny1<\/strong><\/h3>\n<p>Uma das vantagens \u00e9, sem d\u00favida, o conforto proporcionado pelo amplo espa\u00e7o interno, nos lugares frontais mas tamb\u00e9m nos traseiros, ideal para viagens em fam\u00edlia ou com amigos. O <strong>e:Ny1<\/strong> oferece ergonomia aprimorada, estofos em pele sint\u00e9tica, vidros escurecidos, sensores de estacionamento frontais e traseiros associados a uma c\u00e2mara traseira e uma gama de recursos tecnol\u00f3gicos que garantem uma experi\u00eancia de condu\u00e7\u00e3o agrad\u00e1vel.<\/p>\n<p><img loading=\"lazy\" class=\"alignnone size-full wp-image-48833\" src=\"https:\/\/honda-automoveis.pt\/blog\/wp-content\/uploads\/2023\/08\/2-texto.jpg\" alt=\"Ny1 painel de instrumentos\" width=\"1000\" height=\"667\" srcset=\"https:\/\/honda-automoveis.pt\/blog\/wp-content\/uploads\/2023\/08\/2-texto.jpg 1000w, https:\/\/honda-automoveis.pt\/blog\/wp-content\/uploads\/2023\/08\/2-texto-300x200.jpg 300w, https:\/\/honda-automoveis.pt\/blog\/wp-content\/uploads\/2023\/08\/2-texto-768x512.jpg 768w\" sizes=\"(max-width: 1000px) 100vw, 1000px\" \/><\/p>\n<h3><strong>Fiabilidade da Honda<\/strong><\/h3>\n<p>A fiabilidade \u00e9 outra caracter\u00edstica essencial associada \u00e0 Honda e o <strong>e:Ny1<\/strong> n\u00e3o \u00e9 exce\u00e7\u00e3o. A Honda \u00e9 conhecida pela sua qualidade e durabilidade, e esses atributos s\u00e3o mantidos no novo SUV el\u00e9trico. A confiabilidade \u00e9 um fator importante quando se trata de adquirir um ve\u00edculo, e a reputa\u00e7\u00e3o da Honda \u00e9 um diferencial atraente para os clientes.<\/p>\n<h3><strong>Solu\u00e7\u00e3o Eletrificada<\/strong><\/h3>\n<p>A eletrifica\u00e7\u00e3o dos ve\u00edculos \u00e9 uma resposta crucial aos desafios ambientais e \u00e0 procura por um futuro mais limpo. Contribua para a redu\u00e7\u00e3o das emiss\u00f5es de carbono e para a constru\u00e7\u00e3o de um ambiente mais sustent\u00e1vel. Com a tecnologia el\u00e9trica em ascens\u00e3o, a Honda posiciona-se, com os seus condutores, na vanguarda da mobilidade verde, reafirmando o compromisso com a sustentabilidade do planeta.<\/p>\n<h2><strong>Fa\u00e7a uma escolha \u00fanica, escolha e:Ny1<\/strong><\/h2>\n<p>O novo SUV 100% el\u00e9trico da Honda, <strong>e:Ny1<\/strong>, promete ser uma op\u00e7\u00e3o atrativa para os consumidores que valorizam o design coup\u00e9 e irreverente deste SUV, a exclusividade, a tecnologia e a responsabilidade ambiental. Conduza at\u00e9 412km (WLPT), sem parar para recarregar; desfrute de um interior que se assemelha a uma cabine de primeira classe e viaje em seguran\u00e7a, com os mais avan\u00e7ados recursos de seguran\u00e7a passiva e ativa.<\/p>\n<p>Fique descansado. Estamos a falar de um Honda. Obtenha o poder da exclusividade.<\/p>\n<p>\u00c9 a si que pertence a primeira escolha. Garanta o acesso a uma nova dimens\u00e3o de mobilidade el\u00e9trica e conduza o novo Honda <a href=\"https:\/\/campanhas.honda-automoveis.pt\/novo-eny1-100-eletrico\/?utm_source=site&amp;utm_medium=blog&amp;utm_term=&amp;utm_content=artigo&amp;utm_campaign=novo-eny1-100-eletrico-ago-23\" target=\"_blank\" rel=\"noopener\"><strong>e:Ny1<\/strong><\/a>.<\/p>\n","protected":false},"excerpt":{"rendered":"<p>Alguma vez sentiu o poder da exclusividade? O novo e:Ny1 \u00e9 mais do que um SUV, \u00e9 um carro \u00fanico com caracter\u00edsticas distintas que vai despertar a aten\u00e7\u00e3o por onde passa. N\u00e3o \u00e9 segredo para ningu\u00e9m que a ind\u00fastria autom\u00f3vel se tem reinventado, com solu\u00e7\u00f5es que andam lado a lado com a sustentabilidade. A Honda, <a href=\"https:\/\/honda-automoveis.pt\/blog\/e-ny1\/\">(&hellip;)<\/a><\/p>\n","protected":false},"author":4,"featured_media":48834,"comment_status":"open","ping_status":"open","sticky":false,"template":"","format":"standard","meta":[],"categories":[16],"tags":[],"yoast_head":"<!-- This site is optimized with the Yoast SEO plugin v18.5 - https:\/\/yoast.com\/wordpress\/plugins\/seo\/ -->\n<title>Honda e:Ny1 SUV 100% el\u00e9trico<\/title>\n<meta name=\"description\" content=\"Quer conduzir o futuro da mobilidade el\u00e9trica? Leia o nosso artigo e conhe\u00e7a o e:Ny1, um SUV 100% el\u00e9trico. Explore o poder da exclusividade.\" \/>\n<meta name=\"robots\" content=\"index, follow, max-snippet:-1, max-image-preview:large, max-video-preview:-1\" \/>\n<link rel=\"canonical\" href=\"https:\/\/honda-automoveis.pt\/blog\/e-ny1\/\" \/>\n<meta property=\"og:locale\" content=\"pt_PT\" \/>\n<meta property=\"og:type\" content=\"article\" \/>\n<meta property=\"og:title\" content=\"Honda e:Ny1 SUV 100% el\u00e9trico\" \/>\n<meta property=\"og:description\" content=\"Quer conduzir o futuro da mobilidade el\u00e9trica? Leia o nosso artigo e conhe\u00e7a o e:Ny1, um SUV 100% el\u00e9trico. Explore o poder da exclusividade.\" \/>\n<meta property=\"og:url\" content=\"https:\/\/honda-automoveis.pt\/blog\/e-ny1\/\" \/>\n<meta property=\"og:site_name\" content=\"Honda Portugal\" \/>\n<meta property=\"article:published_time\" content=\"2023-08-10T16:01:14+00:00\" \/>\n<meta property=\"article:modified_time\" content=\"2023-08-11T09:14:35+00:00\" \/>\n<meta property=\"og:image\" content=\"https:\/\/honda-automoveis.pt\/blog\/wp-content\/uploads\/2023\/08\/1-destaque.jpg\" \/>\n\t<meta property=\"og:image:width\" content=\"884\" \/>\n\t<meta property=\"og:image:height\" content=\"552\" \/>\n\t<meta property=\"og:image:type\" content=\"image\/jpeg\" \/>\n<meta name=\"twitter:card\" content=\"summary_large_image\" \/>\n<meta name=\"twitter:label1\" content=\"Escrito por\" \/>\n\t<meta name=\"twitter:data1\" content=\"Honda Portugal Autom\u00f3veis\" \/>\n\t<meta name=\"twitter:label2\" content=\"Tempo estimado de leitura\" \/>\n\t<meta name=\"twitter:data2\" content=\"4 minutos\" \/>\n<script type=\"application\/ld+json\" class=\"yoast-schema-graph\">{\"@context\":\"https:\/\/schema.org\",\"@graph\":[{\"@type\":\"WebSite\",\"@id\":\"https:\/\/honda-automoveis.pt\/blog\/#website\",\"url\":\"https:\/\/honda-automoveis.pt\/blog\/\",\"name\":\"Honda Portugal\",\"description\":\"Dreamers&#039; Blog\",\"potentialAction\":[{\"@type\":\"SearchAction\",\"target\":{\"@type\":\"EntryPoint\",\"urlTemplate\":\"https:\/\/honda-automoveis.pt\/blog\/?s={search_term_string}\"},\"query-input\":\"required name=search_term_string\"}],\"inLanguage\":\"pt-PT\"},{\"@type\":\"ImageObject\",\"@id\":\"https:\/\/honda-automoveis.pt\/blog\/e-ny1\/#primaryimage\",\"inLanguage\":\"pt-PT\",\"url\":\"https:\/\/honda-automoveis.pt\/blog\/wp-content\/uploads\/2023\/08\/1-destaque.jpg\",\"contentUrl\":\"https:\/\/honda-automoveis.pt\/blog\/wp-content\/uploads\/2023\/08\/1-destaque.jpg\",\"width\":884,\"height\":552,\"caption\":\":Ny1 na estrada\"},{\"@type\":\"WebPage\",\"@id\":\"https:\/\/honda-automoveis.pt\/blog\/e-ny1\/#webpage\",\"url\":\"https:\/\/honda-automoveis.pt\/blog\/e-ny1\/\",\"name\":\"Honda e:Ny1 SUV 100% el\u00e9trico\",\"isPartOf\":{\"@id\":\"https:\/\/honda-automoveis.pt\/blog\/#website\"},\"primaryImageOfPage\":{\"@id\":\"https:\/\/honda-automoveis.pt\/blog\/e-ny1\/#primaryimage\"},\"datePublished\":\"2023-08-10T16:01:14+00:00\",\"dateModified\":\"2023-08-11T09:14:35+00:00\",\"author\":{\"@id\":\"https:\/\/honda-automoveis.pt\/blog\/#\/schema\/person\/7f8ab873bdf8dbd771f0d57531954f87\"},\"description\":\"Quer conduzir o futuro da mobilidade el\u00e9trica? Leia o nosso artigo e conhe\u00e7a o e:Ny1, um SUV 100% el\u00e9trico. Explore o poder da exclusividade.\",\"breadcrumb\":{\"@id\":\"https:\/\/honda-automoveis.pt\/blog\/e-ny1\/#breadcrumb\"},\"inLanguage\":\"pt-PT\",\"potentialAction\":[{\"@type\":\"ReadAction\",\"target\":[\"https:\/\/honda-automoveis.pt\/blog\/e-ny1\/\"]}]},{\"@type\":\"BreadcrumbList\",\"@id\":\"https:\/\/honda-automoveis.pt\/blog\/e-ny1\/#breadcrumb\",\"itemListElement\":[{\"@type\":\"ListItem\",\"position\":1,\"name\":\"In\u00edcio\",\"item\":\"https:\/\/honda-automoveis.pt\/blog\/\"},{\"@type\":\"ListItem\",\"position\":2,\"name\":\"e:Ny1: O poder da exclusividade num SUV 100% el\u00e9trico\"}]},{\"@type\":\"Person\",\"@id\":\"https:\/\/honda-automoveis.pt\/blog\/#\/schema\/person\/7f8ab873bdf8dbd771f0d57531954f87\",\"name\":\"Honda Portugal Autom\u00f3veis\",\"image\":{\"@type\":\"ImageObject\",\"@id\":\"https:\/\/honda-automoveis.pt\/blog\/#personlogo\",\"inLanguage\":\"pt-PT\",\"url\":\"https:\/\/honda-automoveis.pt\/blog\/wp-content\/uploads\/2023\/06\/logo_perfil-150x150.png\",\"contentUrl\":\"https:\/\/honda-automoveis.pt\/blog\/wp-content\/uploads\/2023\/06\/logo_perfil-150x150.png\",\"caption\":\"Honda Portugal Autom\u00f3veis\"},\"description\":\"A Honda chegou a Portugal em 1968, preparada para conquistar os portugueses com a sua inovadora tecnologia e os melhores e mais fi\u00e1veis autom\u00f3veis. Com uma longa hist\u00f3ria de sucesso no nosso pa\u00eds, a Honda conquistou uma verdadeira comunidade de f\u00e3s, que reconhecem na marca a fiabilidade, seguran\u00e7a e tecnologia que nos caracterizam. A competi\u00e7\u00e3o e a performance est\u00e3o no nosso ADN e \u00e9 por isso que, diariamente, continuamos a trabalhar para que todas as viagens sejam verdadeiramente emocionantes.\",\"url\":\"https:\/\/honda-automoveis.pt\/blog\/author\/honda-portugal\/\"}]}<\/script>\n<!-- \/ Yoast SEO plugin. -->","yoast_head_json":{"title":"Honda e:Ny1 SUV 100% el\u00e9trico","description":"Quer conduzir o futuro da mobilidade el\u00e9trica? Leia o nosso artigo e conhe\u00e7a o e:Ny1, um SUV 100% el\u00e9trico. Explore o poder da exclusividade.","robots":{"index":"index","follow":"follow","max-snippet":"max-snippet:-1","max-image-preview":"max-image-preview:large","max-video-preview":"max-video-preview:-1"},"canonical":"https:\/\/honda-automoveis.pt\/blog\/e-ny1\/","og_locale":"pt_PT","og_type":"article","og_title":"Honda e:Ny1 SUV 100% el\u00e9trico","og_description":"Quer conduzir o futuro da mobilidade el\u00e9trica? Leia o nosso artigo e conhe\u00e7a o e:Ny1, um SUV 100% el\u00e9trico. Explore o poder da exclusividade.","og_url":"https:\/\/honda-automoveis.pt\/blog\/e-ny1\/","og_site_name":"Honda Portugal","article_published_time":"2023-08-10T16:01:14+00:00","article_modified_time":"2023-08-11T09:14:35+00:00","og_image":[{"width":884,"height":552,"url":"https:\/\/honda-automoveis.pt\/blog\/wp-content\/uploads\/2023\/08\/1-destaque.jpg","type":"image\/jpeg"}],"twitter_card":"summary_large_image","twitter_misc":{"Escrito por":"Honda Portugal Autom\u00f3veis","Tempo estimado de leitura":"4 minutos"},"schema":{"@context":"https:\/\/schema.org","@graph":[{"@type":"WebSite","@id":"https:\/\/honda-automoveis.pt\/blog\/#website","url":"https:\/\/honda-automoveis.pt\/blog\/","name":"Honda Portugal","description":"Dreamers&#039; Blog","potentialAction":[{"@type":"SearchAction","target":{"@type":"EntryPoint","urlTemplate":"https:\/\/honda-automoveis.pt\/blog\/?s={search_term_string}"},"query-input":"required name=search_term_string"}],"inLanguage":"pt-PT"},{"@type":"ImageObject","@id":"https:\/\/honda-automoveis.pt\/blog\/e-ny1\/#primaryimage","inLanguage":"pt-PT","url":"https:\/\/honda-automoveis.pt\/blog\/wp-content\/uploads\/2023\/08\/1-destaque.jpg","contentUrl":"https:\/\/honda-automoveis.pt\/blog\/wp-content\/uploads\/2023\/08\/1-destaque.jpg","width":884,"height":552,"caption":":Ny1 na estrada"},{"@type":"WebPage","@id":"https:\/\/honda-automoveis.pt\/blog\/e-ny1\/#webpage","url":"https:\/\/honda-automoveis.pt\/blog\/e-ny1\/","name":"Honda e:Ny1 SUV 100% el\u00e9trico","isPartOf":{"@id":"https:\/\/honda-automoveis.pt\/blog\/#website"},"primaryImageOfPage":{"@id":"https:\/\/honda-automoveis.pt\/blog\/e-ny1\/#primaryimage"},"datePublished":"2023-08-10T16:01:14+00:00","dateModified":"2023-08-11T09:14:35+00:00","author":{"@id":"https:\/\/honda-automoveis.pt\/blog\/#\/schema\/person\/7f8ab873bdf8dbd771f0d57531954f87"},"description":"Quer conduzir o futuro da mobilidade el\u00e9trica? Leia o nosso artigo e conhe\u00e7a o e:Ny1, um SUV 100% el\u00e9trico. Explore o poder da exclusividade.","breadcrumb":{"@id":"https:\/\/honda-automoveis.pt\/blog\/e-ny1\/#breadcrumb"},"inLanguage":"pt-PT","potentialAction":[{"@type":"ReadAction","target":["https:\/\/honda-automoveis.pt\/blog\/e-ny1\/"]}]},{"@type":"BreadcrumbList","@id":"https:\/\/honda-automoveis.pt\/blog\/e-ny1\/#breadcrumb","itemListElement":[{"@type":"ListItem","position":1,"name":"In\u00edcio","item":"https:\/\/honda-automoveis.pt\/blog\/"},{"@type":"ListItem","position":2,"name":"e:Ny1: O poder da exclusividade num SUV 100% el\u00e9trico"}]},{"@type":"Person","@id":"https:\/\/honda-automoveis.pt\/blog\/#\/schema\/person\/7f8ab873bdf8dbd771f0d57531954f87","name":"Honda Portugal Autom\u00f3veis","image":{"@type":"ImageObject","@id":"https:\/\/honda-automoveis.pt\/blog\/#personlogo","inLanguage":"pt-PT","url":"https:\/\/honda-automoveis.pt\/blog\/wp-content\/uploads\/2023\/06\/logo_perfil-150x150.png","contentUrl":"https:\/\/honda-automoveis.pt\/blog\/wp-content\/uploads\/2023\/06\/logo_perfil-150x150.png","caption":"Honda Portugal Autom\u00f3veis"},"description":"A Honda chegou a Portugal em 1968, preparada para conquistar os portugueses com a sua inovadora tecnologia e os melhores e mais fi\u00e1veis autom\u00f3veis. Com uma longa hist\u00f3ria de sucesso no nosso pa\u00eds, a Honda conquistou uma verdadeira comunidade de f\u00e3s, que reconhecem na marca a fiabilidade, seguran\u00e7a e tecnologia que nos caracterizam. A competi\u00e7\u00e3o e a performance est\u00e3o no nosso ADN e \u00e9 por isso que, diariamente, continuamos a trabalhar para que todas as viagens sejam verdadeiramente emocionantes.","url":"https:\/\/honda-automoveis.pt\/blog\/author\/honda-portugal\/"}]}},"_links":{"self":[{"href":"https:\/\/honda-automoveis.pt\/blog\/wp-json\/wp\/v2\/posts\/48831"}],"collection":[{"href":"https:\/\/honda-automoveis.pt\/blog\/wp-json\/wp\/v2\/posts"}],"about":[{"href":"https:\/\/honda-automoveis.pt\/blog\/wp-json\/wp\/v2\/types\/post"}],"author":[{"embeddable":true,"href":"https:\/\/honda-automoveis.pt\/blog\/wp-json\/wp\/v2\/users\/4"}],"replies":[{"embeddable":true,"href":"https:\/\/honda-automoveis.pt\/blog\/wp-json\/wp\/v2\/comments?post=48831"}],"version-history":[{"count":1,"href":"https:\/\/honda-automoveis.pt\/blog\/wp-json\/wp\/v2\/posts\/48831\/revisions"}],"predecessor-version":[{"id":48835,"href":"https:\/\/honda-automoveis.pt\/blog\/wp-json\/wp\/v2\/posts\/48831\/revisions\/48835"}],"wp:featuredmedia":[{"embeddable":true,"href":"https:\/\/honda-automoveis.pt\/blog\/wp-json\/wp\/v2\/media\/48834"}],"wp:attachment":[{"href":"https:\/\/honda-automoveis.pt\/blog\/wp-json\/wp\/v2\/media?parent=48831"}],"wp:term":[{"taxonomy":"category","embeddable":true,"href":"https:\/\/honda-automoveis.pt\/blog\/wp-json\/wp\/v2\/categories?post=48831"},{"taxonomy":"post_tag","embeddable":true,"href":"https:\/\/honda-automoveis.pt\/blog\/wp-json\/wp\/v2\/tags?post=48831"}],"curies":[{"name":"wp","href":"https:\/\/api.w.org\/{rel}","templated":true}]}}