{"id":48845,"date":"2023-08-25T13:15:03","date_gmt":"2023-08-25T13:15:03","guid":{"rendered":"https:\/\/honda-automoveis.pt\/blog\/?p=48845"},"modified":"2024-04-01T14:30:01","modified_gmt":"2024-04-01T14:30:01","slug":"comprar-um-carro-eletrico","status":"publish","type":"post","link":"https:\/\/honda-automoveis.pt\/blog\/comprar-um-carro-eletrico\/","title":{"rendered":"Comprar um carro el\u00e9trico \u00e9 uma decis\u00e3o l\u00f3gica."},"content":{"rendered":"<p><strong>Comprar um carro el\u00e9trico <\/strong>\u00e9 uma escolha racional, econ\u00f3mica e natural. Mas se ainda tem d\u00favidas ou quest\u00f5es, leia este artigo. Vamos explicar, de forma clara e simples, tudo o que precisa de saber sobre carros el\u00e9tricos.<\/p>\n<h2><strong>Raz\u00f5es para optar por um carro el\u00e9trico<\/strong><\/h2>\n<p>H\u00e1 in\u00fameras raz\u00f5es para um condutor comprar um carro el\u00e9trico. Vamos destacar tr\u00eas:<\/p>\n<p><strong>Primeiro:<\/strong> os el\u00e9tricos s\u00e3o um contributo essencial para travar o aquecimento global, uma vez que n\u00e3o emitem gases com efeito de estufa. S\u00e3o mais limpos e amigos do ambiente.<\/p>\n<p><strong>Segundo:<\/strong> os custos de manuten\u00e7\u00e3o dos carros el\u00e9tricos s\u00e3o mais baixos e a eletricidade \u00e9 uma fonte de energia mais barata do que os combust\u00edveis f\u00f3sseis (gasolina e diesel) em particular se conseguir carregar na sua habita\u00e7\u00e3o com tarif\u00e1rios mais em conta.<\/p>\n<p><strong>Terceiro:<\/strong> os carros 100% el\u00e9tricos t\u00eam benef\u00edcios fiscais significativos: est\u00e3o isentos do pagamento do Imposto sobre Ve\u00edculos (ISV) e tamb\u00e9m do Imposto \u00danico de Circula\u00e7\u00e3o (IUC) e no caso de empresas acresce a isen\u00e7\u00e3o de tributa\u00e7\u00e3o aut\u00f3noma e dedu\u00e7\u00e3o total do IVA, cujo custo de aquisi\u00e7\u00e3o n\u00e3o exceda os 62.500\u20ac.<\/p>\n<p><img loading=\"lazy\" class=\"alignnone size-full wp-image-48848\" src=\"https:\/\/honda-automoveis.pt\/blog\/wp-content\/uploads\/2023\/08\/Imagem-texto-1000x667px-2.jpg\" alt=\"Honda e:Ny1vista a\u00e9rea\" width=\"1000\" height=\"667\" srcset=\"https:\/\/honda-automoveis.pt\/blog\/wp-content\/uploads\/2023\/08\/Imagem-texto-1000x667px-2.jpg 1000w, https:\/\/honda-automoveis.pt\/blog\/wp-content\/uploads\/2023\/08\/Imagem-texto-1000x667px-2-300x200.jpg 300w, https:\/\/honda-automoveis.pt\/blog\/wp-content\/uploads\/2023\/08\/Imagem-texto-1000x667px-2-768x512.jpg 768w\" sizes=\"(max-width: 1000px) 100vw, 1000px\" \/><\/p>\n<p>As vantagens ambientais, econ\u00f3micas e fiscais s\u00e3o claras. Mas ainda tem d\u00favidas sobre o funcionamento dos el\u00e9tricos? Vamos esclarecer tudo com factos.<\/p>\n<h2><strong>6 factos sobre carros el\u00e9tricos.<\/strong><\/h2>\n<p>A informa\u00e7\u00e3o sobre carros el\u00e9tricos \u00e9 vasta e est\u00e1 espalhada um pouco por toda a parte. Vamos simplificar e reunir alguns factos essenciais.<\/p>\n<h3><strong>1 \u2013 Os el\u00e9tricos t\u00eam autonomia para viagens longas.<\/strong><\/h3>\n<p>A autonomia dos carros el\u00e9tricos permite-lhes completar viagens longas sem paragens nem carregamentos. O Honda e:Ny1, por exemplo, tem uma autonomia at\u00e9 412 km (ciclo combinado WLTP).<\/p>\n<h3><strong>2 \u2013 Os el\u00e9tricos s\u00e3o mais \u00e1geis do que os carros a combust\u00e3o.<\/strong><\/h3>\n<p>Os carros el\u00e9tricos s\u00e3o mais \u00e1geis que os carros convencionais, com um bin\u00e1rio superior e sempre dispon\u00edvel desde o arranque<\/p>\n<h3><strong>3 \u2013 Carregar um el\u00e9trico \u00e9 cada vez mais r\u00e1pido.<\/strong><\/h3>\n<p>O tempo de carregamento de um el\u00e9trico \u00e9 relativamente curto. Um exemplo: o Honda e:Ny1 precisa de apenas 45 minutos de carregamento r\u00e1pido para retomar uma viagem sem limita\u00e7\u00f5es.<\/p>\n<h3><strong>4 \u2013 H\u00e1 postos de carregamento para el\u00e9tricos em todo o lado.<\/strong><\/h3>\n<p>Portugal \u00e9 o 4\u00ba pa\u00eds da Europa com mais carregadores por cada 100 km. Existem mais de 1500 postos de acesso p\u00fablico, espalhados por todo o territ\u00f3rio.<\/p>\n<h3><strong>5 \u2013 Os el\u00e9tricos s\u00e3o absolutamente seguros.<\/strong><\/h3>\n<p>Os testes e os crit\u00e9rios de seguran\u00e7a usados nos el\u00e9tricos s\u00e3o rigorosamente os mesmos dos carros convencionais<\/p>\n<h3><strong>6 \u2013 Feitas as contas, os el\u00e9tricos compensam.<\/strong><\/h3>\n<p>A longo prazo, os el\u00e9tricos compensam. Estima-se que o custo por quil\u00f3metro de um el\u00e9trico represente menos de um ter\u00e7o de um carro a gasolina ou a diesel. Al\u00e9m disso, e como vimos, os el\u00e9tricos t\u00eam benef\u00edcios fiscais muito relevantes.<\/p>\n<p>Estes s\u00e3o os factos essenciais sobre os el\u00e9tricos. Mas ainda lhe faltam argumentos? Na <a href=\"https:\/\/honda-automoveis.pt\/\" target=\"_blank\" rel=\"noopener\">Honda<\/a>, temos os factos e o melhor dos argumentos: o e:Ny1.<\/p>\n<p><img loading=\"lazy\" class=\"alignnone size-full wp-image-48847\" src=\"https:\/\/honda-automoveis.pt\/blog\/wp-content\/uploads\/2023\/08\/Imagem-texto-1000x667px-1.jpg\" alt=\"Honda e:Ny1 grelha frontal\" width=\"1000\" height=\"667\" srcset=\"https:\/\/honda-automoveis.pt\/blog\/wp-content\/uploads\/2023\/08\/Imagem-texto-1000x667px-1.jpg 1000w, https:\/\/honda-automoveis.pt\/blog\/wp-content\/uploads\/2023\/08\/Imagem-texto-1000x667px-1-300x200.jpg 300w, https:\/\/honda-automoveis.pt\/blog\/wp-content\/uploads\/2023\/08\/Imagem-texto-1000x667px-1-768x512.jpg 768w\" sizes=\"(max-width: 1000px) 100vw, 1000px\" \/><\/p>\n<h2><strong>O novo Honda e:Ny1: factos e argumentos<\/strong><strong>\u00a0<\/strong><\/h2>\n<p>O novo Honda e:Ny1 \u00e9 um SUV 100% el\u00e9trico que junta factos incompar\u00e1veis com os melhores argumentos.<\/p>\n<p>Um motor el\u00e9trico de 204 cv com a emo\u00e7\u00e3o de acelerar dos 0 aos 100 km\/h em apenas 7,6 segundos. Um SUV com um design exterior inconfund\u00edvel, que, combinado com um espa\u00e7o interior de refer\u00eancia se traduz num autom\u00f3vel exclusivo e distinto.<\/p>\n<p>Um painel de instrumentos de 10,2\u201d 100% digital e um ecr\u00e3 t\u00e1ctil de 15\u2019\u2019 com acesso a um amplo conjunto de op\u00e7\u00f5es de infoentretenimento e de condu\u00e7\u00e3o, incluindo as funcionalidades Wireless Apple car play e Android auto.<\/p>\n<p>E ainda a tecnologia de seguran\u00e7a exclusiva <a href=\"https:\/\/honda-automoveis.pt\/blog\/sistemas-seguranca-honda-sensing\/\" target=\"_blank\" rel=\"noopener\">Honda SENSING<\/a>, que garante um n\u00edvel de prote\u00e7\u00e3o avan\u00e7ado a todos os ocupantes.<\/p>\n<p><img loading=\"lazy\" class=\"alignnone size-full wp-image-48849\" src=\"https:\/\/honda-automoveis.pt\/blog\/wp-content\/uploads\/2023\/08\/Imagem-texto-1000x667px-3.jpg\" alt=\"Honda e:Ny1vista lateral\" width=\"1000\" height=\"667\" srcset=\"https:\/\/honda-automoveis.pt\/blog\/wp-content\/uploads\/2023\/08\/Imagem-texto-1000x667px-3.jpg 1000w, https:\/\/honda-automoveis.pt\/blog\/wp-content\/uploads\/2023\/08\/Imagem-texto-1000x667px-3-300x200.jpg 300w, https:\/\/honda-automoveis.pt\/blog\/wp-content\/uploads\/2023\/08\/Imagem-texto-1000x667px-3-768x512.jpg 768w\" sizes=\"(max-width: 1000px) 100vw, 1000px\" \/><\/p>\n<p>Se est\u00e1 a pensar comprar um carro el\u00e9trico, seja exclusivo. Conhe\u00e7a o novo <a href=\"https:\/\/honda-automoveis.pt\/pt\/carros\/novo-eny1-100-eletrico\/\" target=\"_blank\" rel=\"noopener\">Honda e:Ny1<\/a>.<\/p>\n","protected":false},"excerpt":{"rendered":"<p>Comprar um carro el\u00e9trico \u00e9 uma escolha racional, econ\u00f3mica e natural. Mas se ainda tem d\u00favidas ou quest\u00f5es, leia este artigo. Vamos explicar, de forma clara e simples, tudo o que precisa de saber sobre carros el\u00e9tricos. Raz\u00f5es para optar por um carro el\u00e9trico H\u00e1 in\u00fameras raz\u00f5es para um condutor comprar um carro el\u00e9trico. Vamos <a href=\"https:\/\/honda-automoveis.pt\/blog\/comprar-um-carro-eletrico\/\">(&hellip;)<\/a><\/p>\n","protected":false},"author":4,"featured_media":48846,"comment_status":"open","ping_status":"open","sticky":false,"template":"","format":"standard","meta":[],"categories":[3],"tags":[],"yoast_head":"<!-- This site is optimized with the Yoast SEO plugin v18.5 - https:\/\/yoast.com\/wordpress\/plugins\/seo\/ -->\n<title>Vai comprar um carro el\u00e9trico? | Honda Portugal<\/title>\n<meta name=\"description\" content=\"Tem d\u00favidas ou quest\u00f5es sobre se deve ou n\u00e3o comprar um carro el\u00e9trico? Neste artigo explicamos tudo o que precisa saber. Saiba mais.\" \/>\n<meta name=\"robots\" content=\"index, follow, max-snippet:-1, max-image-preview:large, max-video-preview:-1\" \/>\n<link rel=\"canonical\" href=\"https:\/\/honda-automoveis.pt\/blog\/comprar-um-carro-eletrico\/\" \/>\n<meta property=\"og:locale\" content=\"pt_PT\" \/>\n<meta property=\"og:type\" content=\"article\" \/>\n<meta property=\"og:title\" content=\"Vai comprar um carro el\u00e9trico? | Honda Portugal\" \/>\n<meta property=\"og:description\" content=\"Tem d\u00favidas ou quest\u00f5es sobre se deve ou n\u00e3o comprar um carro el\u00e9trico? Neste artigo explicamos tudo o que precisa saber. Saiba mais.\" \/>\n<meta property=\"og:url\" content=\"https:\/\/honda-automoveis.pt\/blog\/comprar-um-carro-eletrico\/\" \/>\n<meta property=\"og:site_name\" content=\"Honda Portugal\" \/>\n<meta property=\"article:published_time\" content=\"2023-08-25T13:15:03+00:00\" \/>\n<meta property=\"article:modified_time\" content=\"2024-04-01T14:30:01+00:00\" \/>\n<meta property=\"og:image\" content=\"https:\/\/honda-automoveis.pt\/blog\/wp-content\/uploads\/2023\/08\/Imagem-destaque-884x552px.jpg\" \/>\n\t<meta property=\"og:image:width\" content=\"884\" \/>\n\t<meta property=\"og:image:height\" content=\"552\" \/>\n\t<meta property=\"og:image:type\" content=\"image\/jpeg\" \/>\n<meta name=\"twitter:card\" content=\"summary_large_image\" \/>\n<meta name=\"twitter:label1\" content=\"Escrito por\" \/>\n\t<meta name=\"twitter:data1\" content=\"Honda Portugal Autom\u00f3veis\" \/>\n\t<meta name=\"twitter:label2\" content=\"Tempo estimado de leitura\" \/>\n\t<meta name=\"twitter:data2\" content=\"4 minutos\" \/>\n<script type=\"application\/ld+json\" class=\"yoast-schema-graph\">{\"@context\":\"https:\/\/schema.org\",\"@graph\":[{\"@type\":\"WebSite\",\"@id\":\"https:\/\/honda-automoveis.pt\/blog\/#website\",\"url\":\"https:\/\/honda-automoveis.pt\/blog\/\",\"name\":\"Honda Portugal\",\"description\":\"Dreamers&#039; Blog\",\"potentialAction\":[{\"@type\":\"SearchAction\",\"target\":{\"@type\":\"EntryPoint\",\"urlTemplate\":\"https:\/\/honda-automoveis.pt\/blog\/?s={search_term_string}\"},\"query-input\":\"required name=search_term_string\"}],\"inLanguage\":\"pt-PT\"},{\"@type\":\"ImageObject\",\"@id\":\"https:\/\/honda-automoveis.pt\/blog\/comprar-um-carro-eletrico\/#primaryimage\",\"inLanguage\":\"pt-PT\",\"url\":\"https:\/\/honda-automoveis.pt\/blog\/wp-content\/uploads\/2023\/08\/Imagem-destaque-884x552px.jpg\",\"contentUrl\":\"https:\/\/honda-automoveis.pt\/blog\/wp-content\/uploads\/2023\/08\/Imagem-destaque-884x552px.jpg\",\"width\":884,\"height\":552,\"caption\":\"Honda e:Ny1 na estrada\"},{\"@type\":\"WebPage\",\"@id\":\"https:\/\/honda-automoveis.pt\/blog\/comprar-um-carro-eletrico\/#webpage\",\"url\":\"https:\/\/honda-automoveis.pt\/blog\/comprar-um-carro-eletrico\/\",\"name\":\"Vai comprar um carro el\u00e9trico? | Honda Portugal\",\"isPartOf\":{\"@id\":\"https:\/\/honda-automoveis.pt\/blog\/#website\"},\"primaryImageOfPage\":{\"@id\":\"https:\/\/honda-automoveis.pt\/blog\/comprar-um-carro-eletrico\/#primaryimage\"},\"datePublished\":\"2023-08-25T13:15:03+00:00\",\"dateModified\":\"2024-04-01T14:30:01+00:00\",\"author\":{\"@id\":\"https:\/\/honda-automoveis.pt\/blog\/#\/schema\/person\/7f8ab873bdf8dbd771f0d57531954f87\"},\"description\":\"Tem d\u00favidas ou quest\u00f5es sobre se deve ou n\u00e3o comprar um carro el\u00e9trico? Neste artigo explicamos tudo o que precisa saber. Saiba mais.\",\"breadcrumb\":{\"@id\":\"https:\/\/honda-automoveis.pt\/blog\/comprar-um-carro-eletrico\/#breadcrumb\"},\"inLanguage\":\"pt-PT\",\"potentialAction\":[{\"@type\":\"ReadAction\",\"target\":[\"https:\/\/honda-automoveis.pt\/blog\/comprar-um-carro-eletrico\/\"]}]},{\"@type\":\"BreadcrumbList\",\"@id\":\"https:\/\/honda-automoveis.pt\/blog\/comprar-um-carro-eletrico\/#breadcrumb\",\"itemListElement\":[{\"@type\":\"ListItem\",\"position\":1,\"name\":\"In\u00edcio\",\"item\":\"https:\/\/honda-automoveis.pt\/blog\/\"},{\"@type\":\"ListItem\",\"position\":2,\"name\":\"Comprar um carro el\u00e9trico \u00e9 uma decis\u00e3o l\u00f3gica.\"}]},{\"@type\":\"Person\",\"@id\":\"https:\/\/honda-automoveis.pt\/blog\/#\/schema\/person\/7f8ab873bdf8dbd771f0d57531954f87\",\"name\":\"Honda Portugal Autom\u00f3veis\",\"image\":{\"@type\":\"ImageObject\",\"@id\":\"https:\/\/honda-automoveis.pt\/blog\/#personlogo\",\"inLanguage\":\"pt-PT\",\"url\":\"https:\/\/honda-automoveis.pt\/blog\/wp-content\/uploads\/2023\/06\/logo_perfil-150x150.png\",\"contentUrl\":\"https:\/\/honda-automoveis.pt\/blog\/wp-content\/uploads\/2023\/06\/logo_perfil-150x150.png\",\"caption\":\"Honda Portugal Autom\u00f3veis\"},\"description\":\"A Honda chegou a Portugal em 1968, preparada para conquistar os portugueses com a sua inovadora tecnologia e os melhores e mais fi\u00e1veis autom\u00f3veis. Com uma longa hist\u00f3ria de sucesso no nosso pa\u00eds, a Honda conquistou uma verdadeira comunidade de f\u00e3s, que reconhecem na marca a fiabilidade, seguran\u00e7a e tecnologia que nos caracterizam. A competi\u00e7\u00e3o e a performance est\u00e3o no nosso ADN e \u00e9 por isso que, diariamente, continuamos a trabalhar para que todas as viagens sejam verdadeiramente emocionantes.\",\"url\":\"https:\/\/honda-automoveis.pt\/blog\/author\/honda-portugal\/\"}]}<\/script>\n<!-- \/ Yoast SEO plugin. -->","yoast_head_json":{"title":"Vai comprar um carro el\u00e9trico? | Honda Portugal","description":"Tem d\u00favidas ou quest\u00f5es sobre se deve ou n\u00e3o comprar um carro el\u00e9trico? Neste artigo explicamos tudo o que precisa saber. Saiba mais.","robots":{"index":"index","follow":"follow","max-snippet":"max-snippet:-1","max-image-preview":"max-image-preview:large","max-video-preview":"max-video-preview:-1"},"canonical":"https:\/\/honda-automoveis.pt\/blog\/comprar-um-carro-eletrico\/","og_locale":"pt_PT","og_type":"article","og_title":"Vai comprar um carro el\u00e9trico? | Honda Portugal","og_description":"Tem d\u00favidas ou quest\u00f5es sobre se deve ou n\u00e3o comprar um carro el\u00e9trico? Neste artigo explicamos tudo o que precisa saber. Saiba mais.","og_url":"https:\/\/honda-automoveis.pt\/blog\/comprar-um-carro-eletrico\/","og_site_name":"Honda Portugal","article_published_time":"2023-08-25T13:15:03+00:00","article_modified_time":"2024-04-01T14:30:01+00:00","og_image":[{"width":884,"height":552,"url":"https:\/\/honda-automoveis.pt\/blog\/wp-content\/uploads\/2023\/08\/Imagem-destaque-884x552px.jpg","type":"image\/jpeg"}],"twitter_card":"summary_large_image","twitter_misc":{"Escrito por":"Honda Portugal Autom\u00f3veis","Tempo estimado de leitura":"4 minutos"},"schema":{"@context":"https:\/\/schema.org","@graph":[{"@type":"WebSite","@id":"https:\/\/honda-automoveis.pt\/blog\/#website","url":"https:\/\/honda-automoveis.pt\/blog\/","name":"Honda Portugal","description":"Dreamers&#039; Blog","potentialAction":[{"@type":"SearchAction","target":{"@type":"EntryPoint","urlTemplate":"https:\/\/honda-automoveis.pt\/blog\/?s={search_term_string}"},"query-input":"required name=search_term_string"}],"inLanguage":"pt-PT"},{"@type":"ImageObject","@id":"https:\/\/honda-automoveis.pt\/blog\/comprar-um-carro-eletrico\/#primaryimage","inLanguage":"pt-PT","url":"https:\/\/honda-automoveis.pt\/blog\/wp-content\/uploads\/2023\/08\/Imagem-destaque-884x552px.jpg","contentUrl":"https:\/\/honda-automoveis.pt\/blog\/wp-content\/uploads\/2023\/08\/Imagem-destaque-884x552px.jpg","width":884,"height":552,"caption":"Honda e:Ny1 na estrada"},{"@type":"WebPage","@id":"https:\/\/honda-automoveis.pt\/blog\/comprar-um-carro-eletrico\/#webpage","url":"https:\/\/honda-automoveis.pt\/blog\/comprar-um-carro-eletrico\/","name":"Vai comprar um carro el\u00e9trico? | Honda Portugal","isPartOf":{"@id":"https:\/\/honda-automoveis.pt\/blog\/#website"},"primaryImageOfPage":{"@id":"https:\/\/honda-automoveis.pt\/blog\/comprar-um-carro-eletrico\/#primaryimage"},"datePublished":"2023-08-25T13:15:03+00:00","dateModified":"2024-04-01T14:30:01+00:00","author":{"@id":"https:\/\/honda-automoveis.pt\/blog\/#\/schema\/person\/7f8ab873bdf8dbd771f0d57531954f87"},"description":"Tem d\u00favidas ou quest\u00f5es sobre se deve ou n\u00e3o comprar um carro el\u00e9trico? Neste artigo explicamos tudo o que precisa saber. Saiba mais.","breadcrumb":{"@id":"https:\/\/honda-automoveis.pt\/blog\/comprar-um-carro-eletrico\/#breadcrumb"},"inLanguage":"pt-PT","potentialAction":[{"@type":"ReadAction","target":["https:\/\/honda-automoveis.pt\/blog\/comprar-um-carro-eletrico\/"]}]},{"@type":"BreadcrumbList","@id":"https:\/\/honda-automoveis.pt\/blog\/comprar-um-carro-eletrico\/#breadcrumb","itemListElement":[{"@type":"ListItem","position":1,"name":"In\u00edcio","item":"https:\/\/honda-automoveis.pt\/blog\/"},{"@type":"ListItem","position":2,"name":"Comprar um carro el\u00e9trico \u00e9 uma decis\u00e3o l\u00f3gica."}]},{"@type":"Person","@id":"https:\/\/honda-automoveis.pt\/blog\/#\/schema\/person\/7f8ab873bdf8dbd771f0d57531954f87","name":"Honda Portugal Autom\u00f3veis","image":{"@type":"ImageObject","@id":"https:\/\/honda-automoveis.pt\/blog\/#personlogo","inLanguage":"pt-PT","url":"https:\/\/honda-automoveis.pt\/blog\/wp-content\/uploads\/2023\/06\/logo_perfil-150x150.png","contentUrl":"https:\/\/honda-automoveis.pt\/blog\/wp-content\/uploads\/2023\/06\/logo_perfil-150x150.png","caption":"Honda Portugal Autom\u00f3veis"},"description":"A Honda chegou a Portugal em 1968, preparada para conquistar os portugueses com a sua inovadora tecnologia e os melhores e mais fi\u00e1veis autom\u00f3veis. Com uma longa hist\u00f3ria de sucesso no nosso pa\u00eds, a Honda conquistou uma verdadeira comunidade de f\u00e3s, que reconhecem na marca a fiabilidade, seguran\u00e7a e tecnologia que nos caracterizam. A competi\u00e7\u00e3o e a performance est\u00e3o no nosso ADN e \u00e9 por isso que, diariamente, continuamos a trabalhar para que todas as viagens sejam verdadeiramente emocionantes.","url":"https:\/\/honda-automoveis.pt\/blog\/author\/honda-portugal\/"}]}},"_links":{"self":[{"href":"https:\/\/honda-automoveis.pt\/blog\/wp-json\/wp\/v2\/posts\/48845"}],"collection":[{"href":"https:\/\/honda-automoveis.pt\/blog\/wp-json\/wp\/v2\/posts"}],"about":[{"href":"https:\/\/honda-automoveis.pt\/blog\/wp-json\/wp\/v2\/types\/post"}],"author":[{"embeddable":true,"href":"https:\/\/honda-automoveis.pt\/blog\/wp-json\/wp\/v2\/users\/4"}],"replies":[{"embeddable":true,"href":"https:\/\/honda-automoveis.pt\/blog\/wp-json\/wp\/v2\/comments?post=48845"}],"version-history":[{"count":8,"href":"https:\/\/honda-automoveis.pt\/blog\/wp-json\/wp\/v2\/posts\/48845\/revisions"}],"predecessor-version":[{"id":66029,"href":"https:\/\/honda-automoveis.pt\/blog\/wp-json\/wp\/v2\/posts\/48845\/revisions\/66029"}],"wp:featuredmedia":[{"embeddable":true,"href":"https:\/\/honda-automoveis.pt\/blog\/wp-json\/wp\/v2\/media\/48846"}],"wp:attachment":[{"href":"https:\/\/honda-automoveis.pt\/blog\/wp-json\/wp\/v2\/media?parent=48845"}],"wp:term":[{"taxonomy":"category","embeddable":true,"href":"https:\/\/honda-automoveis.pt\/blog\/wp-json\/wp\/v2\/categories?post=48845"},{"taxonomy":"post_tag","embeddable":true,"href":"https:\/\/honda-automoveis.pt\/blog\/wp-json\/wp\/v2\/tags?post=48845"}],"curies":[{"name":"wp","href":"https:\/\/api.w.org\/{rel}","templated":true}]}}