{"id":608,"date":"2019-08-22T14:48:29","date_gmt":"2019-08-22T14:48:29","guid":{"rendered":"https:\/\/honda-automoveis.pt\/blog\/?p=608"},"modified":"2022-12-14T11:57:59","modified_gmt":"2022-12-14T11:57:59","slug":"do-japao-para-portugal-o-primeiro-honda-nsx-amarelo-do-mundo","status":"publish","type":"post","link":"https:\/\/honda-automoveis.pt\/blog\/do-japao-para-portugal-o-primeiro-honda-nsx-amarelo-do-mundo\/","title":{"rendered":"O que precisa de saber sobre o primeiro Honda NSX Amarelo"},"content":{"rendered":"<p>Qual a cor da paix\u00e3o? H\u00e1 25 anos descobri que a minha era o amarelo. Mas n\u00e3o era um amarelo qualquer. Era a cor de algu\u00e9m que eu admirava muito e que influenciaria a minha escolha no Honda NSX: <strong>Ayrton Senna.<\/strong><\/p>\n<h2>Estados Unidos da Am\u00e9rica: a terra dos sonhos<\/h2>\n<p>Sou engenheiro eletrot\u00e9cnico de forma\u00e7\u00e3o e h\u00e1 muitos anos tive a oportunidade de fazer algo que n\u00e3o estava ao alcance de muitos: <strong>estagiar fora de Portugal<\/strong>. Entre as v\u00e1rias op\u00e7\u00f5es, acabei por selecionar os Estados Unidos como o pa\u00eds que me iria receber. Enquanto l\u00e1 estive, fui criando v\u00e1rias oportunidades de neg\u00f3cio, com ideia de um dia mais tarde as trazer para o nosso pa\u00eds. Concretizei rapidamente o que sonhara e consegui importar algumas das melhores tecnologias que encontrei l\u00e1 fora, como \u00e9 o caso dos ecr\u00e3s t\u00e1teis que hoje conhecemos.<\/p>\n<p>A oportunidade estava lan\u00e7ada:<strong> com esse passo criava a minha primeira empresa, que me fazia correr o pa\u00eds inteiro<\/strong>, principalmente entre o Porto, Lisboa e o Algarve, mas que me levava muitas vezes at\u00e9 Espanha. Com esta rotina quase di\u00e1ria, <strong>eu e os meus s\u00f3cios fomos aconselhados a adquirir viaturas para a empresa<\/strong>. Como acabei por abrir tamb\u00e9m um neg\u00f3cio no Luxemburgo, comprei por l\u00e1 um Lamborghini Diablo, vermelho, tendo ficado com ele durante algum tempo.<\/p>\n<h2>Uma paix\u00e3o por carros desportivos<\/h2>\n<p>Em setembro de 1989, tinha sa\u00eddo o NSX, New Sports Car Experimental, pela primeira vez numa revista e eu tinha-a. Como gostei muito do conceito e das suas linhas, fui acompanhando todo o seu processo de desenvolvimento do Honda NSX. Ouvira que o Senna, ao experimentar um carro para a sua equipa de F\u00f3rmula 1, fora convidado, pela equipa da Honda, a experimentar o ent\u00e3o conceito do Honda NSX e que n\u00e3o tinha sido meigo na sua avalia\u00e7\u00e3o, j\u00e1 que ao testar o carro este n\u00e3o tinha grande estabilidade. Assim, a Honda, aliando-se da experi\u00eancia do seu piloto, reformulou o seu conceito, o que levaria a um caprichar no chassis em alum\u00ednio e ajud\u00e1-lo a ser 50% mais rijo.<\/p>\n<h3>A busca por um carro diferente<\/h3>\n<p>Nessa altura, por coincid\u00eancia do destino, <strong>o piloto que eu mais estimava, colocou um NSX vermelho \u00e0 venda<\/strong>. N\u00e3o s\u00f3 estava em Portugal o carro, como pertencia ao grande Ayrton Senna. Com a minha esposa, fomos v\u00ea-lo a Sintra, para verificarmos se realmente poderia ser o nosso novo carro. Mas quando abri o carro e olhei l\u00e1 para dentro, houve um certo desapontamento.<strong> Faltavam-lhe muitas coisas que eu desejava ter no meu NSX<\/strong>. No painel, encontr\u00e1mos buracos no s\u00edtio dos bot\u00f5es, o ar condicionado era manual e n\u00e3o autom\u00e1tico, o volante era direto, ou seja, n\u00e3o tinha o que a n\u00edvel de desenvolvimento tecnol\u00f3gico o meu tinha.<\/p>\n<p>Para piorar os meus devaneios sobre carros, existia o Ferrari 348. Vi um exemplar em amarelo e fiquei completamente apaixonado por ele. Mas pensei: n\u00e3o, vou querer algo mesmo diferente. <strong>Queria um carro desportivo, mas num amarelo espec\u00edfico<\/strong>, e aquele tinha sido lan\u00e7ado apenas no Jap\u00e3o, numa tonalidade de amarelo por eles escolhida, ainda por cima com o volante \u00e0 direita, algo que n\u00e3o era plaus\u00edvel para mim.<\/p>\n<p>Voltei ent\u00e3o a minha aten\u00e7\u00e3o novamente para o Honda NSX. Pesquisei um pouco mais sobre esse modelo e <strong>comecei a procurar um NSX na cor que eu queria: o amarelo do capacete do Ayrton Senna<\/strong>.<br \/>\n<img loading=\"lazy\" class=\"alignnone wp-image-3039 size-full\" src=\"https:\/\/honda-automoveis.pt\/blog\/wp-content\/uploads\/2020\/05\/Honda-NSX-Amarelo-Senhor.jpg\" alt=\"Honda NSX Amarelo\" width=\"1024\" height=\"553\" srcset=\"https:\/\/honda-automoveis.pt\/blog\/wp-content\/uploads\/2020\/05\/Honda-NSX-Amarelo-Senhor.jpg 1024w, https:\/\/honda-automoveis.pt\/blog\/wp-content\/uploads\/2020\/05\/Honda-NSX-Amarelo-Senhor-300x162.jpg 300w, https:\/\/honda-automoveis.pt\/blog\/wp-content\/uploads\/2020\/05\/Honda-NSX-Amarelo-Senhor-768x415.jpg 768w\" sizes=\"(max-width: 1024px) 100vw, 1024px\" \/><\/p>\n<h2>Como se conquista um carro \u00fanico?<\/h2>\n<p>A <strong>Honda Motors tinha apenas lan\u00e7ado o Honda NSX em tr\u00eas cores: vermelho, cinzento e preto<\/strong>. Mas na minha cabe\u00e7a s\u00f3 havia um objetivo: conseguir um exemplar com a cor que eu sonhava. Falei com a <a href=\"https:\/\/honda-automoveis.pt\/\" target=\"_blank\" rel=\"noopener noreferrer\">Honda Portugal<\/a> para saber a <strong>possibilidade de conseguir o meu exemplar \u00fanico. Rejeitaram a ideia mas eu n\u00e3o desisti<\/strong>.<\/p>\n<p>Decidi falar ent\u00e3o com a casa m\u00e3e, <strong>no Jap\u00e3o e levei com outra rejei\u00e7\u00e3o<\/strong>. Foi a\u00ed que tentei um trunfo: dizer que ia desistir ent\u00e3o do neg\u00f3cio e comprar um Ferrari. Como n\u00e3o queriam perder o neg\u00f3cio, que n\u00e3o era assim t\u00e3o comum para aquele modelo, estiveram em conversa\u00e7\u00f5es via telefone, \u00e0 minha frente, para ver o que conseguiam para mim. Disseram-lhes que na Europa n\u00e3o iria haver um NSX amarelo.<\/p>\n<h3>O argumento que mudou tudo<\/h3>\n<p>Nesse momento, n\u00e3o sei como, lembrei-me de usar um argumento, apoiando-me no ouro da casa: <strong>&#8220;Ent\u00e3o o Ayrton Senna tem um capacete amarelo mas voc\u00eas n\u00e3o criam nada amarelo?&#8221;<\/strong> Explicaram-me que para isso teriam que retirar um carro de s\u00e9rie, porque estes carros eram feitos \u00e0 m\u00e3o, e teria que ser importado de l\u00e1, o que aumentaria muito o seu valor. Nessa altura, n\u00e3o me preocupei com o dinheiro. Fiz o pedido que mais aguardava: que tivesse a pigmenta\u00e7\u00e3o e fosse perolizado com o amarelo do Ayrton Senna. <strong>Disseram finalmente o que eu mais queria ouvir<\/strong>.<\/p>\n<p>Baseando-se no meu argumento das cores do capacete do Ayrton Senna, a Honda Motors retirou dois carros da linha de produ\u00e7\u00e3o, <strong>para pintar um com o meu amarelo e outro com o verde tamb\u00e9m presente no capacete<\/strong>, que acabaria vendido para a Su\u00ed\u00e7a. Eu j\u00e1 tive um capacete que era uma c\u00f3pia id\u00eantica do original do Senna, e posso-vos dizer que a Honda se esmerou no seu cuidado com o amarelo, criando assim um c\u00f3digo \u00fanico de cor, transformando o meu carro numa vers\u00e3o \u00fanica, o primeiro do mundo com aquela cor. Pedi-o em 1992 para que me fosse entregue em 1993, no dia dos meus anos. Depois de o ter, foram tantos os pedidos nos Estados Unidos, que a partir de 1998, o meu amarelo viria a ser integrado no cat\u00e1logo e passaram a ser produzidos carros de s\u00e9rie com essa cor.<\/p>\n<p><img loading=\"lazy\" class=\"alignnone wp-image-3040 size-full\" src=\"https:\/\/honda-automoveis.pt\/blog\/wp-content\/uploads\/2020\/05\/3-NSX-Vermelhos-Amarelo.jpg\" alt=\"Honda NSX\" width=\"1024\" height=\"647\" srcset=\"https:\/\/honda-automoveis.pt\/blog\/wp-content\/uploads\/2020\/05\/3-NSX-Vermelhos-Amarelo.jpg 1024w, https:\/\/honda-automoveis.pt\/blog\/wp-content\/uploads\/2020\/05\/3-NSX-Vermelhos-Amarelo-300x190.jpg 300w, https:\/\/honda-automoveis.pt\/blog\/wp-content\/uploads\/2020\/05\/3-NSX-Vermelhos-Amarelo-768x485.jpg 768w\" sizes=\"(max-width: 1024px) 100vw, 1024px\" \/><\/p>\n<h2>Feito para chamar \u00e0 aten\u00e7\u00e3o, pensado para correr<\/h2>\n<p>Depois de o ter adquirido, o<strong> Honda NSX<\/strong> deu-me a oportunidade de experienciar muitos acontecimentos reservados apenas para um grupo restrito de pessoas. A Honda entrou em contacto comigo, pois tinham interesse em ter pilotos de v\u00e1rios pa\u00edses, no programa anual do NSX Club, onde se realizavam v\u00e1rias competi\u00e7\u00f5es. T\u00ednhamos que levar os nossos exemplares at\u00e9 aos v\u00e1rios circuitos e competir. Existiam tr\u00eas tipos de carro em pista: modificados, standard e prot\u00f3tipos.<\/p>\n<p>Como fa\u00e7o parte de um grupo, chamado de TRS, que se dedica a fazer altera\u00e7\u00f5es nos carros, de modo a melhorar as suas condi\u00e7\u00f5es de seguran\u00e7a, <strong>permitiram-me que pudesse ter todas as condi\u00e7\u00f5es para andar com o meu Honda NSX em pista<\/strong>. Costumava acompanhar a F\u00f3rmula 1, na altura em que a F1 estava no auge, e se olharem para o fato que comprei para competir, ver\u00e3o que era exatamente o que o Senna tinha. As luvas, os sapatos\u2026 tudo. S\u00f3 faltavam mesmo os patroc\u00ednios no fato mas at\u00e9 isso, neste momento, tenho.<\/p>\n<h3>Constru\u00eddo parar durar<\/h3>\n<p><strong>Se eu n\u00e3o tivesse este Honda NSX, em condi\u00e7\u00f5es ex\u00edmias, possivelmente compraria o novo<\/strong>. Ainda hoje o meu NSX privilegia-me com sensa\u00e7\u00f5es em pista que nenhum outro carro dar\u00e1, e entre os dois posso dizer que gosto mais de conduzir o meu. Este carro \u00e9 intemporal. N\u00e3o \u00e9 pela quest\u00e3o do valor que ele tem (possivelmente valer\u00e1 entre 75.000\u20ac ou 100.000\u20ac). Este carro \u00e9 um \u00edcone.<\/p>\n<p>Foi <strong>constru\u00eddo para combater todos os supercarros que existiam na altura e conseguiu faz\u00ea-lo<\/strong>. At\u00e9 uma caixa negra tem, ou seja, se falhar algo, consegue-se ver o que falhou, e ainda n\u00e3o vi um carro novo que tenha o que este tem: a visibilidade. O cockpit \u00e9 o cockpit de um ca\u00e7a F-16. Quando competimos em pista \u00e9 importante termos visibilidade. Isso faz a diferen\u00e7a. Em pista temos que ver tudo. Ergon\u00f3micamente, podia passar horas a conduzir nele. Vai ser dif\u00edcil haver um carro desenhado da mesma maneira, que d\u00ea para fazer tudo o que quisermos dele, como este Honda NSX nos permite.<\/p>\n<p><img loading=\"lazy\" class=\"alignnone wp-image-3042 size-ref_med\" src=\"https:\/\/honda-automoveis.pt\/blog\/wp-content\/uploads\/2020\/05\/NSX-amarelo-frontal-575x324.jpg\" alt=\"Honda NSX Amarelo\" width=\"575\" height=\"324\" srcset=\"https:\/\/honda-automoveis.pt\/blog\/wp-content\/uploads\/2020\/05\/NSX-amarelo-frontal-575x324.jpg 575w, https:\/\/honda-automoveis.pt\/blog\/wp-content\/uploads\/2020\/05\/NSX-amarelo-frontal-376x211.jpg 376w\" sizes=\"(max-width: 575px) 100vw, 575px\" \/><img loading=\"lazy\" class=\"alignnone wp-image-3044 size-ref_med\" src=\"https:\/\/honda-automoveis.pt\/blog\/wp-content\/uploads\/2020\/05\/Honda-NSX-Amarelo-Lateral-575x324.jpg\" alt=\"Honda NSX Amarelo\" width=\"575\" height=\"324\" srcset=\"https:\/\/honda-automoveis.pt\/blog\/wp-content\/uploads\/2020\/05\/Honda-NSX-Amarelo-Lateral-575x324.jpg 575w, https:\/\/honda-automoveis.pt\/blog\/wp-content\/uploads\/2020\/05\/Honda-NSX-Amarelo-Lateral-376x211.jpg 376w\" sizes=\"(max-width: 575px) 100vw, 575px\" \/><\/p>\n<h2>A minha experi\u00eancia enquanto dono de um NSX amarelo<\/h2>\n<p>O NSX \u00e9 um carro verdadeiramente especial. <strong>Uma pessoa sai de um Lamborghini com o cora\u00e7\u00e3o aos saltos, mas o NSX \u00e9 um carro que acompanha exatamente o que uma pessoa quiser fazer dele<\/strong>. A minha esposa andou com ele por muito tempo e adaptou-se rapidamente. A \u00fanica coisa que as pessoas n\u00e3o se lembram \u00e9 que \u00e9 um carro muito largo e os passeios podem dar de alguma maneira um toquezinho nas jantes.<\/p>\n<p>Ao contr\u00e1rio do que muitos poder\u00e3o pensar, o meu Honda NSX foi o carro mais barato que tive at\u00e9 hoje. Trocou as primeiras velas apenas aos 100.000 km, estando neste momento com 110.000, e teve apenas uma situa\u00e7\u00e3o, que foi quando o comprei, por causa do n\u00famero de empresas que eu tinha a funcionar por todo o pa\u00eds, no primeiro ano fez logo 52.000 km.\u00a0 No que toca a manuten\u00e7\u00e3o, quase nada. N\u00e3o me deu qualquer tipo de problema nunca.<\/p>\n<h3>As vantagens e desvantagens<\/h3>\n<p>Os pr\u00f3s e os contras de ter um carro amarelo \u00e9 que chama \u00e0 aten\u00e7\u00e3o. <strong>N\u00e3o podia ir a lado algum sem que toda a gente soubesse que era eu quem l\u00e1 estava<\/strong>. J\u00e1 tinha visto em Portugal um cinzento e um vermelho, mas nunca antes um amarelo. Al\u00e9m de que \u00e9 uma cor muito refletiva e toda a gente, na estrada, se afasta porque \u00e9 uma cor muito vis\u00edvel. Nunca bati com o carro. E da maneira que foi feito, em liga de alum\u00ednio, tornou-o capaz de enfrentar muita coisa sem mazelas, j\u00e1 que o chassis \u00e9 duro, n\u00e3o permitindo mossas. Com 1200 Kg, continua a fazer um brilharete, com um carro que ande por a\u00ed da mesma gama.<\/p>\n<p>O momento alto destes 25 anos, foi quando a Honda me pediu para o meu exemplar estar presente na apresenta\u00e7\u00e3o mundial do <a href=\"https:\/\/honda-automoveis.pt\/pt\/carros\/nsx\/\" target=\"_blank\" rel=\"noopener noreferrer\">novo Honda NSX<\/a>. Durante um m\u00eas, esteve dispon\u00edvel num aut\u00f3dromo, para a apresenta\u00e7\u00e3o, tanto que \u00e9 o carro amarelo que encontram nas revistas, entre a compara\u00e7\u00e3o entre modelos.<\/p>\n<p>Se um dia o venderei? N\u00e3o creio. <strong>Os sonhos que se conquistam, tornam-se dif\u00edceis de deixar<\/strong>.<\/p>\n<p>&nbsp;<\/p>\n<p>Ant\u00f3nio Ferreira<\/p>\n<div class=\"campaign\"><div class=\"campaign-inner\"><a href=\"https:\/\/campanhas.honda-automoveis.pt\/honda-civic-e-hev\/\" target=\"_blank\"><img width=\"1014\" height=\"410\" src=\"https:\/\/honda-automoveis.pt\/blog\/wp-content\/uploads\/2022\/09\/Blog-Sem-logo-Honda-imagem-campanha-1014x410-1.webp\" class=\"attachment-full size-full wp-post-image\" alt=\"campanha honda civic subir de n\u00edvel\" loading=\"lazy\" srcset=\"https:\/\/honda-automoveis.pt\/blog\/wp-content\/uploads\/2022\/09\/Blog-Sem-logo-Honda-imagem-campanha-1014x410-1.webp 1014w, https:\/\/honda-automoveis.pt\/blog\/wp-content\/uploads\/2022\/09\/Blog-Sem-logo-Honda-imagem-campanha-1014x410-1-300x121.webp 300w, https:\/\/honda-automoveis.pt\/blog\/wp-content\/uploads\/2022\/09\/Blog-Sem-logo-Honda-imagem-campanha-1014x410-1-768x311.webp 768w, https:\/\/honda-automoveis.pt\/blog\/wp-content\/uploads\/2022\/09\/Blog-Sem-logo-Honda-imagem-campanha-1014x410-1-752x304.webp 752w\" sizes=\"(max-width: 1014px) 100vw, 1014px\" \/><\/a><\/div><\/div>\n","protected":false},"excerpt":{"rendered":"<p>Qual a cor da paix\u00e3o? H\u00e1 25 anos o Ant\u00f3nio Ferreira descobriu a sua. Mas n\u00e3o era uma cor qualquer, era a cor de algu\u00e9m que  admirava muito e que influenciaria a escolha do seu Honda. Mas quem?<\/p>\n","protected":false},"author":4,"featured_media":3047,"comment_status":"open","ping_status":"open","sticky":false,"template":"","format":"standard","meta":[],"categories":[3],"tags":[133,99],"yoast_head":"<!-- This site is optimized with the Yoast SEO plugin v18.5 - https:\/\/yoast.com\/wordpress\/plugins\/seo\/ -->\n<title>A hist\u00f3ria do primeiro Honda NSX Amarelo na Europa | Honda Portugal<\/title>\n<meta name=\"description\" content=\"Conhe\u00e7a aqui a hist\u00f3ria sobre como um dos f\u00e3s portugueses da Honda conseguiu que lhe produzissem o primeiro NSX amarelo da Europa.\" \/>\n<meta name=\"robots\" content=\"index, follow, max-snippet:-1, max-image-preview:large, max-video-preview:-1\" \/>\n<link rel=\"canonical\" href=\"https:\/\/honda-automoveis.pt\/blog\/do-japao-para-portugal-o-primeiro-honda-nsx-amarelo-do-mundo\/\" \/>\n<meta property=\"og:locale\" content=\"pt_PT\" \/>\n<meta property=\"og:type\" content=\"article\" \/>\n<meta property=\"og:title\" content=\"A hist\u00f3ria do primeiro Honda NSX Amarelo na Europa | Honda Portugal\" \/>\n<meta property=\"og:description\" content=\"Conhe\u00e7a aqui a hist\u00f3ria sobre como um dos f\u00e3s portugueses da Honda conseguiu que lhe produzissem o primeiro NSX amarelo da Europa.\" \/>\n<meta property=\"og:url\" content=\"https:\/\/honda-automoveis.pt\/blog\/do-japao-para-portugal-o-primeiro-honda-nsx-amarelo-do-mundo\/\" \/>\n<meta property=\"og:site_name\" content=\"Honda Portugal\" \/>\n<meta property=\"article:published_time\" content=\"2019-08-22T14:48:29+00:00\" \/>\n<meta property=\"article:modified_time\" content=\"2022-12-14T11:57:59+00:00\" \/>\n<meta property=\"og:image\" content=\"https:\/\/honda-automoveis.pt\/blog\/wp-content\/uploads\/2020\/05\/NSX-Amarelo-Andamento.jpg\" \/>\n\t<meta property=\"og:image:width\" content=\"1024\" \/>\n\t<meta property=\"og:image:height\" content=\"575\" \/>\n\t<meta property=\"og:image:type\" content=\"image\/jpeg\" \/>\n<meta name=\"twitter:card\" content=\"summary_large_image\" \/>\n<meta name=\"twitter:label1\" content=\"Escrito por\" \/>\n\t<meta name=\"twitter:data1\" content=\"Honda Portugal Autom\u00f3veis\" \/>\n\t<meta name=\"twitter:label2\" content=\"Tempo estimado de leitura\" \/>\n\t<meta name=\"twitter:data2\" content=\"9 minutos\" \/>\n<script type=\"application\/ld+json\" class=\"yoast-schema-graph\">{\"@context\":\"https:\/\/schema.org\",\"@graph\":[{\"@type\":\"WebSite\",\"@id\":\"https:\/\/honda-automoveis.pt\/blog\/#website\",\"url\":\"https:\/\/honda-automoveis.pt\/blog\/\",\"name\":\"Honda Portugal\",\"description\":\"Dreamers&#039; Blog\",\"potentialAction\":[{\"@type\":\"SearchAction\",\"target\":{\"@type\":\"EntryPoint\",\"urlTemplate\":\"https:\/\/honda-automoveis.pt\/blog\/?s={search_term_string}\"},\"query-input\":\"required name=search_term_string\"}],\"inLanguage\":\"pt-PT\"},{\"@type\":\"ImageObject\",\"@id\":\"https:\/\/honda-automoveis.pt\/blog\/do-japao-para-portugal-o-primeiro-honda-nsx-amarelo-do-mundo\/#primaryimage\",\"inLanguage\":\"pt-PT\",\"url\":\"https:\/\/honda-automoveis.pt\/blog\/wp-content\/uploads\/2020\/05\/NSX-Amarelo-Andamento.jpg\",\"contentUrl\":\"https:\/\/honda-automoveis.pt\/blog\/wp-content\/uploads\/2020\/05\/NSX-Amarelo-Andamento.jpg\",\"width\":1024,\"height\":575,\"caption\":\"Honda NSX Amarelo\"},{\"@type\":\"WebPage\",\"@id\":\"https:\/\/honda-automoveis.pt\/blog\/do-japao-para-portugal-o-primeiro-honda-nsx-amarelo-do-mundo\/#webpage\",\"url\":\"https:\/\/honda-automoveis.pt\/blog\/do-japao-para-portugal-o-primeiro-honda-nsx-amarelo-do-mundo\/\",\"name\":\"A hist\u00f3ria do primeiro Honda NSX Amarelo na Europa | Honda Portugal\",\"isPartOf\":{\"@id\":\"https:\/\/honda-automoveis.pt\/blog\/#website\"},\"primaryImageOfPage\":{\"@id\":\"https:\/\/honda-automoveis.pt\/blog\/do-japao-para-portugal-o-primeiro-honda-nsx-amarelo-do-mundo\/#primaryimage\"},\"datePublished\":\"2019-08-22T14:48:29+00:00\",\"dateModified\":\"2022-12-14T11:57:59+00:00\",\"author\":{\"@id\":\"https:\/\/honda-automoveis.pt\/blog\/#\/schema\/person\/7f8ab873bdf8dbd771f0d57531954f87\"},\"description\":\"Conhe\u00e7a aqui a hist\u00f3ria sobre como um dos f\u00e3s portugueses da Honda conseguiu que lhe produzissem o primeiro NSX amarelo da Europa.\",\"breadcrumb\":{\"@id\":\"https:\/\/honda-automoveis.pt\/blog\/do-japao-para-portugal-o-primeiro-honda-nsx-amarelo-do-mundo\/#breadcrumb\"},\"inLanguage\":\"pt-PT\",\"potentialAction\":[{\"@type\":\"ReadAction\",\"target\":[\"https:\/\/honda-automoveis.pt\/blog\/do-japao-para-portugal-o-primeiro-honda-nsx-amarelo-do-mundo\/\"]}]},{\"@type\":\"BreadcrumbList\",\"@id\":\"https:\/\/honda-automoveis.pt\/blog\/do-japao-para-portugal-o-primeiro-honda-nsx-amarelo-do-mundo\/#breadcrumb\",\"itemListElement\":[{\"@type\":\"ListItem\",\"position\":1,\"name\":\"In\u00edcio\",\"item\":\"https:\/\/honda-automoveis.pt\/blog\/\"},{\"@type\":\"ListItem\",\"position\":2,\"name\":\"O que precisa de saber sobre o primeiro Honda NSX Amarelo\"}]},{\"@type\":\"Person\",\"@id\":\"https:\/\/honda-automoveis.pt\/blog\/#\/schema\/person\/7f8ab873bdf8dbd771f0d57531954f87\",\"name\":\"Honda Portugal Autom\u00f3veis\",\"image\":{\"@type\":\"ImageObject\",\"@id\":\"https:\/\/honda-automoveis.pt\/blog\/#personlogo\",\"inLanguage\":\"pt-PT\",\"url\":\"https:\/\/honda-automoveis.pt\/blog\/wp-content\/uploads\/2023\/06\/logo_perfil-150x150.png\",\"contentUrl\":\"https:\/\/honda-automoveis.pt\/blog\/wp-content\/uploads\/2023\/06\/logo_perfil-150x150.png\",\"caption\":\"Honda Portugal Autom\u00f3veis\"},\"description\":\"A Honda chegou a Portugal em 1968, preparada para conquistar os portugueses com a sua inovadora tecnologia e os melhores e mais fi\u00e1veis autom\u00f3veis. Com uma longa hist\u00f3ria de sucesso no nosso pa\u00eds, a Honda conquistou uma verdadeira comunidade de f\u00e3s, que reconhecem na marca a fiabilidade, seguran\u00e7a e tecnologia que nos caracterizam. A competi\u00e7\u00e3o e a performance est\u00e3o no nosso ADN e \u00e9 por isso que, diariamente, continuamos a trabalhar para que todas as viagens sejam verdadeiramente emocionantes.\",\"url\":\"https:\/\/honda-automoveis.pt\/blog\/author\/honda-portugal\/\"}]}<\/script>\n<!-- \/ Yoast SEO plugin. -->","yoast_head_json":{"title":"A hist\u00f3ria do primeiro Honda NSX Amarelo na Europa | Honda Portugal","description":"Conhe\u00e7a aqui a hist\u00f3ria sobre como um dos f\u00e3s portugueses da Honda conseguiu que lhe produzissem o primeiro NSX amarelo da Europa.","robots":{"index":"index","follow":"follow","max-snippet":"max-snippet:-1","max-image-preview":"max-image-preview:large","max-video-preview":"max-video-preview:-1"},"canonical":"https:\/\/honda-automoveis.pt\/blog\/do-japao-para-portugal-o-primeiro-honda-nsx-amarelo-do-mundo\/","og_locale":"pt_PT","og_type":"article","og_title":"A hist\u00f3ria do primeiro Honda NSX Amarelo na Europa | Honda Portugal","og_description":"Conhe\u00e7a aqui a hist\u00f3ria sobre como um dos f\u00e3s portugueses da Honda conseguiu que lhe produzissem o primeiro NSX amarelo da Europa.","og_url":"https:\/\/honda-automoveis.pt\/blog\/do-japao-para-portugal-o-primeiro-honda-nsx-amarelo-do-mundo\/","og_site_name":"Honda Portugal","article_published_time":"2019-08-22T14:48:29+00:00","article_modified_time":"2022-12-14T11:57:59+00:00","og_image":[{"width":1024,"height":575,"url":"https:\/\/honda-automoveis.pt\/blog\/wp-content\/uploads\/2020\/05\/NSX-Amarelo-Andamento.jpg","type":"image\/jpeg"}],"twitter_card":"summary_large_image","twitter_misc":{"Escrito por":"Honda Portugal Autom\u00f3veis","Tempo estimado de leitura":"9 minutos"},"schema":{"@context":"https:\/\/schema.org","@graph":[{"@type":"WebSite","@id":"https:\/\/honda-automoveis.pt\/blog\/#website","url":"https:\/\/honda-automoveis.pt\/blog\/","name":"Honda Portugal","description":"Dreamers&#039; Blog","potentialAction":[{"@type":"SearchAction","target":{"@type":"EntryPoint","urlTemplate":"https:\/\/honda-automoveis.pt\/blog\/?s={search_term_string}"},"query-input":"required name=search_term_string"}],"inLanguage":"pt-PT"},{"@type":"ImageObject","@id":"https:\/\/honda-automoveis.pt\/blog\/do-japao-para-portugal-o-primeiro-honda-nsx-amarelo-do-mundo\/#primaryimage","inLanguage":"pt-PT","url":"https:\/\/honda-automoveis.pt\/blog\/wp-content\/uploads\/2020\/05\/NSX-Amarelo-Andamento.jpg","contentUrl":"https:\/\/honda-automoveis.pt\/blog\/wp-content\/uploads\/2020\/05\/NSX-Amarelo-Andamento.jpg","width":1024,"height":575,"caption":"Honda NSX Amarelo"},{"@type":"WebPage","@id":"https:\/\/honda-automoveis.pt\/blog\/do-japao-para-portugal-o-primeiro-honda-nsx-amarelo-do-mundo\/#webpage","url":"https:\/\/honda-automoveis.pt\/blog\/do-japao-para-portugal-o-primeiro-honda-nsx-amarelo-do-mundo\/","name":"A hist\u00f3ria do primeiro Honda NSX Amarelo na Europa | Honda Portugal","isPartOf":{"@id":"https:\/\/honda-automoveis.pt\/blog\/#website"},"primaryImageOfPage":{"@id":"https:\/\/honda-automoveis.pt\/blog\/do-japao-para-portugal-o-primeiro-honda-nsx-amarelo-do-mundo\/#primaryimage"},"datePublished":"2019-08-22T14:48:29+00:00","dateModified":"2022-12-14T11:57:59+00:00","author":{"@id":"https:\/\/honda-automoveis.pt\/blog\/#\/schema\/person\/7f8ab873bdf8dbd771f0d57531954f87"},"description":"Conhe\u00e7a aqui a hist\u00f3ria sobre como um dos f\u00e3s portugueses da Honda conseguiu que lhe produzissem o primeiro NSX amarelo da Europa.","breadcrumb":{"@id":"https:\/\/honda-automoveis.pt\/blog\/do-japao-para-portugal-o-primeiro-honda-nsx-amarelo-do-mundo\/#breadcrumb"},"inLanguage":"pt-PT","potentialAction":[{"@type":"ReadAction","target":["https:\/\/honda-automoveis.pt\/blog\/do-japao-para-portugal-o-primeiro-honda-nsx-amarelo-do-mundo\/"]}]},{"@type":"BreadcrumbList","@id":"https:\/\/honda-automoveis.pt\/blog\/do-japao-para-portugal-o-primeiro-honda-nsx-amarelo-do-mundo\/#breadcrumb","itemListElement":[{"@type":"ListItem","position":1,"name":"In\u00edcio","item":"https:\/\/honda-automoveis.pt\/blog\/"},{"@type":"ListItem","position":2,"name":"O que precisa de saber sobre o primeiro Honda NSX Amarelo"}]},{"@type":"Person","@id":"https:\/\/honda-automoveis.pt\/blog\/#\/schema\/person\/7f8ab873bdf8dbd771f0d57531954f87","name":"Honda Portugal Autom\u00f3veis","image":{"@type":"ImageObject","@id":"https:\/\/honda-automoveis.pt\/blog\/#personlogo","inLanguage":"pt-PT","url":"https:\/\/honda-automoveis.pt\/blog\/wp-content\/uploads\/2023\/06\/logo_perfil-150x150.png","contentUrl":"https:\/\/honda-automoveis.pt\/blog\/wp-content\/uploads\/2023\/06\/logo_perfil-150x150.png","caption":"Honda Portugal Autom\u00f3veis"},"description":"A Honda chegou a Portugal em 1968, preparada para conquistar os portugueses com a sua inovadora tecnologia e os melhores e mais fi\u00e1veis autom\u00f3veis. Com uma longa hist\u00f3ria de sucesso no nosso pa\u00eds, a Honda conquistou uma verdadeira comunidade de f\u00e3s, que reconhecem na marca a fiabilidade, seguran\u00e7a e tecnologia que nos caracterizam. A competi\u00e7\u00e3o e a performance est\u00e3o no nosso ADN e \u00e9 por isso que, diariamente, continuamos a trabalhar para que todas as viagens sejam verdadeiramente emocionantes.","url":"https:\/\/honda-automoveis.pt\/blog\/author\/honda-portugal\/"}]}},"_links":{"self":[{"href":"https:\/\/honda-automoveis.pt\/blog\/wp-json\/wp\/v2\/posts\/608"}],"collection":[{"href":"https:\/\/honda-automoveis.pt\/blog\/wp-json\/wp\/v2\/posts"}],"about":[{"href":"https:\/\/honda-automoveis.pt\/blog\/wp-json\/wp\/v2\/types\/post"}],"author":[{"embeddable":true,"href":"https:\/\/honda-automoveis.pt\/blog\/wp-json\/wp\/v2\/users\/4"}],"replies":[{"embeddable":true,"href":"https:\/\/honda-automoveis.pt\/blog\/wp-json\/wp\/v2\/comments?post=608"}],"version-history":[{"count":27,"href":"https:\/\/honda-automoveis.pt\/blog\/wp-json\/wp\/v2\/posts\/608\/revisions"}],"predecessor-version":[{"id":4224,"href":"https:\/\/honda-automoveis.pt\/blog\/wp-json\/wp\/v2\/posts\/608\/revisions\/4224"}],"wp:featuredmedia":[{"embeddable":true,"href":"https:\/\/honda-automoveis.pt\/blog\/wp-json\/wp\/v2\/media\/3047"}],"wp:attachment":[{"href":"https:\/\/honda-automoveis.pt\/blog\/wp-json\/wp\/v2\/media?parent=608"}],"wp:term":[{"taxonomy":"category","embeddable":true,"href":"https:\/\/honda-automoveis.pt\/blog\/wp-json\/wp\/v2\/categories?post=608"},{"taxonomy":"post_tag","embeddable":true,"href":"https:\/\/honda-automoveis.pt\/blog\/wp-json\/wp\/v2\/tags?post=608"}],"curies":[{"name":"wp","href":"https:\/\/api.w.org\/{rel}","templated":true}]}}