{"id":744,"date":"2019-09-20T13:17:40","date_gmt":"2019-09-20T13:17:40","guid":{"rendered":"https:\/\/honda-automoveis.pt\/blog\/?p=744"},"modified":"2022-12-14T15:24:09","modified_gmt":"2022-12-14T15:24:09","slug":"ate-onde-e-que-irias-pelo-teu-honda","status":"publish","type":"post","link":"https:\/\/honda-automoveis.pt\/blog\/ate-onde-e-que-irias-pelo-teu-honda\/","title":{"rendered":"At\u00e9 onde \u00e9 que irias pelo teu Honda?"},"content":{"rendered":"<p>H\u00e1 uma idade para termos o nosso primeiro carro? Depois de tirar a carta, talvez? Mas quando \u00e9 que \u00e9 ideal comprarmos um? Para mim os prazos n\u00e3o faziam sentido. Mas ter um <a href=\"https:\/\/honda-automoveis.pt\/\" target=\"_blank\" rel=\"noopener noreferrer\">Honda<\/a> sim. Por isso, acredito que n\u00e3o foi nem cedo nem tarde demais quando decidi comprar um Honda Civic EG5, com 19 anos.<\/p>\n<p><img loading=\"lazy\" class=\"alignnone wp-image-3758 size-full\" src=\"https:\/\/honda-automoveis.pt\/blog\/wp-content\/uploads\/2020\/06\/Honda-Civic-EG5-Azul.jpg\" alt=\"Honda Civic EG5 azul\" width=\"1024\" height=\"575\" srcset=\"https:\/\/honda-automoveis.pt\/blog\/wp-content\/uploads\/2020\/06\/Honda-Civic-EG5-Azul.jpg 1024w, https:\/\/honda-automoveis.pt\/blog\/wp-content\/uploads\/2020\/06\/Honda-Civic-EG5-Azul-300x168.jpg 300w, https:\/\/honda-automoveis.pt\/blog\/wp-content\/uploads\/2020\/06\/Honda-Civic-EG5-Azul-768x431.jpg 768w, https:\/\/honda-automoveis.pt\/blog\/wp-content\/uploads\/2020\/06\/Honda-Civic-EG5-Azul-575x324.jpg 575w, https:\/\/honda-automoveis.pt\/blog\/wp-content\/uploads\/2020\/06\/Honda-Civic-EG5-Azul-376x211.jpg 376w\" sizes=\"(max-width: 1024px) 100vw, 1024px\" \/><\/p>\n<h3>Dar o nosso cora\u00e7\u00e3o a um carro<\/h3>\n<p>N\u00e3o sei o que despertou o meu interesse naquele carro. Na altura achei-o engra\u00e7ado. Era pequeno, tinha umas linhas modernas e sempre tinha ouvido falar bem do seu comportamento em estrada. Eu estava ligado ao mundo dos autom\u00f3veis h\u00e1 dois anos, enquanto trabalhava numa oficina, pelo que percebia alguma coisa deles. Quando descobri o meu Honda Civic EG5, pus um pouco em causa isso. Mas decidi confiar que o destino s\u00f3 me podia reservar coisas boas, j\u00e1 que da Honda s\u00f3 se ouvia fiabilidade pura.<\/p>\n<p>No entanto, o destino decidiu brincar comigo. <strong>Comprei sem pensar duas vezes o meu Honda Civic de 92<\/strong>. Mas qual o meu espanto <strong>quando me apercebi de que estava estragado<\/strong>. O exterior n\u00e3o estava mau. O interior tamb\u00e9m n\u00e3o. Mas l\u00e1 dentro\u2026 bem, o carro precisava de um cora\u00e7\u00e3o novo, j\u00e1 que o dele estava danificado e nesse dia dei-lhe o meu.<\/p>\n<div class=\"campaign\"><div class=\"campaign-inner\"><a href=\"https:\/\/campanhas.honda-automoveis.pt\/honda-civic-e-hev\/\" target=\"_blank\"><img width=\"1014\" height=\"410\" src=\"https:\/\/honda-automoveis.pt\/blog\/wp-content\/uploads\/2022\/09\/Blog-Sem-logo-Honda-imagem-campanha-1014x410-1.webp\" class=\"attachment-full size-full wp-post-image\" alt=\"campanha honda civic subir de n\u00edvel\" loading=\"lazy\" srcset=\"https:\/\/honda-automoveis.pt\/blog\/wp-content\/uploads\/2022\/09\/Blog-Sem-logo-Honda-imagem-campanha-1014x410-1.webp 1014w, https:\/\/honda-automoveis.pt\/blog\/wp-content\/uploads\/2022\/09\/Blog-Sem-logo-Honda-imagem-campanha-1014x410-1-300x121.webp 300w, https:\/\/honda-automoveis.pt\/blog\/wp-content\/uploads\/2022\/09\/Blog-Sem-logo-Honda-imagem-campanha-1014x410-1-768x311.webp 768w, https:\/\/honda-automoveis.pt\/blog\/wp-content\/uploads\/2022\/09\/Blog-Sem-logo-Honda-imagem-campanha-1014x410-1-752x304.webp 752w\" sizes=\"(max-width: 1014px) 100vw, 1014px\" \/><\/a><\/div><\/div>\n<h3>Pode um carro antigo, ganhar uma vida nova?<\/h3>\n<p>Aquele carro tinha sido a minha primeira conquista pessoal. Se acham que ia desistir dele facilmente, ent\u00e3o n\u00e3o conhecem o esp\u00edrito de um verdadeiro apaixonado pela Honda. <strong>Arregacei as mangas e pus-me ao trabalho<\/strong>. O meu carro precisava de uma vida nova e estava pronto a dar-lha uma.<\/p>\n<p>Quando descobri que o meu Civic precisava de um motor novo, a minha fam\u00edlia alertou-me que isso sairia bem caro. O meu pai dizia-me que aquele carro n\u00e3o valia a despesa. A minha m\u00e3e tamb\u00e9m. Mas eu mergulhei naquele projeto na mesma.<\/p>\n<p>\u00c0 medida que o fui estudando, enquanto o desmontava e montava, <strong>ganhei um carinho especial por ele<\/strong>. Era como se ali estivesse a nascer uma nova amizade. Foi \u00e0 conta dele que aprendi a gostar de v\u00e1rias t\u00e9cnicas de repara\u00e7\u00e3o. Foi por ele que travei amizade com um senhor que tinha uma oficina, e que me ensinou como o poderia pintar e assim poupar algum dinheiro na sua repara\u00e7\u00e3o. Todo o processo durou quase quatro anos, mas cada um desses anos valeram a pena para ver o resultado final.<\/p>\n<p><img loading=\"lazy\" class=\"alignnone wp-image-3760 size-full\" src=\"https:\/\/honda-automoveis.pt\/blog\/wp-content\/uploads\/2020\/06\/Arranjo-Honda-Afonso-Peralta.jpg\" alt=\"Arranjo Honda Civic\" width=\"1024\" height=\"575\" srcset=\"https:\/\/honda-automoveis.pt\/blog\/wp-content\/uploads\/2020\/06\/Arranjo-Honda-Afonso-Peralta.jpg 1024w, https:\/\/honda-automoveis.pt\/blog\/wp-content\/uploads\/2020\/06\/Arranjo-Honda-Afonso-Peralta-300x168.jpg 300w, https:\/\/honda-automoveis.pt\/blog\/wp-content\/uploads\/2020\/06\/Arranjo-Honda-Afonso-Peralta-768x431.jpg 768w, https:\/\/honda-automoveis.pt\/blog\/wp-content\/uploads\/2020\/06\/Arranjo-Honda-Afonso-Peralta-575x324.jpg 575w, https:\/\/honda-automoveis.pt\/blog\/wp-content\/uploads\/2020\/06\/Arranjo-Honda-Afonso-Peralta-376x211.jpg 376w\" sizes=\"(max-width: 1024px) 100vw, 1024px\" \/><\/p>\n<p>O meu Honda Civic EG5 transformou-se de um carro que n\u00e3o chamava muito \u00e0 aten\u00e7\u00e3o, mas o menino dos olhos de quem por ele passa. At\u00e9 a minha fam\u00edlia se converteu. O azul escuro, que lhe dava cor, transformou-se num bonito azul claro, inspirando-me numa mota da Honda que um dia vi, o que o fez com que passasse de uma lagarta a borboleta. Dei-lhe tamb\u00e9m novas suspens\u00f5es, novos sinoblocos e praticamente todas as pe\u00e7as foram alteradas.<\/p>\n<p>Se passou de um carro esquecido, <strong>tornou-se num carro comentado<\/strong>. Confesso que, quando sou interpelado na rua por desconhecidos a perguntarem pelo meu carro, n\u00e3o sei bem como lidar. \u00c0s vezes fico com medo que mo risquem ou mo estraguem.<\/p>\n<h3>Construir mem\u00f3rias com a Honda<\/h3>\n<p>O meu pequenino Honda Civic EG5, de apenas tr\u00eas portas, <strong>j\u00e1 me levou a percorrer Portugal inteiro<\/strong>. Nunca me deixou ficar mal. Ao longo destes \u00faltimos cinco anos, muitas s\u00e3o as hist\u00f3rias constru\u00eddas \u00e0 boleia da Honda. Como quando fui parado pela pol\u00edcia e j\u00e1 estava a temer uma multa pelo visual mais desportivo do meu carro, quando s\u00f3 me pararam para o elogiar e ainda me disseram &#8220;Segue com cuidado e uma boa viagem&#8221;.<\/p>\n<p><img loading=\"lazy\" class=\"alignnone wp-image-3762 size-full\" src=\"https:\/\/honda-automoveis.pt\/blog\/wp-content\/uploads\/2020\/06\/Honda-Civic-EG5.jpg\" alt=\"Honda Civic EG5 azul\" width=\"1024\" height=\"575\" srcset=\"https:\/\/honda-automoveis.pt\/blog\/wp-content\/uploads\/2020\/06\/Honda-Civic-EG5.jpg 1024w, https:\/\/honda-automoveis.pt\/blog\/wp-content\/uploads\/2020\/06\/Honda-Civic-EG5-300x168.jpg 300w, https:\/\/honda-automoveis.pt\/blog\/wp-content\/uploads\/2020\/06\/Honda-Civic-EG5-768x431.jpg 768w, https:\/\/honda-automoveis.pt\/blog\/wp-content\/uploads\/2020\/06\/Honda-Civic-EG5-575x324.jpg 575w, https:\/\/honda-automoveis.pt\/blog\/wp-content\/uploads\/2020\/06\/Honda-Civic-EG5-376x211.jpg 376w\" sizes=\"(max-width: 1024px) 100vw, 1024px\" \/><\/p>\n<p>E <strong>depois h\u00e1 o meu av\u00f4. Um dia decidiu andar comigo<\/strong> e eu decidi que era uma excelente oportunidade para dar alguma emo\u00e7\u00e3o \u00e0 sua vida pacata. Como pendura, dei-lhe a conhecer o poder de um VTEC e dele s\u00f3 seu ouviu um: &#8220;O que \u00e9 isto, Afonso?!&#8221; Acredito que <strong>depois desse dia a Honda ganhou mais um f\u00e3<\/strong>, mas ao mesmo tempo o meu av\u00f4 nunca mais deve querer andar de carro comigo. Engra\u00e7ado foi ter terminado a viagem com pernas bambas e os mil conselhos de cuidados a ter com a pol\u00edcia e o excesso de velocidade. Ele sabia que o carro tinha pot\u00eancia, s\u00f3 n\u00e3o sabia era quanta.<\/p>\n<div style=\"text-align: center; margin-bottom: 20px;\">\n<p><iframe loading=\"lazy\" title=\"Voltinha com o Vov\u00f4!!!\" width=\"500\" height=\"281\" src=\"https:\/\/www.youtube.com\/embed\/sRo9PDb2d3o?feature=oembed\" frameborder=\"0\" allow=\"accelerometer; autoplay; clipboard-write; encrypted-media; gyroscope; picture-in-picture\" allowfullscreen><\/iframe><\/p>\n<\/div>\n<p>A <a href=\"https:\/\/honda-automoveis.pt\/pt\/carros\/civic-5-portas\/\" target=\"_blank\" rel=\"noopener noreferrer\">Honda<\/a> \u00e9 mais do que uma simples marca. \u00c9 fiabilidade, \u00e9 beleza e pot\u00eancia. Tudo combinado tornam a experi\u00eancia de conduzir um dos seus autom\u00f3veis numa experi\u00eancia \u00fanica. Quando me perguntam se quero vender o meu velhinho Honda Civic, rejeito todas as propostas. Afinal de contas, espero ter a oportunidade de o ver a conhecer os meus filhos e quem sabe, transitar para eles.<\/p>\n<p>Afonso Peralta<\/p>\n<div class=\"campaign\"><div class=\"campaign-inner\"><a href=\"https:\/\/campanhas.honda-automoveis.pt\/honda-civic-e-hev\/\" target=\"_blank\"><img width=\"1014\" height=\"410\" src=\"https:\/\/honda-automoveis.pt\/blog\/wp-content\/uploads\/2022\/09\/Blog-Sem-logo-Honda-imagem-campanha-1014x410-1.webp\" class=\"attachment-full size-full wp-post-image\" alt=\"campanha honda civic subir de n\u00edvel\" loading=\"lazy\" srcset=\"https:\/\/honda-automoveis.pt\/blog\/wp-content\/uploads\/2022\/09\/Blog-Sem-logo-Honda-imagem-campanha-1014x410-1.webp 1014w, https:\/\/honda-automoveis.pt\/blog\/wp-content\/uploads\/2022\/09\/Blog-Sem-logo-Honda-imagem-campanha-1014x410-1-300x121.webp 300w, https:\/\/honda-automoveis.pt\/blog\/wp-content\/uploads\/2022\/09\/Blog-Sem-logo-Honda-imagem-campanha-1014x410-1-768x311.webp 768w, https:\/\/honda-automoveis.pt\/blog\/wp-content\/uploads\/2022\/09\/Blog-Sem-logo-Honda-imagem-campanha-1014x410-1-752x304.webp 752w\" sizes=\"(max-width: 1014px) 100vw, 1014px\" \/><\/a><\/div><\/div>\n","protected":false},"excerpt":{"rendered":"<p>H\u00e1 uma idade para termos o nosso primeiro carro? Depois de tirar a carta, talvez? Mas quando \u00e9 que \u00e9 ideal comprarmos um? Para o Afonso Peralta os prazos n\u00e3o faziam sentido. Mas ter um Honda sim.<\/p>\n","protected":false},"author":4,"featured_media":3762,"comment_status":"open","ping_status":"open","sticky":false,"template":"","format":"standard","meta":[],"categories":[3],"tags":[133,8,7],"yoast_head":"<!-- This site is optimized with the Yoast SEO plugin v18.5 - https:\/\/yoast.com\/wordpress\/plugins\/seo\/ -->\n<title>Honda Civic EG5: como novo | Honda Portugal<\/title>\n<meta name=\"description\" content=\"Descubra aqui a aventura pela qual Afonso Peralta passou para conseguir p\u00f4r o seu Honda Civic EG5 a funcionar outra vez.\" \/>\n<meta name=\"robots\" content=\"index, follow, max-snippet:-1, max-image-preview:large, max-video-preview:-1\" \/>\n<link rel=\"canonical\" href=\"https:\/\/honda-automoveis.pt\/blog\/ate-onde-e-que-irias-pelo-teu-honda\/\" \/>\n<meta property=\"og:locale\" content=\"pt_PT\" \/>\n<meta property=\"og:type\" content=\"article\" \/>\n<meta property=\"og:title\" content=\"Honda Civic EG5: como novo | Honda Portugal\" \/>\n<meta property=\"og:description\" content=\"Descubra aqui a aventura pela qual Afonso Peralta passou para conseguir p\u00f4r o seu Honda Civic EG5 a funcionar outra vez.\" \/>\n<meta property=\"og:url\" content=\"https:\/\/honda-automoveis.pt\/blog\/ate-onde-e-que-irias-pelo-teu-honda\/\" \/>\n<meta property=\"og:site_name\" content=\"Honda Portugal\" \/>\n<meta property=\"article:published_time\" content=\"2019-09-20T13:17:40+00:00\" \/>\n<meta property=\"article:modified_time\" content=\"2022-12-14T15:24:09+00:00\" \/>\n<meta property=\"og:image\" content=\"https:\/\/honda-automoveis.pt\/blog\/wp-content\/uploads\/2020\/06\/Honda-Civic-EG5.jpg\" \/>\n\t<meta property=\"og:image:width\" content=\"1024\" \/>\n\t<meta property=\"og:image:height\" content=\"575\" \/>\n\t<meta property=\"og:image:type\" content=\"image\/jpeg\" \/>\n<meta name=\"twitter:card\" content=\"summary_large_image\" \/>\n<meta name=\"twitter:label1\" content=\"Escrito por\" \/>\n\t<meta name=\"twitter:data1\" content=\"Honda Portugal Autom\u00f3veis\" \/>\n\t<meta name=\"twitter:label2\" content=\"Tempo estimado de leitura\" \/>\n\t<meta name=\"twitter:data2\" content=\"4 minutos\" \/>\n<script type=\"application\/ld+json\" class=\"yoast-schema-graph\">{\"@context\":\"https:\/\/schema.org\",\"@graph\":[{\"@type\":\"WebSite\",\"@id\":\"https:\/\/honda-automoveis.pt\/blog\/#website\",\"url\":\"https:\/\/honda-automoveis.pt\/blog\/\",\"name\":\"Honda Portugal\",\"description\":\"Dreamers&#039; Blog\",\"potentialAction\":[{\"@type\":\"SearchAction\",\"target\":{\"@type\":\"EntryPoint\",\"urlTemplate\":\"https:\/\/honda-automoveis.pt\/blog\/?s={search_term_string}\"},\"query-input\":\"required name=search_term_string\"}],\"inLanguage\":\"pt-PT\"},{\"@type\":\"ImageObject\",\"@id\":\"https:\/\/honda-automoveis.pt\/blog\/ate-onde-e-que-irias-pelo-teu-honda\/#primaryimage\",\"inLanguage\":\"pt-PT\",\"url\":\"https:\/\/honda-automoveis.pt\/blog\/wp-content\/uploads\/2020\/06\/Honda-Civic-EG5.jpg\",\"contentUrl\":\"https:\/\/honda-automoveis.pt\/blog\/wp-content\/uploads\/2020\/06\/Honda-Civic-EG5.jpg\",\"width\":1024,\"height\":575,\"caption\":\"Honda Civic EG5\"},{\"@type\":\"WebPage\",\"@id\":\"https:\/\/honda-automoveis.pt\/blog\/ate-onde-e-que-irias-pelo-teu-honda\/#webpage\",\"url\":\"https:\/\/honda-automoveis.pt\/blog\/ate-onde-e-que-irias-pelo-teu-honda\/\",\"name\":\"Honda Civic EG5: como novo | Honda Portugal\",\"isPartOf\":{\"@id\":\"https:\/\/honda-automoveis.pt\/blog\/#website\"},\"primaryImageOfPage\":{\"@id\":\"https:\/\/honda-automoveis.pt\/blog\/ate-onde-e-que-irias-pelo-teu-honda\/#primaryimage\"},\"datePublished\":\"2019-09-20T13:17:40+00:00\",\"dateModified\":\"2022-12-14T15:24:09+00:00\",\"author\":{\"@id\":\"https:\/\/honda-automoveis.pt\/blog\/#\/schema\/person\/7f8ab873bdf8dbd771f0d57531954f87\"},\"description\":\"Descubra aqui a aventura pela qual Afonso Peralta passou para conseguir p\u00f4r o seu Honda Civic EG5 a funcionar outra vez.\",\"breadcrumb\":{\"@id\":\"https:\/\/honda-automoveis.pt\/blog\/ate-onde-e-que-irias-pelo-teu-honda\/#breadcrumb\"},\"inLanguage\":\"pt-PT\",\"potentialAction\":[{\"@type\":\"ReadAction\",\"target\":[\"https:\/\/honda-automoveis.pt\/blog\/ate-onde-e-que-irias-pelo-teu-honda\/\"]}]},{\"@type\":\"BreadcrumbList\",\"@id\":\"https:\/\/honda-automoveis.pt\/blog\/ate-onde-e-que-irias-pelo-teu-honda\/#breadcrumb\",\"itemListElement\":[{\"@type\":\"ListItem\",\"position\":1,\"name\":\"In\u00edcio\",\"item\":\"https:\/\/honda-automoveis.pt\/blog\/\"},{\"@type\":\"ListItem\",\"position\":2,\"name\":\"At\u00e9 onde \u00e9 que irias pelo teu Honda?\"}]},{\"@type\":\"Person\",\"@id\":\"https:\/\/honda-automoveis.pt\/blog\/#\/schema\/person\/7f8ab873bdf8dbd771f0d57531954f87\",\"name\":\"Honda Portugal Autom\u00f3veis\",\"image\":{\"@type\":\"ImageObject\",\"@id\":\"https:\/\/honda-automoveis.pt\/blog\/#personlogo\",\"inLanguage\":\"pt-PT\",\"url\":\"https:\/\/honda-automoveis.pt\/blog\/wp-content\/uploads\/2023\/06\/logo_perfil-150x150.png\",\"contentUrl\":\"https:\/\/honda-automoveis.pt\/blog\/wp-content\/uploads\/2023\/06\/logo_perfil-150x150.png\",\"caption\":\"Honda Portugal Autom\u00f3veis\"},\"description\":\"A Honda chegou a Portugal em 1968, preparada para conquistar os portugueses com a sua inovadora tecnologia e os melhores e mais fi\u00e1veis autom\u00f3veis. Com uma longa hist\u00f3ria de sucesso no nosso pa\u00eds, a Honda conquistou uma verdadeira comunidade de f\u00e3s, que reconhecem na marca a fiabilidade, seguran\u00e7a e tecnologia que nos caracterizam. A competi\u00e7\u00e3o e a performance est\u00e3o no nosso ADN e \u00e9 por isso que, diariamente, continuamos a trabalhar para que todas as viagens sejam verdadeiramente emocionantes.\",\"url\":\"https:\/\/honda-automoveis.pt\/blog\/author\/honda-portugal\/\"}]}<\/script>\n<!-- \/ Yoast SEO plugin. -->","yoast_head_json":{"title":"Honda Civic EG5: como novo | Honda Portugal","description":"Descubra aqui a aventura pela qual Afonso Peralta passou para conseguir p\u00f4r o seu Honda Civic EG5 a funcionar outra vez.","robots":{"index":"index","follow":"follow","max-snippet":"max-snippet:-1","max-image-preview":"max-image-preview:large","max-video-preview":"max-video-preview:-1"},"canonical":"https:\/\/honda-automoveis.pt\/blog\/ate-onde-e-que-irias-pelo-teu-honda\/","og_locale":"pt_PT","og_type":"article","og_title":"Honda Civic EG5: como novo | Honda Portugal","og_description":"Descubra aqui a aventura pela qual Afonso Peralta passou para conseguir p\u00f4r o seu Honda Civic EG5 a funcionar outra vez.","og_url":"https:\/\/honda-automoveis.pt\/blog\/ate-onde-e-que-irias-pelo-teu-honda\/","og_site_name":"Honda Portugal","article_published_time":"2019-09-20T13:17:40+00:00","article_modified_time":"2022-12-14T15:24:09+00:00","og_image":[{"width":1024,"height":575,"url":"https:\/\/honda-automoveis.pt\/blog\/wp-content\/uploads\/2020\/06\/Honda-Civic-EG5.jpg","type":"image\/jpeg"}],"twitter_card":"summary_large_image","twitter_misc":{"Escrito por":"Honda Portugal Autom\u00f3veis","Tempo estimado de leitura":"4 minutos"},"schema":{"@context":"https:\/\/schema.org","@graph":[{"@type":"WebSite","@id":"https:\/\/honda-automoveis.pt\/blog\/#website","url":"https:\/\/honda-automoveis.pt\/blog\/","name":"Honda Portugal","description":"Dreamers&#039; Blog","potentialAction":[{"@type":"SearchAction","target":{"@type":"EntryPoint","urlTemplate":"https:\/\/honda-automoveis.pt\/blog\/?s={search_term_string}"},"query-input":"required name=search_term_string"}],"inLanguage":"pt-PT"},{"@type":"ImageObject","@id":"https:\/\/honda-automoveis.pt\/blog\/ate-onde-e-que-irias-pelo-teu-honda\/#primaryimage","inLanguage":"pt-PT","url":"https:\/\/honda-automoveis.pt\/blog\/wp-content\/uploads\/2020\/06\/Honda-Civic-EG5.jpg","contentUrl":"https:\/\/honda-automoveis.pt\/blog\/wp-content\/uploads\/2020\/06\/Honda-Civic-EG5.jpg","width":1024,"height":575,"caption":"Honda Civic EG5"},{"@type":"WebPage","@id":"https:\/\/honda-automoveis.pt\/blog\/ate-onde-e-que-irias-pelo-teu-honda\/#webpage","url":"https:\/\/honda-automoveis.pt\/blog\/ate-onde-e-que-irias-pelo-teu-honda\/","name":"Honda Civic EG5: como novo | Honda Portugal","isPartOf":{"@id":"https:\/\/honda-automoveis.pt\/blog\/#website"},"primaryImageOfPage":{"@id":"https:\/\/honda-automoveis.pt\/blog\/ate-onde-e-que-irias-pelo-teu-honda\/#primaryimage"},"datePublished":"2019-09-20T13:17:40+00:00","dateModified":"2022-12-14T15:24:09+00:00","author":{"@id":"https:\/\/honda-automoveis.pt\/blog\/#\/schema\/person\/7f8ab873bdf8dbd771f0d57531954f87"},"description":"Descubra aqui a aventura pela qual Afonso Peralta passou para conseguir p\u00f4r o seu Honda Civic EG5 a funcionar outra vez.","breadcrumb":{"@id":"https:\/\/honda-automoveis.pt\/blog\/ate-onde-e-que-irias-pelo-teu-honda\/#breadcrumb"},"inLanguage":"pt-PT","potentialAction":[{"@type":"ReadAction","target":["https:\/\/honda-automoveis.pt\/blog\/ate-onde-e-que-irias-pelo-teu-honda\/"]}]},{"@type":"BreadcrumbList","@id":"https:\/\/honda-automoveis.pt\/blog\/ate-onde-e-que-irias-pelo-teu-honda\/#breadcrumb","itemListElement":[{"@type":"ListItem","position":1,"name":"In\u00edcio","item":"https:\/\/honda-automoveis.pt\/blog\/"},{"@type":"ListItem","position":2,"name":"At\u00e9 onde \u00e9 que irias pelo teu Honda?"}]},{"@type":"Person","@id":"https:\/\/honda-automoveis.pt\/blog\/#\/schema\/person\/7f8ab873bdf8dbd771f0d57531954f87","name":"Honda Portugal Autom\u00f3veis","image":{"@type":"ImageObject","@id":"https:\/\/honda-automoveis.pt\/blog\/#personlogo","inLanguage":"pt-PT","url":"https:\/\/honda-automoveis.pt\/blog\/wp-content\/uploads\/2023\/06\/logo_perfil-150x150.png","contentUrl":"https:\/\/honda-automoveis.pt\/blog\/wp-content\/uploads\/2023\/06\/logo_perfil-150x150.png","caption":"Honda Portugal Autom\u00f3veis"},"description":"A Honda chegou a Portugal em 1968, preparada para conquistar os portugueses com a sua inovadora tecnologia e os melhores e mais fi\u00e1veis autom\u00f3veis. Com uma longa hist\u00f3ria de sucesso no nosso pa\u00eds, a Honda conquistou uma verdadeira comunidade de f\u00e3s, que reconhecem na marca a fiabilidade, seguran\u00e7a e tecnologia que nos caracterizam. A competi\u00e7\u00e3o e a performance est\u00e3o no nosso ADN e \u00e9 por isso que, diariamente, continuamos a trabalhar para que todas as viagens sejam verdadeiramente emocionantes.","url":"https:\/\/honda-automoveis.pt\/blog\/author\/honda-portugal\/"}]}},"_links":{"self":[{"href":"https:\/\/honda-automoveis.pt\/blog\/wp-json\/wp\/v2\/posts\/744"}],"collection":[{"href":"https:\/\/honda-automoveis.pt\/blog\/wp-json\/wp\/v2\/posts"}],"about":[{"href":"https:\/\/honda-automoveis.pt\/blog\/wp-json\/wp\/v2\/types\/post"}],"author":[{"embeddable":true,"href":"https:\/\/honda-automoveis.pt\/blog\/wp-json\/wp\/v2\/users\/4"}],"replies":[{"embeddable":true,"href":"https:\/\/honda-automoveis.pt\/blog\/wp-json\/wp\/v2\/comments?post=744"}],"version-history":[{"count":20,"href":"https:\/\/honda-automoveis.pt\/blog\/wp-json\/wp\/v2\/posts\/744\/revisions"}],"predecessor-version":[{"id":4318,"href":"https:\/\/honda-automoveis.pt\/blog\/wp-json\/wp\/v2\/posts\/744\/revisions\/4318"}],"wp:featuredmedia":[{"embeddable":true,"href":"https:\/\/honda-automoveis.pt\/blog\/wp-json\/wp\/v2\/media\/3762"}],"wp:attachment":[{"href":"https:\/\/honda-automoveis.pt\/blog\/wp-json\/wp\/v2\/media?parent=744"}],"wp:term":[{"taxonomy":"category","embeddable":true,"href":"https:\/\/honda-automoveis.pt\/blog\/wp-json\/wp\/v2\/categories?post=744"},{"taxonomy":"post_tag","embeddable":true,"href":"https:\/\/honda-automoveis.pt\/blog\/wp-json\/wp\/v2\/tags?post=744"}],"curies":[{"name":"wp","href":"https:\/\/api.w.org\/{rel}","templated":true}]}}