{"id":85900,"date":"2026-01-30T09:36:25","date_gmt":"2026-01-30T09:36:25","guid":{"rendered":"https:\/\/honda-automoveis.pt\/blog\/?p=85900"},"modified":"2026-01-30T09:38:08","modified_gmt":"2026-01-30T09:38:08","slug":"dia-mundial-gato","status":"publish","type":"post","link":"https:\/\/honda-automoveis.pt\/blog\/dia-mundial-gato\/","title":{"rendered":"Dia Mundial do Gato: o que as quatro rodas podem fazer pelas quatro patas"},"content":{"rendered":"<p><span data-contrast=\"auto\">O Dia Mundial do Gato celebra muito mais do que o carinho pelos gatos. \u00c9 um momento para refletir sobre empatia e responsabilidade.<\/p>\n<p><\/span><span data-contrast=\"auto\">Para a Honda, que acredita no poder do movimento para gerar impacto positivo, esta data tem um significado especial. Quando as quatro rodas se colocam ao servi\u00e7o das quatro patas, a mobilidade transforma-se num gesto de cuidado e solidariedade.<\/span><span data-ccp-props=\"{}\">\u00a0<\/span><\/p>\n<h2><span class=\"TextRun SCXW107331659 BCX0\" lang=\"PT-PT\" xml:lang=\"PT-PT\" data-contrast=\"auto\"><span class=\"NormalTextRun SCXW107331659 BCX0\">Tr\u00eas datas, uma causa comum: o compromisso com os gatos<\/span><\/span><span class=\"EOP SCXW107331659 BCX0\" data-ccp-props=\"{}\">\u00a0<\/span><\/h2>\n<p><span data-contrast=\"auto\">O Dia Mundial do Gato \u00e9 assinalado em tr\u00eas datas distintas: 20 de fevereiro, 8 de agosto e 29 de outubro. Momentos diferentes, mas unidos por um mesmo objetivo: homenagear os gatos e promover a ado\u00e7\u00e3o, especialmente dos mais negligenciados, como gatos seniores, pretos ou com necessidades especiais.<\/span><span data-ccp-props=\"{}\">\u00a0<\/span><\/p>\n<p><span data-contrast=\"auto\">Independentemente da data, a mensagem \u00e9 clara: adotar \u00e9 cuidar. Cada ado\u00e7\u00e3o respons\u00e1vel representa uma nova oportunidade para um animal vulner\u00e1vel.<\/span><span data-ccp-props=\"{}\">\u00a0<\/span><\/p>\n<p><img loading=\"lazy\" class=\"alignnone wp-image-85902 size-full\" src=\"https:\/\/honda-automoveis.pt\/blog\/wp-content\/uploads\/2026\/01\/dia-mundial-gato-honda-884x552-1.jpg\" alt=\"Mulher sentada na bagageira aberta de um carro, a sorrir enquanto segura um gato laranja ao colo, num ambiente exterior com luz natural.\" width=\"884\" height=\"552\" srcset=\"https:\/\/honda-automoveis.pt\/blog\/wp-content\/uploads\/2026\/01\/dia-mundial-gato-honda-884x552-1.jpg 884w, https:\/\/honda-automoveis.pt\/blog\/wp-content\/uploads\/2026\/01\/dia-mundial-gato-honda-884x552-1-300x187.jpg 300w, https:\/\/honda-automoveis.pt\/blog\/wp-content\/uploads\/2026\/01\/dia-mundial-gato-honda-884x552-1-768x480.jpg 768w, https:\/\/honda-automoveis.pt\/blog\/wp-content\/uploads\/2026\/01\/dia-mundial-gato-honda-884x552-1-622x388.jpg 622w, https:\/\/honda-automoveis.pt\/blog\/wp-content\/uploads\/2026\/01\/dia-mundial-gato-honda-884x552-1-492x307.jpg 492w, https:\/\/honda-automoveis.pt\/blog\/wp-content\/uploads\/2026\/01\/dia-mundial-gato-honda-884x552-1-360x225.jpg 360w, https:\/\/honda-automoveis.pt\/blog\/wp-content\/uploads\/2026\/01\/dia-mundial-gato-honda-884x552-1-752x470.jpg 752w\" sizes=\"(max-width: 884px) 100vw, 884px\" \/><\/p>\n<h2><b><span data-contrast=\"auto\">Gatos e Hist\u00f3ria: do Egipto Antigo \u00e0 atualidade<\/span><\/b><span data-ccp-props=\"{}\">\u00a0<\/span><\/h2>\n<p><span data-contrast=\"auto\">A liga\u00e7\u00e3o entre humanos e gatos tem milhares de anos. No Antigo Egipto, os gatos eram venerados como animais sagrados, associados \u00e0 deusa\u00a0Bastet. Eram protegidos por lei e integrados na vida espiritual e familiar.<\/span><span data-ccp-props=\"{}\">\u00a0<\/span><\/p>\n<p><span data-contrast=\"auto\">Com o tempo, esse estatuto manteve-se. Os gatos continuam a ser vistos como s\u00edmbolos de independ\u00eancia, intelig\u00eancia e adapta\u00e7\u00e3o, raz\u00f5es pelas quais permanecem t\u00e3o presentes nas nossas casas e culturas.<\/span><span data-ccp-props=\"{}\">\u00a0<\/span><\/p>\n<p><span data-contrast=\"auto\">Esta rela\u00e7\u00e3o hist\u00f3rica mostra que os gatos sempre foram mais do que simples companheiros: fazem parte da nossa identidade cultural e emocional.<\/span><span data-ccp-props=\"{}\">\u00a0<\/span><\/p>\n<h2><span data-contrast=\"auto\">\u200b<\/span><span aria-label=\"Controlo de conte\u00fado de texto formatado\"><span data-contrast=\"auto\">\u200b<\/span><span data-contrast=\"auto\">\u200b<\/span><\/span><b><span data-contrast=\"auto\">Adotar um gato como compromisso consciente<\/span><\/b><span data-ccp-props=\"{}\">\u00a0<\/span><\/h2>\n<p><span data-contrast=\"auto\">Adotar um gato n\u00e3o deve ser um gesto impulsivo. Deve ser uma decis\u00e3o consciente, que envolve planeamento e compromisso a longo prazo. Significa assegurar alimenta\u00e7\u00e3o, cuidados veterin\u00e1rios, esteriliza\u00e7\u00e3o, seguran\u00e7a e estabilidade emocional.<\/span><span data-ccp-props=\"{}\">\u00a0<\/span><\/p>\n<p><span data-contrast=\"auto\">Mais do que salvar um animal, adotar transforma duas vidas: a de quem adota e a do animal adotado. Tal como na mobilidade consciente, cada escolha tem impacto e cada ado\u00e7\u00e3o conta para um futuro melhor.<\/span><span data-ccp-props=\"{}\">\u00a0<\/span><\/p>\n<h2><span class=\"TextRun SCXW223361358 BCX0\" lang=\"PT-PT\" xml:lang=\"PT-PT\" data-contrast=\"auto\"><span class=\"NormalTextRun SCXW223361358 BCX0\">Adotar animais: todos podem ajudar, mesmo sem adotar<\/span><\/span><\/h2>\n<p><span data-contrast=\"auto\">Nem todos t\u00eam condi\u00e7\u00f5es para adotar gato ou c\u00e3o, mas todos podemos ajudar. A causa animal vive de pequenos gestos que, juntos, criam um impacto real.<\/span><span data-ccp-props=\"{}\">\u00a0<\/span><\/p>\n<p><span data-contrast=\"auto\">Algumas formas simples de apoiar:<\/span><span data-ccp-props=\"{}\">\u00a0<\/span><\/p>\n<ul>\n<li aria-setsize=\"-1\" data-leveltext=\"\u25cf\" data-font=\"Noto Sans Symbols\" data-listid=\"1\" data-list-defn-props=\"{&quot;335552541&quot;:1,&quot;335559685&quot;:720,&quot;335559991&quot;:360,&quot;469769226&quot;:&quot;Noto Sans Symbols&quot;,&quot;469769242&quot;:[8226],&quot;469777803&quot;:&quot;left&quot;,&quot;469777804&quot;:&quot;\u25cf&quot;,&quot;469777815&quot;:&quot;multilevel&quot;}\" data-aria-posinset=\"1\" data-aria-level=\"1\"><span data-contrast=\"auto\">Doar ra\u00e7\u00e3o para gatos e c\u00e3es institucionalizados;<\/span><span data-ccp-props=\"{}\">\u00a0<\/span><\/li>\n<li aria-setsize=\"-1\" data-leveltext=\"\u25cf\" data-font=\"Noto Sans Symbols\" data-listid=\"1\" data-list-defn-props=\"{&quot;335552541&quot;:1,&quot;335559685&quot;:720,&quot;335559991&quot;:360,&quot;469769226&quot;:&quot;Noto Sans Symbols&quot;,&quot;469769242&quot;:[8226],&quot;469777803&quot;:&quot;left&quot;,&quot;469777804&quot;:&quot;\u25cf&quot;,&quot;469777815&quot;:&quot;multilevel&quot;}\" data-aria-posinset=\"1\" data-aria-level=\"1\"><span data-contrast=\"auto\">Fazer voluntariado em abrigos;<\/span><span data-ccp-props=\"{}\">\u00a0<\/span><\/li>\n<li aria-setsize=\"-1\" data-leveltext=\"\u25cf\" data-font=\"Noto Sans Symbols\" data-listid=\"1\" data-list-defn-props=\"{&quot;335552541&quot;:1,&quot;335559685&quot;:720,&quot;335559991&quot;:360,&quot;469769226&quot;:&quot;Noto Sans Symbols&quot;,&quot;469769242&quot;:[8226],&quot;469777803&quot;:&quot;left&quot;,&quot;469777804&quot;:&quot;\u25cf&quot;,&quot;469777815&quot;:&quot;multilevel&quot;}\" data-aria-posinset=\"1\" data-aria-level=\"1\"><span data-contrast=\"auto\">Ajudar no transporte de animais adotados;<\/span><span data-ccp-props=\"{}\">\u00a0<\/span><\/li>\n<li aria-setsize=\"-1\" data-leveltext=\"\u25cf\" data-font=\"Noto Sans Symbols\" data-listid=\"1\" data-list-defn-props=\"{&quot;335552541&quot;:1,&quot;335559685&quot;:720,&quot;335559991&quot;:360,&quot;469769226&quot;:&quot;Noto Sans Symbols&quot;,&quot;469769242&quot;:[8226],&quot;469777803&quot;:&quot;left&quot;,&quot;469777804&quot;:&quot;\u25cf&quot;,&quot;469777815&quot;:&quot;multilevel&quot;}\" data-aria-posinset=\"1\" data-aria-level=\"1\"><span data-contrast=\"auto\">Oferecer tempo para socializar com animais em abrigo;<\/span><span data-ccp-props=\"{}\">\u00a0<\/span><\/li>\n<li aria-setsize=\"-1\" data-leveltext=\"\u25cf\" data-font=\"Noto Sans Symbols\" data-listid=\"1\" data-list-defn-props=\"{&quot;335552541&quot;:1,&quot;335559685&quot;:720,&quot;335559991&quot;:360,&quot;469769226&quot;:&quot;Noto Sans Symbols&quot;,&quot;469769242&quot;:[8226],&quot;469777803&quot;:&quot;left&quot;,&quot;469777804&quot;:&quot;\u25cf&quot;,&quot;469777815&quot;:&quot;multilevel&quot;}\" data-aria-posinset=\"1\" data-aria-level=\"1\"><span data-contrast=\"auto\">Divulgar campanhas de ado\u00e7\u00e3o de forma respons\u00e1vel.<\/span><span data-ccp-props=\"{}\">\u00a0<\/span><\/li>\n<\/ul>\n<h2><b><span data-contrast=\"auto\">Como o autom\u00f3vel ajuda a causa animal<\/span><\/b><span data-ccp-props=\"{}\">\u00a0<\/span><\/h2>\n<p><span data-contrast=\"auto\">Quando usamos as quatro rodas ao servi\u00e7o das quatro patas, a mobilidade ganha um novo prop\u00f3sito. Um autom\u00f3vel pode ser o elo entre um animal e os cuidados de que precisa, entre um abrigo e doa\u00e7\u00f5es essenciais, ou entre uma fam\u00edlia e um novo companheiro adotado.<\/span><\/p>\n<p><span data-contrast=\"auto\">Transportar animais em seguran\u00e7a, apoiar associa\u00e7\u00f5es ou facilitar o voluntariado s\u00e3o formas de usar a mobilidade de forma emp\u00e1tica. Boas pr\u00e1ticas como o uso de transportadoras, conforto t\u00e9rmico e pausas em viagens longas s\u00e3o essenciais. Nunca se deve deixar um animal sozinho dentro do ve\u00edculo.<\/span><\/p>\n<p><span data-contrast=\"auto\">Modelos como o Honda Jazz, HR-V, CR-V ou ZR-V oferecem espa\u00e7o, versatilidade e seguran\u00e7a, ideais para quem viaja com os seus patudos.<\/span><span data-ccp-props=\"{}\">\u00a0<\/span><\/p>\n<h2><b><span data-contrast=\"auto\">Adotar c\u00e3o ou gato: escolhas respons\u00e1veis, impacto real<\/span><\/b><span data-ccp-props=\"{}\">\u00a0<\/span><\/h2>\n<p><span data-contrast=\"auto\">Embora o foco do Dia Mundial do Gato esteja nos felinos, a mensagem aplica-se a todos os animais. Adotar um c\u00e3o ou um gato requer o mesmo compromisso com bem-estar, responsabilidade e seguran\u00e7a.<\/span><span data-ccp-props=\"{}\">\u00a0<\/span><\/p>\n<p><span data-contrast=\"auto\">A Honda acredita que a inova\u00e7\u00e3o deve servir todas as formas de vida. Seja na eletrifica\u00e7\u00e3o da gama, na efici\u00eancia energ\u00e9tica ou no apoio a boas causas, a marca promove um futuro onde progresso e empatia andam lado a lado.<\/span><span data-ccp-props=\"{}\">\u00a0<\/span><\/p>\n<h2><b><span data-contrast=\"auto\">Honda: mobilidade com empatia e compromisso social<\/span><\/b><span data-ccp-props=\"{}\">\u00a0<\/span><\/h2>\n<p><span data-contrast=\"auto\">A filosofia The Power of Dreams est\u00e1 presente n\u00e3o s\u00f3 na engenharia, mas tamb\u00e9m nos valores da Honda. Empatia, compromisso e a\u00e7\u00e3o concreta fazem parte do envolvimento da marca com a sociedade e com as causas que constroem um futuro mais consciente.<\/span><span data-ccp-props=\"{}\">\u00a0<\/span><\/p>\n<p><span data-contrast=\"auto\">Um bom exemplo \u00e9 a iniciativa &#8220;Boas Festinhas&#8221;, em parceria com a Associa\u00e7\u00e3o <a href=\"https:\/\/www.animalife.pt\/\">Animalife <\/a><\/span><span aria-label=\"Controlo de conte\u00fado de texto formatado\"><span data-contrast=\"auto\">\u200b<\/span><\/span><span data-contrast=\"auto\">que convidou clientes e concession\u00e1rios Honda a doar bens essenciais para c\u00e3es e gatos institucionalizados.<\/span><span data-ccp-props=\"{}\">\u00a0<\/span><\/p>\n<p><span data-contrast=\"auto\">Esta a\u00e7\u00e3o solid\u00e1ria mostra como a Honda transforma mobilidade em impacto positivo, colocando ve\u00edculos, pessoas e movimento ao servi\u00e7o das boas causas. Porque cuidar tamb\u00e9m \u00e9 agir<\/span><span aria-label=\"Controlo de conte\u00fado de texto formatado\"><span data-contrast=\"auto\">\u200b<\/span><span data-contrast=\"auto\">\u200b<\/span><\/span><span data-contrast=\"auto\">\u00a0todos os dias pelas quatro patas que dependem de n\u00f3s.<\/span><span data-ccp-props=\"{}\">\u00a0<\/span><\/p>\n<h2><b><span data-contrast=\"auto\">Dia Mundial do Gato: cada gesto faz a diferen\u00e7a<\/span><\/b><span data-ccp-props=\"{}\">\u00a0<\/span><\/h2>\n<p><span data-contrast=\"auto\">O Dia Mundial do Gato, em qualquer uma das suas datas, recorda-nos que cuidar \u00e9 um ato cont\u00ednuo. E que pequenas a\u00e7\u00f5es, feitas com inten\u00e7\u00e3o, podem transformar vidas.<\/span><span data-ccp-props=\"{}\">\u00a0<\/span><\/p>\n<p><span data-contrast=\"auto\">Quando a mobilidade serve boas causas, cada viagem aproxima-nos de um futuro mais solid\u00e1rio. E \u00e9 assim, com empatia e compromisso, que damos verdadeiro movimento \u00e0s boas causas.<\/span><span data-ccp-props=\"{}\">\u00a0<\/span><\/p>\n<p>&nbsp;<\/p>\n","protected":false},"excerpt":{"rendered":"<p>O Dia Mundial do Gato celebra muito mais do que o carinho pelos gatos. \u00c9 um momento para refletir sobre empatia e responsabilidade.  <\/p>\n","protected":false},"author":4,"featured_media":85901,"comment_status":"open","ping_status":"open","sticky":false,"template":"","format":"standard","meta":[],"categories":[1],"tags":[],"yoast_head":"<!-- This site is optimized with the Yoast SEO plugin v18.5 - https:\/\/yoast.com\/wordpress\/plugins\/seo\/ -->\n<title>Dia Mundial do Gato: mobilidade solid\u00e1ria com a Honda<\/title>\n<meta name=\"description\" content=\"\u200bA Honda refor\u00e7a o seu compromisso com a causa animal, promovendo a ado\u00e7\u00e3o respons\u00e1vel e a mobilidade solid\u00e1ria. Saiba como ajudar.\" \/>\n<meta name=\"robots\" content=\"index, follow, max-snippet:-1, max-image-preview:large, max-video-preview:-1\" \/>\n<link rel=\"canonical\" href=\"https:\/\/honda-automoveis.pt\/blog\/dia-mundial-gato\/\" \/>\n<meta property=\"og:locale\" content=\"pt_PT\" \/>\n<meta property=\"og:type\" content=\"article\" \/>\n<meta property=\"og:title\" content=\"Dia Mundial do Gato: mobilidade solid\u00e1ria com a Honda\" \/>\n<meta property=\"og:description\" content=\"\u200bA Honda refor\u00e7a o seu compromisso com a causa animal, promovendo a ado\u00e7\u00e3o respons\u00e1vel e a mobilidade solid\u00e1ria. Saiba como ajudar.\" \/>\n<meta property=\"og:url\" content=\"https:\/\/honda-automoveis.pt\/blog\/dia-mundial-gato\/\" \/>\n<meta property=\"og:site_name\" content=\"Honda Portugal\" \/>\n<meta property=\"article:published_time\" content=\"2026-01-30T09:36:25+00:00\" \/>\n<meta property=\"article:modified_time\" content=\"2026-01-30T09:38:08+00:00\" \/>\n<meta property=\"og:image\" content=\"https:\/\/honda-automoveis.pt\/blog\/wp-content\/uploads\/2026\/01\/dia-mundial-gato-honda-1000x667-1.png\" \/>\n\t<meta property=\"og:image:width\" content=\"1000\" \/>\n\t<meta property=\"og:image:height\" content=\"667\" \/>\n\t<meta property=\"og:image:type\" content=\"image\/png\" \/>\n<meta name=\"twitter:card\" content=\"summary_large_image\" \/>\n<meta name=\"twitter:label1\" content=\"Escrito por\" \/>\n\t<meta name=\"twitter:data1\" content=\"Honda Portugal Autom\u00f3veis\" \/>\n\t<meta name=\"twitter:label2\" content=\"Tempo estimado de leitura\" \/>\n\t<meta name=\"twitter:data2\" content=\"5 minutos\" \/>\n<script type=\"application\/ld+json\" class=\"yoast-schema-graph\">{\"@context\":\"https:\/\/schema.org\",\"@graph\":[{\"@type\":\"WebSite\",\"@id\":\"https:\/\/honda-automoveis.pt\/blog\/#website\",\"url\":\"https:\/\/honda-automoveis.pt\/blog\/\",\"name\":\"Honda Portugal\",\"description\":\"Dreamers&#039; Blog\",\"potentialAction\":[{\"@type\":\"SearchAction\",\"target\":{\"@type\":\"EntryPoint\",\"urlTemplate\":\"https:\/\/honda-automoveis.pt\/blog\/?s={search_term_string}\"},\"query-input\":\"required name=search_term_string\"}],\"inLanguage\":\"pt-PT\"},{\"@type\":\"ImageObject\",\"@id\":\"https:\/\/honda-automoveis.pt\/blog\/dia-mundial-gato\/#primaryimage\",\"inLanguage\":\"pt-PT\",\"url\":\"https:\/\/honda-automoveis.pt\/blog\/wp-content\/uploads\/2026\/01\/dia-mundial-gato-honda-1000x667-1.png\",\"contentUrl\":\"https:\/\/honda-automoveis.pt\/blog\/wp-content\/uploads\/2026\/01\/dia-mundial-gato-honda-1000x667-1.png\",\"width\":1000,\"height\":667,\"caption\":\"Gato dom\u00e9stico observado pelo retrovisor interior de um autom\u00f3vel\"},{\"@type\":\"WebPage\",\"@id\":\"https:\/\/honda-automoveis.pt\/blog\/dia-mundial-gato\/#webpage\",\"url\":\"https:\/\/honda-automoveis.pt\/blog\/dia-mundial-gato\/\",\"name\":\"Dia Mundial do Gato: mobilidade solid\u00e1ria com a Honda\",\"isPartOf\":{\"@id\":\"https:\/\/honda-automoveis.pt\/blog\/#website\"},\"primaryImageOfPage\":{\"@id\":\"https:\/\/honda-automoveis.pt\/blog\/dia-mundial-gato\/#primaryimage\"},\"datePublished\":\"2026-01-30T09:36:25+00:00\",\"dateModified\":\"2026-01-30T09:38:08+00:00\",\"author\":{\"@id\":\"https:\/\/honda-automoveis.pt\/blog\/#\/schema\/person\/7f8ab873bdf8dbd771f0d57531954f87\"},\"description\":\"\u200bA Honda refor\u00e7a o seu compromisso com a causa animal, promovendo a ado\u00e7\u00e3o respons\u00e1vel e a mobilidade solid\u00e1ria. Saiba como ajudar.\",\"breadcrumb\":{\"@id\":\"https:\/\/honda-automoveis.pt\/blog\/dia-mundial-gato\/#breadcrumb\"},\"inLanguage\":\"pt-PT\",\"potentialAction\":[{\"@type\":\"ReadAction\",\"target\":[\"https:\/\/honda-automoveis.pt\/blog\/dia-mundial-gato\/\"]}]},{\"@type\":\"BreadcrumbList\",\"@id\":\"https:\/\/honda-automoveis.pt\/blog\/dia-mundial-gato\/#breadcrumb\",\"itemListElement\":[{\"@type\":\"ListItem\",\"position\":1,\"name\":\"In\u00edcio\",\"item\":\"https:\/\/honda-automoveis.pt\/blog\/\"},{\"@type\":\"ListItem\",\"position\":2,\"name\":\"Dia Mundial do Gato: o que as quatro rodas podem fazer pelas quatro patas\"}]},{\"@type\":\"Person\",\"@id\":\"https:\/\/honda-automoveis.pt\/blog\/#\/schema\/person\/7f8ab873bdf8dbd771f0d57531954f87\",\"name\":\"Honda Portugal Autom\u00f3veis\",\"image\":{\"@type\":\"ImageObject\",\"@id\":\"https:\/\/honda-automoveis.pt\/blog\/#personlogo\",\"inLanguage\":\"pt-PT\",\"url\":\"https:\/\/honda-automoveis.pt\/blog\/wp-content\/uploads\/2023\/06\/logo_perfil-150x150.png\",\"contentUrl\":\"https:\/\/honda-automoveis.pt\/blog\/wp-content\/uploads\/2023\/06\/logo_perfil-150x150.png\",\"caption\":\"Honda Portugal Autom\u00f3veis\"},\"description\":\"A Honda chegou a Portugal em 1968, preparada para conquistar os portugueses com a sua inovadora tecnologia e os melhores e mais fi\u00e1veis autom\u00f3veis. Com uma longa hist\u00f3ria de sucesso no nosso pa\u00eds, a Honda conquistou uma verdadeira comunidade de f\u00e3s, que reconhecem na marca a fiabilidade, seguran\u00e7a e tecnologia que nos caracterizam. A competi\u00e7\u00e3o e a performance est\u00e3o no nosso ADN e \u00e9 por isso que, diariamente, continuamos a trabalhar para que todas as viagens sejam verdadeiramente emocionantes.\",\"url\":\"https:\/\/honda-automoveis.pt\/blog\/author\/honda-portugal\/\"}]}<\/script>\n<!-- \/ Yoast SEO plugin. -->","yoast_head_json":{"title":"Dia Mundial do Gato: mobilidade solid\u00e1ria com a Honda","description":"\u200bA Honda refor\u00e7a o seu compromisso com a causa animal, promovendo a ado\u00e7\u00e3o respons\u00e1vel e a mobilidade solid\u00e1ria. Saiba como ajudar.","robots":{"index":"index","follow":"follow","max-snippet":"max-snippet:-1","max-image-preview":"max-image-preview:large","max-video-preview":"max-video-preview:-1"},"canonical":"https:\/\/honda-automoveis.pt\/blog\/dia-mundial-gato\/","og_locale":"pt_PT","og_type":"article","og_title":"Dia Mundial do Gato: mobilidade solid\u00e1ria com a Honda","og_description":"\u200bA Honda refor\u00e7a o seu compromisso com a causa animal, promovendo a ado\u00e7\u00e3o respons\u00e1vel e a mobilidade solid\u00e1ria. Saiba como ajudar.","og_url":"https:\/\/honda-automoveis.pt\/blog\/dia-mundial-gato\/","og_site_name":"Honda Portugal","article_published_time":"2026-01-30T09:36:25+00:00","article_modified_time":"2026-01-30T09:38:08+00:00","og_image":[{"width":1000,"height":667,"url":"https:\/\/honda-automoveis.pt\/blog\/wp-content\/uploads\/2026\/01\/dia-mundial-gato-honda-1000x667-1.png","type":"image\/png"}],"twitter_card":"summary_large_image","twitter_misc":{"Escrito por":"Honda Portugal Autom\u00f3veis","Tempo estimado de leitura":"5 minutos"},"schema":{"@context":"https:\/\/schema.org","@graph":[{"@type":"WebSite","@id":"https:\/\/honda-automoveis.pt\/blog\/#website","url":"https:\/\/honda-automoveis.pt\/blog\/","name":"Honda Portugal","description":"Dreamers&#039; Blog","potentialAction":[{"@type":"SearchAction","target":{"@type":"EntryPoint","urlTemplate":"https:\/\/honda-automoveis.pt\/blog\/?s={search_term_string}"},"query-input":"required name=search_term_string"}],"inLanguage":"pt-PT"},{"@type":"ImageObject","@id":"https:\/\/honda-automoveis.pt\/blog\/dia-mundial-gato\/#primaryimage","inLanguage":"pt-PT","url":"https:\/\/honda-automoveis.pt\/blog\/wp-content\/uploads\/2026\/01\/dia-mundial-gato-honda-1000x667-1.png","contentUrl":"https:\/\/honda-automoveis.pt\/blog\/wp-content\/uploads\/2026\/01\/dia-mundial-gato-honda-1000x667-1.png","width":1000,"height":667,"caption":"Gato dom\u00e9stico observado pelo retrovisor interior de um autom\u00f3vel"},{"@type":"WebPage","@id":"https:\/\/honda-automoveis.pt\/blog\/dia-mundial-gato\/#webpage","url":"https:\/\/honda-automoveis.pt\/blog\/dia-mundial-gato\/","name":"Dia Mundial do Gato: mobilidade solid\u00e1ria com a Honda","isPartOf":{"@id":"https:\/\/honda-automoveis.pt\/blog\/#website"},"primaryImageOfPage":{"@id":"https:\/\/honda-automoveis.pt\/blog\/dia-mundial-gato\/#primaryimage"},"datePublished":"2026-01-30T09:36:25+00:00","dateModified":"2026-01-30T09:38:08+00:00","author":{"@id":"https:\/\/honda-automoveis.pt\/blog\/#\/schema\/person\/7f8ab873bdf8dbd771f0d57531954f87"},"description":"\u200bA Honda refor\u00e7a o seu compromisso com a causa animal, promovendo a ado\u00e7\u00e3o respons\u00e1vel e a mobilidade solid\u00e1ria. Saiba como ajudar.","breadcrumb":{"@id":"https:\/\/honda-automoveis.pt\/blog\/dia-mundial-gato\/#breadcrumb"},"inLanguage":"pt-PT","potentialAction":[{"@type":"ReadAction","target":["https:\/\/honda-automoveis.pt\/blog\/dia-mundial-gato\/"]}]},{"@type":"BreadcrumbList","@id":"https:\/\/honda-automoveis.pt\/blog\/dia-mundial-gato\/#breadcrumb","itemListElement":[{"@type":"ListItem","position":1,"name":"In\u00edcio","item":"https:\/\/honda-automoveis.pt\/blog\/"},{"@type":"ListItem","position":2,"name":"Dia Mundial do Gato: o que as quatro rodas podem fazer pelas quatro patas"}]},{"@type":"Person","@id":"https:\/\/honda-automoveis.pt\/blog\/#\/schema\/person\/7f8ab873bdf8dbd771f0d57531954f87","name":"Honda Portugal Autom\u00f3veis","image":{"@type":"ImageObject","@id":"https:\/\/honda-automoveis.pt\/blog\/#personlogo","inLanguage":"pt-PT","url":"https:\/\/honda-automoveis.pt\/blog\/wp-content\/uploads\/2023\/06\/logo_perfil-150x150.png","contentUrl":"https:\/\/honda-automoveis.pt\/blog\/wp-content\/uploads\/2023\/06\/logo_perfil-150x150.png","caption":"Honda Portugal Autom\u00f3veis"},"description":"A Honda chegou a Portugal em 1968, preparada para conquistar os portugueses com a sua inovadora tecnologia e os melhores e mais fi\u00e1veis autom\u00f3veis. Com uma longa hist\u00f3ria de sucesso no nosso pa\u00eds, a Honda conquistou uma verdadeira comunidade de f\u00e3s, que reconhecem na marca a fiabilidade, seguran\u00e7a e tecnologia que nos caracterizam. A competi\u00e7\u00e3o e a performance est\u00e3o no nosso ADN e \u00e9 por isso que, diariamente, continuamos a trabalhar para que todas as viagens sejam verdadeiramente emocionantes.","url":"https:\/\/honda-automoveis.pt\/blog\/author\/honda-portugal\/"}]}},"_links":{"self":[{"href":"https:\/\/honda-automoveis.pt\/blog\/wp-json\/wp\/v2\/posts\/85900"}],"collection":[{"href":"https:\/\/honda-automoveis.pt\/blog\/wp-json\/wp\/v2\/posts"}],"about":[{"href":"https:\/\/honda-automoveis.pt\/blog\/wp-json\/wp\/v2\/types\/post"}],"author":[{"embeddable":true,"href":"https:\/\/honda-automoveis.pt\/blog\/wp-json\/wp\/v2\/users\/4"}],"replies":[{"embeddable":true,"href":"https:\/\/honda-automoveis.pt\/blog\/wp-json\/wp\/v2\/comments?post=85900"}],"version-history":[{"count":3,"href":"https:\/\/honda-automoveis.pt\/blog\/wp-json\/wp\/v2\/posts\/85900\/revisions"}],"predecessor-version":[{"id":85905,"href":"https:\/\/honda-automoveis.pt\/blog\/wp-json\/wp\/v2\/posts\/85900\/revisions\/85905"}],"wp:featuredmedia":[{"embeddable":true,"href":"https:\/\/honda-automoveis.pt\/blog\/wp-json\/wp\/v2\/media\/85901"}],"wp:attachment":[{"href":"https:\/\/honda-automoveis.pt\/blog\/wp-json\/wp\/v2\/media?parent=85900"}],"wp:term":[{"taxonomy":"category","embeddable":true,"href":"https:\/\/honda-automoveis.pt\/blog\/wp-json\/wp\/v2\/categories?post=85900"},{"taxonomy":"post_tag","embeddable":true,"href":"https:\/\/honda-automoveis.pt\/blog\/wp-json\/wp\/v2\/tags?post=85900"}],"curies":[{"name":"wp","href":"https:\/\/api.w.org\/{rel}","templated":true}]}}