{"id":85951,"date":"2026-03-06T09:42:00","date_gmt":"2026-03-06T09:42:00","guid":{"rendered":"https:\/\/honda-automoveis.pt\/blog\/?p=85951"},"modified":"2026-03-06T09:42:46","modified_gmt":"2026-03-06T09:42:46","slug":"escapadinhas-fim-de-semana","status":"publish","type":"post","link":"https:\/\/honda-automoveis.pt\/blog\/escapadinhas-fim-de-semana\/","title":{"rendered":"Escapadinhas de fim de semana: recarregue baterias a dois ou em fam\u00edlia"},"content":{"rendered":"<p><span style=\"font-weight: 400;\">Os dias passam velozes. Depois os meses. De repente, damos por n\u00f3s, j\u00e1 com quase metade do ano cumprido e ainda n\u00e3o sa\u00edmos por um segundo que seja da az\u00e1fama di\u00e1ria: o tr\u00e2nsito e os transportes no trajeto para o trabalho; as atividades dos mi\u00fados; os anivers\u00e1rios deste, daquele e do outro. E, no final disto tudo, n\u00e3o olhamos para n\u00f3s. Ou antes, olhamos, mas apenas quando o corpo d\u00e1 sinais de cansa\u00e7o extremo.\u00a0<\/span><\/p>\n<p><span style=\"font-weight: 400;\">Da\u00ed ser t\u00e3o importante organizar, agendar ou prever, logo no in\u00edcio do ano, uma s\u00e9rie de escapadinhas de fim de semana para que possa ir recarregando baterias. Neste artigo, apresentamos v\u00e1rias sugest\u00f5es para que concretize este projeto: destinos perfeitos para escapadinhas em fam\u00edlia ou a dois, sempre com estrada para percorrer com o seu Honda.<\/span><\/p>\n<h2><b>Escapadinhas a Norte<\/b><\/h2>\n<p><span style=\"font-weight: 400;\">O Norte do pa\u00eds \u00e9 rico tanto em destinos rurais, onde reinam a natureza e a tranquilidade, como em op\u00e7\u00f5es para quem prefere ritmos citadinos e mais cosmopolitas. E \u00e9 igualmente indiferente para quem vai numa escapadinha em fam\u00edlia ou em casal. A regi\u00e3o acolhe todos por igual.<\/span><\/p>\n<h3><b>Ger\u00eas, Douro ou Porto: entre a natureza e a cidade<\/b><\/h3>\n<p><span style=\"font-weight: 400;\">Comecemos pelo Ger\u00eas: uma combina\u00e7\u00e3o perfeita de natureza selvagem com alojamentos bastante acolhedores e vistas de montanha e cascatas fant\u00e1sticas. Perfeito para escapadinhas a dois, tamb\u00e9m \u00e9 adequado para fam\u00edlias que pretendam algo mais pausado. Outra vantagem deste destino, \u00e9 que se adapta a qualquer altura do ano: no ver\u00e3o e primavera aproveitando os dias longos e as atividades ao ar livre; no outono abra\u00e7ando a temperatura amena e as paisagens coloridas; ou, ent\u00e3o, no inverno, onde reina a tranquilidade em v\u00e1rios alojamentos com bungalows ou termas.<\/span><\/p>\n<p><span style=\"font-weight: 400;\">Bastante pr\u00f3ximo, o Douro insiste<\/span><span style=\"font-weight: 400;\">, <\/span><span style=\"font-weight: 400;\">e bem, em algumas das caracter\u00edsticas que fazem do Ger\u00eas um destino de excel\u00eancia: natureza, vistas maravilhosas e vinha a perder de vista. Para melhor apreciar tudo isto, fa\u00e7a-se movimentar pelo seu <\/span><span style=\"font-weight: 400;\">\u00a0\u00a0\u00a0\u00a0\u00a0<\/span><a href=\"https:\/\/honda-automoveis.pt\/pt\/carros\/\"><span style=\"font-weight: 400;\">modelo Honda<\/span><\/a><span style=\"font-weight: 400;\">, ideal para, com conforto e seguran\u00e7a, apreciar tudo o que o Douro tem para oferecer.<\/span><\/p>\n<p><span style=\"font-weight: 400;\">Para quem prefere um ritmo mais elevado e o dinamismo da cidade, o Porto, logo ali ao lado, \u00e9 a escolha certa. Dona das mais diversas atra\u00e7\u00f5es, nomeadamente culturais, arquitet\u00f3nicas e gastron\u00f3micas, a Invicta \u00e9 atualmente uma das cidades mais apetecidas da Europa. Viv\u00ea-la durante uma escapadinha de fam\u00edlia ou rom\u00e2ntica pode ser uma excelente op\u00e7\u00e3o para regressar \u00e0 rotina de baterias completamente carregadas.<\/span><\/p>\n<p><span style=\"font-weight: 400;\">No Porto, n\u00e3o deixe de visitar a <\/span><a href=\"https:\/\/www.google.com\/maps?rlz=1C1GCEA_enPT1172PT1172&amp;gs_lcrp=EgZjaHJvbWUqDQgBEC4YrwEYxwEYgAQyCggAEAAY4wIYgAQyDQgBEC4YrwEYxwEYgAQyBggCEEUYOTIHCAMQABiABDIHCAQQABiABDIHCAUQABiABDIHCAYQABiABDIHCAcQABiABDIHCAgQABiABDIHCAkQABiABNIBCDQwNTJqMGo0qAIAsAIB&amp;um=1&amp;ie=UTF-8&amp;fb=1&amp;gl=pt&amp;sa=X&amp;geocode=KUnWzlHiZCQNMSF8EicTxV5C&amp;daddr=R.+de+S%C3%A3o+Filipe+de+Nery,+4050-546+Porto\"><span style=\"font-weight: 400;\">Torre dos Cl\u00e9rigos,<\/span><\/a><span style=\"font-weight: 400;\"> a <\/span><a href=\"https:\/\/www.google.com\/maps?sca_esv=ce70bdf660067438&amp;rlz=1C1GCEA_enPT1172PT1172&amp;sxsrf=ANbL-n4_B-MlaErL1SO09hWk4qDtI3YoEg:1769087713881&amp;uact=5&amp;gs_lp=Egxnd3Mtd2l6LXNlcnAiDm1ldHJvIGFsaWFkb3NzMgUQABiABDIKEAAYgAQYQxiKBTIFEAAYgAQyCxAuGIAEGMcBGK8BMgIQJjIGEAAYFhgeMgYQABgWGB4yBhAAGBYYHjIGEAAYFhgeMgYQABgWGB5IsyhQ8QJYgShwAngBkAEEmAHIAaABhBmqAQYwLjIzLjG4AQPIAQD4AQGYAhKgAo4SqAIUwgIKEAAYsAMY1gQYR8ICChAjGIAEGCcYigXCAggQABiABBjLAcICBxAjGCcY6gLCAg0QLhjHARgnGOoCGK8BwgIQEAAYAxi0AhjqAhiPAdgBAcICEBAuGAMYtAIY6gIYjwHYAQHCAgwQIxiABBgTGCcYigXCAhAQABiABBixAxhDGIMBGIoFwgIQEC4YgAQYQxjHARiKBRivAcICEhAjGPAFGIAEGBMYJxjJAhiKBcICDRAAGIAEGLEDGEMYigXCAhkQLhiABBhDGMcBGJgFGJkFGIoFGJ4FGK8BwgIQEAAYgAQYsQMYgwEYFBiHAsICDhAAGIAEGLEDGJIDGIMBwgILEAAYgAQYsQMYgwHCAgoQABiABBgUGIcCwgIJEAAYAxjJAxgKwgIPEAAYgAQYsQMYgwEYChgLwgISEAAYgAQYsQMYkgMYgwEYChgLwgINEAAYgAQYsQMYFBiHAsICCBAAGIAEGLEDwgIQEC4YgAQYFBiHAhjHARivAcICDhAuGIAEGLEDGNEDGMcBwgIIEAAYFhgKGB6YAwvxBdNCpe1iZncmiAYBkAYIugYGCAEQARgKkgcGMi4xNS4xoAfV4AGyBwYwLjE1LjG4B_wRwgcGMi0xNy4xyAdxgAgA&amp;um=1&amp;ie=UTF-8&amp;fb=1&amp;gl=pt&amp;sa=X&amp;geocode=Kb9-B1rjZCQNMThFG9lDHmDa&amp;daddr=4000-065+Porto\"><span style=\"font-weight: 400;\">Avenida dos Aliados<\/span><\/a><span style=\"font-weight: 400;\">, <\/span><a href=\"https:\/\/www.google.com\/maps?sca_esv=ce70bdf660067438&amp;rlz=1C1GCEA_enPT1172PT1172&amp;sxsrf=ANbL-n7YN_C845OBYkHNvG4jP8ojxgmexQ:1769087731957&amp;gs_lp=Egxnd3Mtd2l6LXNlcnAiCmphcmRpbSBzZXIqAggAMhAQLhiABBgUGMcBGIcCGK8BMgsQLhiABBjHARivATIFEAAYgAQyBRAAGIAEMgUQABiABDIFEC4YgAQyCxAuGIAEGMcBGK8BMgUQLhiABDIFEAAYgAQyBRAAGIAEMh8QLhiABBgUGMcBGIcCGK8BGJcFGNwEGN4EGOAE2AEBSP4RUABYzglwAHgAkAEAmAHJAaAByAyqAQUwLjkuMbgBA8gBAPgBAZgCCqAClg3CAgoQIxiABBgnGIoFwgIEECMYJ8ICEBAjGPAFGIAEGCcYyQIYigXCAgQQABgDwgIQEC4YgAQYQxjHARiKBRivAcICDhAAGIAEGLEDGIMBGIoFwgIOEC4YgAQYsQMYgwEYigXCAgsQABiABBixAxiDAcICChAAGIAEGBQYhwLCAh8QLhiABBhDGMcBGIoFGK8BGJcFGNwEGN4EGOAE2AEBwgITEC4YgAQYsQMYQxjHARiKBRivAcICChAAGIAEGEMYigXCAiIQLhiABBixAxhDGMcBGIoFGK8BGJcFGNwEGN4EGOAE2AEBwgIKEC4YgAQYQxiKBcICGhAuGIAEGMcBGK8BGJcFGNwEGN4EGOAE2AEBwgIQEAAYgAQYsQMYgwEYFBiHApgDAOIDBRIBMSBAugYGCAEQARgUkgcFMC45LjGgB_GYArIHBTAuOS4xuAeWDcIHBTItOS4xyAdAgAgA&amp;um=1&amp;ie=UTF-8&amp;fb=1&amp;gl=pt&amp;sa=X&amp;geocode=KXEgsVaAZSQNMRTQG-IoIYCj&amp;daddr=R.+Dom+Jo%C3%A3o+de+Castro+210,+4150-417+Porto\"><span style=\"font-weight: 400;\">o Museu e Jardim de Serralves<\/span><\/a><span style=\"font-weight: 400;\"> e, se for um amante de livros, passe pela <\/span><a href=\"https:\/\/www.google.com\/maps?sca_esv=ce70bdf660067438&amp;rlz=1C1GCEA_enPT1172PT1172&amp;sxsrf=ANbL-n7EFjvzj9XLKuvyw4JxMo2i4KI1Dw:1769087758182&amp;gs_lp=Egxnd3Mtd2l6LXNlcnAiBWxpdnJhKgIIADITEC4YgAQYsQMYQxjHARiKBRivATIKEAAYgAQYQxiKBTIIEAAYgAQYsQMyChAAGIAEGEMYigUyCxAAGIAEGJIDGIoFMgsQABiABBiSAxjLATIFEAAYgAQyEBAAGIAEGLEDGEMYyQMYigUyChAAGIAEGEMYigUyBRAAGIAEMiIQLhiABBixAxhDGMcBGIoFGK8BGJcFGNwEGN4EGOAE2AEBSPYOUABYrAZwAHgAkAEAmAGhAaABxAWqAQMwLjW4AQPIAQD4AQGYAgWgAucFwgIEECMYJ8ICEBAjGPAFGIAEGCcYyQIYigXCAgQQABgDwgIQEC4YgAQYQxjHARiKBRivAcICBRAuGIAEwgIOEC4YgAQYsQMYgwEYigXCAgoQLhiABBhDGIoFwgILEAAYgAQYsQMYgwHCAgoQIxiABBgnGIoFwgILEC4YgAQYsQMYgwHCAgoQABiABBgUGIcCmAMAugYGCAEQARgUkgcDMC41oAebUrIHAzAuNbgH5wXCBwMyLTXIBxyACAA&amp;um=1&amp;ie=UTF-8&amp;fb=1&amp;gl=pt&amp;sa=X&amp;geocode=KXeaXoziZCQNMU_koeheQAh_&amp;daddr=R.+das+Carmelitas+144,+4050-161+Porto\"><span style=\"font-weight: 400;\">Livraria Lello<\/span><\/a><span style=\"font-weight: 400;\">, n\u00e3o sem antes reservar antecipadamente o seu bilhete no site da institui\u00e7\u00e3o.<\/span><\/p>\n<p><img loading=\"lazy\" class=\"alignnone wp-image-85953 size-full\" src=\"https:\/\/honda-automoveis.pt\/blog\/wp-content\/uploads\/2026\/03\/escapadinhas-fim-semana-honda-884x552-1.jpg\" alt=\"Fam\u00edlia junto a um lago; duas crian\u00e7as e um c\u00e3o em primeiro plano, adultos ao fundo, com um autom\u00f3vel estacionado na margem e vegeta\u00e7\u00e3o abundante em redor.\" width=\"884\" height=\"552\" srcset=\"https:\/\/honda-automoveis.pt\/blog\/wp-content\/uploads\/2026\/03\/escapadinhas-fim-semana-honda-884x552-1.jpg 884w, https:\/\/honda-automoveis.pt\/blog\/wp-content\/uploads\/2026\/03\/escapadinhas-fim-semana-honda-884x552-1-300x187.jpg 300w, https:\/\/honda-automoveis.pt\/blog\/wp-content\/uploads\/2026\/03\/escapadinhas-fim-semana-honda-884x552-1-768x480.jpg 768w, https:\/\/honda-automoveis.pt\/blog\/wp-content\/uploads\/2026\/03\/escapadinhas-fim-semana-honda-884x552-1-622x388.jpg 622w, https:\/\/honda-automoveis.pt\/blog\/wp-content\/uploads\/2026\/03\/escapadinhas-fim-semana-honda-884x552-1-492x307.jpg 492w, https:\/\/honda-automoveis.pt\/blog\/wp-content\/uploads\/2026\/03\/escapadinhas-fim-semana-honda-884x552-1-360x225.jpg 360w, https:\/\/honda-automoveis.pt\/blog\/wp-content\/uploads\/2026\/03\/escapadinhas-fim-semana-honda-884x552-1-752x470.jpg 752w\" sizes=\"(max-width: 884px) 100vw, 884px\" \/><\/p>\n<h2><b>No centro est\u00e1 a virtude&#8230; e a escapadinha<\/b><\/h2>\n<p><span style=\"font-weight: 400;\">N\u00e3o t\u00e3o medi\u00e1tico como o Norte e o Sul do pa\u00eds, mas nem por isso menos atraente. Antes pelo contr\u00e1rio. No Centro de Portugal \u00e9 poss\u00edvel viver-se uma mistura harmoniosa entre cidade e aldeia, mar e campo, gastronomia e cultura. Em boa verdade, uma escapadinha rom\u00e2ntica ou em fam\u00edlia a esta regi\u00e3o proporciona o melhor de v\u00e1rios mundos.<\/span><\/p>\n<h3><b>Peniche e Ericeira: o mar, a gastronomia e a aventura<\/b><\/h3>\n<p><span style=\"font-weight: 400;\">Para quem prefere refugiar-se e recarregar baterias com o mar como pano de fundo, Peniche \u00e9 uma escolha acertada. A vila tem imensa vida, mais ainda se houver um evento ligado ao surf. Se, no seu Honda, tamb\u00e9m couber uma prancha da modalidade, este \u00e9 o destino perfeito. Perfeito tamb\u00e9m para quem aprecia abrandar os seus dias e ter na gastronomia um ponto de refer\u00eancia: peixe, muito peixe, ali\u00e1s, e marisco, fazem parte de quase todas as ementas. Se preferir percorrer a vila a p\u00e9, apreciando, vagarosamente, os seus principais monumentos \u2014 Fortaleza de Peniche, Forte da Praia e o centro hist\u00f3rico \u2014 e lojas locais, Peniche dar-lhe-\u00e1 a resposta que procura.<\/span><\/p>\n<p><span style=\"font-weight: 400;\">O mesmo se poder\u00e1 dizer sobre a Ericeira, que tem exatamente os mesmos chamativos: o mar como ponto de partida, uma gastronomia com o melhor que dali se pesca, sempre fresco, um centro hist\u00f3rico riqu\u00edssimo e algumas iniciativas ligadas ao surf. A chegada \u00e0 Ericeira com o Atl\u00e2ntico a banhar a sua costa ser\u00e1, certamente, um momento para mais tarde recordar a bordo do seu Honda.<\/span><\/p>\n<p><span style=\"font-weight: 400;\">Para melhor frui\u00e7\u00e3o destes dois destinos, evite os meses de ver\u00e3o, sempre bastante concorridos nos meses estivais, e instale-se bem no centro das respetivas vilas, onde poder\u00e1 sentir o constante cheiro a mar.<\/span><\/p>\n<h2><b>Que tal uma escapadinha de fim de semana a sul<\/b><\/h2>\n<p><span style=\"font-weight: 400;\">A sul, a meteorologia d\u00e1 sempre uma ajuda suplementar, com os dias de sol a serem mais ass\u00edduos nestas paragens. Que paragens? Lisboa, por exemplo, capital do pa\u00eds e um aut\u00eantico caldo cultural e cosmopolita, ou as cidades mais serenas e pitorescas do Alentejo, com \u00c9vora e Monsaraz \u00e0 cabe\u00e7a. Experi\u00eancias diferentes, embora todas enriquecedoras.<\/span><\/p>\n<h3><b>A capital cosmopolita e a imensid\u00e3o Alentejo<\/b><\/h3>\n<p><span style=\"font-weight: 400;\">\u00c9 agitada, tem imensa gente, mas Lisboa guarda recantos que servem todos os prop\u00f3sitos de uma escapadinha rom\u00e2ntica. O primeiro momento, ao entrar pela cidade via Ponte 25 de abril ao volante do seu Honda, ser\u00e1 de espanto, com a urbe a revelar-se em todo o seu esplendor com o Tejo a banh\u00e1-la. Mas, estacionado o carro, as atra\u00e7\u00f5es come\u00e7am e n\u00e3o cessam: restaurantes de assinatura e de origem dos mais variados cantos do globo, recantos rom\u00e2nticos em bairros como Alfama, Gra\u00e7a e Mouraria ou galerias de arte e bonitas livrarias no po\u00e9tico Chiado.\u00a0<\/span><\/p>\n<p><span style=\"font-weight: 400;\">Tamb\u00e9m pode optar pelos passeios \u00e0 beira-rio na zona de Bel\u00e9m, com vista para o Mosteiro dos Jer\u00f3nimos e a um passo de adocicar a viagem com um Pastel de Bel\u00e9m. Em Lisboa, e para tornar a escapadinha ainda mais recheada, procure um miradouro \u2014 s\u00e3o imensos \u2014 e desfrute da vista. Uma nota para enriquecer a experi\u00eancia: evite os meses de ver\u00e3o devido ao calor e ao elevado n\u00famero de turistas.<\/span><\/p>\n<p><span style=\"font-weight: 400;\">Se a paragem escolhida for mais a Sul, j\u00e1 no Alentejo, sugerimos dois destinos para a sua escapadinha de fim de semana: \u00c9vora e Monsaraz.<\/span><\/p>\n<p><span style=\"font-weight: 400;\">Este \u00faltimo, muralhado, com uma maravilhosa vista sobre o Alqueva e as suas casas t\u00edpicas, caiadas de branco, tornam Monsaraz num local especial para todo o tipo de visitante: em casal, sim, mas tamb\u00e9m em fam\u00edlia.\u00a0<\/span><\/p>\n<p><span style=\"font-weight: 400;\">O castelo confere uma aura de prote\u00e7\u00e3o e abriga ainda in\u00fameras lojas que dar\u00e3o cor ao seu fim de semana: de artesanato, v\u00ednicas e gastron\u00f3micas. Se o tempo estiver quente, abandone as muralhas e des\u00e7a at\u00e9 ao Alqueva, o maior lago artificial da Europa, para um banho refrescante.<\/span><\/p>\n<p><span style=\"font-weight: 400;\">Em \u00c9vora, o romance parece espreitar a cada esquina. Tal como as atividades em fam\u00edlia, onde um centro hist\u00f3rico riqu\u00edssimo pede uma explora\u00e7\u00e3o com a calma e sossego necess\u00e1rios. Tal como em Monsaraz, no interior das muralhas, deambular vagarosamente pelas ruas com as casas caiadas de branco \u00e9 obrigat\u00f3rio. Provar os sabores da regi\u00e3o \u00e9 outra atividade mandat\u00f3ria, com o vinho, queijo e presunto na linha da frente das op\u00e7\u00f5es gastron\u00f3micas.<\/span><\/p>\n<p><span style=\"font-weight: 400;\">Viaje no tempo e passe pelo <\/span><a href=\"https:\/\/www.google.com\/maps?sca_esv=ce70bdf660067438&amp;rlz=1C1GCEA_enPT1172PT1172&amp;sxsrf=ANbL-n7sCkLQ_jTGGfb4uWwCzBijxgV07A:1769087778615&amp;gs_lp=Egxnd3Mtd2l6LXNlcnAiDnRlbm1wbG8gcm9tYW5vKgIIADINEC4YgAQYxwEYDRivATIHEAAYgAQYDTIHEAAYgAQYDTIHEAAYgAQYDTINEC4YgAQYxwEYDRivATIHEAAYgAQYDTINEC4YgAQYxwEYDRivATIHEAAYgAQYDTIHEAAYgAQYDTINEC4YgAQYxwEYDRivATIcEC4YgAQYxwEYDRivARiXBRjcBBjeBBjgBNgBAUjJElAAWOkMcAB4AJABAJgBtQGgAZsQqgEEMC4xNLgBA8gBAPgBAZgCDqAC_hDCAhAQLhiABBjHARgnGIoFGK8BwgIKECMYgAQYJxiKBcICBBAjGCfCAg4QABiABBixAxiDARiKBcICExAuGIAEGEMYxwEYigUYjgUYrwHCAgoQABiABBhDGIoFwgIEEAAYA8ICHRAuGIAEGMcBGIoFGK8BGJcFGNwEGN4EGOAE2AEBwgIQEC4YgAQYFBiHAhjHARivAcICDRAuGIAEGLEDGEMYigXCAhYQLhiABBixAxjRAxhDGIMBGMcBGIoFwgIIEAAYgAQYsQPCAg4QLhiABBixAxjRAxjHAcICCxAAGIAEGJIDGIoFwgIMEAAYgAQYkgMYChgLwgIFEAAYgATCAgUQLhiABMICCxAuGIAEGMcBGK8BwgIGEAAYAxgKwgIJEAAYAxjJAxgKwgIQEAAYgAQYsQMYgwEYigUYCsICEhAAGIAEGLEDGJIDGIMBGAoYC8ICDxAuGIAEGLEDGIMBGAoYC8ICEhAuGIAEGMcBGAoYCxiOBRivAcICDxAuGIAEGMcBGAoYCxivAcICDBAAGIAEGLEDGAoYC8ICCRAAGIAEGAoYC8ICIRAuGIAEGMcBGAoYCxiOBRivARiXBRjcBBjeBBjgBNgBAcICEBAuGIAEGMcBGA0YjgUYrwHCAhAQABiABBixAxiDARjJAxgNwgIQEAAYgAQYsQMYgwEYigUYDcICFhAuGIAEGMcBGJgFGJkFGA0YngUYrwHCAh8QLhiABBjHARgNGI4FGK8BGJcFGNwEGN4EGOAE2AEBmAMAugYGCAEQARgUkgcEMC4xNKAH7PkBsgcEMC4xNLgH_hDCBwYyLTEzLjHIB0uACAA&amp;um=1&amp;ie=UTF-8&amp;fb=1&amp;gl=pt&amp;sa=X&amp;geocode=KUF6jwnd5BkNMb1_vr_1OHYa&amp;daddr=Largo+do+Conde+de+Vila+Flor,+7000-863+%C3%89vora\"><span style=\"font-weight: 400;\">Templo Romano<\/span><\/a><span style=\"font-weight: 400;\">, repouse no <\/span><a href=\"https:\/\/www.google.com\/maps?sca_esv=ce70bdf660067438&amp;rlz=1C1GCEA_enPT1172PT1172&amp;sxsrf=ANbL-n40fQUyMjLcrjp37sJt1qhAx9XVZQ:1769087806500&amp;uact=5&amp;gs_lp=Egxnd3Mtd2l6LXNlcnAiE2phcmRpbSBkaWFuYSDDqXZvcmEyBRAAGIAEMgYQABgFGB4yCBAAGIAEGKIEMggQABiABBiiBEigDFAAWKILcAB4AJABAJgB0gGgAYUMqgEGMC4xMS4xuAEDyAEA-AEBmAIEoAKKBMICCBAAGBMYBxgemAMAkgcDMC40oAfpTLIHAzAuNLgHigTCBwUwLjEuM8gHD4AIAA&amp;um=1&amp;ie=UTF-8&amp;fb=1&amp;gl=pt&amp;sa=X&amp;geocode=KVVVFZ_d5BkNMfr0O5N-QK2x&amp;daddr=7000-845+%C3%89vora\"><span style=\"font-weight: 400;\">Jardim de Diana<\/span><\/a><span style=\"font-weight: 400;\"> e demore-se na <\/span><a href=\"https:\/\/www.google.com\/maps?sca_esv=ce70bdf660067438&amp;sxsrf=ANbL-n77qjggZ9l9oXvHiGMaxxg5-mPo7g:1769087886157&amp;uact=5&amp;gs_lp=Egxnd3Mtd2l6LXNlcnAiB2dpcmFsZG8yChAAGIAEGEMYigUyEBAuGIAEGBQYxwEYhwIYrwEyBRAAGIAEMgUQABiABDIFEAAYgAQyBRAuGIAEMgsQLhiABBjHARivATILEC4YgAQYxwEYrwEyBxAAGIAEGAoyCxAuGIAEGMcBGK8BSJIHUABYvgVwAHgBkAEAmAG0AaABoAiqAQMwLje4AQPIAQD4AQGYAgegAtMIwgIKECMYgAQYJxiKBcICDBAjGIAEGBMYJxiKBcICBBAjGCfCAg4QABiABBixAxiDARiKBcICCxAAGIAEGLEDGIMBwgIKEC4YgAQYQxiKBcICBBAuGAPCAgQQABgDwgIREC4YgAQYsQMY0QMYgwEYxwHCAhAQLhiABBjRAxhDGMcBGIoFwgIIEAAYgAQYsQPCAgoQABiABBgUGIcCwgIIEC4YgAQYsQPCAhAQLhiABBixAxhDGIMBGIoFwgIfEC4YgAQY0QMYQxjHARiKBRiXBRjcBBjeBBjgBNgBAcICDhAuGIAEGMcBGI4FGK8BwgIREC4YgAQYxwEYmAUYmQUYrwHCAhoQLhiABBjHARivARiXBRjcBBjeBBjgBNgBAZgDALoGBggBEAEYFJIHAzAuN6AHkocBsgcDMC43uAfTCMIHAzItN8gHKYAIAA&amp;um=1&amp;ie=UTF-8&amp;fb=1&amp;gl=pt&amp;sa=X&amp;geocode=KaMEyi_c5BkNMV7hNmwhIBal&amp;daddr=Pra%C3%A7a+do+Giraldo+7,+7000-661+%C3%89vora\"><span style=\"font-weight: 400;\">Pra\u00e7a do Giraldo<\/span><\/a><span style=\"font-weight: 400;\">. H\u00e1 mais para visitar, claro, mas descobrir tamb\u00e9m \u00e9 uma arte. E \u00c9vora tem muito mais para explorar.<\/span><\/p>\n<h2><b>As escapadinhas fazem-se em seguran\u00e7a e conforto<\/b><\/h2>\n<p><span style=\"font-weight: 400;\">Umas mais longas, outras com menos quil\u00f3metros de estrada, o certo \u00e9 que qualquer das vers\u00f5es aqui apresentadas merece conforto e seguran\u00e7a durante a viagem. Siga estas dicas para que a escapadinha em fam\u00edlia ou a dois corra como pretende: na perfei\u00e7\u00e3o e para mais tarde recordar.<\/span><\/p>\n<ul>\n<li><span style=\"font-weight: 400;\">Planeie o trajeto antecipadamente. Aproveite o sistema de navega\u00e7\u00e3o integrado dos modelos Honda.<\/span><\/li>\n<li>Leve alguns snacks e bebidas para o caminho;<\/li>\n<li>Fa\u00e7a pausas caso a viagem seja longa;<\/li>\n<li>Organize o espa\u00e7o do porta-bagagens para que tudo esteja acess\u00edvel e arrumado.<\/li>\n<li>Ajuste o ar condicionado de forma a manter o ambiente confort\u00e1vel, sempre em equil\u00edbrio com a temperatura exterior.<\/li>\n<li>Crie uma playlist para o caminho: rom\u00e2ntica se a escapadinha for a dois, mais festiva se estiver com toda a fam\u00edlia a bordo.<\/li>\n<\/ul>\n<h2><b>Uma escapadinha com a Honda como companhia<\/b><\/h2>\n<p><span style=\"font-weight: 400;\">Em todos estes percursos h\u00e1 uma estrada que o aguarda para que percorra cada quil\u00f3metro na companhia do seu modelo Honda e, a\u00ed, poder\u00e1 guardar as melhores mem\u00f3rias de cada destino e de cada escapadinha. Plan\u00edcies, montanhas, estradas citadinas, colinas e vales. A Honda chega a todo o lado. <\/span><a href=\"https:\/\/honda-automoveis.pt\/pt\/carros\/\"><span style=\"font-weight: 400;\">Conhe\u00e7as as op\u00e7\u00f5es da marca<\/span><\/a><span style=\"font-weight: 400;\">.<\/span><\/p>\n<p>&nbsp;<\/p>\n","protected":false},"excerpt":{"rendered":"<p>Neste artigo, apresentamos v\u00e1rias sugest\u00f5es de destinos perfeitos para escapadinhas em fam\u00edlia ou a dois, sempre com estrada para percorrer com o seu Honda.<\/p>\n","protected":false},"author":4,"featured_media":85954,"comment_status":"open","ping_status":"open","sticky":false,"template":"","format":"standard","meta":[],"categories":[3],"tags":[],"yoast_head":"<!-- This site is optimized with the Yoast SEO plugin v18.5 - https:\/\/yoast.com\/wordpress\/plugins\/seo\/ -->\n<title>Escapadinhas de fim de semana: recarregar baterias a dois ou em fam\u00edlia<\/title>\n<meta name=\"description\" content=\"Aproveite feriados e pontes para uma escapadinha de fim de semana a dois ou em fam\u00edlia. Descubra destinos em Portugal e viaje com conforto e seguran\u00e7a\" \/>\n<meta name=\"robots\" content=\"index, follow, max-snippet:-1, max-image-preview:large, max-video-preview:-1\" \/>\n<link rel=\"canonical\" href=\"https:\/\/honda-automoveis.pt\/blog\/escapadinhas-fim-de-semana\/\" \/>\n<meta property=\"og:locale\" content=\"pt_PT\" \/>\n<meta property=\"og:type\" content=\"article\" \/>\n<meta property=\"og:title\" content=\"Escapadinhas de fim de semana: recarregar baterias a dois ou em fam\u00edlia\" \/>\n<meta property=\"og:description\" content=\"Aproveite feriados e pontes para uma escapadinha de fim de semana a dois ou em fam\u00edlia. Descubra destinos em Portugal e viaje com conforto e seguran\u00e7a\" \/>\n<meta property=\"og:url\" content=\"https:\/\/honda-automoveis.pt\/blog\/escapadinhas-fim-de-semana\/\" \/>\n<meta property=\"og:site_name\" content=\"Honda Portugal\" \/>\n<meta property=\"article:published_time\" content=\"2026-03-06T09:42:00+00:00\" \/>\n<meta property=\"article:modified_time\" content=\"2026-03-06T09:42:46+00:00\" \/>\n<meta property=\"og:image\" content=\"https:\/\/honda-automoveis.pt\/blog\/wp-content\/uploads\/2026\/03\/escapadinhas-fim-semana-honda-1000x667-1.jpg\" \/>\n\t<meta property=\"og:image:width\" content=\"1000\" \/>\n\t<meta property=\"og:image:height\" content=\"667\" \/>\n\t<meta property=\"og:image:type\" content=\"image\/jpeg\" \/>\n<meta name=\"twitter:card\" content=\"summary_large_image\" \/>\n<meta name=\"twitter:label1\" content=\"Escrito por\" \/>\n\t<meta name=\"twitter:data1\" content=\"Honda Portugal Autom\u00f3veis\" \/>\n\t<meta name=\"twitter:label2\" content=\"Tempo estimado de leitura\" \/>\n\t<meta name=\"twitter:data2\" content=\"8 minutos\" \/>\n<script type=\"application\/ld+json\" class=\"yoast-schema-graph\">{\"@context\":\"https:\/\/schema.org\",\"@graph\":[{\"@type\":\"WebSite\",\"@id\":\"https:\/\/honda-automoveis.pt\/blog\/#website\",\"url\":\"https:\/\/honda-automoveis.pt\/blog\/\",\"name\":\"Honda Portugal\",\"description\":\"Dreamers&#039; Blog\",\"potentialAction\":[{\"@type\":\"SearchAction\",\"target\":{\"@type\":\"EntryPoint\",\"urlTemplate\":\"https:\/\/honda-automoveis.pt\/blog\/?s={search_term_string}\"},\"query-input\":\"required name=search_term_string\"}],\"inLanguage\":\"pt-PT\"},{\"@type\":\"ImageObject\",\"@id\":\"https:\/\/honda-automoveis.pt\/blog\/escapadinhas-fim-de-semana\/#primaryimage\",\"inLanguage\":\"pt-PT\",\"url\":\"https:\/\/honda-automoveis.pt\/blog\/wp-content\/uploads\/2026\/03\/escapadinhas-fim-semana-honda-1000x667-1.jpg\",\"contentUrl\":\"https:\/\/honda-automoveis.pt\/blog\/wp-content\/uploads\/2026\/03\/escapadinhas-fim-semana-honda-1000x667-1.jpg\",\"width\":1000,\"height\":667,\"caption\":\"Duas pessoas adultas dentro de um autom\u00f3vel em movimento; um homem conduz enquanto uma mulher segue no lugar do passageiro, ambos sorridentes, com paisagem rural vis\u00edvel atrav\u00e9s das janelas.\"},{\"@type\":\"WebPage\",\"@id\":\"https:\/\/honda-automoveis.pt\/blog\/escapadinhas-fim-de-semana\/#webpage\",\"url\":\"https:\/\/honda-automoveis.pt\/blog\/escapadinhas-fim-de-semana\/\",\"name\":\"Escapadinhas de fim de semana: recarregar baterias a dois ou em fam\u00edlia\",\"isPartOf\":{\"@id\":\"https:\/\/honda-automoveis.pt\/blog\/#website\"},\"primaryImageOfPage\":{\"@id\":\"https:\/\/honda-automoveis.pt\/blog\/escapadinhas-fim-de-semana\/#primaryimage\"},\"datePublished\":\"2026-03-06T09:42:00+00:00\",\"dateModified\":\"2026-03-06T09:42:46+00:00\",\"author\":{\"@id\":\"https:\/\/honda-automoveis.pt\/blog\/#\/schema\/person\/7f8ab873bdf8dbd771f0d57531954f87\"},\"description\":\"Aproveite feriados e pontes para uma escapadinha de fim de semana a dois ou em fam\u00edlia. Descubra destinos em Portugal e viaje com conforto e seguran\u00e7a\",\"breadcrumb\":{\"@id\":\"https:\/\/honda-automoveis.pt\/blog\/escapadinhas-fim-de-semana\/#breadcrumb\"},\"inLanguage\":\"pt-PT\",\"potentialAction\":[{\"@type\":\"ReadAction\",\"target\":[\"https:\/\/honda-automoveis.pt\/blog\/escapadinhas-fim-de-semana\/\"]}]},{\"@type\":\"BreadcrumbList\",\"@id\":\"https:\/\/honda-automoveis.pt\/blog\/escapadinhas-fim-de-semana\/#breadcrumb\",\"itemListElement\":[{\"@type\":\"ListItem\",\"position\":1,\"name\":\"In\u00edcio\",\"item\":\"https:\/\/honda-automoveis.pt\/blog\/\"},{\"@type\":\"ListItem\",\"position\":2,\"name\":\"Escapadinhas de fim de semana: recarregue baterias a dois ou em fam\u00edlia\"}]},{\"@type\":\"Person\",\"@id\":\"https:\/\/honda-automoveis.pt\/blog\/#\/schema\/person\/7f8ab873bdf8dbd771f0d57531954f87\",\"name\":\"Honda Portugal Autom\u00f3veis\",\"image\":{\"@type\":\"ImageObject\",\"@id\":\"https:\/\/honda-automoveis.pt\/blog\/#personlogo\",\"inLanguage\":\"pt-PT\",\"url\":\"https:\/\/honda-automoveis.pt\/blog\/wp-content\/uploads\/2023\/06\/logo_perfil-150x150.png\",\"contentUrl\":\"https:\/\/honda-automoveis.pt\/blog\/wp-content\/uploads\/2023\/06\/logo_perfil-150x150.png\",\"caption\":\"Honda Portugal Autom\u00f3veis\"},\"description\":\"A Honda chegou a Portugal em 1968, preparada para conquistar os portugueses com a sua inovadora tecnologia e os melhores e mais fi\u00e1veis autom\u00f3veis. Com uma longa hist\u00f3ria de sucesso no nosso pa\u00eds, a Honda conquistou uma verdadeira comunidade de f\u00e3s, que reconhecem na marca a fiabilidade, seguran\u00e7a e tecnologia que nos caracterizam. A competi\u00e7\u00e3o e a performance est\u00e3o no nosso ADN e \u00e9 por isso que, diariamente, continuamos a trabalhar para que todas as viagens sejam verdadeiramente emocionantes.\",\"url\":\"https:\/\/honda-automoveis.pt\/blog\/author\/honda-portugal\/\"}]}<\/script>\n<!-- \/ Yoast SEO plugin. -->","yoast_head_json":{"title":"Escapadinhas de fim de semana: recarregar baterias a dois ou em fam\u00edlia","description":"Aproveite feriados e pontes para uma escapadinha de fim de semana a dois ou em fam\u00edlia. Descubra destinos em Portugal e viaje com conforto e seguran\u00e7a","robots":{"index":"index","follow":"follow","max-snippet":"max-snippet:-1","max-image-preview":"max-image-preview:large","max-video-preview":"max-video-preview:-1"},"canonical":"https:\/\/honda-automoveis.pt\/blog\/escapadinhas-fim-de-semana\/","og_locale":"pt_PT","og_type":"article","og_title":"Escapadinhas de fim de semana: recarregar baterias a dois ou em fam\u00edlia","og_description":"Aproveite feriados e pontes para uma escapadinha de fim de semana a dois ou em fam\u00edlia. Descubra destinos em Portugal e viaje com conforto e seguran\u00e7a","og_url":"https:\/\/honda-automoveis.pt\/blog\/escapadinhas-fim-de-semana\/","og_site_name":"Honda Portugal","article_published_time":"2026-03-06T09:42:00+00:00","article_modified_time":"2026-03-06T09:42:46+00:00","og_image":[{"width":1000,"height":667,"url":"https:\/\/honda-automoveis.pt\/blog\/wp-content\/uploads\/2026\/03\/escapadinhas-fim-semana-honda-1000x667-1.jpg","type":"image\/jpeg"}],"twitter_card":"summary_large_image","twitter_misc":{"Escrito por":"Honda Portugal Autom\u00f3veis","Tempo estimado de leitura":"8 minutos"},"schema":{"@context":"https:\/\/schema.org","@graph":[{"@type":"WebSite","@id":"https:\/\/honda-automoveis.pt\/blog\/#website","url":"https:\/\/honda-automoveis.pt\/blog\/","name":"Honda Portugal","description":"Dreamers&#039; Blog","potentialAction":[{"@type":"SearchAction","target":{"@type":"EntryPoint","urlTemplate":"https:\/\/honda-automoveis.pt\/blog\/?s={search_term_string}"},"query-input":"required name=search_term_string"}],"inLanguage":"pt-PT"},{"@type":"ImageObject","@id":"https:\/\/honda-automoveis.pt\/blog\/escapadinhas-fim-de-semana\/#primaryimage","inLanguage":"pt-PT","url":"https:\/\/honda-automoveis.pt\/blog\/wp-content\/uploads\/2026\/03\/escapadinhas-fim-semana-honda-1000x667-1.jpg","contentUrl":"https:\/\/honda-automoveis.pt\/blog\/wp-content\/uploads\/2026\/03\/escapadinhas-fim-semana-honda-1000x667-1.jpg","width":1000,"height":667,"caption":"Duas pessoas adultas dentro de um autom\u00f3vel em movimento; um homem conduz enquanto uma mulher segue no lugar do passageiro, ambos sorridentes, com paisagem rural vis\u00edvel atrav\u00e9s das janelas."},{"@type":"WebPage","@id":"https:\/\/honda-automoveis.pt\/blog\/escapadinhas-fim-de-semana\/#webpage","url":"https:\/\/honda-automoveis.pt\/blog\/escapadinhas-fim-de-semana\/","name":"Escapadinhas de fim de semana: recarregar baterias a dois ou em fam\u00edlia","isPartOf":{"@id":"https:\/\/honda-automoveis.pt\/blog\/#website"},"primaryImageOfPage":{"@id":"https:\/\/honda-automoveis.pt\/blog\/escapadinhas-fim-de-semana\/#primaryimage"},"datePublished":"2026-03-06T09:42:00+00:00","dateModified":"2026-03-06T09:42:46+00:00","author":{"@id":"https:\/\/honda-automoveis.pt\/blog\/#\/schema\/person\/7f8ab873bdf8dbd771f0d57531954f87"},"description":"Aproveite feriados e pontes para uma escapadinha de fim de semana a dois ou em fam\u00edlia. Descubra destinos em Portugal e viaje com conforto e seguran\u00e7a","breadcrumb":{"@id":"https:\/\/honda-automoveis.pt\/blog\/escapadinhas-fim-de-semana\/#breadcrumb"},"inLanguage":"pt-PT","potentialAction":[{"@type":"ReadAction","target":["https:\/\/honda-automoveis.pt\/blog\/escapadinhas-fim-de-semana\/"]}]},{"@type":"BreadcrumbList","@id":"https:\/\/honda-automoveis.pt\/blog\/escapadinhas-fim-de-semana\/#breadcrumb","itemListElement":[{"@type":"ListItem","position":1,"name":"In\u00edcio","item":"https:\/\/honda-automoveis.pt\/blog\/"},{"@type":"ListItem","position":2,"name":"Escapadinhas de fim de semana: recarregue baterias a dois ou em fam\u00edlia"}]},{"@type":"Person","@id":"https:\/\/honda-automoveis.pt\/blog\/#\/schema\/person\/7f8ab873bdf8dbd771f0d57531954f87","name":"Honda Portugal Autom\u00f3veis","image":{"@type":"ImageObject","@id":"https:\/\/honda-automoveis.pt\/blog\/#personlogo","inLanguage":"pt-PT","url":"https:\/\/honda-automoveis.pt\/blog\/wp-content\/uploads\/2023\/06\/logo_perfil-150x150.png","contentUrl":"https:\/\/honda-automoveis.pt\/blog\/wp-content\/uploads\/2023\/06\/logo_perfil-150x150.png","caption":"Honda Portugal Autom\u00f3veis"},"description":"A Honda chegou a Portugal em 1968, preparada para conquistar os portugueses com a sua inovadora tecnologia e os melhores e mais fi\u00e1veis autom\u00f3veis. Com uma longa hist\u00f3ria de sucesso no nosso pa\u00eds, a Honda conquistou uma verdadeira comunidade de f\u00e3s, que reconhecem na marca a fiabilidade, seguran\u00e7a e tecnologia que nos caracterizam. A competi\u00e7\u00e3o e a performance est\u00e3o no nosso ADN e \u00e9 por isso que, diariamente, continuamos a trabalhar para que todas as viagens sejam verdadeiramente emocionantes.","url":"https:\/\/honda-automoveis.pt\/blog\/author\/honda-portugal\/"}]}},"_links":{"self":[{"href":"https:\/\/honda-automoveis.pt\/blog\/wp-json\/wp\/v2\/posts\/85951"}],"collection":[{"href":"https:\/\/honda-automoveis.pt\/blog\/wp-json\/wp\/v2\/posts"}],"about":[{"href":"https:\/\/honda-automoveis.pt\/blog\/wp-json\/wp\/v2\/types\/post"}],"author":[{"embeddable":true,"href":"https:\/\/honda-automoveis.pt\/blog\/wp-json\/wp\/v2\/users\/4"}],"replies":[{"embeddable":true,"href":"https:\/\/honda-automoveis.pt\/blog\/wp-json\/wp\/v2\/comments?post=85951"}],"version-history":[{"count":3,"href":"https:\/\/honda-automoveis.pt\/blog\/wp-json\/wp\/v2\/posts\/85951\/revisions"}],"predecessor-version":[{"id":85957,"href":"https:\/\/honda-automoveis.pt\/blog\/wp-json\/wp\/v2\/posts\/85951\/revisions\/85957"}],"wp:featuredmedia":[{"embeddable":true,"href":"https:\/\/honda-automoveis.pt\/blog\/wp-json\/wp\/v2\/media\/85954"}],"wp:attachment":[{"href":"https:\/\/honda-automoveis.pt\/blog\/wp-json\/wp\/v2\/media?parent=85951"}],"wp:term":[{"taxonomy":"category","embeddable":true,"href":"https:\/\/honda-automoveis.pt\/blog\/wp-json\/wp\/v2\/categories?post=85951"},{"taxonomy":"post_tag","embeddable":true,"href":"https:\/\/honda-automoveis.pt\/blog\/wp-json\/wp\/v2\/tags?post=85951"}],"curies":[{"name":"wp","href":"https:\/\/api.w.org\/{rel}","templated":true}]}}