{"id":86032,"date":"2026-04-30T14:43:03","date_gmt":"2026-04-30T14:43:03","guid":{"rendered":"https:\/\/honda-automoveis.pt\/blog\/?p=86032"},"modified":"2026-04-30T14:44:30","modified_gmt":"2026-04-30T14:44:30","slug":"honda-prelude-o-regresso","status":"publish","type":"post","link":"https:\/\/honda-automoveis.pt\/blog\/honda-prelude-o-regresso\/","title":{"rendered":"O Honda Prelude renasceu? Conhe\u00e7a a 6\u00aa gera\u00e7\u00e3o do lend\u00e1rio que une hist\u00f3ria e pot\u00eancia h\u00edbrida."},"content":{"rendered":"<p><span style=\"font-weight: 400;\">Saudades do <\/span><b>Honda Prelude<\/b><span style=\"font-weight: 400;\">? O lend\u00e1rio coup\u00e9 est\u00e1 de volta e renasceu para conduzir o futuro. Se \u00e9 f\u00e3 de carros, a h<\/span><b>ist\u00f3ria do Honda Prelude<\/b><span style=\"font-weight: 400;\"> diz-lhe muito. Se \u00e9 novo por aqui, prepare-se: est\u00e1 prestes a conhecer o coup\u00e9 que sempre foi o \u201c\u00edcone\u201d da tecnologia Honda. Depois de <\/span><b>25 anos de aus\u00eancia, regressa <\/b><span style=\"font-weight: 400;\">pronto para escrever um novo cap\u00edtulo nesta linhagem lend\u00e1ria.\u00a0<\/span><\/p>\n<p><span style=\"font-weight: 400;\">Mas n\u00e3o se engane: n\u00e3o \u00e9 apenas um exerc\u00edcio de nostalgia. O novo <\/span><a href=\"https:\/\/honda-automoveis.pt\/pt\/carros\/honda-prelude-hybrid\/\"><b>Honda Prelude 2026<\/b><\/a><span style=\"font-weight: 400;\"> chega para provar que a espera valeu a pena. Este lan\u00e7amento afirma que a paix\u00e3o pela condu\u00e7\u00e3o pode ser eletrificada e eleva a fasquia para quem procura sentir o prazer da condu\u00e7\u00e3o.\u00a0<\/span><\/p>\n<p><span style=\"font-weight: 400;\">Quer seja um f\u00e3 de longa data ou esteja a descobri-lo agora, o Prelude promete voltar a fazer sentir a estrada e marcar novas gera\u00e7\u00f5es.\u00a0<\/span><\/p>\n<h2><b>As 5 primeiras gera\u00e7\u00f5es do Honda Prelude.<\/b><\/h2>\n<p><span style=\"font-weight: 400;\">Existem nomes no mundo autom\u00f3vel que nunca saem da estrada. O Honda Prelude \u00e9, sem d\u00favida, um desses nomes. Ao longo de <\/span><b>5 gera\u00e7\u00f5es<\/b><span style=\"font-weight: 400;\">, tornou-se um s\u00edmbolo de inova\u00e7\u00e3o: um coup\u00e9 que n\u00e3o seguia tend\u00eancias, criava-as.\u00a0<\/span><\/p>\n<p><span style=\"font-weight: 400;\">A<\/span><b> hist\u00f3ria do Honda Prelude <\/b><span style=\"font-weight: 400;\">come\u00e7a em 1978, numa altura em que a Honda queria afirmar-se n\u00e3o apenas pela fiabilidade, mas tamb\u00e9m pela inova\u00e7\u00e3o e emo\u00e7\u00e3o ao volante.\u00a0<\/span><\/p>\n<p><span style=\"font-weight: 400;\">Este modelo serviu como<\/span><b> \u201claborat\u00f3rio tecnol\u00f3gico\u201d da Honda<\/b><span style=\"font-weight: 400;\">. Foi nele que a marca introduziu inova\u00e7\u00f5es que hoje consideramos comuns, mas que na altura eram revolucion\u00e1rias.\u00a0<\/span><\/p>\n<p><span style=\"font-weight: 400;\">Vamos recuar no tempo para perceber este fen\u00f3meno de popularidade:<\/span><\/p>\n<h3><b>1\u00aa gera\u00e7\u00e3o (1978 &#8211; 1982): o in\u00edcio de tudo.\u00a0<\/b><\/h3>\n<p><span style=\"font-weight: 400;\">O primeiro Honda Prelude trouxe uma nova forma de olhar para os coup\u00e9s: linhas elegantes e uma experi\u00eancia pensada para o condutor. A grande estrela? O <\/span><b>teto de abrir el\u00e9trico<\/b><span style=\"font-weight: 400;\">, uma inova\u00e7\u00e3o que, na \u00e9poca, fez toda a diferen\u00e7a.<\/span><\/p>\n<h3><b>2\u00aa gera\u00e7\u00e3o (1982 &#8211; 1987): mais desportivo, mais tecnol\u00f3gico.<\/b><\/h3>\n<p><span style=\"font-weight: 400;\">Com linhas mais marcadas, esta gera\u00e7\u00e3o consolidou a identidade do Honda Prelude. Introduziu os ic\u00f3nicos far\u00f3is escamot\u00e1veis (que podiam ser ocultados) e um perfil mais aerodin\u00e2mico.\u00a0<\/span><\/p>\n<p><span style=\"font-weight: 400;\">Mais agressivo, mais focado, mais emocionante. O Prelude come\u00e7ava aqui a afirmar-se como verdadeiro carro desportivo.<\/span><\/p>\n<h3><b>3\u00aa gera\u00e7\u00e3o (1987 &#8211; 1991): inova\u00e7\u00e3o que virou refer\u00eancia.\u00a0<\/b><\/h3>\n<p><span style=\"font-weight: 400;\">Surge um dos marcos mais importantes da hist\u00f3ria do Honda Prelude: o <\/span><b>sistema de dire\u00e7\u00e3o \u00e0s quatro rodas (4WS)<\/b><span style=\"font-weight: 400;\">. Foi o primeiro carro de produ\u00e7\u00e3o com esta tecnologia, garantindo uma agilidade e precis\u00e3o em curva nunca antes vistas.<\/span><\/p>\n<h3><b>4\u00aa gera\u00e7\u00e3o (1991 &#8211; 1996): o salto para a performance pura.\u00a0<\/b><\/h3>\n<p><span style=\"font-weight: 400;\">O design tornou-se mais refinado, musculado e futurista, abandonando os far\u00f3is retr\u00e1teis. Foi uma fase de maturidade, focada no desempenho puro e no conforto para o dia a dia, sem perder a emo\u00e7\u00e3o.\u00a0<\/span><\/p>\n<h3><b>5\u00aa gera\u00e7\u00e3o (1996 &#8211; 2001): o auge antes da pausa.<\/b><\/h3>\n<p><span style=\"font-weight: 400;\">A \u00faltima gera\u00e7\u00e3o trouxe motores mais potentes e um regresso \u00e0s linhas cl\u00e1ssicas e elegantes. Equipado com o <\/span><b>sistema ATTs<\/b><span style=\"font-weight: 400;\"> para um controlo de tra\u00e7\u00e3o superior, foi para muitos o Honda Prelude mais completo de sempre. Mas, em 2001, a produ\u00e7\u00e3o chegou ao fim.<\/span><\/p>\n<h2><b>Porque desapareceu o Honda Prelude em 2001?<\/b><\/h2>\n<p><span style=\"font-weight: 400;\">Infelizmente, com a viragem do mil\u00e9nio, as tend\u00eancias de mercado mudaram para os SUVs e o Prelude despediu-se.\u00a0<\/span><\/p>\n<p><span style=\"font-weight: 400;\">Ainda assim, o seu legado e carisma nunca foram esquecidos. O seu esp\u00edrito de inova\u00e7\u00e3o ficou \u201cem pausa\u201d, aguardando o momento certo para voltar. E 25 anos depois, esse momento chegou.\u00a0\u00a0<\/span><\/p>\n<p><img loading=\"lazy\" class=\"alignnone wp-image-86036 size-full\" src=\"https:\/\/honda-automoveis.pt\/blog\/wp-content\/uploads\/2026\/04\/honda-prelude-2.png\" alt=\"Interior do Honda Prelude 2026 com condutor ao volante, painel digital e bot\u00e3o S+Shift vis\u00edvel, com vista da estrada ao p\u00f4r do sol. \" width=\"884\" height=\"552\" srcset=\"https:\/\/honda-automoveis.pt\/blog\/wp-content\/uploads\/2026\/04\/honda-prelude-2.png 884w, https:\/\/honda-automoveis.pt\/blog\/wp-content\/uploads\/2026\/04\/honda-prelude-2-300x187.png 300w, https:\/\/honda-automoveis.pt\/blog\/wp-content\/uploads\/2026\/04\/honda-prelude-2-768x480.png 768w, https:\/\/honda-automoveis.pt\/blog\/wp-content\/uploads\/2026\/04\/honda-prelude-2-622x388.png 622w, https:\/\/honda-automoveis.pt\/blog\/wp-content\/uploads\/2026\/04\/honda-prelude-2-492x307.png 492w, https:\/\/honda-automoveis.pt\/blog\/wp-content\/uploads\/2026\/04\/honda-prelude-2-360x225.png 360w, https:\/\/honda-automoveis.pt\/blog\/wp-content\/uploads\/2026\/04\/honda-prelude-2-752x470.png 752w\" sizes=\"(max-width: 884px) 100vw, 884px\" \/><\/p>\n<h2><b>Honda Prelude 2026: o regresso de um cl\u00e1ssico reinventado.<\/b><\/h2>\n<p><span style=\"font-weight: 400;\">Com a volta do Honda Prelude, em 2026, um nome lend\u00e1rio regressa \u00e0s estradas e volta a captar a aten\u00e7\u00e3o de f\u00e3s hist\u00f3ricos e de uma nova gera\u00e7\u00e3o de condutores.<\/span><\/p>\n<p><span style=\"font-weight: 400;\">A 6\u00aa gera\u00e7\u00e3o n\u00e3o \u00e9 apenas um tributo, \u00e9 uma evolu\u00e7\u00e3o estrat\u00e9gica. Foi desenhada para quem n\u00e3o abdica do prazer de condu\u00e7\u00e3o, mas exige a efici\u00eancia de um ve\u00edculo h\u00edbrido moderno. Este lan\u00e7amento marca o<\/span><b> renascimento de uma lenda<\/b><span style=\"font-weight: 400;\">.<\/span><\/p>\n<h2><b>O que esperar da 6\u00aa gera\u00e7\u00e3o do Honda Prelude?<\/b><\/h2>\n<p><span style=\"font-weight: 400;\">O <\/span><b>novo <\/b><a href=\"https:\/\/honda-automoveis.pt\/pt\/carros\/honda-prelude-hybrid\/\"><b>Honda Prelude<\/b><\/a><b> 2026 <\/b><span style=\"font-weight: 400;\">\u00e9 a ponte perfeita entre um passado glorioso e um futuro emocionante. Fiel \u00e0 filosofia de engenharia Honda, a emo\u00e7\u00e3o de conduzir regressa reinventada: pot\u00eancia h\u00edbrida, tecnologia de ponta e, pela primeira vez, a tecnologia s+shift para uma liga\u00e7\u00e3o ao condutor sem igual.<\/span><\/p>\n<h3><b>Ser\u00e1 que um h\u00edbrido consegue ter a alma de um desportivo?<\/b><\/h3>\n<p><span style=\"font-weight: 400;\">O Honda Prelude 2026 responde com a tecnologia full hybrid e:HEV, com dois motores el\u00e9tricos que entregam uma resposta imediata e linear. Mas \u00e9 a tecnologia s+shift que verdadeiramente acende a chama desportiva.<\/span><\/p>\n<h3><b>S+ Shift: uma nova forma de sentir a condu\u00e7\u00e3o.<\/b><\/h3>\n<p><span style=\"font-weight: 400;\">Para os f\u00e3s que valorizam o desenvolvimento mec\u00e2nico, a Honda desenvolveu <\/span><b>a tecnologia S+Shift<\/b><span style=\"font-weight: 400;\">. As patilhas no volante simulam as passagens de caixa e devolvem sensa\u00e7\u00f5es na desacelera\u00e7\u00e3o que raramente se encontram num h\u00edbrido.<\/span><\/p>\n<p><span style=\"font-weight: 400;\">\u00c9 aqui que o sil\u00eancio ganha som e o h\u00edbrido ganha pulso.<\/span><\/p>\n<h3><b>Chassis inspirado no Type R.<\/b><\/h3>\n<p><span style=\"font-weight: 400;\">A agilidade deste carro desportivo nasce de uma heran\u00e7a de pista. Equipado com Sistema de Amortecedores Adaptativo herdado do <\/span><a href=\"https:\/\/honda-automoveis.pt\/pt\/carros\/honda-civic-type-r\/\"><b>Civic Type R<\/b><\/a><span style=\"font-weight: 400;\">, o Prelude garante estabilidade m\u00e1xima em curva e uma precis\u00e3o de dire\u00e7\u00e3o \u00edmpar.<\/span><\/p>\n<p><span style=\"font-weight: 400;\">Cada curva \u00e9 mais precisa. Cada acelera\u00e7\u00e3o mais envolvente. Cada viagem, mais memor\u00e1vel.<\/span><\/p>\n<h3><b>Design e cockpit que n\u00e3o passam despercebidos.<\/b><\/h3>\n<p><span style=\"font-weight: 400;\">A hist\u00f3ria do Honda Prelude sempre foi sobre estilo. Com um <\/span><b>capot baixo e uma silhueta fastback<\/b><span style=\"font-weight: 400;\">, foi esculpido para deslizar com o vento. Detalhes como as jantes de 19\u201d em preto brilhante e os trav\u00f5es Brembo confirmam que este \u00e9 um modelo de alto desempenho.<\/span><\/p>\n<p><span style=\"font-weight: 400;\">Por dentro, o foco \u00e9 100% no condutor. O <\/span><b>cockpit ergon\u00f3mico<\/b><span style=\"font-weight: 400;\"> conta com um volante em &#8220;D&#8221;, pedais em a\u00e7o e bancos desportivos com o log\u00f3tipo &#8220;Prelude&#8221; bordado. E porque seguran\u00e7a \u00e9 fundamental, o sistema <\/span><b>Honda SENSING<\/b><span style=\"font-weight: 400;\"> atua como o seu copiloto, garantindo que se foca apenas no prazer de conduzir.<\/span><\/p>\n<p><span style=\"font-weight: 400;\">\u00c9 o equil\u00edbrio perfeito entre a sofistica\u00e7\u00e3o de um executivo e a agressividade de um modelo de pista, consolidando-o como um dos <\/span><b>autom\u00f3veis desportivos mais desejados do ano<\/b><span style=\"font-weight: 400;\">.<\/span><\/p>\n<h2><b>Porqu\u00ea escolher o novo Honda Prelude 2026?<\/b><\/h2>\n<p><span style=\"font-weight: 400;\">Escolher um Prelude sempre foi para quem n\u00e3o se cont\u00eam com o \u00f3bvio. \u00c9 para quem procura algo que foge ao comum, onde a eleg\u00e2ncia e a engenharia japonesa falam mais alto que qualquer tend\u00eancia passageira.\u00a0<\/span><\/p>\n<p><span style=\"font-weight: 400;\">O <\/span><a href=\"https:\/\/honda-automoveis.pt\/pt\/carros\/honda-prelude-hybrid\/\"><b>novo Honda Prelude 2026<\/b><\/a><span style=\"font-weight: 400;\"> combina a nostalgia dos anos dourados e a tecnologia necess\u00e1ria para os pr\u00f3ximos anos. Afinal, a hist\u00f3ria do Honda Prelude sempre foi feita de inova\u00e7\u00e3o e ousadia.<\/span><\/p>\n<h2><b>Preparado para sentir emo\u00e7\u00e3o \u00e0 primeira curva?<\/b><\/h2>\n<p><span style=\"font-weight: 400;\">Seja para reviver mem\u00f3rias ou para criar novas, o Honda Prelude 2026 est\u00e1 pronto para dominar as aten\u00e7\u00f5es. Quer ser um dos primeiros a sentir esta emo\u00e7\u00e3o?<\/span><\/p>\n<p><span style=\"font-weight: 400;\">Fa\u00e7a a sua <\/span><a href=\"https:\/\/contasfeitas.honda-automoveis.pt\/honda-prelude-hybrid\"><b>pr\u00e9-reserva do novo Honda Prelude<\/b><\/a><span style=\"font-weight: 400;\"> ou explore o <\/span><a href=\"https:\/\/honda-automoveis.pt\/uploads\/catalogo\/honda-prelude.pdf\"><span style=\"font-weight: 400;\">cat\u00e1logo complet<\/span><\/a><span style=\"font-weight: 400;\">.\u00a0<\/span><\/p>\n<p><b>O futuro renasceu. Vemo-nos na estrada?<\/b><\/p>\n","protected":false},"excerpt":{"rendered":"<p>Saudades do Honda Prelude? O lend\u00e1rio coup\u00e9 est\u00e1 de volta e renasceu para conduzir o futuro. Se \u00e9 f\u00e3 de carros, a hist\u00f3ria do Honda Prelude diz-lhe muito.<\/p>\n","protected":false},"author":4,"featured_media":86033,"comment_status":"open","ping_status":"open","sticky":false,"template":"","format":"standard","meta":[],"categories":[16],"tags":[],"yoast_head":"<!-- This site is optimized with the Yoast SEO plugin v18.5 - https:\/\/yoast.com\/wordpress\/plugins\/seo\/ -->\n<title>O Honda Prelude renasceu? Conhe\u00e7a o novo lend\u00e1rio h\u00edbrido<\/title>\n<meta name=\"description\" content=\"Conhe\u00e7a a hist\u00f3ria do Honda Prelude, desde 1978 at\u00e9 ao novo Honda Prelude 2026. Descubra a evolu\u00e7\u00e3o do coup\u00e9 que regressa agora com alma h\u00edbrida. Saiba mais.\" \/>\n<meta name=\"robots\" content=\"index, follow, max-snippet:-1, max-image-preview:large, max-video-preview:-1\" \/>\n<link rel=\"canonical\" href=\"https:\/\/honda-automoveis.pt\/blog\/honda-prelude-o-regresso\/\" \/>\n<meta property=\"og:locale\" content=\"pt_PT\" \/>\n<meta property=\"og:type\" content=\"article\" \/>\n<meta property=\"og:title\" content=\"O Honda Prelude renasceu? Conhe\u00e7a o novo lend\u00e1rio h\u00edbrido\" \/>\n<meta property=\"og:description\" content=\"Conhe\u00e7a a hist\u00f3ria do Honda Prelude, desde 1978 at\u00e9 ao novo Honda Prelude 2026. Descubra a evolu\u00e7\u00e3o do coup\u00e9 que regressa agora com alma h\u00edbrida. Saiba mais.\" \/>\n<meta property=\"og:url\" content=\"https:\/\/honda-automoveis.pt\/blog\/honda-prelude-o-regresso\/\" \/>\n<meta property=\"og:site_name\" content=\"Honda Portugal\" \/>\n<meta property=\"article:published_time\" content=\"2026-04-30T14:43:03+00:00\" \/>\n<meta property=\"article:modified_time\" content=\"2026-04-30T14:44:30+00:00\" \/>\n<meta property=\"og:image\" content=\"https:\/\/honda-automoveis.pt\/blog\/wp-content\/uploads\/2026\/04\/honda-prelude-1.png\" \/>\n\t<meta property=\"og:image:width\" content=\"1000\" \/>\n\t<meta property=\"og:image:height\" content=\"667\" \/>\n\t<meta property=\"og:image:type\" content=\"image\/png\" \/>\n<meta name=\"twitter:card\" content=\"summary_large_image\" \/>\n<meta name=\"twitter:label1\" content=\"Escrito por\" \/>\n\t<meta name=\"twitter:data1\" content=\"Honda Portugal Autom\u00f3veis\" \/>\n\t<meta name=\"twitter:label2\" content=\"Tempo estimado de leitura\" \/>\n\t<meta name=\"twitter:data2\" content=\"6 minutos\" \/>\n<script type=\"application\/ld+json\" class=\"yoast-schema-graph\">{\"@context\":\"https:\/\/schema.org\",\"@graph\":[{\"@type\":\"WebSite\",\"@id\":\"https:\/\/honda-automoveis.pt\/blog\/#website\",\"url\":\"https:\/\/honda-automoveis.pt\/blog\/\",\"name\":\"Honda Portugal\",\"description\":\"Dreamers&#039; Blog\",\"potentialAction\":[{\"@type\":\"SearchAction\",\"target\":{\"@type\":\"EntryPoint\",\"urlTemplate\":\"https:\/\/honda-automoveis.pt\/blog\/?s={search_term_string}\"},\"query-input\":\"required name=search_term_string\"}],\"inLanguage\":\"pt-PT\"},{\"@type\":\"ImageObject\",\"@id\":\"https:\/\/honda-automoveis.pt\/blog\/honda-prelude-o-regresso\/#primaryimage\",\"inLanguage\":\"pt-PT\",\"url\":\"https:\/\/honda-automoveis.pt\/blog\/wp-content\/uploads\/2026\/04\/honda-prelude-1.png\",\"contentUrl\":\"https:\/\/honda-automoveis.pt\/blog\/wp-content\/uploads\/2026\/04\/honda-prelude-1.png\",\"width\":1000,\"height\":667,\"caption\":\"Honda Prelude 2026, na cor Meteoroid Grey Metallic, a circular em estrada aberta com uma paisagem natural, destacando o seu design moderno.\"},{\"@type\":\"WebPage\",\"@id\":\"https:\/\/honda-automoveis.pt\/blog\/honda-prelude-o-regresso\/#webpage\",\"url\":\"https:\/\/honda-automoveis.pt\/blog\/honda-prelude-o-regresso\/\",\"name\":\"O Honda Prelude renasceu? Conhe\u00e7a o novo lend\u00e1rio h\u00edbrido\",\"isPartOf\":{\"@id\":\"https:\/\/honda-automoveis.pt\/blog\/#website\"},\"primaryImageOfPage\":{\"@id\":\"https:\/\/honda-automoveis.pt\/blog\/honda-prelude-o-regresso\/#primaryimage\"},\"datePublished\":\"2026-04-30T14:43:03+00:00\",\"dateModified\":\"2026-04-30T14:44:30+00:00\",\"author\":{\"@id\":\"https:\/\/honda-automoveis.pt\/blog\/#\/schema\/person\/7f8ab873bdf8dbd771f0d57531954f87\"},\"description\":\"Conhe\u00e7a a hist\u00f3ria do Honda Prelude, desde 1978 at\u00e9 ao novo Honda Prelude 2026. Descubra a evolu\u00e7\u00e3o do coup\u00e9 que regressa agora com alma h\u00edbrida. Saiba mais.\",\"breadcrumb\":{\"@id\":\"https:\/\/honda-automoveis.pt\/blog\/honda-prelude-o-regresso\/#breadcrumb\"},\"inLanguage\":\"pt-PT\",\"potentialAction\":[{\"@type\":\"ReadAction\",\"target\":[\"https:\/\/honda-automoveis.pt\/blog\/honda-prelude-o-regresso\/\"]}]},{\"@type\":\"BreadcrumbList\",\"@id\":\"https:\/\/honda-automoveis.pt\/blog\/honda-prelude-o-regresso\/#breadcrumb\",\"itemListElement\":[{\"@type\":\"ListItem\",\"position\":1,\"name\":\"In\u00edcio\",\"item\":\"https:\/\/honda-automoveis.pt\/blog\/\"},{\"@type\":\"ListItem\",\"position\":2,\"name\":\"O Honda Prelude renasceu? Conhe\u00e7a a 6\u00aa gera\u00e7\u00e3o do lend\u00e1rio que une hist\u00f3ria e pot\u00eancia h\u00edbrida.\"}]},{\"@type\":\"Person\",\"@id\":\"https:\/\/honda-automoveis.pt\/blog\/#\/schema\/person\/7f8ab873bdf8dbd771f0d57531954f87\",\"name\":\"Honda Portugal Autom\u00f3veis\",\"image\":{\"@type\":\"ImageObject\",\"@id\":\"https:\/\/honda-automoveis.pt\/blog\/#personlogo\",\"inLanguage\":\"pt-PT\",\"url\":\"https:\/\/honda-automoveis.pt\/blog\/wp-content\/uploads\/2023\/06\/logo_perfil-150x150.png\",\"contentUrl\":\"https:\/\/honda-automoveis.pt\/blog\/wp-content\/uploads\/2023\/06\/logo_perfil-150x150.png\",\"caption\":\"Honda Portugal Autom\u00f3veis\"},\"description\":\"A Honda chegou a Portugal em 1968, preparada para conquistar os portugueses com a sua inovadora tecnologia e os melhores e mais fi\u00e1veis autom\u00f3veis. Com uma longa hist\u00f3ria de sucesso no nosso pa\u00eds, a Honda conquistou uma verdadeira comunidade de f\u00e3s, que reconhecem na marca a fiabilidade, seguran\u00e7a e tecnologia que nos caracterizam. A competi\u00e7\u00e3o e a performance est\u00e3o no nosso ADN e \u00e9 por isso que, diariamente, continuamos a trabalhar para que todas as viagens sejam verdadeiramente emocionantes.\",\"url\":\"https:\/\/honda-automoveis.pt\/blog\/author\/honda-portugal\/\"}]}<\/script>\n<!-- \/ Yoast SEO plugin. -->","yoast_head_json":{"title":"O Honda Prelude renasceu? Conhe\u00e7a o novo lend\u00e1rio h\u00edbrido","description":"Conhe\u00e7a a hist\u00f3ria do Honda Prelude, desde 1978 at\u00e9 ao novo Honda Prelude 2026. Descubra a evolu\u00e7\u00e3o do coup\u00e9 que regressa agora com alma h\u00edbrida. Saiba mais.","robots":{"index":"index","follow":"follow","max-snippet":"max-snippet:-1","max-image-preview":"max-image-preview:large","max-video-preview":"max-video-preview:-1"},"canonical":"https:\/\/honda-automoveis.pt\/blog\/honda-prelude-o-regresso\/","og_locale":"pt_PT","og_type":"article","og_title":"O Honda Prelude renasceu? Conhe\u00e7a o novo lend\u00e1rio h\u00edbrido","og_description":"Conhe\u00e7a a hist\u00f3ria do Honda Prelude, desde 1978 at\u00e9 ao novo Honda Prelude 2026. Descubra a evolu\u00e7\u00e3o do coup\u00e9 que regressa agora com alma h\u00edbrida. Saiba mais.","og_url":"https:\/\/honda-automoveis.pt\/blog\/honda-prelude-o-regresso\/","og_site_name":"Honda Portugal","article_published_time":"2026-04-30T14:43:03+00:00","article_modified_time":"2026-04-30T14:44:30+00:00","og_image":[{"width":1000,"height":667,"url":"https:\/\/honda-automoveis.pt\/blog\/wp-content\/uploads\/2026\/04\/honda-prelude-1.png","type":"image\/png"}],"twitter_card":"summary_large_image","twitter_misc":{"Escrito por":"Honda Portugal Autom\u00f3veis","Tempo estimado de leitura":"6 minutos"},"schema":{"@context":"https:\/\/schema.org","@graph":[{"@type":"WebSite","@id":"https:\/\/honda-automoveis.pt\/blog\/#website","url":"https:\/\/honda-automoveis.pt\/blog\/","name":"Honda Portugal","description":"Dreamers&#039; Blog","potentialAction":[{"@type":"SearchAction","target":{"@type":"EntryPoint","urlTemplate":"https:\/\/honda-automoveis.pt\/blog\/?s={search_term_string}"},"query-input":"required name=search_term_string"}],"inLanguage":"pt-PT"},{"@type":"ImageObject","@id":"https:\/\/honda-automoveis.pt\/blog\/honda-prelude-o-regresso\/#primaryimage","inLanguage":"pt-PT","url":"https:\/\/honda-automoveis.pt\/blog\/wp-content\/uploads\/2026\/04\/honda-prelude-1.png","contentUrl":"https:\/\/honda-automoveis.pt\/blog\/wp-content\/uploads\/2026\/04\/honda-prelude-1.png","width":1000,"height":667,"caption":"Honda Prelude 2026, na cor Meteoroid Grey Metallic, a circular em estrada aberta com uma paisagem natural, destacando o seu design moderno."},{"@type":"WebPage","@id":"https:\/\/honda-automoveis.pt\/blog\/honda-prelude-o-regresso\/#webpage","url":"https:\/\/honda-automoveis.pt\/blog\/honda-prelude-o-regresso\/","name":"O Honda Prelude renasceu? Conhe\u00e7a o novo lend\u00e1rio h\u00edbrido","isPartOf":{"@id":"https:\/\/honda-automoveis.pt\/blog\/#website"},"primaryImageOfPage":{"@id":"https:\/\/honda-automoveis.pt\/blog\/honda-prelude-o-regresso\/#primaryimage"},"datePublished":"2026-04-30T14:43:03+00:00","dateModified":"2026-04-30T14:44:30+00:00","author":{"@id":"https:\/\/honda-automoveis.pt\/blog\/#\/schema\/person\/7f8ab873bdf8dbd771f0d57531954f87"},"description":"Conhe\u00e7a a hist\u00f3ria do Honda Prelude, desde 1978 at\u00e9 ao novo Honda Prelude 2026. Descubra a evolu\u00e7\u00e3o do coup\u00e9 que regressa agora com alma h\u00edbrida. Saiba mais.","breadcrumb":{"@id":"https:\/\/honda-automoveis.pt\/blog\/honda-prelude-o-regresso\/#breadcrumb"},"inLanguage":"pt-PT","potentialAction":[{"@type":"ReadAction","target":["https:\/\/honda-automoveis.pt\/blog\/honda-prelude-o-regresso\/"]}]},{"@type":"BreadcrumbList","@id":"https:\/\/honda-automoveis.pt\/blog\/honda-prelude-o-regresso\/#breadcrumb","itemListElement":[{"@type":"ListItem","position":1,"name":"In\u00edcio","item":"https:\/\/honda-automoveis.pt\/blog\/"},{"@type":"ListItem","position":2,"name":"O Honda Prelude renasceu? Conhe\u00e7a a 6\u00aa gera\u00e7\u00e3o do lend\u00e1rio que une hist\u00f3ria e pot\u00eancia h\u00edbrida."}]},{"@type":"Person","@id":"https:\/\/honda-automoveis.pt\/blog\/#\/schema\/person\/7f8ab873bdf8dbd771f0d57531954f87","name":"Honda Portugal Autom\u00f3veis","image":{"@type":"ImageObject","@id":"https:\/\/honda-automoveis.pt\/blog\/#personlogo","inLanguage":"pt-PT","url":"https:\/\/honda-automoveis.pt\/blog\/wp-content\/uploads\/2023\/06\/logo_perfil-150x150.png","contentUrl":"https:\/\/honda-automoveis.pt\/blog\/wp-content\/uploads\/2023\/06\/logo_perfil-150x150.png","caption":"Honda Portugal Autom\u00f3veis"},"description":"A Honda chegou a Portugal em 1968, preparada para conquistar os portugueses com a sua inovadora tecnologia e os melhores e mais fi\u00e1veis autom\u00f3veis. Com uma longa hist\u00f3ria de sucesso no nosso pa\u00eds, a Honda conquistou uma verdadeira comunidade de f\u00e3s, que reconhecem na marca a fiabilidade, seguran\u00e7a e tecnologia que nos caracterizam. A competi\u00e7\u00e3o e a performance est\u00e3o no nosso ADN e \u00e9 por isso que, diariamente, continuamos a trabalhar para que todas as viagens sejam verdadeiramente emocionantes.","url":"https:\/\/honda-automoveis.pt\/blog\/author\/honda-portugal\/"}]}},"_links":{"self":[{"href":"https:\/\/honda-automoveis.pt\/blog\/wp-json\/wp\/v2\/posts\/86032"}],"collection":[{"href":"https:\/\/honda-automoveis.pt\/blog\/wp-json\/wp\/v2\/posts"}],"about":[{"href":"https:\/\/honda-automoveis.pt\/blog\/wp-json\/wp\/v2\/types\/post"}],"author":[{"embeddable":true,"href":"https:\/\/honda-automoveis.pt\/blog\/wp-json\/wp\/v2\/users\/4"}],"replies":[{"embeddable":true,"href":"https:\/\/honda-automoveis.pt\/blog\/wp-json\/wp\/v2\/comments?post=86032"}],"version-history":[{"count":3,"href":"https:\/\/honda-automoveis.pt\/blog\/wp-json\/wp\/v2\/posts\/86032\/revisions"}],"predecessor-version":[{"id":86037,"href":"https:\/\/honda-automoveis.pt\/blog\/wp-json\/wp\/v2\/posts\/86032\/revisions\/86037"}],"wp:featuredmedia":[{"embeddable":true,"href":"https:\/\/honda-automoveis.pt\/blog\/wp-json\/wp\/v2\/media\/86033"}],"wp:attachment":[{"href":"https:\/\/honda-automoveis.pt\/blog\/wp-json\/wp\/v2\/media?parent=86032"}],"wp:term":[{"taxonomy":"category","embeddable":true,"href":"https:\/\/honda-automoveis.pt\/blog\/wp-json\/wp\/v2\/categories?post=86032"},{"taxonomy":"post_tag","embeddable":true,"href":"https:\/\/honda-automoveis.pt\/blog\/wp-json\/wp\/v2\/tags?post=86032"}],"curies":[{"name":"wp","href":"https:\/\/api.w.org\/{rel}","templated":true}]}}